{"id":10643,"date":"2026-04-20T12:27:29","date_gmt":"2026-04-20T10:27:29","guid":{"rendered":"https:\/\/studia-wroclaw.pl\/?p=10643"},"modified":"2026-04-20T12:27:30","modified_gmt":"2026-04-20T10:27:30","slug":"o-relacjach-w-sposob-przystepny-i-uzyteczny-juz-24-kwietnia-opowie-pawel-pilkiewicz-to-warsztat-ktory-pomoze-wam-w-pracy-i-w-zyciu-prywatnym","status":"publish","type":"post","link":"https:\/\/studia-wroclaw.pl\/en\/o-relacjach-w-sposob-przystepny-i-uzyteczny-juz-24-kwietnia-opowie-pawel-pilkiewicz-to-warsztat-ktory-pomoze-wam-w-pracy-i-w-zyciu-prywatnym\/","title":{"rendered":"O relacjach w spos\u00f3b przyst\u0119pny i u\u017cyteczny ju\u017c 24 kwietnia opowie Pawe\u0142 Pilkiewicz. To warsztat, kt\u00f3ry pomo\u017ce Wam w pracy i w \u017cyciu prywatnym!"},"content":{"rendered":"<p><strong>Jak budujemy relacje? Co wp\u0142ywa na nasze reakcje, komunikacj\u0119 i stawianie granic? Je\u015bli chcesz lepiej rozumie\u0107 siebie i innych \u2013 ten warsztat jest dla Ciebie.<\/strong><\/p>\n\n\n\n<p><strong>Kiedy?<\/strong> 24 kwietnia<br><strong>Hour:<\/strong> 18:00\u201320:00<br><strong>Link do spotkania:<\/strong> <a href=\"https:\/\/meet.google.com\/yqj-ijmx-pzt\">Meet<\/a><\/p>\n\n\n\n<p>Warsztat \u201eO relacjach okiem terapeuty\u201d poprowadzi Pawe\u0142 Pilkiewicz \u2013 psycholog i pedagog, pracuj\u0105cy <a href=\"http:\/\/m.in\/\"><u>inter alia<\/u><\/a>. z osobami w kryzysie zdrowotnym i traumie, \u0142\u0105cz\u0105cy praktyk\u0119 kliniczn\u0105 z dzia\u0142alno\u015bci\u0105 dydaktyczn\u0105.<\/p>\n\n\n\n<h2 class=\"wp-block-heading\"><strong>Czego mo\u017cesz si\u0119 spodziewa\u0107?<\/strong><\/h2>\n\n\n\n<p>Podczas spotkania:<\/p>\n\n\n\n<ul class=\"wp-block-list\">\n<li>przyjrzysz si\u0119 mechanizmom wp\u0142ywaj\u0105cym na Twoje relacje,<\/li>\n\n\n\n<li>lepiej zrozumiesz w\u0142asne schematy i reakcje,<\/li>\n\n\n\n<li>rozwiniesz umiej\u0119tno\u015b\u0107 komunikowania potrzeb i emocji,<\/li>\n\n\n\n<li>poznasz sposoby budowania zdrowych relacji,<\/li>\n\n\n\n<li>otrzymasz konkretne narz\u0119dzia do wykorzystania na co dzie\u0144.<\/li>\n<\/ul>\n\n\n\n<p>Warsztat ma praktyczny charakter \u2013 pojawi\u0105 si\u0119 elementy autorefleksji i pracy w\u0142asnej, kt\u00f3re pomog\u0105 Ci prze\u0142o\u017cy\u0107 wiedz\u0119 na realne sytuacje.<\/p>\n\n\n\n<p>To kompetencje, kt\u00f3re przydadz\u0105 si\u0119 nie tylko na studiach, ale te\u017c w codziennym \u017cyciu.<\/p>\n\n\n\n<p><strong>24 kwietnia \u2013 warto by\u0107 z nami.<\/strong><\/p>","protected":false},"excerpt":{"rendered":"<p>Jak budujemy relacje? Co wp\u0142ywa na nasze reakcje, komunikacj\u0119 i stawianie granic? Je\u015bli chcesz lepiej rozumie\u0107 siebie i innych \u2013 ten warsztat jest dla Ciebie. Kiedy? 24 kwietniaGodzina: 18:00\u201320:00Link do spotkania: Meet Warsztat \u201eO relacjach okiem terapeuty\u201d poprowadzi Pawe\u0142 Pilkiewicz \u2013 psycholog i pedagog, pracuj\u0105cy m.in. z osobami w kryzysie zdrowotnym i traumie, \u0142\u0105cz\u0105cy praktyk\u0119 [&hellip;]<\/p>","protected":false},"author":24,"featured_media":0,"comment_status":"open","ping_status":"open","sticky":false,"template":"","format":"standard","meta":{"om_disable_all_campaigns":false,"footnotes":""},"categories":[64],"tags":[],"class_list":["post-10643","post","type-post","status-publish","format-standard","hentry","category-studenci-wydzial-psychologii"],"yoast_head":"<!-- This site is optimized with the Yoast SEO plugin v25.9 - https:\/\/yoast.com\/wordpress\/plugins\/seo\/ -->\n<title>O relacjach w spos\u00f3b przyst\u0119pny i u\u017cyteczny ju\u017c 24 kwietnia opowie Pawe\u0142 Pilkiewicz. To warsztat, kt\u00f3ry pomo\u017ce Wam w pracy i w \u017cyciu prywatnym! - Studia Wroc\u0142aw<\/title>\n<meta name=\"robots\" content=\"index, follow, max-snippet:-1, max-image-preview:large, max-video-preview:-1\" \/>\n<link rel=\"canonical\" href=\"https:\/\/studia-wroclaw.pl\/en\/o-relacjach-w-sposob-przystepny-i-uzyteczny-juz-24-kwietnia-opowie-pawel-pilkiewicz-to-warsztat-ktory-pomoze-wam-w-pracy-i-w-zyciu-prywatnym\/\" \/>\n<meta property=\"og:locale\" content=\"en_GB\" \/>\n<meta property=\"og:type\" content=\"article\" \/>\n<meta property=\"og:title\" content=\"O relacjach w spos\u00f3b przyst\u0119pny i u\u017cyteczny ju\u017c 24 kwietnia opowie Pawe\u0142 Pilkiewicz. To warsztat, kt\u00f3ry pomo\u017ce Wam w pracy i w \u017cyciu prywatnym! - Studia Wroc\u0142aw\" \/>\n<meta property=\"og:description\" content=\"Jak budujemy relacje? Co wp\u0142ywa na nasze reakcje, komunikacj\u0119 i stawianie granic? Je\u015bli chcesz lepiej rozumie\u0107 siebie i innych \u2013 ten warsztat jest dla Ciebie. Kiedy? 24 kwietniaGodzina: 18:00\u201320:00Link do spotkania: Meet Warsztat \u201eO relacjach okiem terapeuty\u201d poprowadzi Pawe\u0142 Pilkiewicz \u2013 psycholog i pedagog, pracuj\u0105cy m.in. z osobami w kryzysie zdrowotnym i traumie, \u0142\u0105cz\u0105cy praktyk\u0119 [&hellip;]\" \/>\n<meta property=\"og:url\" content=\"https:\/\/studia-wroclaw.pl\/en\/o-relacjach-w-sposob-przystepny-i-uzyteczny-juz-24-kwietnia-opowie-pawel-pilkiewicz-to-warsztat-ktory-pomoze-wam-w-pracy-i-w-zyciu-prywatnym\/\" \/>\n<meta property=\"og:site_name\" content=\"Studia Wroc\u0142aw\" \/>\n<meta property=\"article:published_time\" content=\"2026-04-20T10:27:29+00:00\" \/>\n<meta property=\"article:modified_time\" content=\"2026-04-20T10:27:30+00:00\" \/>\n<meta name=\"author\" content=\"Ernest Marczy\u0144ski\" \/>\n<meta name=\"twitter:card\" content=\"summary_large_image\" \/>\n<meta name=\"twitter:label1\" content=\"Written by\" \/>\n\t<meta name=\"twitter:data1\" content=\"Ernest Marczy\u0144ski\" \/>\n\t<meta name=\"twitter:label2\" content=\"Estimated reading time\" \/>\n\t<meta name=\"twitter:data2\" content=\"1 minute\" \/>\n<script type=\"application\/ld+json\" class=\"yoast-schema-graph\">{\"@context\":\"https:\/\/schema.org\",\"@graph\":[{\"@type\":\"WebPage\",\"@id\":\"https:\/\/studia-wroclaw.pl\/o-relacjach-w-sposob-przystepny-i-uzyteczny-juz-24-kwietnia-opowie-pawel-pilkiewicz-to-warsztat-ktory-pomoze-wam-w-pracy-i-w-zyciu-prywatnym\/\",\"url\":\"https:\/\/studia-wroclaw.pl\/o-relacjach-w-sposob-przystepny-i-uzyteczny-juz-24-kwietnia-opowie-pawel-pilkiewicz-to-warsztat-ktory-pomoze-wam-w-pracy-i-w-zyciu-prywatnym\/\",\"name\":\"O relacjach w spos\u00f3b przyst\u0119pny i u\u017cyteczny ju\u017c 24 kwietnia opowie Pawe\u0142 Pilkiewicz. To warsztat, kt\u00f3ry pomo\u017ce Wam w pracy i w \u017cyciu prywatnym! - Studia Wroc\u0142aw\",\"isPartOf\":{\"@id\":\"https:\/\/studia-wroclaw.pl\/#website\"},\"datePublished\":\"2026-04-20T10:27:29+00:00\",\"dateModified\":\"2026-04-20T10:27:30+00:00\",\"author\":{\"@id\":\"https:\/\/studia-wroclaw.pl\/#\/schema\/person\/894c3f27e7b23a7812649d45f28280c0\"},\"breadcrumb\":{\"@id\":\"https:\/\/studia-wroclaw.pl\/o-relacjach-w-sposob-przystepny-i-uzyteczny-juz-24-kwietnia-opowie-pawel-pilkiewicz-to-warsztat-ktory-pomoze-wam-w-pracy-i-w-zyciu-prywatnym\/#breadcrumb\"},\"inLanguage\":\"en-GB\",\"potentialAction\":[{\"@type\":\"ReadAction\",\"target\":[\"https:\/\/studia-wroclaw.pl\/o-relacjach-w-sposob-przystepny-i-uzyteczny-juz-24-kwietnia-opowie-pawel-pilkiewicz-to-warsztat-ktory-pomoze-wam-w-pracy-i-w-zyciu-prywatnym\/\"]}]},{\"@type\":\"BreadcrumbList\",\"@id\":\"https:\/\/studia-wroclaw.pl\/o-relacjach-w-sposob-przystepny-i-uzyteczny-juz-24-kwietnia-opowie-pawel-pilkiewicz-to-warsztat-ktory-pomoze-wam-w-pracy-i-w-zyciu-prywatnym\/#breadcrumb\",\"itemListElement\":[{\"@type\":\"ListItem\",\"position\":1,\"name\":\"Strona g\u0142\u00f3wna\",\"item\":\"https:\/\/studia-wroclaw.pl\/\"},{\"@type\":\"ListItem\",\"position\":2,\"name\":\"O relacjach w spos\u00f3b przyst\u0119pny i u\u017cyteczny ju\u017c 24 kwietnia opowie Pawe\u0142 Pilkiewicz. To warsztat, kt\u00f3ry pomo\u017ce Wam w pracy i w \u017cyciu prywatnym!\"}]},{\"@type\":\"WebSite\",\"@id\":\"https:\/\/studia-wroclaw.pl\/#website\",\"url\":\"https:\/\/studia-wroclaw.pl\/\",\"name\":\"Studia Wroc\u0142aw\",\"description\":\"\",\"potentialAction\":[{\"@type\":\"SearchAction\",\"target\":{\"@type\":\"EntryPoint\",\"urlTemplate\":\"https:\/\/studia-wroclaw.pl\/?s={search_term_string}\"},\"query-input\":{\"@type\":\"PropertyValueSpecification\",\"valueRequired\":true,\"valueName\":\"search_term_string\"}}],\"inLanguage\":\"en-GB\"},{\"@type\":\"Person\",\"@id\":\"https:\/\/studia-wroclaw.pl\/#\/schema\/person\/894c3f27e7b23a7812649d45f28280c0\",\"name\":\"Ernest Marczy\u0144ski\",\"image\":{\"@type\":\"ImageObject\",\"inLanguage\":\"en-GB\",\"@id\":\"https:\/\/studia-wroclaw.pl\/#\/schema\/person\/image\/\",\"url\":\"https:\/\/secure.gravatar.com\/avatar\/7c6a6a26a96dc9265376bbe54957f88d60fe5a76dff57237df4a9430b4ccd6f9?s=96&d=mm&r=g\",\"contentUrl\":\"https:\/\/secure.gravatar.com\/avatar\/7c6a6a26a96dc9265376bbe54957f88d60fe5a76dff57237df4a9430b4ccd6f9?s=96&d=mm&r=g\",\"caption\":\"Ernest Marczy\u0144ski\"},\"url\":\"https:\/\/studia-wroclaw.pl\/en\/author\/ernest-marczynski\/\"}]}<\/script>\n<!-- \/ Yoast SEO plugin. -->","yoast_head_json":{"title":"O relacjach w spos\u00f3b przyst\u0119pny i u\u017cyteczny ju\u017c 24 kwietnia opowie Pawe\u0142 Pilkiewicz. To warsztat, kt\u00f3ry pomo\u017ce Wam w pracy i w \u017cyciu prywatnym! - Studia Wroc\u0142aw","robots":{"index":"index","follow":"follow","max-snippet":"max-snippet:-1","max-image-preview":"max-image-preview:large","max-video-preview":"max-video-preview:-1"},"canonical":"https:\/\/studia-wroclaw.pl\/en\/o-relacjach-w-sposob-przystepny-i-uzyteczny-juz-24-kwietnia-opowie-pawel-pilkiewicz-to-warsztat-ktory-pomoze-wam-w-pracy-i-w-zyciu-prywatnym\/","og_locale":"en_GB","og_type":"article","og_title":"O relacjach w spos\u00f3b przyst\u0119pny i u\u017cyteczny ju\u017c 24 kwietnia opowie Pawe\u0142 Pilkiewicz. To warsztat, kt\u00f3ry pomo\u017ce Wam w pracy i w \u017cyciu prywatnym! - Studia Wroc\u0142aw","og_description":"Jak budujemy relacje? Co wp\u0142ywa na nasze reakcje, komunikacj\u0119 i stawianie granic? Je\u015bli chcesz lepiej rozumie\u0107 siebie i innych \u2013 ten warsztat jest dla Ciebie. Kiedy? 24 kwietniaGodzina: 18:00\u201320:00Link do spotkania: Meet Warsztat \u201eO relacjach okiem terapeuty\u201d poprowadzi Pawe\u0142 Pilkiewicz \u2013 psycholog i pedagog, pracuj\u0105cy m.in. z osobami w kryzysie zdrowotnym i traumie, \u0142\u0105cz\u0105cy praktyk\u0119 [&hellip;]","og_url":"https:\/\/studia-wroclaw.pl\/en\/o-relacjach-w-sposob-przystepny-i-uzyteczny-juz-24-kwietnia-opowie-pawel-pilkiewicz-to-warsztat-ktory-pomoze-wam-w-pracy-i-w-zyciu-prywatnym\/","og_site_name":"Studia Wroc\u0142aw","article_published_time":"2026-04-20T10:27:29+00:00","article_modified_time":"2026-04-20T10:27:30+00:00","author":"Ernest Marczy\u0144ski","twitter_card":"summary_large_image","twitter_misc":{"Written by":"Ernest Marczy\u0144ski","Estimated reading time":"1 minute"},"schema":{"@context":"https:\/\/schema.org","@graph":[{"@type":"WebPage","@id":"https:\/\/studia-wroclaw.pl\/o-relacjach-w-sposob-przystepny-i-uzyteczny-juz-24-kwietnia-opowie-pawel-pilkiewicz-to-warsztat-ktory-pomoze-wam-w-pracy-i-w-zyciu-prywatnym\/","url":"https:\/\/studia-wroclaw.pl\/o-relacjach-w-sposob-przystepny-i-uzyteczny-juz-24-kwietnia-opowie-pawel-pilkiewicz-to-warsztat-ktory-pomoze-wam-w-pracy-i-w-zyciu-prywatnym\/","name":"O relacjach w spos\u00f3b przyst\u0119pny i u\u017cyteczny ju\u017c 24 kwietnia opowie Pawe\u0142 Pilkiewicz. To warsztat, kt\u00f3ry pomo\u017ce Wam w pracy i w \u017cyciu prywatnym! - Studia Wroc\u0142aw","isPartOf":{"@id":"https:\/\/studia-wroclaw.pl\/#website"},"datePublished":"2026-04-20T10:27:29+00:00","dateModified":"2026-04-20T10:27:30+00:00","author":{"@id":"https:\/\/studia-wroclaw.pl\/#\/schema\/person\/894c3f27e7b23a7812649d45f28280c0"},"breadcrumb":{"@id":"https:\/\/studia-wroclaw.pl\/o-relacjach-w-sposob-przystepny-i-uzyteczny-juz-24-kwietnia-opowie-pawel-pilkiewicz-to-warsztat-ktory-pomoze-wam-w-pracy-i-w-zyciu-prywatnym\/#breadcrumb"},"inLanguage":"en-GB","potentialAction":[{"@type":"ReadAction","target":["https:\/\/studia-wroclaw.pl\/o-relacjach-w-sposob-przystepny-i-uzyteczny-juz-24-kwietnia-opowie-pawel-pilkiewicz-to-warsztat-ktory-pomoze-wam-w-pracy-i-w-zyciu-prywatnym\/"]}]},{"@type":"BreadcrumbList","@id":"https:\/\/studia-wroclaw.pl\/o-relacjach-w-sposob-przystepny-i-uzyteczny-juz-24-kwietnia-opowie-pawel-pilkiewicz-to-warsztat-ktory-pomoze-wam-w-pracy-i-w-zyciu-prywatnym\/#breadcrumb","itemListElement":[{"@type":"ListItem","position":1,"name":"Strona g\u0142\u00f3wna","item":"https:\/\/studia-wroclaw.pl\/"},{"@type":"ListItem","position":2,"name":"O relacjach w spos\u00f3b przyst\u0119pny i u\u017cyteczny ju\u017c 24 kwietnia opowie Pawe\u0142 Pilkiewicz. To warsztat, kt\u00f3ry pomo\u017ce Wam w pracy i w \u017cyciu prywatnym!"}]},{"@type":"WebSite","@id":"https:\/\/studia-wroclaw.pl\/#website","url":"https:\/\/studia-wroclaw.pl\/","name":"Studies Wroclaw","description":"","potentialAction":[{"@type":"SearchAction","target":{"@type":"EntryPoint","urlTemplate":"https:\/\/studia-wroclaw.pl\/?s={search_term_string}"},"query-input":{"@type":"PropertyValueSpecification","valueRequired":true,"valueName":"search_term_string"}}],"inLanguage":"en-GB"},{"@type":"Person","@id":"https:\/\/studia-wroclaw.pl\/#\/schema\/person\/894c3f27e7b23a7812649d45f28280c0","name":"Ernest Marczy\u0144ski","image":{"@type":"ImageObject","inLanguage":"en-GB","@id":"https:\/\/studia-wroclaw.pl\/#\/schema\/person\/image\/","url":"https:\/\/secure.gravatar.com\/avatar\/7c6a6a26a96dc9265376bbe54957f88d60fe5a76dff57237df4a9430b4ccd6f9?s=96&d=mm&r=g","contentUrl":"https:\/\/secure.gravatar.com\/avatar\/7c6a6a26a96dc9265376bbe54957f88d60fe5a76dff57237df4a9430b4ccd6f9?s=96&d=mm&r=g","caption":"Ernest Marczy\u0144ski"},"url":"https:\/\/studia-wroclaw.pl\/en\/author\/ernest-marczynski\/"}]}},"_links":{"self":[{"href":"https:\/\/studia-wroclaw.pl\/en\/wp-json\/wp\/v2\/posts\/10643","targetHints":{"allow":["GET"]}}],"collection":[{"href":"https:\/\/studia-wroclaw.pl\/en\/wp-json\/wp\/v2\/posts"}],"about":[{"href":"https:\/\/studia-wroclaw.pl\/en\/wp-json\/wp\/v2\/types\/post"}],"author":[{"embeddable":true,"href":"https:\/\/studia-wroclaw.pl\/en\/wp-json\/wp\/v2\/users\/24"}],"replies":[{"embeddable":true,"href":"https:\/\/studia-wroclaw.pl\/en\/wp-json\/wp\/v2\/comments?post=10643"}],"version-history":[{"count":1,"href":"https:\/\/studia-wroclaw.pl\/en\/wp-json\/wp\/v2\/posts\/10643\/revisions"}],"predecessor-version":[{"id":10644,"href":"https:\/\/studia-wroclaw.pl\/en\/wp-json\/wp\/v2\/posts\/10643\/revisions\/10644"}],"wp:attachment":[{"href":"https:\/\/studia-wroclaw.pl\/en\/wp-json\/wp\/v2\/media?parent=10643"}],"wp:term":[{"taxonomy":"category","embeddable":true,"href":"https:\/\/studia-wroclaw.pl\/en\/wp-json\/wp\/v2\/categories?post=10643"},{"taxonomy":"post_tag","embeddable":true,"href":"https:\/\/studia-wroclaw.pl\/en\/wp-json\/wp\/v2\/tags?post=10643"}],"curies":[{"name":"wp","href":"https:\/\/api.w.org\/{rel}","templated":true}]}}