{"id":10663,"date":"2026-04-21T13:22:57","date_gmt":"2026-04-21T11:22:57","guid":{"rendered":"https:\/\/studia-wroclaw.pl\/?p=10663"},"modified":"2026-04-21T13:22:57","modified_gmt":"2026-04-21T11:22:57","slug":"wskz-na-konferencji-zdrowy-uczen-zdrowy-nauczyciel-wspolna-odpowiedzialnosc-za-przyszlosc","status":"publish","type":"post","link":"https:\/\/studia-wroclaw.pl\/en\/wskz-na-konferencji-zdrowy-uczen-zdrowy-nauczyciel-wspolna-odpowiedzialnosc-za-przyszlosc\/","title":{"rendered":"WSKZ na konferencji \u201eZdrowy ucze\u0144 \u2013 zdrowy nauczyciel. Wsp\u00f3lna odpowiedzialno\u015b\u0107 za przysz\u0142o\u015b\u0107\u201d"},"content":{"rendered":"<p>Przedstawiciele Wy\u017cszej Szko\u0142y Kszta\u0142cenia Zawodowego wzi\u0119li udzia\u0142 w <strong>og\u00f3lnopolskiej konferencji po\u015bwi\u0119conej zdrowiu psychicznemu w edukacji. <\/strong>Wydarzenie odby\u0142o si\u0119 w dniach 13-14 kwietnia 2026 roku w Niemczy. Sprawd\u017a najwa\u017cniejsze informacje i wnioski ze spotkania.<\/p>\n\n\n\n<h2 class=\"wp-block-heading\">Wsp\u00f3lna przestrze\u0144 dialogu o zdrowiu w edukacji<\/h2>\n\n\n\n<p>Conference <strong>\u201eZdrowy ucze\u0144 \u2013 zdrowy nauczyciel. Wsp\u00f3lna odpowiedzialno\u015b\u0107 za przysz\u0142o\u015b\u0107\u201d <\/strong>by\u0142a przestrzeni\u0105 do spotka\u0144 oraz wymiany do\u015bwiadcze\u0144. Sta\u0142a si\u0119 r\u00f3wnie\u017c miejscem merytorycznych debat po\u015bwi\u0119conych kondycji psychicznej uczni\u00f3w i nauczycieli.<\/p>\n\n\n\n<p>Udzia\u0142 WSKZ w wydarzeniu po raz kolejny potwierdzi\u0142 zaanga\u017cowanie Uczelni w rozw\u00f3j nowoczesnej edukacji oraz <strong>promowanie odpowiedzialnego podej\u015bcia do zdrowia w \u015brodowisku szkolnym.<\/strong><\/p>\n\n\n\n<h2 class=\"wp-block-heading\">Ekspercki g\u0142os kadry WSKZ<\/h2>\n\n\n\n<p>Szczeg\u00f3ln\u0105 warto\u015b\u0107 konferencji stanowi\u0142y wyst\u0105pienia przedstawicieli \u015brodowiska akademickiego Wy\u017cszej Szko\u0142y Kszta\u0142cenia Zawodowego. <br><strong>Dr hab. Artur Zi\u00f3\u0142kowski, prof. WSKZ, poruszy\u0142 temat zdrowia psychicznego uczni\u00f3w<\/strong> i nauczycieli w dynamicznie zmieniaj\u0105cej si\u0119 rzeczywisto\u015bci. Wskaza\u0142 na aktualne wyzwania i potrzeb\u0119 systemowego wsparcia.<\/p>\n\n\n\n<p>Istotny g\u0142os w dyskusji zabra\u0142a r\u00f3wnie\u017c <strong>dr Dorota Dyjakon, kt\u00f3ra zwr\u00f3ci\u0142a uwag\u0119 na konsekwencje cyfrowego przebod\u017acowania m\u0142odego pokolenia<\/strong> \u2013 od zaburze\u0144 l\u0119kowych po agresj\u0119. Podkre\u015bli\u0142a tak\u017ce znaczenie profilaktyki i wsparcia psychologicznego.&nbsp;<\/p>\n\n\n\n<p>Konferencj\u0119 swoim wyk\u0142adem wzbogaci\u0142a r\u00f3wnie\u017c <strong>dr Beaty Andrzejewskiej.<\/strong><\/p>\n\n\n\n<h2 class=\"wp-block-heading\">Wsp\u00f3\u0142praca i rozw\u00f3j w obszarze szkolnictwa<\/h2>\n\n\n\n<p>Dwudniowa konferencja, obejmuj\u0105ca liczne wyst\u0105pienia eksperckie oraz panele dyskusyjne, pokaza\u0142a, jak istotna jest <strong>wsp\u00f3\u0142praca \u015brodowisk naukowych, edukacyjnych oraz praktyk\u00f3w.<\/strong><\/p>\n\n\n\n<p>WSKZ nie tylko <strong>aktywnie uczestniczy w tej debacie, ale r\u00f3wnie\u017c wsp\u00f3\u0142tworzy jej przebieg. <\/strong>Uczelnia inicjuje dialog oraz wspieraj\u0105 rozw\u00f3j rozwi\u0105za\u0144 odpowiadaj\u0105cych na wsp\u00f3\u0142czesne wyzwania edukacyjne.<\/p>\n\n\n\n<h2 class=\"wp-block-heading\">Nauka w praktyce \u2013 wp\u0142yw na edukacj\u0119<\/h2>\n\n\n\n<p>To wydarzenie to nie tylko sukces organizacyjny. To przede wszystkim dow\u00f3d na to, \u017ce <strong>Wy\u017csza Szko\u0142a Kszta\u0142cenia Zawodowego we Wroc\u0142awiu jest miejscem, w kt\u00f3rym nauka spotyka si\u0119 z praktyk\u0105<\/strong>, a dzia\u0142ania na rzecz jako\u015bci edukacji przek\u0142adaj\u0105 si\u0119 na wa\u017cne inicjatywy.<\/p>\n\n\n\n<p>Konferencja zosta\u0142a zrealizowana w ramach projektu KPO pt. \u201eZbudowanie systemu koordynacji i monitorowania regionalnych dzia\u0142a\u0144 na rzecz kszta\u0142cenia zawodowego, szkolnictwa wy\u017cszego oraz uczenia si\u0119 przez ca\u0142e \u017cycie w wojew\u00f3dztwie dolno\u015bl\u0105skim\u201d.<\/p>\n\n\n\n<figure class=\"wp-block-gallery has-nested-images columns-default is-cropped wp-block-gallery-1 is-layout-flex wp-block-gallery-is-layout-flex\">\n<figure class=\"wp-block-image size-large\"><img loading=\"lazy\" decoding=\"async\" width=\"1024\" height=\"768\" data-id=\"10664\" src=\"https:\/\/studia-wroclaw.pl\/wp-content\/uploads\/2026\/04\/konferencja-zdrowy-uczen.jpg\" alt=\"Zdrowy ucze\u0144 \u2013 zdrowy nauczyciel. Wsp\u00f3lna odpowiedzialno\u015b\u0107 za przysz\u0142o\u015b\u0107\" class=\"wp-image-10664\" srcset=\"https:\/\/studia-wroclaw.pl\/wp-content\/uploads\/2026\/04\/konferencja-zdrowy-uczen.jpg 1024w, https:\/\/studia-wroclaw.pl\/wp-content\/uploads\/2026\/04\/konferencja-zdrowy-uczen-300x225.jpg 300w, https:\/\/studia-wroclaw.pl\/wp-content\/uploads\/2026\/04\/konferencja-zdrowy-uczen-768x576.jpg 768w, https:\/\/studia-wroclaw.pl\/wp-content\/uploads\/2026\/04\/konferencja-zdrowy-uczen-16x12.jpg 16w\" sizes=\"auto, (max-width: 1024px) 100vw, 1024px\" \/><\/figure>\n\n\n\n<figure class=\"wp-block-image size-large\"><img loading=\"lazy\" decoding=\"async\" width=\"1024\" height=\"768\" data-id=\"10665\" src=\"https:\/\/studia-wroclaw.pl\/wp-content\/uploads\/2026\/04\/konferencja-zdrowy-uczen-zdrowy-nauczyciel.jpg\" alt=\"\" class=\"wp-image-10665\" srcset=\"https:\/\/studia-wroclaw.pl\/wp-content\/uploads\/2026\/04\/konferencja-zdrowy-uczen-zdrowy-nauczyciel.jpg 1024w, https:\/\/studia-wroclaw.pl\/wp-content\/uploads\/2026\/04\/konferencja-zdrowy-uczen-zdrowy-nauczyciel-300x225.jpg 300w, https:\/\/studia-wroclaw.pl\/wp-content\/uploads\/2026\/04\/konferencja-zdrowy-uczen-zdrowy-nauczyciel-768x576.jpg 768w, https:\/\/studia-wroclaw.pl\/wp-content\/uploads\/2026\/04\/konferencja-zdrowy-uczen-zdrowy-nauczyciel-16x12.jpg 16w\" sizes=\"auto, (max-width: 1024px) 100vw, 1024px\" \/><\/figure>\n\n\n\n<figure class=\"wp-block-image size-large\"><img loading=\"lazy\" decoding=\"async\" width=\"1024\" height=\"768\" data-id=\"10666\" src=\"https:\/\/studia-wroclaw.pl\/wp-content\/uploads\/2026\/04\/Zdrowy-uczen-\u2013-zdrowy-nauczyciel.-Wspolna-odpowiedzialnosc-za-przyszlosc.jpg\" alt=\"\" class=\"wp-image-10666\" srcset=\"https:\/\/studia-wroclaw.pl\/wp-content\/uploads\/2026\/04\/Zdrowy-uczen-\u2013-zdrowy-nauczyciel.-Wspolna-odpowiedzialnosc-za-przyszlosc.jpg 1024w, https:\/\/studia-wroclaw.pl\/wp-content\/uploads\/2026\/04\/Zdrowy-uczen-\u2013-zdrowy-nauczyciel.-Wspolna-odpowiedzialnosc-za-przyszlosc-300x225.jpg 300w, https:\/\/studia-wroclaw.pl\/wp-content\/uploads\/2026\/04\/Zdrowy-uczen-\u2013-zdrowy-nauczyciel.-Wspolna-odpowiedzialnosc-za-przyszlosc-768x576.jpg 768w, https:\/\/studia-wroclaw.pl\/wp-content\/uploads\/2026\/04\/Zdrowy-uczen-\u2013-zdrowy-nauczyciel.-Wspolna-odpowiedzialnosc-za-przyszlosc-16x12.jpg 16w\" sizes=\"auto, (max-width: 1024px) 100vw, 1024px\" \/><\/figure>\n\n\n\n<figure class=\"wp-block-image size-large\"><img loading=\"lazy\" decoding=\"async\" width=\"1024\" height=\"768\" data-id=\"10667\" src=\"https:\/\/studia-wroclaw.pl\/wp-content\/uploads\/2026\/04\/zdrowy-uczen-zdrowy-nauczyciel.jpg\" alt=\"\" class=\"wp-image-10667\" srcset=\"https:\/\/studia-wroclaw.pl\/wp-content\/uploads\/2026\/04\/zdrowy-uczen-zdrowy-nauczyciel.jpg 1024w, https:\/\/studia-wroclaw.pl\/wp-content\/uploads\/2026\/04\/zdrowy-uczen-zdrowy-nauczyciel-300x225.jpg 300w, https:\/\/studia-wroclaw.pl\/wp-content\/uploads\/2026\/04\/zdrowy-uczen-zdrowy-nauczyciel-768x576.jpg 768w, https:\/\/studia-wroclaw.pl\/wp-content\/uploads\/2026\/04\/zdrowy-uczen-zdrowy-nauczyciel-16x12.jpg 16w\" sizes=\"auto, (max-width: 1024px) 100vw, 1024px\" \/><\/figure>\n\n\n\n<figure class=\"wp-block-image size-large\"><img loading=\"lazy\" decoding=\"async\" width=\"768\" height=\"1024\" data-id=\"10668\" src=\"https:\/\/studia-wroclaw.pl\/wp-content\/uploads\/2026\/04\/Zdrowy-uczen-zdrowy-nauczyciel.-Wspolna-odpowiedzialnosc-za-przyszlosc.jpg\" alt=\"\" class=\"wp-image-10668\" srcset=\"https:\/\/studia-wroclaw.pl\/wp-content\/uploads\/2026\/04\/Zdrowy-uczen-zdrowy-nauczyciel.-Wspolna-odpowiedzialnosc-za-przyszlosc.jpg 768w, https:\/\/studia-wroclaw.pl\/wp-content\/uploads\/2026\/04\/Zdrowy-uczen-zdrowy-nauczyciel.-Wspolna-odpowiedzialnosc-za-przyszlosc-225x300.jpg 225w, https:\/\/studia-wroclaw.pl\/wp-content\/uploads\/2026\/04\/Zdrowy-uczen-zdrowy-nauczyciel.-Wspolna-odpowiedzialnosc-za-przyszlosc-9x12.jpg 9w\" sizes=\"auto, (max-width: 768px) 100vw, 768px\" \/><\/figure>\n<\/figure>","protected":false},"excerpt":{"rendered":"<p>Przedstawiciele Wy\u017cszej Szko\u0142y Kszta\u0142cenia Zawodowego wzi\u0119li udzia\u0142 w og\u00f3lnopolskiej konferencji po\u015bwi\u0119conej zdrowiu psychicznemu w edukacji. Wydarzenie odby\u0142o si\u0119 w dniach 13-14 kwietnia 2026 roku w Niemczy. Sprawd\u017a najwa\u017cniejsze informacje i wnioski ze spotkania. Wsp\u00f3lna przestrze\u0144 dialogu o zdrowiu w edukacji Konferencja \u201eZdrowy ucze\u0144 \u2013 zdrowy nauczyciel. Wsp\u00f3lna odpowiedzialno\u015b\u0107 za przysz\u0142o\u015b\u0107\u201d by\u0142a przestrzeni\u0105 do spotka\u0144 oraz [&hellip;]<\/p>","protected":false},"author":42,"featured_media":0,"comment_status":"open","ping_status":"open","sticky":false,"template":"","format":"standard","meta":{"om_disable_all_campaigns":false,"footnotes":""},"categories":[50],"tags":[],"class_list":["post-10663","post","type-post","status-publish","format-standard","hentry","category-aktualnosci"],"yoast_head":"<!-- This site is optimized with the Yoast SEO plugin v25.9 - https:\/\/yoast.com\/wordpress\/plugins\/seo\/ -->\n<title>WSKZ na konferencji \u201eZdrowy ucze\u0144 \u2013 zdrowy nauczyciel. Wsp\u00f3lna odpowiedzialno\u015b\u0107 za przysz\u0142o\u015b\u0107\u201d - Studia Wroc\u0142aw<\/title>\n<meta name=\"description\" content=\"Jak Wy\u017csza Szko\u0142a Kszta\u0142cenia Zawodowego wspiera zdrowie psychiczne? Sprawd\u017a wnioski z konferencji \u201eZdrowy ucze\u0144 \u2013 zdrowy nauczyciel. Wsp\u00f3lna odpowiedzialno\u015b\u0107 za przysz\u0142o\u015b\u0107\u201d!\" \/>\n<meta name=\"robots\" content=\"index, follow, max-snippet:-1, max-image-preview:large, max-video-preview:-1\" \/>\n<link rel=\"canonical\" href=\"https:\/\/studia-wroclaw.pl\/en\/wskz-na-konferencji-zdrowy-uczen-zdrowy-nauczyciel-wspolna-odpowiedzialnosc-za-przyszlosc\/\" \/>\n<meta property=\"og:locale\" content=\"en_GB\" \/>\n<meta property=\"og:type\" content=\"article\" \/>\n<meta property=\"og:title\" content=\"WSKZ na konferencji \u201eZdrowy ucze\u0144 \u2013 zdrowy nauczyciel. Wsp\u00f3lna odpowiedzialno\u015b\u0107 za przysz\u0142o\u015b\u0107\u201d - Studia Wroc\u0142aw\" \/>\n<meta property=\"og:description\" content=\"Jak Wy\u017csza Szko\u0142a Kszta\u0142cenia Zawodowego wspiera zdrowie psychiczne? Sprawd\u017a wnioski z konferencji \u201eZdrowy ucze\u0144 \u2013 zdrowy nauczyciel. Wsp\u00f3lna odpowiedzialno\u015b\u0107 za przysz\u0142o\u015b\u0107\u201d!\" \/>\n<meta property=\"og:url\" content=\"https:\/\/studia-wroclaw.pl\/en\/wskz-na-konferencji-zdrowy-uczen-zdrowy-nauczyciel-wspolna-odpowiedzialnosc-za-przyszlosc\/\" \/>\n<meta property=\"og:site_name\" content=\"Studia Wroc\u0142aw\" \/>\n<meta property=\"article:published_time\" content=\"2026-04-21T11:22:57+00:00\" \/>\n<meta property=\"og:image\" content=\"https:\/\/studia-wroclaw.pl\/wp-content\/uploads\/2026\/04\/konferencja-zdrowy-uczen.jpg\" \/>\n\t<meta property=\"og:image:width\" content=\"1024\" \/>\n\t<meta property=\"og:image:height\" content=\"768\" \/>\n\t<meta property=\"og:image:type\" content=\"image\/jpeg\" \/>\n<meta name=\"author\" content=\"Agnieszka\" \/>\n<meta name=\"twitter:card\" content=\"summary_large_image\" \/>\n<meta name=\"twitter:label1\" content=\"Written by\" \/>\n\t<meta name=\"twitter:data1\" content=\"Agnieszka\" \/>\n\t<meta name=\"twitter:label2\" content=\"Estimated reading time\" \/>\n\t<meta name=\"twitter:data2\" content=\"3 minutes\" \/>\n<script type=\"application\/ld+json\" class=\"yoast-schema-graph\">{\"@context\":\"https:\/\/schema.org\",\"@graph\":[{\"@type\":\"WebPage\",\"@id\":\"https:\/\/studia-wroclaw.pl\/wskz-na-konferencji-zdrowy-uczen-zdrowy-nauczyciel-wspolna-odpowiedzialnosc-za-przyszlosc\/\",\"url\":\"https:\/\/studia-wroclaw.pl\/wskz-na-konferencji-zdrowy-uczen-zdrowy-nauczyciel-wspolna-odpowiedzialnosc-za-przyszlosc\/\",\"name\":\"WSKZ na konferencji \u201eZdrowy ucze\u0144 \u2013 zdrowy nauczyciel. Wsp\u00f3lna odpowiedzialno\u015b\u0107 za przysz\u0142o\u015b\u0107\u201d - Studia Wroc\u0142aw\",\"isPartOf\":{\"@id\":\"https:\/\/studia-wroclaw.pl\/#website\"},\"primaryImageOfPage\":{\"@id\":\"https:\/\/studia-wroclaw.pl\/wskz-na-konferencji-zdrowy-uczen-zdrowy-nauczyciel-wspolna-odpowiedzialnosc-za-przyszlosc\/#primaryimage\"},\"image\":{\"@id\":\"https:\/\/studia-wroclaw.pl\/wskz-na-konferencji-zdrowy-uczen-zdrowy-nauczyciel-wspolna-odpowiedzialnosc-za-przyszlosc\/#primaryimage\"},\"thumbnailUrl\":\"https:\/\/studia-wroclaw.pl\/wp-content\/uploads\/2026\/04\/konferencja-zdrowy-uczen.jpg\",\"datePublished\":\"2026-04-21T11:22:57+00:00\",\"author\":{\"@id\":\"https:\/\/studia-wroclaw.pl\/#\/schema\/person\/4d592668957ff84c0ddd86b58140c79b\"},\"description\":\"Jak Wy\u017csza Szko\u0142a Kszta\u0142cenia Zawodowego wspiera zdrowie psychiczne? Sprawd\u017a wnioski z konferencji \u201eZdrowy ucze\u0144 \u2013 zdrowy nauczyciel. Wsp\u00f3lna odpowiedzialno\u015b\u0107 za przysz\u0142o\u015b\u0107\u201d!\",\"breadcrumb\":{\"@id\":\"https:\/\/studia-wroclaw.pl\/wskz-na-konferencji-zdrowy-uczen-zdrowy-nauczyciel-wspolna-odpowiedzialnosc-za-przyszlosc\/#breadcrumb\"},\"inLanguage\":\"en-GB\",\"potentialAction\":[{\"@type\":\"ReadAction\",\"target\":[\"https:\/\/studia-wroclaw.pl\/wskz-na-konferencji-zdrowy-uczen-zdrowy-nauczyciel-wspolna-odpowiedzialnosc-za-przyszlosc\/\"]}]},{\"@type\":\"ImageObject\",\"inLanguage\":\"en-GB\",\"@id\":\"https:\/\/studia-wroclaw.pl\/wskz-na-konferencji-zdrowy-uczen-zdrowy-nauczyciel-wspolna-odpowiedzialnosc-za-przyszlosc\/#primaryimage\",\"url\":\"https:\/\/studia-wroclaw.pl\/wp-content\/uploads\/2026\/04\/konferencja-zdrowy-uczen.jpg\",\"contentUrl\":\"https:\/\/studia-wroclaw.pl\/wp-content\/uploads\/2026\/04\/konferencja-zdrowy-uczen.jpg\"},{\"@type\":\"BreadcrumbList\",\"@id\":\"https:\/\/studia-wroclaw.pl\/wskz-na-konferencji-zdrowy-uczen-zdrowy-nauczyciel-wspolna-odpowiedzialnosc-za-przyszlosc\/#breadcrumb\",\"itemListElement\":[{\"@type\":\"ListItem\",\"position\":1,\"name\":\"Strona g\u0142\u00f3wna\",\"item\":\"https:\/\/studia-wroclaw.pl\/\"},{\"@type\":\"ListItem\",\"position\":2,\"name\":\"WSKZ na konferencji \u201eZdrowy ucze\u0144 \u2013 zdrowy nauczyciel. Wsp\u00f3lna odpowiedzialno\u015b\u0107 za przysz\u0142o\u015b\u0107\u201d\"}]},{\"@type\":\"WebSite\",\"@id\":\"https:\/\/studia-wroclaw.pl\/#website\",\"url\":\"https:\/\/studia-wroclaw.pl\/\",\"name\":\"Studia Wroc\u0142aw\",\"description\":\"\",\"potentialAction\":[{\"@type\":\"SearchAction\",\"target\":{\"@type\":\"EntryPoint\",\"urlTemplate\":\"https:\/\/studia-wroclaw.pl\/?s={search_term_string}\"},\"query-input\":{\"@type\":\"PropertyValueSpecification\",\"valueRequired\":true,\"valueName\":\"search_term_string\"}}],\"inLanguage\":\"en-GB\"},{\"@type\":\"Person\",\"@id\":\"https:\/\/studia-wroclaw.pl\/#\/schema\/person\/4d592668957ff84c0ddd86b58140c79b\",\"name\":\"Agnieszka\",\"image\":{\"@type\":\"ImageObject\",\"inLanguage\":\"en-GB\",\"@id\":\"https:\/\/studia-wroclaw.pl\/#\/schema\/person\/image\/\",\"url\":\"https:\/\/secure.gravatar.com\/avatar\/f1e4e4538879382f3d4616a9eca63b55f04cc892d5be00a1a7ddd30d4a08ebc4?s=96&d=mm&r=g\",\"contentUrl\":\"https:\/\/secure.gravatar.com\/avatar\/f1e4e4538879382f3d4616a9eca63b55f04cc892d5be00a1a7ddd30d4a08ebc4?s=96&d=mm&r=g\",\"caption\":\"Agnieszka\"},\"url\":\"https:\/\/studia-wroclaw.pl\/en\/author\/agnieszka\/\"}]}<\/script>\n<!-- \/ Yoast SEO plugin. -->","yoast_head_json":{"title":"WSKZ na konferencji \u201eZdrowy ucze\u0144 \u2013 zdrowy nauczyciel. Wsp\u00f3lna odpowiedzialno\u015b\u0107 za przysz\u0142o\u015b\u0107\u201d - Studia Wroc\u0142aw","description":"Jak Wy\u017csza Szko\u0142a Kszta\u0142cenia Zawodowego wspiera zdrowie psychiczne? Sprawd\u017a wnioski z konferencji \u201eZdrowy ucze\u0144 \u2013 zdrowy nauczyciel. Wsp\u00f3lna odpowiedzialno\u015b\u0107 za przysz\u0142o\u015b\u0107\u201d!","robots":{"index":"index","follow":"follow","max-snippet":"max-snippet:-1","max-image-preview":"max-image-preview:large","max-video-preview":"max-video-preview:-1"},"canonical":"https:\/\/studia-wroclaw.pl\/en\/wskz-na-konferencji-zdrowy-uczen-zdrowy-nauczyciel-wspolna-odpowiedzialnosc-za-przyszlosc\/","og_locale":"en_GB","og_type":"article","og_title":"WSKZ na konferencji \u201eZdrowy ucze\u0144 \u2013 zdrowy nauczyciel. Wsp\u00f3lna odpowiedzialno\u015b\u0107 za przysz\u0142o\u015b\u0107\u201d - Studia Wroc\u0142aw","og_description":"Jak Wy\u017csza Szko\u0142a Kszta\u0142cenia Zawodowego wspiera zdrowie psychiczne? Sprawd\u017a wnioski z konferencji \u201eZdrowy ucze\u0144 \u2013 zdrowy nauczyciel. Wsp\u00f3lna odpowiedzialno\u015b\u0107 za przysz\u0142o\u015b\u0107\u201d!","og_url":"https:\/\/studia-wroclaw.pl\/en\/wskz-na-konferencji-zdrowy-uczen-zdrowy-nauczyciel-wspolna-odpowiedzialnosc-za-przyszlosc\/","og_site_name":"Studia Wroc\u0142aw","article_published_time":"2026-04-21T11:22:57+00:00","og_image":[{"width":1024,"height":768,"url":"https:\/\/studia-wroclaw.pl\/wp-content\/uploads\/2026\/04\/konferencja-zdrowy-uczen.jpg","type":"image\/jpeg"}],"author":"Agnieszka","twitter_card":"summary_large_image","twitter_misc":{"Written by":"Agnieszka","Estimated reading time":"3 minutes"},"schema":{"@context":"https:\/\/schema.org","@graph":[{"@type":"WebPage","@id":"https:\/\/studia-wroclaw.pl\/wskz-na-konferencji-zdrowy-uczen-zdrowy-nauczyciel-wspolna-odpowiedzialnosc-za-przyszlosc\/","url":"https:\/\/studia-wroclaw.pl\/wskz-na-konferencji-zdrowy-uczen-zdrowy-nauczyciel-wspolna-odpowiedzialnosc-za-przyszlosc\/","name":"WSKZ na konferencji \u201eZdrowy ucze\u0144 \u2013 zdrowy nauczyciel. Wsp\u00f3lna odpowiedzialno\u015b\u0107 za przysz\u0142o\u015b\u0107\u201d - Studia Wroc\u0142aw","isPartOf":{"@id":"https:\/\/studia-wroclaw.pl\/#website"},"primaryImageOfPage":{"@id":"https:\/\/studia-wroclaw.pl\/wskz-na-konferencji-zdrowy-uczen-zdrowy-nauczyciel-wspolna-odpowiedzialnosc-za-przyszlosc\/#primaryimage"},"image":{"@id":"https:\/\/studia-wroclaw.pl\/wskz-na-konferencji-zdrowy-uczen-zdrowy-nauczyciel-wspolna-odpowiedzialnosc-za-przyszlosc\/#primaryimage"},"thumbnailUrl":"https:\/\/studia-wroclaw.pl\/wp-content\/uploads\/2026\/04\/konferencja-zdrowy-uczen.jpg","datePublished":"2026-04-21T11:22:57+00:00","author":{"@id":"https:\/\/studia-wroclaw.pl\/#\/schema\/person\/4d592668957ff84c0ddd86b58140c79b"},"description":"Jak Wy\u017csza Szko\u0142a Kszta\u0142cenia Zawodowego wspiera zdrowie psychiczne? Sprawd\u017a wnioski z konferencji \u201eZdrowy ucze\u0144 \u2013 zdrowy nauczyciel. Wsp\u00f3lna odpowiedzialno\u015b\u0107 za przysz\u0142o\u015b\u0107\u201d!","breadcrumb":{"@id":"https:\/\/studia-wroclaw.pl\/wskz-na-konferencji-zdrowy-uczen-zdrowy-nauczyciel-wspolna-odpowiedzialnosc-za-przyszlosc\/#breadcrumb"},"inLanguage":"en-GB","potentialAction":[{"@type":"ReadAction","target":["https:\/\/studia-wroclaw.pl\/wskz-na-konferencji-zdrowy-uczen-zdrowy-nauczyciel-wspolna-odpowiedzialnosc-za-przyszlosc\/"]}]},{"@type":"ImageObject","inLanguage":"en-GB","@id":"https:\/\/studia-wroclaw.pl\/wskz-na-konferencji-zdrowy-uczen-zdrowy-nauczyciel-wspolna-odpowiedzialnosc-za-przyszlosc\/#primaryimage","url":"https:\/\/studia-wroclaw.pl\/wp-content\/uploads\/2026\/04\/konferencja-zdrowy-uczen.jpg","contentUrl":"https:\/\/studia-wroclaw.pl\/wp-content\/uploads\/2026\/04\/konferencja-zdrowy-uczen.jpg"},{"@type":"BreadcrumbList","@id":"https:\/\/studia-wroclaw.pl\/wskz-na-konferencji-zdrowy-uczen-zdrowy-nauczyciel-wspolna-odpowiedzialnosc-za-przyszlosc\/#breadcrumb","itemListElement":[{"@type":"ListItem","position":1,"name":"Strona g\u0142\u00f3wna","item":"https:\/\/studia-wroclaw.pl\/"},{"@type":"ListItem","position":2,"name":"WSKZ na konferencji \u201eZdrowy ucze\u0144 \u2013 zdrowy nauczyciel. Wsp\u00f3lna odpowiedzialno\u015b\u0107 za przysz\u0142o\u015b\u0107\u201d"}]},{"@type":"WebSite","@id":"https:\/\/studia-wroclaw.pl\/#website","url":"https:\/\/studia-wroclaw.pl\/","name":"Studies Wroclaw","description":"","potentialAction":[{"@type":"SearchAction","target":{"@type":"EntryPoint","urlTemplate":"https:\/\/studia-wroclaw.pl\/?s={search_term_string}"},"query-input":{"@type":"PropertyValueSpecification","valueRequired":true,"valueName":"search_term_string"}}],"inLanguage":"en-GB"},{"@type":"Person","@id":"https:\/\/studia-wroclaw.pl\/#\/schema\/person\/4d592668957ff84c0ddd86b58140c79b","name":"Agnieszka","image":{"@type":"ImageObject","inLanguage":"en-GB","@id":"https:\/\/studia-wroclaw.pl\/#\/schema\/person\/image\/","url":"https:\/\/secure.gravatar.com\/avatar\/f1e4e4538879382f3d4616a9eca63b55f04cc892d5be00a1a7ddd30d4a08ebc4?s=96&d=mm&r=g","contentUrl":"https:\/\/secure.gravatar.com\/avatar\/f1e4e4538879382f3d4616a9eca63b55f04cc892d5be00a1a7ddd30d4a08ebc4?s=96&d=mm&r=g","caption":"Agnieszka"},"url":"https:\/\/studia-wroclaw.pl\/en\/author\/agnieszka\/"}]}},"_links":{"self":[{"href":"https:\/\/studia-wroclaw.pl\/en\/wp-json\/wp\/v2\/posts\/10663","targetHints":{"allow":["GET"]}}],"collection":[{"href":"https:\/\/studia-wroclaw.pl\/en\/wp-json\/wp\/v2\/posts"}],"about":[{"href":"https:\/\/studia-wroclaw.pl\/en\/wp-json\/wp\/v2\/types\/post"}],"author":[{"embeddable":true,"href":"https:\/\/studia-wroclaw.pl\/en\/wp-json\/wp\/v2\/users\/42"}],"replies":[{"embeddable":true,"href":"https:\/\/studia-wroclaw.pl\/en\/wp-json\/wp\/v2\/comments?post=10663"}],"version-history":[{"count":1,"href":"https:\/\/studia-wroclaw.pl\/en\/wp-json\/wp\/v2\/posts\/10663\/revisions"}],"predecessor-version":[{"id":10669,"href":"https:\/\/studia-wroclaw.pl\/en\/wp-json\/wp\/v2\/posts\/10663\/revisions\/10669"}],"wp:attachment":[{"href":"https:\/\/studia-wroclaw.pl\/en\/wp-json\/wp\/v2\/media?parent=10663"}],"wp:term":[{"taxonomy":"category","embeddable":true,"href":"https:\/\/studia-wroclaw.pl\/en\/wp-json\/wp\/v2\/categories?post=10663"},{"taxonomy":"post_tag","embeddable":true,"href":"https:\/\/studia-wroclaw.pl\/en\/wp-json\/wp\/v2\/tags?post=10663"}],"curies":[{"name":"wp","href":"https:\/\/api.w.org\/{rel}","templated":true}]}}