{"id":10670,"date":"2026-04-21T13:39:15","date_gmt":"2026-04-21T11:39:15","guid":{"rendered":"https:\/\/studia-wroclaw.pl\/?p=10670"},"modified":"2026-04-21T13:39:43","modified_gmt":"2026-04-21T11:39:43","slug":"sedzia-rodzinny-w-praktyce-kolejny-webinar-z-cyklu-prawnik-czyli-kto-juz-23-kwietnia","status":"publish","type":"post","link":"https:\/\/studia-wroclaw.pl\/en\/sedzia-rodzinny-w-praktyce-kolejny-webinar-z-cyklu-prawnik-czyli-kto-juz-23-kwietnia\/","title":{"rendered":"S\u0119dzia rodzinny w praktyce \u2013 kolejny webinar z cyklu \u201ePrawnik, czyli kto?\u201d ju\u017c 23 kwietnia"},"content":{"rendered":"<p>Jak wygl\u0105da codzienna praca s\u0119dziego rodzinnego? Z jakimi wyzwaniami mierzy si\u0119 w sprawach dotycz\u0105cych dzieci i rodzin w kryzysie? Odpowiedzi na te pytania b\u0119dzie mo\u017cna pozna\u0107<strong> ju\u017c 23 kwietnia podczas kolejnego spotkania z cyklu \u201ePrawnik, czyli kto?\u201d<\/strong>, organizowanego przez Instytut Prawa WSKZ.<\/p>\n\n\n\n<h2 class=\"wp-block-heading\">Spotkanie z do\u015bwiadczon\u0105 praktyczk\u0105<\/h2>\n\n\n\n<p>Webinar poprowadzi s\u0119dzia Anna Cencora \u2013<strong> wieloletni orzecznik w sprawach rodzinnych i opieku\u0144czych, obecnie Prezes S\u0105du Rejonowego w Cz\u0119stochowie. <\/strong>Wsp\u00f3\u0142pracuje z osobami i instytucjami maj\u0105cymi na celu wspieranie rodzin przezywaj\u0105cych trudno\u015bci. Prelegent konferencji dotycz\u0105cych realizacji potrzeb ma\u0142oletnich, pieczy zast\u0119pczej, mediacji.<\/p>\n\n\n\n<h2 class=\"wp-block-heading\">O czym b\u0119dzie webinar?<\/h2>\n\n\n\n<p>Tematyka webinaru <strong>koncentruje wok\u00f3\u0142 zawodu s\u0119dziego rodzinnego. <\/strong>Podczas spotkania przedstawione zostan\u0105 zagadnienia takie jak:<\/p>\n\n\n\n<ul class=\"wp-block-list\">\n<li>droga prowadz\u0105ca do zawodu s\u0119dziego;<\/li>\n\n\n\n<li>specyfika zawodu s\u0119dziego;<\/li>\n\n\n\n<li>zadania i wyzwania, jakie staj\u0105 przed s\u0119dzi\u0105 rodzinnym;<\/li>\n\n\n\n<li>droga do zawodu s\u0119dziego \u2013 wymogi i etapy aspirowania do tej funkcji.<\/li>\n\n\n\n<li>s\u0142u\u017cba s\u0119dziowska \u2013 specyfika zawodu, charakterystyka pracy i wymagania zwi\u0105zane z pe\u0142nieniem tej s\u0142u\u017cby.<\/li>\n\n\n\n<li>s\u0119dzia rodzinny \u2013 wprowadzenie w perspektyw\u0119 roli i funkcji s\u0119dziego orzekaj\u0105cego w wydziale rodzinnym.<\/li>\n\n\n\n<li>praca z dzie\u0107mi, m\u0142odzie\u017c\u0105, rodzin\u0105 w kryzysie\u2013praktyczne aspekty.\u00a0<\/li>\n<\/ul>\n\n\n\n<p>G\u0142\u00f3wnym celem jest <strong>poszerzenie wiedzy o zawodzie s\u0119dziego i poszerzenie wiadomo\u015bci o specyfice prawa rodzinnego w Polsce.<\/strong><\/p>","protected":false},"excerpt":{"rendered":"<p>Jak wygl\u0105da codzienna praca s\u0119dziego rodzinnego? Z jakimi wyzwaniami mierzy si\u0119 w sprawach dotycz\u0105cych dzieci i rodzin w kryzysie? Odpowiedzi na te pytania b\u0119dzie mo\u017cna pozna\u0107 ju\u017c 23 kwietnia podczas kolejnego spotkania z cyklu \u201ePrawnik, czyli kto?\u201d, organizowanego przez Instytut Prawa WSKZ. Spotkanie z do\u015bwiadczon\u0105 praktyczk\u0105 Webinar poprowadzi s\u0119dzia Anna Cencora \u2013 wieloletni orzecznik w [&hellip;]<\/p>","protected":false},"author":36,"featured_media":0,"comment_status":"open","ping_status":"open","sticky":false,"template":"","format":"standard","meta":{"om_disable_all_campaigns":false,"footnotes":""},"categories":[50],"tags":[],"class_list":["post-10670","post","type-post","status-publish","format-standard","hentry","category-aktualnosci"],"yoast_head":"<!-- This site is optimized with the Yoast SEO plugin v25.9 - https:\/\/yoast.com\/wordpress\/plugins\/seo\/ -->\n<title>S\u0119dzia rodzinny w praktyce \u2013 kolejny webinar z cyklu \u201ePrawnik, czyli kto?\u201d ju\u017c 23 kwietnia - Studia Wroc\u0142aw<\/title>\n<meta name=\"robots\" content=\"index, follow, max-snippet:-1, max-image-preview:large, max-video-preview:-1\" \/>\n<link rel=\"canonical\" href=\"https:\/\/studia-wroclaw.pl\/en\/sedzia-rodzinny-w-praktyce-kolejny-webinar-z-cyklu-prawnik-czyli-kto-juz-23-kwietnia\/\" \/>\n<meta property=\"og:locale\" content=\"en_GB\" \/>\n<meta property=\"og:type\" content=\"article\" \/>\n<meta property=\"og:title\" content=\"S\u0119dzia rodzinny w praktyce \u2013 kolejny webinar z cyklu \u201ePrawnik, czyli kto?\u201d ju\u017c 23 kwietnia - Studia Wroc\u0142aw\" \/>\n<meta property=\"og:description\" content=\"Jak wygl\u0105da codzienna praca s\u0119dziego rodzinnego? Z jakimi wyzwaniami mierzy si\u0119 w sprawach dotycz\u0105cych dzieci i rodzin w kryzysie? Odpowiedzi na te pytania b\u0119dzie mo\u017cna pozna\u0107 ju\u017c 23 kwietnia podczas kolejnego spotkania z cyklu \u201ePrawnik, czyli kto?\u201d, organizowanego przez Instytut Prawa WSKZ. Spotkanie z do\u015bwiadczon\u0105 praktyczk\u0105 Webinar poprowadzi s\u0119dzia Anna Cencora \u2013 wieloletni orzecznik w [&hellip;]\" \/>\n<meta property=\"og:url\" content=\"https:\/\/studia-wroclaw.pl\/en\/sedzia-rodzinny-w-praktyce-kolejny-webinar-z-cyklu-prawnik-czyli-kto-juz-23-kwietnia\/\" \/>\n<meta property=\"og:site_name\" content=\"Studia Wroc\u0142aw\" \/>\n<meta property=\"article:published_time\" content=\"2026-04-21T11:39:15+00:00\" \/>\n<meta property=\"article:modified_time\" content=\"2026-04-21T11:39:43+00:00\" \/>\n<meta name=\"author\" content=\"Karina Dycha\u0142a\" \/>\n<meta name=\"twitter:card\" content=\"summary_large_image\" \/>\n<meta name=\"twitter:label1\" content=\"Written by\" \/>\n\t<meta name=\"twitter:data1\" content=\"Karina Dycha\u0142a\" \/>\n\t<meta name=\"twitter:label2\" content=\"Estimated reading time\" \/>\n\t<meta name=\"twitter:data2\" content=\"2 minutes\" \/>\n<script type=\"application\/ld+json\" class=\"yoast-schema-graph\">{\"@context\":\"https:\/\/schema.org\",\"@graph\":[{\"@type\":\"WebPage\",\"@id\":\"https:\/\/studia-wroclaw.pl\/sedzia-rodzinny-w-praktyce-kolejny-webinar-z-cyklu-prawnik-czyli-kto-juz-23-kwietnia\/\",\"url\":\"https:\/\/studia-wroclaw.pl\/sedzia-rodzinny-w-praktyce-kolejny-webinar-z-cyklu-prawnik-czyli-kto-juz-23-kwietnia\/\",\"name\":\"S\u0119dzia rodzinny w praktyce \u2013 kolejny webinar z cyklu \u201ePrawnik, czyli kto?\u201d ju\u017c 23 kwietnia - Studia Wroc\u0142aw\",\"isPartOf\":{\"@id\":\"https:\/\/studia-wroclaw.pl\/#website\"},\"datePublished\":\"2026-04-21T11:39:15+00:00\",\"dateModified\":\"2026-04-21T11:39:43+00:00\",\"author\":{\"@id\":\"https:\/\/studia-wroclaw.pl\/#\/schema\/person\/50f212a057f8ab718194a85c9aecb4d5\"},\"breadcrumb\":{\"@id\":\"https:\/\/studia-wroclaw.pl\/sedzia-rodzinny-w-praktyce-kolejny-webinar-z-cyklu-prawnik-czyli-kto-juz-23-kwietnia\/#breadcrumb\"},\"inLanguage\":\"en-GB\",\"potentialAction\":[{\"@type\":\"ReadAction\",\"target\":[\"https:\/\/studia-wroclaw.pl\/sedzia-rodzinny-w-praktyce-kolejny-webinar-z-cyklu-prawnik-czyli-kto-juz-23-kwietnia\/\"]}]},{\"@type\":\"BreadcrumbList\",\"@id\":\"https:\/\/studia-wroclaw.pl\/sedzia-rodzinny-w-praktyce-kolejny-webinar-z-cyklu-prawnik-czyli-kto-juz-23-kwietnia\/#breadcrumb\",\"itemListElement\":[{\"@type\":\"ListItem\",\"position\":1,\"name\":\"Strona g\u0142\u00f3wna\",\"item\":\"https:\/\/studia-wroclaw.pl\/\"},{\"@type\":\"ListItem\",\"position\":2,\"name\":\"S\u0119dzia rodzinny w praktyce \u2013 kolejny webinar z cyklu \u201ePrawnik, czyli kto?\u201d ju\u017c 23 kwietnia\"}]},{\"@type\":\"WebSite\",\"@id\":\"https:\/\/studia-wroclaw.pl\/#website\",\"url\":\"https:\/\/studia-wroclaw.pl\/\",\"name\":\"Studia Wroc\u0142aw\",\"description\":\"\",\"potentialAction\":[{\"@type\":\"SearchAction\",\"target\":{\"@type\":\"EntryPoint\",\"urlTemplate\":\"https:\/\/studia-wroclaw.pl\/?s={search_term_string}\"},\"query-input\":{\"@type\":\"PropertyValueSpecification\",\"valueRequired\":true,\"valueName\":\"search_term_string\"}}],\"inLanguage\":\"en-GB\"},{\"@type\":\"Person\",\"@id\":\"https:\/\/studia-wroclaw.pl\/#\/schema\/person\/50f212a057f8ab718194a85c9aecb4d5\",\"name\":\"Karina Dycha\u0142a\",\"image\":{\"@type\":\"ImageObject\",\"inLanguage\":\"en-GB\",\"@id\":\"https:\/\/studia-wroclaw.pl\/#\/schema\/person\/image\/\",\"url\":\"https:\/\/secure.gravatar.com\/avatar\/09b8a8541625e267cf808bd7db9d6075406c3094f3ef7dd4a936673e9d896f6d?s=96&d=mm&r=g\",\"contentUrl\":\"https:\/\/secure.gravatar.com\/avatar\/09b8a8541625e267cf808bd7db9d6075406c3094f3ef7dd4a936673e9d896f6d?s=96&d=mm&r=g\",\"caption\":\"Karina Dycha\u0142a\"},\"url\":\"https:\/\/studia-wroclaw.pl\/en\/author\/karina\/\"}]}<\/script>\n<!-- \/ Yoast SEO plugin. -->","yoast_head_json":{"title":"S\u0119dzia rodzinny w praktyce \u2013 kolejny webinar z cyklu \u201ePrawnik, czyli kto?\u201d ju\u017c 23 kwietnia - Studia Wroc\u0142aw","robots":{"index":"index","follow":"follow","max-snippet":"max-snippet:-1","max-image-preview":"max-image-preview:large","max-video-preview":"max-video-preview:-1"},"canonical":"https:\/\/studia-wroclaw.pl\/en\/sedzia-rodzinny-w-praktyce-kolejny-webinar-z-cyklu-prawnik-czyli-kto-juz-23-kwietnia\/","og_locale":"en_GB","og_type":"article","og_title":"S\u0119dzia rodzinny w praktyce \u2013 kolejny webinar z cyklu \u201ePrawnik, czyli kto?\u201d ju\u017c 23 kwietnia - Studia Wroc\u0142aw","og_description":"Jak wygl\u0105da codzienna praca s\u0119dziego rodzinnego? Z jakimi wyzwaniami mierzy si\u0119 w sprawach dotycz\u0105cych dzieci i rodzin w kryzysie? Odpowiedzi na te pytania b\u0119dzie mo\u017cna pozna\u0107 ju\u017c 23 kwietnia podczas kolejnego spotkania z cyklu \u201ePrawnik, czyli kto?\u201d, organizowanego przez Instytut Prawa WSKZ. Spotkanie z do\u015bwiadczon\u0105 praktyczk\u0105 Webinar poprowadzi s\u0119dzia Anna Cencora \u2013 wieloletni orzecznik w [&hellip;]","og_url":"https:\/\/studia-wroclaw.pl\/en\/sedzia-rodzinny-w-praktyce-kolejny-webinar-z-cyklu-prawnik-czyli-kto-juz-23-kwietnia\/","og_site_name":"Studia Wroc\u0142aw","article_published_time":"2026-04-21T11:39:15+00:00","article_modified_time":"2026-04-21T11:39:43+00:00","author":"Karina Dycha\u0142a","twitter_card":"summary_large_image","twitter_misc":{"Written by":"Karina Dycha\u0142a","Estimated reading time":"2 minutes"},"schema":{"@context":"https:\/\/schema.org","@graph":[{"@type":"WebPage","@id":"https:\/\/studia-wroclaw.pl\/sedzia-rodzinny-w-praktyce-kolejny-webinar-z-cyklu-prawnik-czyli-kto-juz-23-kwietnia\/","url":"https:\/\/studia-wroclaw.pl\/sedzia-rodzinny-w-praktyce-kolejny-webinar-z-cyklu-prawnik-czyli-kto-juz-23-kwietnia\/","name":"S\u0119dzia rodzinny w praktyce \u2013 kolejny webinar z cyklu \u201ePrawnik, czyli kto?\u201d ju\u017c 23 kwietnia - Studia Wroc\u0142aw","isPartOf":{"@id":"https:\/\/studia-wroclaw.pl\/#website"},"datePublished":"2026-04-21T11:39:15+00:00","dateModified":"2026-04-21T11:39:43+00:00","author":{"@id":"https:\/\/studia-wroclaw.pl\/#\/schema\/person\/50f212a057f8ab718194a85c9aecb4d5"},"breadcrumb":{"@id":"https:\/\/studia-wroclaw.pl\/sedzia-rodzinny-w-praktyce-kolejny-webinar-z-cyklu-prawnik-czyli-kto-juz-23-kwietnia\/#breadcrumb"},"inLanguage":"en-GB","potentialAction":[{"@type":"ReadAction","target":["https:\/\/studia-wroclaw.pl\/sedzia-rodzinny-w-praktyce-kolejny-webinar-z-cyklu-prawnik-czyli-kto-juz-23-kwietnia\/"]}]},{"@type":"BreadcrumbList","@id":"https:\/\/studia-wroclaw.pl\/sedzia-rodzinny-w-praktyce-kolejny-webinar-z-cyklu-prawnik-czyli-kto-juz-23-kwietnia\/#breadcrumb","itemListElement":[{"@type":"ListItem","position":1,"name":"Strona g\u0142\u00f3wna","item":"https:\/\/studia-wroclaw.pl\/"},{"@type":"ListItem","position":2,"name":"S\u0119dzia rodzinny w praktyce \u2013 kolejny webinar z cyklu \u201ePrawnik, czyli kto?\u201d ju\u017c 23 kwietnia"}]},{"@type":"WebSite","@id":"https:\/\/studia-wroclaw.pl\/#website","url":"https:\/\/studia-wroclaw.pl\/","name":"Studies Wroclaw","description":"","potentialAction":[{"@type":"SearchAction","target":{"@type":"EntryPoint","urlTemplate":"https:\/\/studia-wroclaw.pl\/?s={search_term_string}"},"query-input":{"@type":"PropertyValueSpecification","valueRequired":true,"valueName":"search_term_string"}}],"inLanguage":"en-GB"},{"@type":"Person","@id":"https:\/\/studia-wroclaw.pl\/#\/schema\/person\/50f212a057f8ab718194a85c9aecb4d5","name":"Karina Dycha\u0142a","image":{"@type":"ImageObject","inLanguage":"en-GB","@id":"https:\/\/studia-wroclaw.pl\/#\/schema\/person\/image\/","url":"https:\/\/secure.gravatar.com\/avatar\/09b8a8541625e267cf808bd7db9d6075406c3094f3ef7dd4a936673e9d896f6d?s=96&d=mm&r=g","contentUrl":"https:\/\/secure.gravatar.com\/avatar\/09b8a8541625e267cf808bd7db9d6075406c3094f3ef7dd4a936673e9d896f6d?s=96&d=mm&r=g","caption":"Karina Dycha\u0142a"},"url":"https:\/\/studia-wroclaw.pl\/en\/author\/karina\/"}]}},"_links":{"self":[{"href":"https:\/\/studia-wroclaw.pl\/en\/wp-json\/wp\/v2\/posts\/10670","targetHints":{"allow":["GET"]}}],"collection":[{"href":"https:\/\/studia-wroclaw.pl\/en\/wp-json\/wp\/v2\/posts"}],"about":[{"href":"https:\/\/studia-wroclaw.pl\/en\/wp-json\/wp\/v2\/types\/post"}],"author":[{"embeddable":true,"href":"https:\/\/studia-wroclaw.pl\/en\/wp-json\/wp\/v2\/users\/36"}],"replies":[{"embeddable":true,"href":"https:\/\/studia-wroclaw.pl\/en\/wp-json\/wp\/v2\/comments?post=10670"}],"version-history":[{"count":2,"href":"https:\/\/studia-wroclaw.pl\/en\/wp-json\/wp\/v2\/posts\/10670\/revisions"}],"predecessor-version":[{"id":10672,"href":"https:\/\/studia-wroclaw.pl\/en\/wp-json\/wp\/v2\/posts\/10670\/revisions\/10672"}],"wp:attachment":[{"href":"https:\/\/studia-wroclaw.pl\/en\/wp-json\/wp\/v2\/media?parent=10670"}],"wp:term":[{"taxonomy":"category","embeddable":true,"href":"https:\/\/studia-wroclaw.pl\/en\/wp-json\/wp\/v2\/categories?post=10670"},{"taxonomy":"post_tag","embeddable":true,"href":"https:\/\/studia-wroclaw.pl\/en\/wp-json\/wp\/v2\/tags?post=10670"}],"curies":[{"name":"wp","href":"https:\/\/api.w.org\/{rel}","templated":true}]}}