{"id":10693,"date":"2026-04-22T11:47:44","date_gmt":"2026-04-22T09:47:44","guid":{"rendered":"https:\/\/studia-wroclaw.pl\/?p=10693"},"modified":"2026-04-22T11:49:04","modified_gmt":"2026-04-22T09:49:04","slug":"miedzy-mediami-a-pamiecia-spoleczna-inspirujacy-wyklad-dr-ramazana-arslana","status":"publish","type":"post","link":"https:\/\/studia-wroclaw.pl\/en\/miedzy-mediami-a-pamiecia-spoleczna-inspirujacy-wyklad-dr-ramazana-arslana\/","title":{"rendered":"Mi\u0119dzy mediami a pami\u0119ci\u0105 spo\u0142eczn\u0105 \u2013 inspiruj\u0105cy wyk\u0142ad dr. Ramazana Arslana"},"content":{"rendered":"<p>Studenci Kryminologii Wy\u017cszej Szko\u0142y Kszta\u0142cenia Zawodowego we Wroc\u0142awiu uczestniczyli w <strong>wyk\u0142adzie go\u015bcinnym dr. Ramazana Arslana z Istanbul University\u2013Cerrahpa\u015fa. <\/strong>Wydarzenie po\u015bwi\u0119cone by\u0142o roli medi\u00f3w w kszta\u0142towaniu pami\u0119ci zbiorowej i percepcji spo\u0142ecznej.<\/p>\n\n\n\n<h2 class=\"wp-block-heading\">Wyk\u0142ad go\u015bcinny z udzia\u0142em mi\u0119dzynarodowego eksperta<\/h2>\n\n\n\n<p>18 kwietnia 2026 r. studenci Wy\u017cszej Szko\u0142y Kszta\u0142cenia Zawodowego we Wroc\u0142awiu mieli okazj\u0119 uczestniczy\u0107 w <strong>wyk\u0142adzie pt. \u201eMedia, Social Memory, and Public Perception\u201d. <\/strong>Spotkanie prowadzi\u0142 dr Ramazan Arslan z Istanbul University\u2013Cerrahpa\u015fa w Turcji, kt\u00f3rego zainteresowania badawcze koncentruj\u0105 si\u0119 wok\u00f3\u0142 medi\u00f3w, komunikacji spo\u0142ecznej oraz kultury wizualnej.<\/p>\n\n\n\n<h2 class=\"wp-block-heading\">Wp\u0142yw medi\u00f3w na percepcj\u0119 i pami\u0119\u0107 spo\u0142eczn\u0105<\/h2>\n\n\n\n<p>Kwietniowe wyst\u0105pienie stanowi\u0142o <strong>refleksj\u0119 nad rol\u0105 medi\u00f3w we wsp\u00f3\u0142czesnym \u015bwiecie.<\/strong> Znalaz\u0142o to odzwierciedlenie w analizie ich wp\u0142ywu na nast\u0119puj\u0105ce obszary:<\/p>\n\n\n\n<ul class=\"wp-block-list\">\n<li>kszta\u0142towanie percepcji spo\u0142ecznej;\u00a0<\/li>\n\n\n\n<li>interpretacj\u0119 zdarze\u0144;<\/li>\n\n\n\n<li>proces budowania pami\u0119ci zbiorowej.\u00a0<\/li>\n<\/ul>\n\n\n\n<p>Prelegent zaprezentowa\u0142 <strong>mechanizmy oddzia\u0142ywania przekaz\u00f3w medialnych \u2013 zar\u00f3wno w warstwie j\u0119zykowej, jak i wizualnej<\/strong>. Wskaza\u0142 tak\u017ce, na ich znaczenie w kontek\u015bcie wsp\u00f3\u0142czesnych wyzwa\u0144 spo\u0142ecznych i bezpiecze\u0144stwa informacyjnego.<\/p>\n\n\n\n<h3 class=\"wp-block-heading\">Wysoka frekwencja i zaanga\u017cowanie student\u00f3w<\/h3>\n\n\n\n<p>Wyk\u0142ad spotka\u0142 si\u0119 z du\u017cym zainteresowaniem student\u00f3w. Stanowi\u0142 <strong>inspiruj\u0105ce uzupe\u0142nienie zaj\u0119\u0107 dydaktycznych<\/strong> oraz okazj\u0119 do pog\u0142\u0119bienia wiedzy w obszarze komunikacji i medi\u00f3w.<\/p>\n\n\n\n<h2 class=\"wp-block-heading\">Wsp\u00f3\u0142praca mi\u0119dzynarodowa i aktywno\u015b\u0107 naukowa<\/h2>\n\n\n\n<p>Dr Ramazan Arslan jest <strong>partnerem Wy\u017cszej Szko\u0142y Kszta\u0142cenia Zawodowego we Wroc\u0142awiu w realizacji projekt\u00f3w mi\u0119dzynarodowych<\/strong>. Reprezentowany przez niego Istanbul University\u2013Cerrahpa\u015fa stanowi wa\u017cnego partnera akademickiego w rozwijaniu wsp\u00f3\u0142pracy naukowej i dydaktycznej.<\/p>\n\n\n\n<p>Podczas pobytu na naszej Uczelni prelegent uczestniczy\u0142 r\u00f3wnie\u017c w Mi\u0119dzynarodowej Konferencji Naukowej pt. <strong>\u201eZagini\u0119cia os\u00f3b w \u015bwietle psychologii s\u0105dowej i kryminalistyki \u2013 wyzwania wsp\u00f3\u0142czesnych \u015bledztw\u201d<\/strong>, zorganizowanej 17 kwietnia 2026 r. Podczas niej bra\u0142 aktywny udzia\u0142 w dyskusjach eksperckich.<\/p>\n\n\n\n<h2 class=\"wp-block-heading\">Wizyta sprzyjaj\u0105ca rozwojowi wsp\u00f3\u0142pracy<\/h2>\n\n\n\n<p>Wizyta dr. Ramazana Arslana, <strong>zorganizowana przez Centrum Wsp\u00f3\u0142pracy Mi\u0119dzynarodowej WSKZ<\/strong>, stworzy\u0142a przestrze\u0144 do wymiany do\u015bwiadcze\u0144 naukowych oraz rozwijania wsp\u00f3\u0142pracy mi\u0119dzynarodowej. Program pobytu obejmowa\u0142 tak\u017ce elementy poznawcze, umo\u017cliwiaj\u0105ce zapoznanie si\u0119 z dziedzictwem kulturowym Wroc\u0142awia. Organizacja wyk\u0142adu wpisuje si\u0119 w dzia\u0142ania Uczelni na rzecz umi\u0119dzynarodowienia kszta\u0142cenia oraz <strong>wzmacniania wsp\u00f3\u0142pracy z zagranicznymi o\u015brodkami akademickimi.<\/strong><\/p>\n\n\n\n<figure class=\"wp-block-gallery has-nested-images columns-default is-cropped wp-block-gallery-1 is-layout-flex wp-block-gallery-is-layout-flex\">\n<figure class=\"wp-block-image size-large\"><img loading=\"lazy\" decoding=\"async\" width=\"768\" height=\"1024\" data-id=\"10694\" src=\"https:\/\/studia-wroclaw.pl\/wp-content\/uploads\/2026\/04\/Miedzy-mediami-a-pamiecia-spoleczna-\u2013-inspirujacy-wyklad-dr.-Ramazana-Arslana-768x1024.jpg\" alt=\"Mi\u0119dzy mediami a pami\u0119ci\u0105 spo\u0142eczn\u0105 \u2013 inspiruj\u0105cy wyk\u0142ad dr. Ramazana Arslana\" class=\"wp-image-10694\" srcset=\"https:\/\/studia-wroclaw.pl\/wp-content\/uploads\/2026\/04\/Miedzy-mediami-a-pamiecia-spoleczna-\u2013-inspirujacy-wyklad-dr.-Ramazana-Arslana-768x1024.jpg 768w, https:\/\/studia-wroclaw.pl\/wp-content\/uploads\/2026\/04\/Miedzy-mediami-a-pamiecia-spoleczna-\u2013-inspirujacy-wyklad-dr.-Ramazana-Arslana-225x300.jpg 225w, https:\/\/studia-wroclaw.pl\/wp-content\/uploads\/2026\/04\/Miedzy-mediami-a-pamiecia-spoleczna-\u2013-inspirujacy-wyklad-dr.-Ramazana-Arslana-1152x1536.jpg 1152w, https:\/\/studia-wroclaw.pl\/wp-content\/uploads\/2026\/04\/Miedzy-mediami-a-pamiecia-spoleczna-\u2013-inspirujacy-wyklad-dr.-Ramazana-Arslana-1536x2048.jpg 1536w, https:\/\/studia-wroclaw.pl\/wp-content\/uploads\/2026\/04\/Miedzy-mediami-a-pamiecia-spoleczna-\u2013-inspirujacy-wyklad-dr.-Ramazana-Arslana-9x12.jpg 9w, https:\/\/studia-wroclaw.pl\/wp-content\/uploads\/2026\/04\/Miedzy-mediami-a-pamiecia-spoleczna-\u2013-inspirujacy-wyklad-dr.-Ramazana-Arslana-scaled.jpg 1920w\" sizes=\"auto, (max-width: 768px) 100vw, 768px\" \/><\/figure>\n\n\n\n<figure class=\"wp-block-image size-large\"><img loading=\"lazy\" decoding=\"async\" width=\"768\" height=\"1024\" data-id=\"10695\" src=\"https:\/\/studia-wroclaw.pl\/wp-content\/uploads\/2026\/04\/Miedzy-mediami-a-pamiecia-spoleczna-\u2013-inspirujacy-wyklad-dr.-Ramazana-Arslana-2-768x1024.jpg\" alt=\"Mi\u0119dzy mediami a pami\u0119ci\u0105 spo\u0142eczn\u0105 \u2013 inspiruj\u0105cy wyk\u0142ad dr. Ramazana Arslana (2)\" class=\"wp-image-10695\" srcset=\"https:\/\/studia-wroclaw.pl\/wp-content\/uploads\/2026\/04\/Miedzy-mediami-a-pamiecia-spoleczna-\u2013-inspirujacy-wyklad-dr.-Ramazana-Arslana-2-768x1024.jpg 768w, https:\/\/studia-wroclaw.pl\/wp-content\/uploads\/2026\/04\/Miedzy-mediami-a-pamiecia-spoleczna-\u2013-inspirujacy-wyklad-dr.-Ramazana-Arslana-2-225x300.jpg 225w, https:\/\/studia-wroclaw.pl\/wp-content\/uploads\/2026\/04\/Miedzy-mediami-a-pamiecia-spoleczna-\u2013-inspirujacy-wyklad-dr.-Ramazana-Arslana-2-1152x1536.jpg 1152w, https:\/\/studia-wroclaw.pl\/wp-content\/uploads\/2026\/04\/Miedzy-mediami-a-pamiecia-spoleczna-\u2013-inspirujacy-wyklad-dr.-Ramazana-Arslana-2-1536x2048.jpg 1536w, https:\/\/studia-wroclaw.pl\/wp-content\/uploads\/2026\/04\/Miedzy-mediami-a-pamiecia-spoleczna-\u2013-inspirujacy-wyklad-dr.-Ramazana-Arslana-2-9x12.jpg 9w, https:\/\/studia-wroclaw.pl\/wp-content\/uploads\/2026\/04\/Miedzy-mediami-a-pamiecia-spoleczna-\u2013-inspirujacy-wyklad-dr.-Ramazana-Arslana-2-scaled.jpg 1920w\" sizes=\"auto, (max-width: 768px) 100vw, 768px\" \/><\/figure>\n\n\n\n<figure class=\"wp-block-image size-large\"><img loading=\"lazy\" decoding=\"async\" width=\"1024\" height=\"768\" data-id=\"10696\" src=\"https:\/\/studia-wroclaw.pl\/wp-content\/uploads\/2026\/04\/Miedzy-mediami-a-pamiecia-spoleczna-\u2013-inspirujacy-wyklad-dr.-Ramazana-Arslana-3-1024x768.jpg\" alt=\"Mi\u0119dzy mediami a pami\u0119ci\u0105 spo\u0142eczn\u0105 \u2013 inspiruj\u0105cy wyk\u0142ad dr. Ramazana Arslana (3)\" class=\"wp-image-10696\" srcset=\"https:\/\/studia-wroclaw.pl\/wp-content\/uploads\/2026\/04\/Miedzy-mediami-a-pamiecia-spoleczna-\u2013-inspirujacy-wyklad-dr.-Ramazana-Arslana-3-1024x768.jpg 1024w, https:\/\/studia-wroclaw.pl\/wp-content\/uploads\/2026\/04\/Miedzy-mediami-a-pamiecia-spoleczna-\u2013-inspirujacy-wyklad-dr.-Ramazana-Arslana-3-300x225.jpg 300w, https:\/\/studia-wroclaw.pl\/wp-content\/uploads\/2026\/04\/Miedzy-mediami-a-pamiecia-spoleczna-\u2013-inspirujacy-wyklad-dr.-Ramazana-Arslana-3-768x576.jpg 768w, https:\/\/studia-wroclaw.pl\/wp-content\/uploads\/2026\/04\/Miedzy-mediami-a-pamiecia-spoleczna-\u2013-inspirujacy-wyklad-dr.-Ramazana-Arslana-3-1536x1152.jpg 1536w, https:\/\/studia-wroclaw.pl\/wp-content\/uploads\/2026\/04\/Miedzy-mediami-a-pamiecia-spoleczna-\u2013-inspirujacy-wyklad-dr.-Ramazana-Arslana-3-2048x1536.jpg 2048w, https:\/\/studia-wroclaw.pl\/wp-content\/uploads\/2026\/04\/Miedzy-mediami-a-pamiecia-spoleczna-\u2013-inspirujacy-wyklad-dr.-Ramazana-Arslana-3-16x12.jpg 16w\" sizes=\"auto, (max-width: 1024px) 100vw, 1024px\" \/><\/figure>\n\n\n\n<figure class=\"wp-block-image size-large\"><img loading=\"lazy\" decoding=\"async\" width=\"768\" height=\"1024\" data-id=\"10697\" src=\"https:\/\/studia-wroclaw.pl\/wp-content\/uploads\/2026\/04\/Miedzy-mediami-a-pamiecia-spoleczna-\u2013-inspirujacy-wyklad-dr.-Ramazana-Arslana-4-768x1024.jpg\" alt=\"Mi\u0119dzy mediami a pami\u0119ci\u0105 spo\u0142eczn\u0105 \u2013 inspiruj\u0105cy wyk\u0142ad dr. Ramazana Arslana (4)\" class=\"wp-image-10697\" srcset=\"https:\/\/studia-wroclaw.pl\/wp-content\/uploads\/2026\/04\/Miedzy-mediami-a-pamiecia-spoleczna-\u2013-inspirujacy-wyklad-dr.-Ramazana-Arslana-4-768x1024.jpg 768w, https:\/\/studia-wroclaw.pl\/wp-content\/uploads\/2026\/04\/Miedzy-mediami-a-pamiecia-spoleczna-\u2013-inspirujacy-wyklad-dr.-Ramazana-Arslana-4-225x300.jpg 225w, https:\/\/studia-wroclaw.pl\/wp-content\/uploads\/2026\/04\/Miedzy-mediami-a-pamiecia-spoleczna-\u2013-inspirujacy-wyklad-dr.-Ramazana-Arslana-4-1152x1536.jpg 1152w, https:\/\/studia-wroclaw.pl\/wp-content\/uploads\/2026\/04\/Miedzy-mediami-a-pamiecia-spoleczna-\u2013-inspirujacy-wyklad-dr.-Ramazana-Arslana-4-1536x2048.jpg 1536w, https:\/\/studia-wroclaw.pl\/wp-content\/uploads\/2026\/04\/Miedzy-mediami-a-pamiecia-spoleczna-\u2013-inspirujacy-wyklad-dr.-Ramazana-Arslana-4-9x12.jpg 9w, https:\/\/studia-wroclaw.pl\/wp-content\/uploads\/2026\/04\/Miedzy-mediami-a-pamiecia-spoleczna-\u2013-inspirujacy-wyklad-dr.-Ramazana-Arslana-4-scaled.jpg 1920w\" sizes=\"auto, (max-width: 768px) 100vw, 768px\" \/><\/figure>\n<\/figure>\n\n\n\n<p><\/p>","protected":false},"excerpt":{"rendered":"<p>Studenci Kryminologii Wy\u017cszej Szko\u0142y Kszta\u0142cenia Zawodowego we Wroc\u0142awiu uczestniczyli w wyk\u0142adzie go\u015bcinnym dr. Ramazana Arslana z Istanbul University\u2013Cerrahpa\u015fa. Wydarzenie po\u015bwi\u0119cone by\u0142o roli medi\u00f3w w kszta\u0142towaniu pami\u0119ci zbiorowej i percepcji spo\u0142ecznej. Wyk\u0142ad go\u015bcinny z udzia\u0142em mi\u0119dzynarodowego eksperta 18 kwietnia 2026 r. studenci Wy\u017cszej Szko\u0142y Kszta\u0142cenia Zawodowego we Wroc\u0142awiu mieli okazj\u0119 uczestniczy\u0107 w wyk\u0142adzie pt. \u201eMedia, Social [&hellip;]<\/p>","protected":false},"author":42,"featured_media":0,"comment_status":"open","ping_status":"open","sticky":false,"template":"","format":"standard","meta":{"om_disable_all_campaigns":false,"footnotes":""},"categories":[50,56],"tags":[],"class_list":["post-10693","post","type-post","status-publish","format-standard","hentry","category-aktualnosci","category-wspolpraca-miedzynarodowa"],"yoast_head":"<!-- This site is optimized with the Yoast SEO plugin v25.9 - https:\/\/yoast.com\/wordpress\/plugins\/seo\/ -->\n<title>Mi\u0119dzy mediami a pami\u0119ci\u0105 spo\u0142eczn\u0105 \u2013 inspiruj\u0105cy wyk\u0142ad dr. Ramazana Arslana - Studia Wroc\u0142aw<\/title>\n<meta name=\"description\" content=\"Jak media wp\u0142ywaj\u0105 na pami\u0119\u0107 spo\u0142eczn\u0105 i postrzeganie rzeczywisto\u015bci? To kluczowy temat wyk\u0142adu dr. Ramazana Arslana dla student\u00f3w kryminologii. Sprawd\u017a najwa\u017cniejsze wnioski z tego wydarzenia!\" \/>\n<meta name=\"robots\" content=\"index, follow, max-snippet:-1, max-image-preview:large, max-video-preview:-1\" \/>\n<link rel=\"canonical\" href=\"https:\/\/studia-wroclaw.pl\/en\/miedzy-mediami-a-pamiecia-spoleczna-inspirujacy-wyklad-dr-ramazana-arslana\/\" \/>\n<meta property=\"og:locale\" content=\"en_GB\" \/>\n<meta property=\"og:type\" content=\"article\" \/>\n<meta property=\"og:title\" content=\"Mi\u0119dzy mediami a pami\u0119ci\u0105 spo\u0142eczn\u0105 \u2013 inspiruj\u0105cy wyk\u0142ad dr. Ramazana Arslana - Studia Wroc\u0142aw\" \/>\n<meta property=\"og:description\" content=\"Jak media wp\u0142ywaj\u0105 na pami\u0119\u0107 spo\u0142eczn\u0105 i postrzeganie rzeczywisto\u015bci? To kluczowy temat wyk\u0142adu dr. Ramazana Arslana dla student\u00f3w kryminologii. Sprawd\u017a najwa\u017cniejsze wnioski z tego wydarzenia!\" \/>\n<meta property=\"og:url\" content=\"https:\/\/studia-wroclaw.pl\/en\/miedzy-mediami-a-pamiecia-spoleczna-inspirujacy-wyklad-dr-ramazana-arslana\/\" \/>\n<meta property=\"og:site_name\" content=\"Studia Wroc\u0142aw\" \/>\n<meta property=\"article:published_time\" content=\"2026-04-22T09:47:44+00:00\" \/>\n<meta property=\"article:modified_time\" content=\"2026-04-22T09:49:04+00:00\" \/>\n<meta name=\"author\" content=\"Agnieszka\" \/>\n<meta name=\"twitter:card\" content=\"summary_large_image\" \/>\n<meta name=\"twitter:label1\" content=\"Written by\" \/>\n\t<meta name=\"twitter:data1\" content=\"Agnieszka\" \/>\n\t<meta name=\"twitter:label2\" content=\"Estimated reading time\" \/>\n\t<meta name=\"twitter:data2\" content=\"3 minutes\" \/>\n<script type=\"application\/ld+json\" class=\"yoast-schema-graph\">{\"@context\":\"https:\/\/schema.org\",\"@graph\":[{\"@type\":\"WebPage\",\"@id\":\"https:\/\/studia-wroclaw.pl\/miedzy-mediami-a-pamiecia-spoleczna-inspirujacy-wyklad-dr-ramazana-arslana\/\",\"url\":\"https:\/\/studia-wroclaw.pl\/miedzy-mediami-a-pamiecia-spoleczna-inspirujacy-wyklad-dr-ramazana-arslana\/\",\"name\":\"Mi\u0119dzy mediami a pami\u0119ci\u0105 spo\u0142eczn\u0105 \u2013 inspiruj\u0105cy wyk\u0142ad dr. Ramazana Arslana - Studia Wroc\u0142aw\",\"isPartOf\":{\"@id\":\"https:\/\/studia-wroclaw.pl\/#website\"},\"datePublished\":\"2026-04-22T09:47:44+00:00\",\"dateModified\":\"2026-04-22T09:49:04+00:00\",\"author\":{\"@id\":\"https:\/\/studia-wroclaw.pl\/#\/schema\/person\/4d592668957ff84c0ddd86b58140c79b\"},\"description\":\"Jak media wp\u0142ywaj\u0105 na pami\u0119\u0107 spo\u0142eczn\u0105 i postrzeganie rzeczywisto\u015bci? To kluczowy temat wyk\u0142adu dr. Ramazana Arslana dla student\u00f3w kryminologii. Sprawd\u017a najwa\u017cniejsze wnioski z tego wydarzenia!\",\"breadcrumb\":{\"@id\":\"https:\/\/studia-wroclaw.pl\/miedzy-mediami-a-pamiecia-spoleczna-inspirujacy-wyklad-dr-ramazana-arslana\/#breadcrumb\"},\"inLanguage\":\"en-GB\",\"potentialAction\":[{\"@type\":\"ReadAction\",\"target\":[\"https:\/\/studia-wroclaw.pl\/miedzy-mediami-a-pamiecia-spoleczna-inspirujacy-wyklad-dr-ramazana-arslana\/\"]}]},{\"@type\":\"BreadcrumbList\",\"@id\":\"https:\/\/studia-wroclaw.pl\/miedzy-mediami-a-pamiecia-spoleczna-inspirujacy-wyklad-dr-ramazana-arslana\/#breadcrumb\",\"itemListElement\":[{\"@type\":\"ListItem\",\"position\":1,\"name\":\"Strona g\u0142\u00f3wna\",\"item\":\"https:\/\/studia-wroclaw.pl\/\"},{\"@type\":\"ListItem\",\"position\":2,\"name\":\"Mi\u0119dzy mediami a pami\u0119ci\u0105 spo\u0142eczn\u0105 \u2013 inspiruj\u0105cy wyk\u0142ad dr. Ramazana Arslana\"}]},{\"@type\":\"WebSite\",\"@id\":\"https:\/\/studia-wroclaw.pl\/#website\",\"url\":\"https:\/\/studia-wroclaw.pl\/\",\"name\":\"Studia Wroc\u0142aw\",\"description\":\"\",\"potentialAction\":[{\"@type\":\"SearchAction\",\"target\":{\"@type\":\"EntryPoint\",\"urlTemplate\":\"https:\/\/studia-wroclaw.pl\/?s={search_term_string}\"},\"query-input\":{\"@type\":\"PropertyValueSpecification\",\"valueRequired\":true,\"valueName\":\"search_term_string\"}}],\"inLanguage\":\"en-GB\"},{\"@type\":\"Person\",\"@id\":\"https:\/\/studia-wroclaw.pl\/#\/schema\/person\/4d592668957ff84c0ddd86b58140c79b\",\"name\":\"Agnieszka\",\"image\":{\"@type\":\"ImageObject\",\"inLanguage\":\"en-GB\",\"@id\":\"https:\/\/studia-wroclaw.pl\/#\/schema\/person\/image\/\",\"url\":\"https:\/\/secure.gravatar.com\/avatar\/f1e4e4538879382f3d4616a9eca63b55f04cc892d5be00a1a7ddd30d4a08ebc4?s=96&d=mm&r=g\",\"contentUrl\":\"https:\/\/secure.gravatar.com\/avatar\/f1e4e4538879382f3d4616a9eca63b55f04cc892d5be00a1a7ddd30d4a08ebc4?s=96&d=mm&r=g\",\"caption\":\"Agnieszka\"},\"url\":\"https:\/\/studia-wroclaw.pl\/en\/author\/agnieszka\/\"}]}<\/script>\n<!-- \/ Yoast SEO plugin. -->","yoast_head_json":{"title":"Mi\u0119dzy mediami a pami\u0119ci\u0105 spo\u0142eczn\u0105 \u2013 inspiruj\u0105cy wyk\u0142ad dr. Ramazana Arslana - Studia Wroc\u0142aw","description":"Jak media wp\u0142ywaj\u0105 na pami\u0119\u0107 spo\u0142eczn\u0105 i postrzeganie rzeczywisto\u015bci? To kluczowy temat wyk\u0142adu dr. Ramazana Arslana dla student\u00f3w kryminologii. Sprawd\u017a najwa\u017cniejsze wnioski z tego wydarzenia!","robots":{"index":"index","follow":"follow","max-snippet":"max-snippet:-1","max-image-preview":"max-image-preview:large","max-video-preview":"max-video-preview:-1"},"canonical":"https:\/\/studia-wroclaw.pl\/en\/miedzy-mediami-a-pamiecia-spoleczna-inspirujacy-wyklad-dr-ramazana-arslana\/","og_locale":"en_GB","og_type":"article","og_title":"Mi\u0119dzy mediami a pami\u0119ci\u0105 spo\u0142eczn\u0105 \u2013 inspiruj\u0105cy wyk\u0142ad dr. Ramazana Arslana - Studia Wroc\u0142aw","og_description":"Jak media wp\u0142ywaj\u0105 na pami\u0119\u0107 spo\u0142eczn\u0105 i postrzeganie rzeczywisto\u015bci? To kluczowy temat wyk\u0142adu dr. Ramazana Arslana dla student\u00f3w kryminologii. Sprawd\u017a najwa\u017cniejsze wnioski z tego wydarzenia!","og_url":"https:\/\/studia-wroclaw.pl\/en\/miedzy-mediami-a-pamiecia-spoleczna-inspirujacy-wyklad-dr-ramazana-arslana\/","og_site_name":"Studia Wroc\u0142aw","article_published_time":"2026-04-22T09:47:44+00:00","article_modified_time":"2026-04-22T09:49:04+00:00","author":"Agnieszka","twitter_card":"summary_large_image","twitter_misc":{"Written by":"Agnieszka","Estimated reading time":"3 minutes"},"schema":{"@context":"https:\/\/schema.org","@graph":[{"@type":"WebPage","@id":"https:\/\/studia-wroclaw.pl\/miedzy-mediami-a-pamiecia-spoleczna-inspirujacy-wyklad-dr-ramazana-arslana\/","url":"https:\/\/studia-wroclaw.pl\/miedzy-mediami-a-pamiecia-spoleczna-inspirujacy-wyklad-dr-ramazana-arslana\/","name":"Mi\u0119dzy mediami a pami\u0119ci\u0105 spo\u0142eczn\u0105 \u2013 inspiruj\u0105cy wyk\u0142ad dr. Ramazana Arslana - Studia Wroc\u0142aw","isPartOf":{"@id":"https:\/\/studia-wroclaw.pl\/#website"},"datePublished":"2026-04-22T09:47:44+00:00","dateModified":"2026-04-22T09:49:04+00:00","author":{"@id":"https:\/\/studia-wroclaw.pl\/#\/schema\/person\/4d592668957ff84c0ddd86b58140c79b"},"description":"Jak media wp\u0142ywaj\u0105 na pami\u0119\u0107 spo\u0142eczn\u0105 i postrzeganie rzeczywisto\u015bci? To kluczowy temat wyk\u0142adu dr. Ramazana Arslana dla student\u00f3w kryminologii. Sprawd\u017a najwa\u017cniejsze wnioski z tego wydarzenia!","breadcrumb":{"@id":"https:\/\/studia-wroclaw.pl\/miedzy-mediami-a-pamiecia-spoleczna-inspirujacy-wyklad-dr-ramazana-arslana\/#breadcrumb"},"inLanguage":"en-GB","potentialAction":[{"@type":"ReadAction","target":["https:\/\/studia-wroclaw.pl\/miedzy-mediami-a-pamiecia-spoleczna-inspirujacy-wyklad-dr-ramazana-arslana\/"]}]},{"@type":"BreadcrumbList","@id":"https:\/\/studia-wroclaw.pl\/miedzy-mediami-a-pamiecia-spoleczna-inspirujacy-wyklad-dr-ramazana-arslana\/#breadcrumb","itemListElement":[{"@type":"ListItem","position":1,"name":"Strona g\u0142\u00f3wna","item":"https:\/\/studia-wroclaw.pl\/"},{"@type":"ListItem","position":2,"name":"Mi\u0119dzy mediami a pami\u0119ci\u0105 spo\u0142eczn\u0105 \u2013 inspiruj\u0105cy wyk\u0142ad dr. Ramazana Arslana"}]},{"@type":"WebSite","@id":"https:\/\/studia-wroclaw.pl\/#website","url":"https:\/\/studia-wroclaw.pl\/","name":"Studies Wroclaw","description":"","potentialAction":[{"@type":"SearchAction","target":{"@type":"EntryPoint","urlTemplate":"https:\/\/studia-wroclaw.pl\/?s={search_term_string}"},"query-input":{"@type":"PropertyValueSpecification","valueRequired":true,"valueName":"search_term_string"}}],"inLanguage":"en-GB"},{"@type":"Person","@id":"https:\/\/studia-wroclaw.pl\/#\/schema\/person\/4d592668957ff84c0ddd86b58140c79b","name":"Agnieszka","image":{"@type":"ImageObject","inLanguage":"en-GB","@id":"https:\/\/studia-wroclaw.pl\/#\/schema\/person\/image\/","url":"https:\/\/secure.gravatar.com\/avatar\/f1e4e4538879382f3d4616a9eca63b55f04cc892d5be00a1a7ddd30d4a08ebc4?s=96&d=mm&r=g","contentUrl":"https:\/\/secure.gravatar.com\/avatar\/f1e4e4538879382f3d4616a9eca63b55f04cc892d5be00a1a7ddd30d4a08ebc4?s=96&d=mm&r=g","caption":"Agnieszka"},"url":"https:\/\/studia-wroclaw.pl\/en\/author\/agnieszka\/"}]}},"_links":{"self":[{"href":"https:\/\/studia-wroclaw.pl\/en\/wp-json\/wp\/v2\/posts\/10693","targetHints":{"allow":["GET"]}}],"collection":[{"href":"https:\/\/studia-wroclaw.pl\/en\/wp-json\/wp\/v2\/posts"}],"about":[{"href":"https:\/\/studia-wroclaw.pl\/en\/wp-json\/wp\/v2\/types\/post"}],"author":[{"embeddable":true,"href":"https:\/\/studia-wroclaw.pl\/en\/wp-json\/wp\/v2\/users\/42"}],"replies":[{"embeddable":true,"href":"https:\/\/studia-wroclaw.pl\/en\/wp-json\/wp\/v2\/comments?post=10693"}],"version-history":[{"count":1,"href":"https:\/\/studia-wroclaw.pl\/en\/wp-json\/wp\/v2\/posts\/10693\/revisions"}],"predecessor-version":[{"id":10698,"href":"https:\/\/studia-wroclaw.pl\/en\/wp-json\/wp\/v2\/posts\/10693\/revisions\/10698"}],"wp:attachment":[{"href":"https:\/\/studia-wroclaw.pl\/en\/wp-json\/wp\/v2\/media?parent=10693"}],"wp:term":[{"taxonomy":"category","embeddable":true,"href":"https:\/\/studia-wroclaw.pl\/en\/wp-json\/wp\/v2\/categories?post=10693"},{"taxonomy":"post_tag","embeddable":true,"href":"https:\/\/studia-wroclaw.pl\/en\/wp-json\/wp\/v2\/tags?post=10693"}],"curies":[{"name":"wp","href":"https:\/\/api.w.org\/{rel}","templated":true}]}}