{"id":10926,"date":"2026-04-24T15:53:39","date_gmt":"2026-04-24T13:53:39","guid":{"rendered":"https:\/\/studia-wroclaw.pl\/?p=10926"},"modified":"2026-04-24T15:53:40","modified_gmt":"2026-04-24T13:53:40","slug":"wskz-na-spotkaniu-z-prezesem-grupy-banku-swiatowego-w-the-atlantic-council-waszyngton","status":"publish","type":"post","link":"https:\/\/studia-wroclaw.pl\/en\/wskz-na-spotkaniu-z-prezesem-grupy-banku-swiatowego-w-the-atlantic-council-waszyngton\/","title":{"rendered":"WSKZ na spotkaniu z Prezesem Grupy Banku \u015awiatowego w the Atlantic Council (Waszyngton)"},"content":{"rendered":"<p>W dniu 7 kwietnia 2026 r. w siedzibie The Atlantic Council (Waszyngton) odby\u0142o si\u0119 spotkanie z Ajayem Bang\u0105, Prezesem Grupy Banku \u015awiatowego. Wydarzenie po\u015bwi\u0119cone zosta\u0142o <strong>kluczowym wyzwaniom rozwoju globalnego, w tym m.in. kwestii tworzenia miejsc pracy w dobie AI oraz elektryfikacji kraj\u00f3w Globalnego Po\u0142udnia. <\/strong>W\u015br\u00f3d uczestnik\u00f3w znalaz\u0142 si\u0119 dr Wojciech Kazanecki, reprezentuj\u0105cy Wy\u017csz\u0105 Szko\u0142\u0119 Kszta\u0142cenia Zawodowego. Sprawd\u017a, jakie inne tematy poruszono.&nbsp;<\/p>\n\n\n\n<h2 class=\"wp-block-heading\">Pracownik naukowy WSKZ na spotkaniu w The Atlantic Council z Prezesem Grupy Banku \u015awiatowego<\/h2>\n\n\n\n<p>Spotkanie odby\u0142o si\u0119 w siedzibie jednego z najwa\u017cniejszych ameryka\u0144skich think tank\u00f3w \u2013 The Atlantic Council. <strong>Poprowadzone zosta\u0142o ono przez Fredericka Kempe, Prezydenta i Dyrektora Wykonawczego instytucji. <\/strong>W wydarzeniu uczestniczy\u0142 tak\u017ce dr Wojciech Kazanecki, adiunkt w Instytucie Administracji i Nauk o Polityce WSKZ.<\/p>\n\n\n\n<h2 class=\"wp-block-heading\">Kluczowe tematy globalnej debaty<\/h2>\n\n\n\n<p>Dyskusja koncentrowa\u0142a si\u0119 na <strong>wyzwaniach zwi\u0105zanych z rozwojem spo\u0142eczno-gospodarczym, szczeg\u00f3lnie w krajach rozwijaj\u0105cych si\u0119. <\/strong>Jednym z g\u0142\u00f3wnych w\u0105tk\u00f3w by\u0142o tworzenie miejsc pracy w kontek\u015bcie nieustaj\u0105cego rozwoju sztucznej inteligencji oraz jej wp\u0142ywu na rynki pracy.<\/p>\n\n\n\n<p>Istotnym obszarem poruszonym podczas spotkania by\u0142a tak\u017ce <strong>elektryfikacja kraj\u00f3w Globalnego Po\u0142udnia<\/strong>. By\u0142 to temat kluczowy z perspektywy wyr\u00f3wnywania szans rozwojowych i budowania stabilno\u015bci gospodarczej.<\/p>\n\n\n\n<h2 class=\"wp-block-heading\">Wydarzenie w kontek\u015bcie mi\u0119dzynarodowym<\/h2>\n\n\n\n<p>Spotkanie <strong>zosta\u0142o dwukrotnie zak\u0142\u00f3cone przez osoby manifestuj\u0105ce sprzeciw wobec sytuacji humanitarnej na terytorium Autonomii Palesty\u0144skiej. <\/strong>Pokazuje to, jak silnie kwestie polityczne i spo\u0142eczne przenikaj\u0105 dzi\u015b do dyskusji o gospodarce i rozwoju.<\/p>\n\n\n\n<h2 class=\"wp-block-heading\">Znaczenie dla dzia\u0142alno\u015bci naukowej WSKZ<\/h2>\n\n\n\n<p>Udzia\u0142 przedstawiciela WSKZ w wydarzeniu tej rangi wpisuje si\u0119 w rozw\u00f3j bada\u0144 prowadzonych w Instytucie Administracji i Nauk o Polityce. Szczeg\u00f3lne znaczenie ma tu<strong> obszar analiz dotycz\u0105cych globalnych proces\u00f3w spo\u0142eczno-gospodarczych. <\/strong>To r\u00f3wnie\u017c krok w kierunku budowania relacji z mi\u0119dzynarodowymi o\u015brodkami eksperckimi.<\/p>\n\n\n\n<p>The Atlantic Council stanowi istotny punkt na mapie potencjalnej wsp\u00f3\u0142pracy dla Uczelni. Co wa\u017cne \u2013 obecno\u015b\u0107 w tego typu debatach <strong>wzmacnia jej pozycj\u0119 jako partnera zaanga\u017cowanego w analiz\u0119 kluczowych wyzwa\u0144 wsp\u00f3\u0142czesnego \u015bwiata.<\/strong><\/p>\n\n\n\n<figure class=\"wp-block-gallery has-nested-images columns-default is-cropped wp-block-gallery-1 is-layout-flex wp-block-gallery-is-layout-flex\">\n<figure class=\"wp-block-image size-large\"><img loading=\"lazy\" decoding=\"async\" width=\"1024\" height=\"768\" data-id=\"10927\" src=\"https:\/\/studia-wroclaw.pl\/wp-content\/uploads\/2026\/04\/IMG_8816-1024x768.jpeg\" alt=\"WSKZ na spotkaniu z Prezesem Grupy Banku \u015awiatowego w the Atlantic Council (Waszyngton)\" class=\"wp-image-10927\" srcset=\"https:\/\/studia-wroclaw.pl\/wp-content\/uploads\/2026\/04\/IMG_8816-1024x768.jpeg 1024w, https:\/\/studia-wroclaw.pl\/wp-content\/uploads\/2026\/04\/IMG_8816-300x225.jpeg 300w, https:\/\/studia-wroclaw.pl\/wp-content\/uploads\/2026\/04\/IMG_8816-768x576.jpeg 768w, https:\/\/studia-wroclaw.pl\/wp-content\/uploads\/2026\/04\/IMG_8816-1536x1152.jpeg 1536w, https:\/\/studia-wroclaw.pl\/wp-content\/uploads\/2026\/04\/IMG_8816-2048x1536.jpeg 2048w, https:\/\/studia-wroclaw.pl\/wp-content\/uploads\/2026\/04\/IMG_8816-16x12.jpeg 16w\" sizes=\"auto, (max-width: 1024px) 100vw, 1024px\" \/><\/figure>\n\n\n\n<figure class=\"wp-block-image size-large\"><img loading=\"lazy\" decoding=\"async\" width=\"768\" height=\"1024\" data-id=\"10928\" src=\"https:\/\/studia-wroclaw.pl\/wp-content\/uploads\/2026\/04\/IMG_8820-768x1024.jpeg\" alt=\"WSKZ na spotkaniu z Prezesem Grupy Banku \u015awiatowego w the Atlantic Council (Waszyngton)\" class=\"wp-image-10928\" srcset=\"https:\/\/studia-wroclaw.pl\/wp-content\/uploads\/2026\/04\/IMG_8820-768x1024.jpeg 768w, https:\/\/studia-wroclaw.pl\/wp-content\/uploads\/2026\/04\/IMG_8820-225x300.jpeg 225w, https:\/\/studia-wroclaw.pl\/wp-content\/uploads\/2026\/04\/IMG_8820-1152x1536.jpeg 1152w, https:\/\/studia-wroclaw.pl\/wp-content\/uploads\/2026\/04\/IMG_8820-1536x2048.jpeg 1536w, https:\/\/studia-wroclaw.pl\/wp-content\/uploads\/2026\/04\/IMG_8820-9x12.jpeg 9w, https:\/\/studia-wroclaw.pl\/wp-content\/uploads\/2026\/04\/IMG_8820-scaled.jpeg 1920w\" sizes=\"auto, (max-width: 768px) 100vw, 768px\" \/><\/figure>\n\n\n\n<figure class=\"wp-block-image size-large\"><img loading=\"lazy\" decoding=\"async\" width=\"1024\" height=\"768\" data-id=\"10929\" src=\"https:\/\/studia-wroclaw.pl\/wp-content\/uploads\/2026\/04\/IMG_8826-1024x768.jpeg\" alt=\"WSKZ na spotkaniu z Prezesem Grupy Banku \u015awiatowego w the Atlantic Council (Waszyngton)\" class=\"wp-image-10929\" srcset=\"https:\/\/studia-wroclaw.pl\/wp-content\/uploads\/2026\/04\/IMG_8826-1024x768.jpeg 1024w, https:\/\/studia-wroclaw.pl\/wp-content\/uploads\/2026\/04\/IMG_8826-300x225.jpeg 300w, https:\/\/studia-wroclaw.pl\/wp-content\/uploads\/2026\/04\/IMG_8826-768x576.jpeg 768w, https:\/\/studia-wroclaw.pl\/wp-content\/uploads\/2026\/04\/IMG_8826-1536x1152.jpeg 1536w, https:\/\/studia-wroclaw.pl\/wp-content\/uploads\/2026\/04\/IMG_8826-2048x1536.jpeg 2048w, https:\/\/studia-wroclaw.pl\/wp-content\/uploads\/2026\/04\/IMG_8826-16x12.jpeg 16w\" sizes=\"auto, (max-width: 1024px) 100vw, 1024px\" \/><\/figure>\n<\/figure>","protected":false},"excerpt":{"rendered":"<p>W dniu 7 kwietnia 2026 r. w siedzibie The Atlantic Council (Waszyngton) odby\u0142o si\u0119 spotkanie z Ajayem Bang\u0105, Prezesem Grupy Banku \u015awiatowego. Wydarzenie po\u015bwi\u0119cone zosta\u0142o kluczowym wyzwaniom rozwoju globalnego, w tym m.in. kwestii tworzenia miejsc pracy w dobie AI oraz elektryfikacji kraj\u00f3w Globalnego Po\u0142udnia. W\u015br\u00f3d uczestnik\u00f3w znalaz\u0142 si\u0119 dr Wojciech Kazanecki, reprezentuj\u0105cy Wy\u017csz\u0105 Szko\u0142\u0119 Kszta\u0142cenia [&hellip;]<\/p>","protected":false},"author":36,"featured_media":0,"comment_status":"open","ping_status":"open","sticky":false,"template":"","format":"standard","meta":{"om_disable_all_campaigns":false,"footnotes":""},"categories":[50],"tags":[],"class_list":["post-10926","post","type-post","status-publish","format-standard","hentry","category-aktualnosci"],"yoast_head":"<!-- This site is optimized with the Yoast SEO plugin v25.9 - https:\/\/yoast.com\/wordpress\/plugins\/seo\/ -->\n<title>WSKZ na spotkaniu z Prezesem Grupy Banku \u015awiatowego w the Atlantic Council (Waszyngton) - Studia Wroc\u0142aw<\/title>\n<meta name=\"robots\" content=\"index, follow, max-snippet:-1, max-image-preview:large, max-video-preview:-1\" \/>\n<link rel=\"canonical\" href=\"https:\/\/studia-wroclaw.pl\/en\/wskz-na-spotkaniu-z-prezesem-grupy-banku-swiatowego-w-the-atlantic-council-waszyngton\/\" \/>\n<meta property=\"og:locale\" content=\"en_GB\" \/>\n<meta property=\"og:type\" content=\"article\" \/>\n<meta property=\"og:title\" content=\"WSKZ na spotkaniu z Prezesem Grupy Banku \u015awiatowego w the Atlantic Council (Waszyngton) - Studia Wroc\u0142aw\" \/>\n<meta property=\"og:description\" content=\"W dniu 7 kwietnia 2026 r. w siedzibie The Atlantic Council (Waszyngton) odby\u0142o si\u0119 spotkanie z Ajayem Bang\u0105, Prezesem Grupy Banku \u015awiatowego. Wydarzenie po\u015bwi\u0119cone zosta\u0142o kluczowym wyzwaniom rozwoju globalnego, w tym m.in. kwestii tworzenia miejsc pracy w dobie AI oraz elektryfikacji kraj\u00f3w Globalnego Po\u0142udnia. W\u015br\u00f3d uczestnik\u00f3w znalaz\u0142 si\u0119 dr Wojciech Kazanecki, reprezentuj\u0105cy Wy\u017csz\u0105 Szko\u0142\u0119 Kszta\u0142cenia [&hellip;]\" \/>\n<meta property=\"og:url\" content=\"https:\/\/studia-wroclaw.pl\/en\/wskz-na-spotkaniu-z-prezesem-grupy-banku-swiatowego-w-the-atlantic-council-waszyngton\/\" \/>\n<meta property=\"og:site_name\" content=\"Studia Wroc\u0142aw\" \/>\n<meta property=\"article:published_time\" content=\"2026-04-24T13:53:39+00:00\" \/>\n<meta property=\"article:modified_time\" content=\"2026-04-24T13:53:40+00:00\" \/>\n<meta property=\"og:image\" content=\"https:\/\/studia-wroclaw.pl\/wp-content\/uploads\/2026\/04\/IMG_8816-scaled.jpeg\" \/>\n\t<meta property=\"og:image:width\" content=\"2560\" \/>\n\t<meta property=\"og:image:height\" content=\"1920\" \/>\n\t<meta property=\"og:image:type\" content=\"image\/jpeg\" \/>\n<meta name=\"author\" content=\"Karina Dycha\u0142a\" \/>\n<meta name=\"twitter:card\" content=\"summary_large_image\" \/>\n<meta name=\"twitter:label1\" content=\"Written by\" \/>\n\t<meta name=\"twitter:data1\" content=\"Karina Dycha\u0142a\" \/>\n\t<meta name=\"twitter:label2\" content=\"Estimated reading time\" \/>\n\t<meta name=\"twitter:data2\" content=\"3 minutes\" \/>\n<script type=\"application\/ld+json\" class=\"yoast-schema-graph\">{\"@context\":\"https:\/\/schema.org\",\"@graph\":[{\"@type\":\"WebPage\",\"@id\":\"https:\/\/studia-wroclaw.pl\/wskz-na-spotkaniu-z-prezesem-grupy-banku-swiatowego-w-the-atlantic-council-waszyngton\/\",\"url\":\"https:\/\/studia-wroclaw.pl\/wskz-na-spotkaniu-z-prezesem-grupy-banku-swiatowego-w-the-atlantic-council-waszyngton\/\",\"name\":\"WSKZ na spotkaniu z Prezesem Grupy Banku \u015awiatowego w the Atlantic Council (Waszyngton) - Studia Wroc\u0142aw\",\"isPartOf\":{\"@id\":\"https:\/\/studia-wroclaw.pl\/#website\"},\"primaryImageOfPage\":{\"@id\":\"https:\/\/studia-wroclaw.pl\/wskz-na-spotkaniu-z-prezesem-grupy-banku-swiatowego-w-the-atlantic-council-waszyngton\/#primaryimage\"},\"image\":{\"@id\":\"https:\/\/studia-wroclaw.pl\/wskz-na-spotkaniu-z-prezesem-grupy-banku-swiatowego-w-the-atlantic-council-waszyngton\/#primaryimage\"},\"thumbnailUrl\":\"https:\/\/studia-wroclaw.pl\/wp-content\/uploads\/2026\/04\/IMG_8816-1024x768.jpeg\",\"datePublished\":\"2026-04-24T13:53:39+00:00\",\"dateModified\":\"2026-04-24T13:53:40+00:00\",\"author\":{\"@id\":\"https:\/\/studia-wroclaw.pl\/#\/schema\/person\/50f212a057f8ab718194a85c9aecb4d5\"},\"breadcrumb\":{\"@id\":\"https:\/\/studia-wroclaw.pl\/wskz-na-spotkaniu-z-prezesem-grupy-banku-swiatowego-w-the-atlantic-council-waszyngton\/#breadcrumb\"},\"inLanguage\":\"en-GB\",\"potentialAction\":[{\"@type\":\"ReadAction\",\"target\":[\"https:\/\/studia-wroclaw.pl\/wskz-na-spotkaniu-z-prezesem-grupy-banku-swiatowego-w-the-atlantic-council-waszyngton\/\"]}]},{\"@type\":\"ImageObject\",\"inLanguage\":\"en-GB\",\"@id\":\"https:\/\/studia-wroclaw.pl\/wskz-na-spotkaniu-z-prezesem-grupy-banku-swiatowego-w-the-atlantic-council-waszyngton\/#primaryimage\",\"url\":\"https:\/\/studia-wroclaw.pl\/wp-content\/uploads\/2026\/04\/IMG_8816-1024x768.jpeg\",\"contentUrl\":\"https:\/\/studia-wroclaw.pl\/wp-content\/uploads\/2026\/04\/IMG_8816-1024x768.jpeg\"},{\"@type\":\"BreadcrumbList\",\"@id\":\"https:\/\/studia-wroclaw.pl\/wskz-na-spotkaniu-z-prezesem-grupy-banku-swiatowego-w-the-atlantic-council-waszyngton\/#breadcrumb\",\"itemListElement\":[{\"@type\":\"ListItem\",\"position\":1,\"name\":\"Strona g\u0142\u00f3wna\",\"item\":\"https:\/\/studia-wroclaw.pl\/\"},{\"@type\":\"ListItem\",\"position\":2,\"name\":\"WSKZ na spotkaniu z Prezesem Grupy Banku \u015awiatowego w the Atlantic Council (Waszyngton)\"}]},{\"@type\":\"WebSite\",\"@id\":\"https:\/\/studia-wroclaw.pl\/#website\",\"url\":\"https:\/\/studia-wroclaw.pl\/\",\"name\":\"Studia Wroc\u0142aw\",\"description\":\"\",\"potentialAction\":[{\"@type\":\"SearchAction\",\"target\":{\"@type\":\"EntryPoint\",\"urlTemplate\":\"https:\/\/studia-wroclaw.pl\/?s={search_term_string}\"},\"query-input\":{\"@type\":\"PropertyValueSpecification\",\"valueRequired\":true,\"valueName\":\"search_term_string\"}}],\"inLanguage\":\"en-GB\"},{\"@type\":\"Person\",\"@id\":\"https:\/\/studia-wroclaw.pl\/#\/schema\/person\/50f212a057f8ab718194a85c9aecb4d5\",\"name\":\"Karina Dycha\u0142a\",\"image\":{\"@type\":\"ImageObject\",\"inLanguage\":\"en-GB\",\"@id\":\"https:\/\/studia-wroclaw.pl\/#\/schema\/person\/image\/\",\"url\":\"https:\/\/secure.gravatar.com\/avatar\/09b8a8541625e267cf808bd7db9d6075406c3094f3ef7dd4a936673e9d896f6d?s=96&d=mm&r=g\",\"contentUrl\":\"https:\/\/secure.gravatar.com\/avatar\/09b8a8541625e267cf808bd7db9d6075406c3094f3ef7dd4a936673e9d896f6d?s=96&d=mm&r=g\",\"caption\":\"Karina Dycha\u0142a\"},\"url\":\"https:\/\/studia-wroclaw.pl\/en\/author\/karina\/\"}]}<\/script>\n<!-- \/ Yoast SEO plugin. -->","yoast_head_json":{"title":"WSKZ na spotkaniu z Prezesem Grupy Banku \u015awiatowego w the Atlantic Council (Waszyngton) - Studia Wroc\u0142aw","robots":{"index":"index","follow":"follow","max-snippet":"max-snippet:-1","max-image-preview":"max-image-preview:large","max-video-preview":"max-video-preview:-1"},"canonical":"https:\/\/studia-wroclaw.pl\/en\/wskz-na-spotkaniu-z-prezesem-grupy-banku-swiatowego-w-the-atlantic-council-waszyngton\/","og_locale":"en_GB","og_type":"article","og_title":"WSKZ na spotkaniu z Prezesem Grupy Banku \u015awiatowego w the Atlantic Council (Waszyngton) - Studia Wroc\u0142aw","og_description":"W dniu 7 kwietnia 2026 r. w siedzibie The Atlantic Council (Waszyngton) odby\u0142o si\u0119 spotkanie z Ajayem Bang\u0105, Prezesem Grupy Banku \u015awiatowego. Wydarzenie po\u015bwi\u0119cone zosta\u0142o kluczowym wyzwaniom rozwoju globalnego, w tym m.in. kwestii tworzenia miejsc pracy w dobie AI oraz elektryfikacji kraj\u00f3w Globalnego Po\u0142udnia. W\u015br\u00f3d uczestnik\u00f3w znalaz\u0142 si\u0119 dr Wojciech Kazanecki, reprezentuj\u0105cy Wy\u017csz\u0105 Szko\u0142\u0119 Kszta\u0142cenia [&hellip;]","og_url":"https:\/\/studia-wroclaw.pl\/en\/wskz-na-spotkaniu-z-prezesem-grupy-banku-swiatowego-w-the-atlantic-council-waszyngton\/","og_site_name":"Studia Wroc\u0142aw","article_published_time":"2026-04-24T13:53:39+00:00","article_modified_time":"2026-04-24T13:53:40+00:00","og_image":[{"width":2560,"height":1920,"url":"https:\/\/studia-wroclaw.pl\/wp-content\/uploads\/2026\/04\/IMG_8816-scaled.jpeg","type":"image\/jpeg"}],"author":"Karina Dycha\u0142a","twitter_card":"summary_large_image","twitter_misc":{"Written by":"Karina Dycha\u0142a","Estimated reading time":"3 minutes"},"schema":{"@context":"https:\/\/schema.org","@graph":[{"@type":"WebPage","@id":"https:\/\/studia-wroclaw.pl\/wskz-na-spotkaniu-z-prezesem-grupy-banku-swiatowego-w-the-atlantic-council-waszyngton\/","url":"https:\/\/studia-wroclaw.pl\/wskz-na-spotkaniu-z-prezesem-grupy-banku-swiatowego-w-the-atlantic-council-waszyngton\/","name":"WSKZ na spotkaniu z Prezesem Grupy Banku \u015awiatowego w the Atlantic Council (Waszyngton) - Studia Wroc\u0142aw","isPartOf":{"@id":"https:\/\/studia-wroclaw.pl\/#website"},"primaryImageOfPage":{"@id":"https:\/\/studia-wroclaw.pl\/wskz-na-spotkaniu-z-prezesem-grupy-banku-swiatowego-w-the-atlantic-council-waszyngton\/#primaryimage"},"image":{"@id":"https:\/\/studia-wroclaw.pl\/wskz-na-spotkaniu-z-prezesem-grupy-banku-swiatowego-w-the-atlantic-council-waszyngton\/#primaryimage"},"thumbnailUrl":"https:\/\/studia-wroclaw.pl\/wp-content\/uploads\/2026\/04\/IMG_8816-1024x768.jpeg","datePublished":"2026-04-24T13:53:39+00:00","dateModified":"2026-04-24T13:53:40+00:00","author":{"@id":"https:\/\/studia-wroclaw.pl\/#\/schema\/person\/50f212a057f8ab718194a85c9aecb4d5"},"breadcrumb":{"@id":"https:\/\/studia-wroclaw.pl\/wskz-na-spotkaniu-z-prezesem-grupy-banku-swiatowego-w-the-atlantic-council-waszyngton\/#breadcrumb"},"inLanguage":"en-GB","potentialAction":[{"@type":"ReadAction","target":["https:\/\/studia-wroclaw.pl\/wskz-na-spotkaniu-z-prezesem-grupy-banku-swiatowego-w-the-atlantic-council-waszyngton\/"]}]},{"@type":"ImageObject","inLanguage":"en-GB","@id":"https:\/\/studia-wroclaw.pl\/wskz-na-spotkaniu-z-prezesem-grupy-banku-swiatowego-w-the-atlantic-council-waszyngton\/#primaryimage","url":"https:\/\/studia-wroclaw.pl\/wp-content\/uploads\/2026\/04\/IMG_8816-1024x768.jpeg","contentUrl":"https:\/\/studia-wroclaw.pl\/wp-content\/uploads\/2026\/04\/IMG_8816-1024x768.jpeg"},{"@type":"BreadcrumbList","@id":"https:\/\/studia-wroclaw.pl\/wskz-na-spotkaniu-z-prezesem-grupy-banku-swiatowego-w-the-atlantic-council-waszyngton\/#breadcrumb","itemListElement":[{"@type":"ListItem","position":1,"name":"Strona g\u0142\u00f3wna","item":"https:\/\/studia-wroclaw.pl\/"},{"@type":"ListItem","position":2,"name":"WSKZ na spotkaniu z Prezesem Grupy Banku \u015awiatowego w the Atlantic Council (Waszyngton)"}]},{"@type":"WebSite","@id":"https:\/\/studia-wroclaw.pl\/#website","url":"https:\/\/studia-wroclaw.pl\/","name":"Studies Wroclaw","description":"","potentialAction":[{"@type":"SearchAction","target":{"@type":"EntryPoint","urlTemplate":"https:\/\/studia-wroclaw.pl\/?s={search_term_string}"},"query-input":{"@type":"PropertyValueSpecification","valueRequired":true,"valueName":"search_term_string"}}],"inLanguage":"en-GB"},{"@type":"Person","@id":"https:\/\/studia-wroclaw.pl\/#\/schema\/person\/50f212a057f8ab718194a85c9aecb4d5","name":"Karina Dycha\u0142a","image":{"@type":"ImageObject","inLanguage":"en-GB","@id":"https:\/\/studia-wroclaw.pl\/#\/schema\/person\/image\/","url":"https:\/\/secure.gravatar.com\/avatar\/09b8a8541625e267cf808bd7db9d6075406c3094f3ef7dd4a936673e9d896f6d?s=96&d=mm&r=g","contentUrl":"https:\/\/secure.gravatar.com\/avatar\/09b8a8541625e267cf808bd7db9d6075406c3094f3ef7dd4a936673e9d896f6d?s=96&d=mm&r=g","caption":"Karina Dycha\u0142a"},"url":"https:\/\/studia-wroclaw.pl\/en\/author\/karina\/"}]}},"_links":{"self":[{"href":"https:\/\/studia-wroclaw.pl\/en\/wp-json\/wp\/v2\/posts\/10926","targetHints":{"allow":["GET"]}}],"collection":[{"href":"https:\/\/studia-wroclaw.pl\/en\/wp-json\/wp\/v2\/posts"}],"about":[{"href":"https:\/\/studia-wroclaw.pl\/en\/wp-json\/wp\/v2\/types\/post"}],"author":[{"embeddable":true,"href":"https:\/\/studia-wroclaw.pl\/en\/wp-json\/wp\/v2\/users\/36"}],"replies":[{"embeddable":true,"href":"https:\/\/studia-wroclaw.pl\/en\/wp-json\/wp\/v2\/comments?post=10926"}],"version-history":[{"count":1,"href":"https:\/\/studia-wroclaw.pl\/en\/wp-json\/wp\/v2\/posts\/10926\/revisions"}],"predecessor-version":[{"id":10930,"href":"https:\/\/studia-wroclaw.pl\/en\/wp-json\/wp\/v2\/posts\/10926\/revisions\/10930"}],"wp:attachment":[{"href":"https:\/\/studia-wroclaw.pl\/en\/wp-json\/wp\/v2\/media?parent=10926"}],"wp:term":[{"taxonomy":"category","embeddable":true,"href":"https:\/\/studia-wroclaw.pl\/en\/wp-json\/wp\/v2\/categories?post=10926"},{"taxonomy":"post_tag","embeddable":true,"href":"https:\/\/studia-wroclaw.pl\/en\/wp-json\/wp\/v2\/tags?post=10926"}],"curies":[{"name":"wp","href":"https:\/\/api.w.org\/{rel}","templated":true}]}}