{"id":10965,"date":"2026-04-24T15:53:39","date_gmt":"2026-04-24T13:53:39","guid":{"rendered":"https:\/\/studia-wroclaw.pl\/?p=10965"},"modified":"2026-04-29T00:09:36","modified_gmt":"2026-04-28T22:09:36","slug":"uczelniane-centrum-dostepnosci-realna-zmiana-nie-deklaracja","status":"publish","type":"post","link":"https:\/\/studia-wroclaw.pl\/en\/uczelniane-centrum-dostepnosci-realna-zmiana-nie-deklaracja\/","title":{"rendered":"Uczelniane Centrum Dost\u0119pno\u015bci \u2013 realna zmiana, nie deklaracja"},"content":{"rendered":"<p>W pierwszych miesi\u0105cach 2026 roku Instytut Administracji i Nauk o Polityce konsekwentnie rozwija\u0142 dzia\u0142ania w ramach Uczelnianego Centrum Dost\u0119pno\u015bci (UCD), traktuj\u0105c dost\u0119pno\u015b\u0107 nie jako obowi\u0105zek formalny, lecz jako jeden z kluczowych kierunk\u00f3w rozwoju uczelni.<\/p>\n\n\n\n<p>Podejmowane dzia\u0142ania koncentrowa\u0142y si\u0119 na budowaniu sp\u00f3jnego modelu wsparcia dla os\u00f3b ze szczeg\u00f3lnymi potrzebami, a tak\u017ce na rozwijaniu kompetencji kadry dydaktycznej i student\u00f3w w obszarze projektowania dost\u0119pnych us\u0142ug publicznych.<\/p>\n\n\n\n<h2 class=\"wp-block-heading\">Wsp\u00f3\u0142praca instytucjonalna \u2013 dost\u0119pno\u015b\u0107 jako wsp\u00f3lna odpowiedzialno\u015b\u0107<\/h2>\n\n\n\n<p>Jednym z istotnych krok\u00f3w by\u0142o nawi\u0105zanie wsp\u00f3\u0142pracy z Pa\u0144stwowym Funduszem Rehabilitacji Os\u00f3b Niepe\u0142nosprawnych (PFRON), kt\u00f3ra stanowi fundament dalszych dzia\u0142a\u0144 eksperckich i szkoleniowych.<\/p>\n\n\n\n<p>Efektem tej wsp\u00f3\u0142pracy by\u0142o m.in. przeprowadzenie:<\/p>\n\n\n\n<p>\ud83d\udd39 26 marca 2026 r.<br>Hybrydowego szkolenia dla kadry dydaktycznej, po\u015bwi\u0119conego pracy z osobami o szczeg\u00f3lnych potrzebach oraz zasadom zapewniania dost\u0119pno\u015bci w procesie dydaktycznym.<\/p>\n\n\n\n<p>Szkolenie mia\u0142o charakter praktyczny i odpowiada\u0142o na realne wyzwania, z jakimi mierzy si\u0119 \u015brodowisko akademickie, wzmacniaj\u0105c kompetencje wyk\u0142adowc\u00f3w w zakresie inkluzywnego kszta\u0142cenia.<\/p>\n\n\n\n<h2 class=\"wp-block-heading\">Dost\u0119pno\u015b\u0107 w praktyce \u2013 od wiedzy do dzia\u0142ania<\/h2>\n\n\n\n<p>Dzia\u0142ania realizowane w ramach UCD nie ograniczaj\u0105 si\u0119 do pojedynczych wydarze\u0144. Ich celem jest systemowe wprowadzanie zasad dost\u0119pno\u015bci do wszystkich obszar\u00f3w funkcjonowania uczelni \u2013 od dydaktyki, przez komunikacj\u0119, a\u017c po organizacj\u0119 przestrzeni i us\u0142ug.<\/p>\n\n\n\n<p>Szczeg\u00f3lny nacisk po\u0142o\u017cono na:<br>\u2013 rozw\u00f3j \u015bwiadomo\u015bci w\u015br\u00f3d kadry dydaktycznej,<br>\u2013 wdra\u017canie zasad uniwersalnego projektowania w edukacji,<br>\u2013 tworzenie rozwi\u0105za\u0144 odpowiadaj\u0105cych na zr\u00f3\u017cnicowane potrzeby student\u00f3w,<br>\u2013 budowanie \u015brodowiska opartego na r\u00f3wno\u015bci dost\u0119pu i realnym w\u0142\u0105czaniu spo\u0142ecznym.<br>Dodatkowo, 28 marca 2026 r. zaplanowano spotkanie dla student\u00f3w realizowane we wsp\u00f3\u0142pracy z PFRON, po\u015bwi\u0119cone procedurom skargowym oraz mo\u017cliwo\u015bciom dochodzenia swoich praw w sytuacjach naruszenia dost\u0119pno\u015bci.<br>Wydarzenie to ma na celu zwi\u0119kszenie \u015bwiadomo\u015bci student\u00f3w oraz wzmocnienie ich sprawczo\u015bci w zakresie korzystania z przys\u0142uguj\u0105cych im mechanizm\u00f3w wsparcia.<\/p>\n\n\n\n<h2 class=\"wp-block-heading\">Uczelniane Centrum Dost\u0119pno\u015bci \u2013 kierunek rozwoju Instytutu<\/h2>\n\n\n\n<p>Rozw\u00f3j Uczelnianego Centrum Dost\u0119pno\u015bci stanowi jeden z priorytet\u00f3w strategicznych Instytutu. Podejmowane dzia\u0142ania wpisuj\u0105 si\u0119 w szerszy proces transformacji uczelni w kierunku instytucji nowoczesnej, odpowiedzialnej spo\u0142ecznie i \u015bwiadomej r\u00f3\u017cnorodno\u015bci swoich spo\u0142eczno\u015bci.<\/p>\n\n\n\n<p>To podej\u015bcie zak\u0142ada, \u017ce dost\u0119pno\u015b\u0107 nie jest jednorazowym projektem, lecz procesem \u2013 wymagaj\u0105cym ci\u0105g\u0142ego doskonalenia, wsp\u00f3\u0142pracy i otwarto\u015bci na zmiany<\/p>","protected":false},"excerpt":{"rendered":"<p>W pierwszych miesi\u0105cach 2026 roku Instytut Administracji i Nauk o Polityce konsekwentnie rozwija\u0142 dzia\u0142ania w ramach Uczelnianego Centrum Dost\u0119pno\u015bci (UCD), traktuj\u0105c dost\u0119pno\u015b\u0107 nie jako obowi\u0105zek formalny, lecz jako jeden z kluczowych kierunk\u00f3w rozwoju uczelni. Podejmowane dzia\u0142ania koncentrowa\u0142y si\u0119 na budowaniu sp\u00f3jnego modelu wsparcia dla os\u00f3b ze szczeg\u00f3lnymi potrzebami, a tak\u017ce na rozwijaniu kompetencji kadry dydaktycznej [&hellip;]<\/p>","protected":false},"author":1,"featured_media":0,"comment_status":"open","ping_status":"open","sticky":false,"template":"","format":"standard","meta":{"om_disable_all_campaigns":false,"footnotes":""},"categories":[50],"tags":[],"class_list":["post-10965","post","type-post","status-publish","format-standard","hentry","category-aktualnosci"],"yoast_head":"<!-- This site is optimized with the Yoast SEO plugin v25.9 - https:\/\/yoast.com\/wordpress\/plugins\/seo\/ -->\n<title>Uczelniane Centrum Dost\u0119pno\u015bci \u2013 realna zmiana, nie deklaracja - Studia Wroc\u0142aw<\/title>\n<meta name=\"robots\" content=\"index, follow, max-snippet:-1, max-image-preview:large, max-video-preview:-1\" \/>\n<link rel=\"canonical\" href=\"https:\/\/studia-wroclaw.pl\/en\/uczelniane-centrum-dostepnosci-realna-zmiana-nie-deklaracja\/\" \/>\n<meta property=\"og:locale\" content=\"en_GB\" \/>\n<meta property=\"og:type\" content=\"article\" \/>\n<meta property=\"og:title\" content=\"Uczelniane Centrum Dost\u0119pno\u015bci \u2013 realna zmiana, nie deklaracja - Studia Wroc\u0142aw\" \/>\n<meta property=\"og:description\" content=\"W pierwszych miesi\u0105cach 2026 roku Instytut Administracji i Nauk o Polityce konsekwentnie rozwija\u0142 dzia\u0142ania w ramach Uczelnianego Centrum Dost\u0119pno\u015bci (UCD), traktuj\u0105c dost\u0119pno\u015b\u0107 nie jako obowi\u0105zek formalny, lecz jako jeden z kluczowych kierunk\u00f3w rozwoju uczelni. Podejmowane dzia\u0142ania koncentrowa\u0142y si\u0119 na budowaniu sp\u00f3jnego modelu wsparcia dla os\u00f3b ze szczeg\u00f3lnymi potrzebami, a tak\u017ce na rozwijaniu kompetencji kadry dydaktycznej [&hellip;]\" \/>\n<meta property=\"og:url\" content=\"https:\/\/studia-wroclaw.pl\/en\/uczelniane-centrum-dostepnosci-realna-zmiana-nie-deklaracja\/\" \/>\n<meta property=\"og:site_name\" content=\"Studia Wroc\u0142aw\" \/>\n<meta property=\"article:published_time\" content=\"2026-04-24T13:53:39+00:00\" \/>\n<meta property=\"article:modified_time\" content=\"2026-04-28T22:09:36+00:00\" \/>\n<meta name=\"author\" content=\"wskz-admin\" \/>\n<meta name=\"twitter:card\" content=\"summary_large_image\" \/>\n<meta name=\"twitter:label1\" content=\"Written by\" \/>\n\t<meta name=\"twitter:data1\" content=\"wskz-admin\" \/>\n\t<meta name=\"twitter:label2\" content=\"Estimated reading time\" \/>\n\t<meta name=\"twitter:data2\" content=\"2 minutes\" \/>\n<script type=\"application\/ld+json\" class=\"yoast-schema-graph\">{\"@context\":\"https:\/\/schema.org\",\"@graph\":[{\"@type\":\"WebPage\",\"@id\":\"https:\/\/studia-wroclaw.pl\/uczelniane-centrum-dostepnosci-realna-zmiana-nie-deklaracja\/\",\"url\":\"https:\/\/studia-wroclaw.pl\/uczelniane-centrum-dostepnosci-realna-zmiana-nie-deklaracja\/\",\"name\":\"Uczelniane Centrum Dost\u0119pno\u015bci \u2013 realna zmiana, nie deklaracja - Studia Wroc\u0142aw\",\"isPartOf\":{\"@id\":\"https:\/\/studia-wroclaw.pl\/#website\"},\"datePublished\":\"2026-04-24T13:53:39+00:00\",\"dateModified\":\"2026-04-28T22:09:36+00:00\",\"author\":{\"@id\":\"https:\/\/studia-wroclaw.pl\/#\/schema\/person\/25167c295ff956d20dd85a0868244ed9\"},\"breadcrumb\":{\"@id\":\"https:\/\/studia-wroclaw.pl\/uczelniane-centrum-dostepnosci-realna-zmiana-nie-deklaracja\/#breadcrumb\"},\"inLanguage\":\"en-GB\",\"potentialAction\":[{\"@type\":\"ReadAction\",\"target\":[\"https:\/\/studia-wroclaw.pl\/uczelniane-centrum-dostepnosci-realna-zmiana-nie-deklaracja\/\"]}]},{\"@type\":\"BreadcrumbList\",\"@id\":\"https:\/\/studia-wroclaw.pl\/uczelniane-centrum-dostepnosci-realna-zmiana-nie-deklaracja\/#breadcrumb\",\"itemListElement\":[{\"@type\":\"ListItem\",\"position\":1,\"name\":\"Strona g\u0142\u00f3wna\",\"item\":\"https:\/\/studia-wroclaw.pl\/\"},{\"@type\":\"ListItem\",\"position\":2,\"name\":\"Uczelniane Centrum Dost\u0119pno\u015bci \u2013 realna zmiana, nie deklaracja\"}]},{\"@type\":\"WebSite\",\"@id\":\"https:\/\/studia-wroclaw.pl\/#website\",\"url\":\"https:\/\/studia-wroclaw.pl\/\",\"name\":\"Studia Wroc\u0142aw\",\"description\":\"\",\"potentialAction\":[{\"@type\":\"SearchAction\",\"target\":{\"@type\":\"EntryPoint\",\"urlTemplate\":\"https:\/\/studia-wroclaw.pl\/?s={search_term_string}\"},\"query-input\":{\"@type\":\"PropertyValueSpecification\",\"valueRequired\":true,\"valueName\":\"search_term_string\"}}],\"inLanguage\":\"en-GB\"},{\"@type\":\"Person\",\"@id\":\"https:\/\/studia-wroclaw.pl\/#\/schema\/person\/25167c295ff956d20dd85a0868244ed9\",\"name\":\"wskz-admin\",\"image\":{\"@type\":\"ImageObject\",\"inLanguage\":\"en-GB\",\"@id\":\"https:\/\/studia-wroclaw.pl\/#\/schema\/person\/image\/\",\"url\":\"https:\/\/secure.gravatar.com\/avatar\/b1e35cc6a369e9ce09454c7b7d3e01977b475eb541d8ea19dc6899013185aed2?s=96&d=mm&r=g\",\"contentUrl\":\"https:\/\/secure.gravatar.com\/avatar\/b1e35cc6a369e9ce09454c7b7d3e01977b475eb541d8ea19dc6899013185aed2?s=96&d=mm&r=g\",\"caption\":\"wskz-admin\"},\"sameAs\":[\"https:\/\/studia-wroclaw.pl\"],\"url\":\"https:\/\/studia-wroclaw.pl\/en\/author\/wskz-admin\/\"}]}<\/script>\n<!-- \/ Yoast SEO plugin. -->","yoast_head_json":{"title":"Uczelniane Centrum Dost\u0119pno\u015bci \u2013 realna zmiana, nie deklaracja - Studia Wroc\u0142aw","robots":{"index":"index","follow":"follow","max-snippet":"max-snippet:-1","max-image-preview":"max-image-preview:large","max-video-preview":"max-video-preview:-1"},"canonical":"https:\/\/studia-wroclaw.pl\/en\/uczelniane-centrum-dostepnosci-realna-zmiana-nie-deklaracja\/","og_locale":"en_GB","og_type":"article","og_title":"Uczelniane Centrum Dost\u0119pno\u015bci \u2013 realna zmiana, nie deklaracja - Studia Wroc\u0142aw","og_description":"W pierwszych miesi\u0105cach 2026 roku Instytut Administracji i Nauk o Polityce konsekwentnie rozwija\u0142 dzia\u0142ania w ramach Uczelnianego Centrum Dost\u0119pno\u015bci (UCD), traktuj\u0105c dost\u0119pno\u015b\u0107 nie jako obowi\u0105zek formalny, lecz jako jeden z kluczowych kierunk\u00f3w rozwoju uczelni. Podejmowane dzia\u0142ania koncentrowa\u0142y si\u0119 na budowaniu sp\u00f3jnego modelu wsparcia dla os\u00f3b ze szczeg\u00f3lnymi potrzebami, a tak\u017ce na rozwijaniu kompetencji kadry dydaktycznej [&hellip;]","og_url":"https:\/\/studia-wroclaw.pl\/en\/uczelniane-centrum-dostepnosci-realna-zmiana-nie-deklaracja\/","og_site_name":"Studia Wroc\u0142aw","article_published_time":"2026-04-24T13:53:39+00:00","article_modified_time":"2026-04-28T22:09:36+00:00","author":"wskz-admin","twitter_card":"summary_large_image","twitter_misc":{"Written by":"wskz-admin","Estimated reading time":"2 minutes"},"schema":{"@context":"https:\/\/schema.org","@graph":[{"@type":"WebPage","@id":"https:\/\/studia-wroclaw.pl\/uczelniane-centrum-dostepnosci-realna-zmiana-nie-deklaracja\/","url":"https:\/\/studia-wroclaw.pl\/uczelniane-centrum-dostepnosci-realna-zmiana-nie-deklaracja\/","name":"Uczelniane Centrum Dost\u0119pno\u015bci \u2013 realna zmiana, nie deklaracja - Studia Wroc\u0142aw","isPartOf":{"@id":"https:\/\/studia-wroclaw.pl\/#website"},"datePublished":"2026-04-24T13:53:39+00:00","dateModified":"2026-04-28T22:09:36+00:00","author":{"@id":"https:\/\/studia-wroclaw.pl\/#\/schema\/person\/25167c295ff956d20dd85a0868244ed9"},"breadcrumb":{"@id":"https:\/\/studia-wroclaw.pl\/uczelniane-centrum-dostepnosci-realna-zmiana-nie-deklaracja\/#breadcrumb"},"inLanguage":"en-GB","potentialAction":[{"@type":"ReadAction","target":["https:\/\/studia-wroclaw.pl\/uczelniane-centrum-dostepnosci-realna-zmiana-nie-deklaracja\/"]}]},{"@type":"BreadcrumbList","@id":"https:\/\/studia-wroclaw.pl\/uczelniane-centrum-dostepnosci-realna-zmiana-nie-deklaracja\/#breadcrumb","itemListElement":[{"@type":"ListItem","position":1,"name":"Strona g\u0142\u00f3wna","item":"https:\/\/studia-wroclaw.pl\/"},{"@type":"ListItem","position":2,"name":"Uczelniane Centrum Dost\u0119pno\u015bci \u2013 realna zmiana, nie deklaracja"}]},{"@type":"WebSite","@id":"https:\/\/studia-wroclaw.pl\/#website","url":"https:\/\/studia-wroclaw.pl\/","name":"Studies Wroclaw","description":"","potentialAction":[{"@type":"SearchAction","target":{"@type":"EntryPoint","urlTemplate":"https:\/\/studia-wroclaw.pl\/?s={search_term_string}"},"query-input":{"@type":"PropertyValueSpecification","valueRequired":true,"valueName":"search_term_string"}}],"inLanguage":"en-GB"},{"@type":"Person","@id":"https:\/\/studia-wroclaw.pl\/#\/schema\/person\/25167c295ff956d20dd85a0868244ed9","name":"wskz-admin","image":{"@type":"ImageObject","inLanguage":"en-GB","@id":"https:\/\/studia-wroclaw.pl\/#\/schema\/person\/image\/","url":"https:\/\/secure.gravatar.com\/avatar\/b1e35cc6a369e9ce09454c7b7d3e01977b475eb541d8ea19dc6899013185aed2?s=96&d=mm&r=g","contentUrl":"https:\/\/secure.gravatar.com\/avatar\/b1e35cc6a369e9ce09454c7b7d3e01977b475eb541d8ea19dc6899013185aed2?s=96&d=mm&r=g","caption":"wskz-admin"},"sameAs":["https:\/\/studia-wroclaw.pl"],"url":"https:\/\/studia-wroclaw.pl\/en\/author\/wskz-admin\/"}]}},"_links":{"self":[{"href":"https:\/\/studia-wroclaw.pl\/en\/wp-json\/wp\/v2\/posts\/10965","targetHints":{"allow":["GET"]}}],"collection":[{"href":"https:\/\/studia-wroclaw.pl\/en\/wp-json\/wp\/v2\/posts"}],"about":[{"href":"https:\/\/studia-wroclaw.pl\/en\/wp-json\/wp\/v2\/types\/post"}],"author":[{"embeddable":true,"href":"https:\/\/studia-wroclaw.pl\/en\/wp-json\/wp\/v2\/users\/1"}],"replies":[{"embeddable":true,"href":"https:\/\/studia-wroclaw.pl\/en\/wp-json\/wp\/v2\/comments?post=10965"}],"version-history":[{"count":2,"href":"https:\/\/studia-wroclaw.pl\/en\/wp-json\/wp\/v2\/posts\/10965\/revisions"}],"predecessor-version":[{"id":10967,"href":"https:\/\/studia-wroclaw.pl\/en\/wp-json\/wp\/v2\/posts\/10965\/revisions\/10967"}],"wp:attachment":[{"href":"https:\/\/studia-wroclaw.pl\/en\/wp-json\/wp\/v2\/media?parent=10965"}],"wp:term":[{"taxonomy":"category","embeddable":true,"href":"https:\/\/studia-wroclaw.pl\/en\/wp-json\/wp\/v2\/categories?post=10965"},{"taxonomy":"post_tag","embeddable":true,"href":"https:\/\/studia-wroclaw.pl\/en\/wp-json\/wp\/v2\/tags?post=10965"}],"curies":[{"name":"wp","href":"https:\/\/api.w.org\/{rel}","templated":true}]}}