{"id":10968,"date":"2026-04-29T00:12:50","date_gmt":"2026-04-28T22:12:50","guid":{"rendered":"https:\/\/studia-wroclaw.pl\/?p=10968"},"modified":"2026-04-29T00:53:36","modified_gmt":"2026-04-28T22:53:36","slug":"instytut-administracji-i-nauk-o-polityce-wskz-oraz-projekt-akademia-gospodarzem-miedzynarodowej-konferencji-z-udzialem-swiatowych-autorytetow","status":"publish","type":"post","link":"https:\/\/studia-wroclaw.pl\/en\/instytut-administracji-i-nauk-o-polityce-wskz-oraz-projekt-akademia-gospodarzem-miedzynarodowej-konferencji-z-udzialem-swiatowych-autorytetow\/","title":{"rendered":"Instytut Administracji i Nauk o Polityce WSKZ oraz Projekt Akademia gospodarzem mi\u0119dzynarodowej konferencji z udzia\u0142em \u015bwiatowych autorytet\u00f3w."},"content":{"rendered":"<p>Mi\u0119dzynarodowa konferencja naukowo-ekspercka&nbsp;<strong>\u201eAdministracja Publiczna w dobie kryzysu\u201d<\/strong>&nbsp;odb\u0119dzie si\u0119 w dniach&nbsp;<strong>11\u201312 maja 2026 roku we Wroc\u0142awiu<\/strong>&nbsp;w Hotelu Scandic.<\/p>\n\n\n\n<p>Wydarzenie zgromadzi wybitnych przedstawicieli \u015bwiata nauki oraz praktyki administracji publicznej, staj\u0105c si\u0119 jednym z kluczowych mi\u0119dzynarodowych for\u00f3w dyskusji o przysz\u0142o\u015bci administracji w warunkach narastaj\u0105cych kryzys\u00f3w globalnych.<\/p>\n\n\n\n<p>Organizatorami wydarzenia s\u0105 Instytut Administracji i Nauk o Polityce w Wy\u017cszej Szkole Kszta\u0142cenia Zawodowego oraz Stowarzyszenie Projekt Akademia. Konferencja wpisuje si\u0119 w d\u0142ugofalow\u0105 strategi\u0119 rozwoju wsp\u00f3\u0142pracy mi\u0119dzynarodowej oraz wzmacniania dialogu pomi\u0119dzy nauk\u0105 a praktyk\u0105 administracyjn\u0105.<\/p>\n\n\n\n<h2 class=\"wp-block-heading\"><strong>Znaczenie strategiczne wydarzenia<\/strong><\/h2>\n\n\n\n<p>Wsp\u00f3\u0142czesna administracja publiczna funkcjonuje w warunkach rosn\u0105cej niepewno\u015bci, z\u0142o\u017cono\u015bci proces\u00f3w decyzyjnych oraz intensywnych przemian technologicznych i spo\u0142ecznych. W tym kontek\u015bcie wymiana wiedzy eksperckiej oraz do\u015bwiadcze\u0144 mi\u0119dzynarodowych nabiera szczeg\u00f3lnego znaczenia.<\/p>\n\n\n\n<p>Konferencja stanowi przestrze\u0144, w kt\u00f3rej spotykaj\u0105 si\u0119 r\u00f3\u017cne perspektywy badawcze i praktyczne, umo\u017cliwiaj\u0105c pog\u0142\u0119bion\u0105 analiz\u0119 mechanizm\u00f3w funkcjonowania administracji publicznej oraz identyfikacj\u0119 nowych kierunk\u00f3w jej rozwoju.<\/p>\n\n\n\n<h2 class=\"wp-block-heading\"><strong>Udzia\u0142 uznanych autorytet\u00f3w naukowych<\/strong><\/h2>\n\n\n\n<p>W wydarzeniu wezm\u0105 udzia\u0142 badacze o mi\u0119dzynarodowej renomie, kt\u00f3rych dorobek naukowy istotnie wp\u0142ywa na rozw\u00f3j wsp\u00f3\u0142czesnych nauk o administracji, polityce i zarz\u0105dzaniu publicznym.<\/p>\n\n\n\n<p>Eksperci mi\u0119dzynarodowi<\/p>\n\n\n\n<ul class=\"wp-block-list\">\n<li>prof. Peter Nijkamp<\/li>\n\n\n\n<li>prof. Asep Hermawan<\/li>\n\n\n\n<li>prof. Ahmed Mehanna Khalifa<\/li>\n\n\n\n<li>dr Karima Kourtit<\/li>\n\n\n\n<li>dr Olena Kravchenko<\/li>\n<\/ul>\n\n\n\n<p>Eksperci z Polski m.in.<\/p>\n\n\n\n<ul class=\"wp-block-list\">\n<li>prof. dr hab. Andrzej Piasecki<\/li>\n\n\n\n<li>prof. dr hab. Aldona Wiktorska \u2013 \u015awi\u0119cka<\/li>\n\n\n\n<li>Prof. Dr. Andrzej Antoszewski<\/li>\n\n\n\n<li>prof. dr hab. Leszek Sobkowiak<\/li>\n\n\n\n<li>Prof. Dr. Andrzej Czajowski<\/li>\n\n\n\n<li>Prof. Dr. Andrzej Jablonski<\/li>\n\n\n\n<li>prof. dr hab. Piotr Grabowiec<\/li>\n<\/ul>\n\n\n\n<h2 class=\"wp-block-heading\"><strong>Addressees and importance of participation<\/strong><\/h2>\n\n\n\n<p>Konferencja kierowana jest do szerokiego grona odbiorc\u00f3w zainteresowanych funkcjonowaniem administracji publicznej oraz procesami decyzyjnymi w sektorze publicznym.<\/p>\n\n\n\n<p>Udzia\u0142 w wydarzeniu umo\u017cliwia bezpo\u015bredni kontakt z przedstawicielami \u015bwiata nauki i praktyki, sprzyjaj\u0105c wymianie do\u015bwiadcze\u0144 oraz budowaniu trwa\u0142ych relacji zawodowych i naukowych.<\/p>\n\n\n\n<p>W szczeg\u00f3lno\u015bci zaproszenie kierowane jest do przedstawicieli administracji publicznej, \u015brodowiska akademickiego, s\u0142u\u017cb publicznych, organizacji spo\u0142ecznych oraz m\u0142odych badaczy.<\/p>\n\n\n\n<h2 class=\"wp-block-heading\"><strong>Warto\u015b\u0107 merytoryczna i naukowa<\/strong><\/h2>\n\n\n\n<p>Konferencja stanowi unikaln\u0105 przestrze\u0144 wymiany wiedzy, w kt\u00f3rej teoria spotyka si\u0119 z praktyk\u0105 administracyjn\u0105.<\/p>\n\n\n\n<ul class=\"wp-block-list\">\n<li>dost\u0119p do aktualnych wynik\u00f3w bada\u0144 naukowych<\/li>\n\n\n\n<li>udzia\u0142 w dyskusjach z uznanymi ekspertami mi\u0119dzynarodowymi<\/li>\n\n\n\n<li>mo\u017cliwo\u015b\u0107 konfrontacji perspektyw akademickich i praktycznych<\/li>\n\n\n\n<li>rozw\u00f3j wsp\u00f3\u0142pracy naukowej i zawodowej<\/li>\n\n\n\n<li>certyfikat uczestnictwa<\/li>\n\n\n\n<li>udzia\u0142 bezp\u0142atny<\/li>\n<\/ul>\n\n\n\n<h2 class=\"wp-block-heading\"><strong>Organisational information<\/strong><\/h2>\n\n\n\n<p>Konferencja odb\u0119dzie si\u0119 w formule hybrydowej, umo\u017cliwiaj\u0105cej udzia\u0142 zar\u00f3wno stacjonarny, jak i zdalny.<\/p>\n\n\n\n<p>Udzia\u0142 w wydarzeniu jest bezp\u0142atny, co podkre\u015bla jego otwarty i naukowy charakter.<br><\/p>\n\n\n\n<div class=\"wp-block-buttons is-layout-flex wp-block-buttons-is-layout-flex\">\n<div class=\"wp-block-button\"><a class=\"wp-block-button__link wp-element-button\" href=\"https:\/\/studia-wroclaw.pl\/en\/wydarzenia\/administracja-publiczna-w-dobie-kryzysu\/\">REJESTRACJA NA WYDARZENIE<\/a><\/div>\n<\/div>\n\n\n\n<p>studia-wroclaw.pl\/wydarzenia\/administracja-publiczna-w-dobie-kryzysu\/<\/p>","protected":false},"excerpt":{"rendered":"<p>Mi\u0119dzynarodowa konferencja naukowo-ekspercka&nbsp;\u201eAdministracja Publiczna w dobie kryzysu\u201d&nbsp;odb\u0119dzie si\u0119 w dniach&nbsp;11\u201312 maja 2026 roku we Wroc\u0142awiu&nbsp;w Hotelu Scandic. Wydarzenie zgromadzi wybitnych przedstawicieli \u015bwiata nauki oraz praktyki administracji publicznej, staj\u0105c si\u0119 jednym z kluczowych mi\u0119dzynarodowych for\u00f3w dyskusji o przysz\u0142o\u015bci administracji w warunkach narastaj\u0105cych kryzys\u00f3w globalnych. Organizatorami wydarzenia s\u0105 Instytut Administracji i Nauk o Polityce w Wy\u017cszej Szkole [&hellip;]<\/p>","protected":false},"author":1,"featured_media":0,"comment_status":"closed","ping_status":"closed","sticky":false,"template":"","format":"standard","meta":{"om_disable_all_campaigns":false,"footnotes":""},"categories":[65],"tags":[],"class_list":["post-10968","post","type-post","status-publish","format-standard","hentry","category-studenci-wydzial-nsit"],"yoast_head":"<!-- This site is optimized with the Yoast SEO plugin v25.9 - https:\/\/yoast.com\/wordpress\/plugins\/seo\/ -->\n<title>Instytut Administracji i Nauk o Polityce WSKZ oraz Projekt Akademia gospodarzem mi\u0119dzynarodowej konferencji z udzia\u0142em \u015bwiatowych autorytet\u00f3w. - Studia Wroc\u0142aw<\/title>\n<meta name=\"robots\" content=\"index, follow, max-snippet:-1, max-image-preview:large, max-video-preview:-1\" \/>\n<link rel=\"canonical\" href=\"https:\/\/studia-wroclaw.pl\/en\/instytut-administracji-i-nauk-o-polityce-wskz-oraz-projekt-akademia-gospodarzem-miedzynarodowej-konferencji-z-udzialem-swiatowych-autorytetow\/\" \/>\n<meta property=\"og:locale\" content=\"en_GB\" \/>\n<meta property=\"og:type\" content=\"article\" \/>\n<meta property=\"og:title\" content=\"Instytut Administracji i Nauk o Polityce WSKZ oraz Projekt Akademia gospodarzem mi\u0119dzynarodowej konferencji z udzia\u0142em \u015bwiatowych autorytet\u00f3w. - Studia Wroc\u0142aw\" \/>\n<meta property=\"og:description\" content=\"Mi\u0119dzynarodowa konferencja naukowo-ekspercka&nbsp;\u201eAdministracja Publiczna w dobie kryzysu\u201d&nbsp;odb\u0119dzie si\u0119 w dniach&nbsp;11\u201312 maja 2026 roku we Wroc\u0142awiu&nbsp;w Hotelu Scandic. Wydarzenie zgromadzi wybitnych przedstawicieli \u015bwiata nauki oraz praktyki administracji publicznej, staj\u0105c si\u0119 jednym z kluczowych mi\u0119dzynarodowych for\u00f3w dyskusji o przysz\u0142o\u015bci administracji w warunkach narastaj\u0105cych kryzys\u00f3w globalnych. Organizatorami wydarzenia s\u0105 Instytut Administracji i Nauk o Polityce w Wy\u017cszej Szkole [&hellip;]\" \/>\n<meta property=\"og:url\" content=\"https:\/\/studia-wroclaw.pl\/en\/instytut-administracji-i-nauk-o-polityce-wskz-oraz-projekt-akademia-gospodarzem-miedzynarodowej-konferencji-z-udzialem-swiatowych-autorytetow\/\" \/>\n<meta property=\"og:site_name\" content=\"Studia Wroc\u0142aw\" \/>\n<meta property=\"article:published_time\" content=\"2026-04-28T22:12:50+00:00\" \/>\n<meta property=\"article:modified_time\" content=\"2026-04-28T22:53:36+00:00\" \/>\n<meta name=\"author\" content=\"wskz-admin\" \/>\n<meta name=\"twitter:card\" content=\"summary_large_image\" \/>\n<meta name=\"twitter:label1\" content=\"Written by\" \/>\n\t<meta name=\"twitter:data1\" content=\"wskz-admin\" \/>\n\t<meta name=\"twitter:label2\" content=\"Estimated reading time\" \/>\n\t<meta name=\"twitter:data2\" content=\"3 minutes\" \/>\n<script type=\"application\/ld+json\" class=\"yoast-schema-graph\">{\"@context\":\"https:\/\/schema.org\",\"@graph\":[{\"@type\":\"WebPage\",\"@id\":\"https:\/\/studia-wroclaw.pl\/instytut-administracji-i-nauk-o-polityce-wskz-oraz-projekt-akademia-gospodarzem-miedzynarodowej-konferencji-z-udzialem-swiatowych-autorytetow\/\",\"url\":\"https:\/\/studia-wroclaw.pl\/instytut-administracji-i-nauk-o-polityce-wskz-oraz-projekt-akademia-gospodarzem-miedzynarodowej-konferencji-z-udzialem-swiatowych-autorytetow\/\",\"name\":\"Instytut Administracji i Nauk o Polityce WSKZ oraz Projekt Akademia gospodarzem mi\u0119dzynarodowej konferencji z udzia\u0142em \u015bwiatowych autorytet\u00f3w. - Studia Wroc\u0142aw\",\"isPartOf\":{\"@id\":\"https:\/\/studia-wroclaw.pl\/#website\"},\"datePublished\":\"2026-04-28T22:12:50+00:00\",\"dateModified\":\"2026-04-28T22:53:36+00:00\",\"author\":{\"@id\":\"https:\/\/studia-wroclaw.pl\/#\/schema\/person\/25167c295ff956d20dd85a0868244ed9\"},\"breadcrumb\":{\"@id\":\"https:\/\/studia-wroclaw.pl\/instytut-administracji-i-nauk-o-polityce-wskz-oraz-projekt-akademia-gospodarzem-miedzynarodowej-konferencji-z-udzialem-swiatowych-autorytetow\/#breadcrumb\"},\"inLanguage\":\"en-GB\",\"potentialAction\":[{\"@type\":\"ReadAction\",\"target\":[\"https:\/\/studia-wroclaw.pl\/instytut-administracji-i-nauk-o-polityce-wskz-oraz-projekt-akademia-gospodarzem-miedzynarodowej-konferencji-z-udzialem-swiatowych-autorytetow\/\"]}]},{\"@type\":\"BreadcrumbList\",\"@id\":\"https:\/\/studia-wroclaw.pl\/instytut-administracji-i-nauk-o-polityce-wskz-oraz-projekt-akademia-gospodarzem-miedzynarodowej-konferencji-z-udzialem-swiatowych-autorytetow\/#breadcrumb\",\"itemListElement\":[{\"@type\":\"ListItem\",\"position\":1,\"name\":\"Strona g\u0142\u00f3wna\",\"item\":\"https:\/\/studia-wroclaw.pl\/\"},{\"@type\":\"ListItem\",\"position\":2,\"name\":\"Instytut Administracji i Nauk o Polityce WSKZ oraz Projekt Akademia gospodarzem mi\u0119dzynarodowej konferencji z udzia\u0142em \u015bwiatowych autorytet\u00f3w.\"}]},{\"@type\":\"WebSite\",\"@id\":\"https:\/\/studia-wroclaw.pl\/#website\",\"url\":\"https:\/\/studia-wroclaw.pl\/\",\"name\":\"Studia Wroc\u0142aw\",\"description\":\"\",\"potentialAction\":[{\"@type\":\"SearchAction\",\"target\":{\"@type\":\"EntryPoint\",\"urlTemplate\":\"https:\/\/studia-wroclaw.pl\/?s={search_term_string}\"},\"query-input\":{\"@type\":\"PropertyValueSpecification\",\"valueRequired\":true,\"valueName\":\"search_term_string\"}}],\"inLanguage\":\"en-GB\"},{\"@type\":\"Person\",\"@id\":\"https:\/\/studia-wroclaw.pl\/#\/schema\/person\/25167c295ff956d20dd85a0868244ed9\",\"name\":\"wskz-admin\",\"image\":{\"@type\":\"ImageObject\",\"inLanguage\":\"en-GB\",\"@id\":\"https:\/\/studia-wroclaw.pl\/#\/schema\/person\/image\/\",\"url\":\"https:\/\/secure.gravatar.com\/avatar\/b1e35cc6a369e9ce09454c7b7d3e01977b475eb541d8ea19dc6899013185aed2?s=96&d=mm&r=g\",\"contentUrl\":\"https:\/\/secure.gravatar.com\/avatar\/b1e35cc6a369e9ce09454c7b7d3e01977b475eb541d8ea19dc6899013185aed2?s=96&d=mm&r=g\",\"caption\":\"wskz-admin\"},\"sameAs\":[\"https:\/\/studia-wroclaw.pl\"],\"url\":\"https:\/\/studia-wroclaw.pl\/en\/author\/wskz-admin\/\"}]}<\/script>\n<!-- \/ Yoast SEO plugin. -->","yoast_head_json":{"title":"Instytut Administracji i Nauk o Polityce WSKZ oraz Projekt Akademia gospodarzem mi\u0119dzynarodowej konferencji z udzia\u0142em \u015bwiatowych autorytet\u00f3w. - Studia Wroc\u0142aw","robots":{"index":"index","follow":"follow","max-snippet":"max-snippet:-1","max-image-preview":"max-image-preview:large","max-video-preview":"max-video-preview:-1"},"canonical":"https:\/\/studia-wroclaw.pl\/en\/instytut-administracji-i-nauk-o-polityce-wskz-oraz-projekt-akademia-gospodarzem-miedzynarodowej-konferencji-z-udzialem-swiatowych-autorytetow\/","og_locale":"en_GB","og_type":"article","og_title":"Instytut Administracji i Nauk o Polityce WSKZ oraz Projekt Akademia gospodarzem mi\u0119dzynarodowej konferencji z udzia\u0142em \u015bwiatowych autorytet\u00f3w. - Studia Wroc\u0142aw","og_description":"Mi\u0119dzynarodowa konferencja naukowo-ekspercka&nbsp;\u201eAdministracja Publiczna w dobie kryzysu\u201d&nbsp;odb\u0119dzie si\u0119 w dniach&nbsp;11\u201312 maja 2026 roku we Wroc\u0142awiu&nbsp;w Hotelu Scandic. Wydarzenie zgromadzi wybitnych przedstawicieli \u015bwiata nauki oraz praktyki administracji publicznej, staj\u0105c si\u0119 jednym z kluczowych mi\u0119dzynarodowych for\u00f3w dyskusji o przysz\u0142o\u015bci administracji w warunkach narastaj\u0105cych kryzys\u00f3w globalnych. Organizatorami wydarzenia s\u0105 Instytut Administracji i Nauk o Polityce w Wy\u017cszej Szkole [&hellip;]","og_url":"https:\/\/studia-wroclaw.pl\/en\/instytut-administracji-i-nauk-o-polityce-wskz-oraz-projekt-akademia-gospodarzem-miedzynarodowej-konferencji-z-udzialem-swiatowych-autorytetow\/","og_site_name":"Studia Wroc\u0142aw","article_published_time":"2026-04-28T22:12:50+00:00","article_modified_time":"2026-04-28T22:53:36+00:00","author":"wskz-admin","twitter_card":"summary_large_image","twitter_misc":{"Written by":"wskz-admin","Estimated reading time":"3 minutes"},"schema":{"@context":"https:\/\/schema.org","@graph":[{"@type":"WebPage","@id":"https:\/\/studia-wroclaw.pl\/instytut-administracji-i-nauk-o-polityce-wskz-oraz-projekt-akademia-gospodarzem-miedzynarodowej-konferencji-z-udzialem-swiatowych-autorytetow\/","url":"https:\/\/studia-wroclaw.pl\/instytut-administracji-i-nauk-o-polityce-wskz-oraz-projekt-akademia-gospodarzem-miedzynarodowej-konferencji-z-udzialem-swiatowych-autorytetow\/","name":"Instytut Administracji i Nauk o Polityce WSKZ oraz Projekt Akademia gospodarzem mi\u0119dzynarodowej konferencji z udzia\u0142em \u015bwiatowych autorytet\u00f3w. - Studia Wroc\u0142aw","isPartOf":{"@id":"https:\/\/studia-wroclaw.pl\/#website"},"datePublished":"2026-04-28T22:12:50+00:00","dateModified":"2026-04-28T22:53:36+00:00","author":{"@id":"https:\/\/studia-wroclaw.pl\/#\/schema\/person\/25167c295ff956d20dd85a0868244ed9"},"breadcrumb":{"@id":"https:\/\/studia-wroclaw.pl\/instytut-administracji-i-nauk-o-polityce-wskz-oraz-projekt-akademia-gospodarzem-miedzynarodowej-konferencji-z-udzialem-swiatowych-autorytetow\/#breadcrumb"},"inLanguage":"en-GB","potentialAction":[{"@type":"ReadAction","target":["https:\/\/studia-wroclaw.pl\/instytut-administracji-i-nauk-o-polityce-wskz-oraz-projekt-akademia-gospodarzem-miedzynarodowej-konferencji-z-udzialem-swiatowych-autorytetow\/"]}]},{"@type":"BreadcrumbList","@id":"https:\/\/studia-wroclaw.pl\/instytut-administracji-i-nauk-o-polityce-wskz-oraz-projekt-akademia-gospodarzem-miedzynarodowej-konferencji-z-udzialem-swiatowych-autorytetow\/#breadcrumb","itemListElement":[{"@type":"ListItem","position":1,"name":"Strona g\u0142\u00f3wna","item":"https:\/\/studia-wroclaw.pl\/"},{"@type":"ListItem","position":2,"name":"Instytut Administracji i Nauk o Polityce WSKZ oraz Projekt Akademia gospodarzem mi\u0119dzynarodowej konferencji z udzia\u0142em \u015bwiatowych autorytet\u00f3w."}]},{"@type":"WebSite","@id":"https:\/\/studia-wroclaw.pl\/#website","url":"https:\/\/studia-wroclaw.pl\/","name":"Studies Wroclaw","description":"","potentialAction":[{"@type":"SearchAction","target":{"@type":"EntryPoint","urlTemplate":"https:\/\/studia-wroclaw.pl\/?s={search_term_string}"},"query-input":{"@type":"PropertyValueSpecification","valueRequired":true,"valueName":"search_term_string"}}],"inLanguage":"en-GB"},{"@type":"Person","@id":"https:\/\/studia-wroclaw.pl\/#\/schema\/person\/25167c295ff956d20dd85a0868244ed9","name":"wskz-admin","image":{"@type":"ImageObject","inLanguage":"en-GB","@id":"https:\/\/studia-wroclaw.pl\/#\/schema\/person\/image\/","url":"https:\/\/secure.gravatar.com\/avatar\/b1e35cc6a369e9ce09454c7b7d3e01977b475eb541d8ea19dc6899013185aed2?s=96&d=mm&r=g","contentUrl":"https:\/\/secure.gravatar.com\/avatar\/b1e35cc6a369e9ce09454c7b7d3e01977b475eb541d8ea19dc6899013185aed2?s=96&d=mm&r=g","caption":"wskz-admin"},"sameAs":["https:\/\/studia-wroclaw.pl"],"url":"https:\/\/studia-wroclaw.pl\/en\/author\/wskz-admin\/"}]}},"_links":{"self":[{"href":"https:\/\/studia-wroclaw.pl\/en\/wp-json\/wp\/v2\/posts\/10968","targetHints":{"allow":["GET"]}}],"collection":[{"href":"https:\/\/studia-wroclaw.pl\/en\/wp-json\/wp\/v2\/posts"}],"about":[{"href":"https:\/\/studia-wroclaw.pl\/en\/wp-json\/wp\/v2\/types\/post"}],"author":[{"embeddable":true,"href":"https:\/\/studia-wroclaw.pl\/en\/wp-json\/wp\/v2\/users\/1"}],"replies":[{"embeddable":true,"href":"https:\/\/studia-wroclaw.pl\/en\/wp-json\/wp\/v2\/comments?post=10968"}],"version-history":[{"count":2,"href":"https:\/\/studia-wroclaw.pl\/en\/wp-json\/wp\/v2\/posts\/10968\/revisions"}],"predecessor-version":[{"id":10972,"href":"https:\/\/studia-wroclaw.pl\/en\/wp-json\/wp\/v2\/posts\/10968\/revisions\/10972"}],"wp:attachment":[{"href":"https:\/\/studia-wroclaw.pl\/en\/wp-json\/wp\/v2\/media?parent=10968"}],"wp:term":[{"taxonomy":"category","embeddable":true,"href":"https:\/\/studia-wroclaw.pl\/en\/wp-json\/wp\/v2\/categories?post=10968"},{"taxonomy":"post_tag","embeddable":true,"href":"https:\/\/studia-wroclaw.pl\/en\/wp-json\/wp\/v2\/tags?post=10968"}],"curies":[{"name":"wp","href":"https:\/\/api.w.org\/{rel}","templated":true}]}}