{"id":10975,"date":"2026-04-29T00:12:50","date_gmt":"2026-04-28T22:12:50","guid":{"rendered":"https:\/\/studia-wroclaw.pl\/?p=10975"},"modified":"2026-04-29T00:53:30","modified_gmt":"2026-04-28T22:53:30","slug":"instytut-administracji-i-nauk-o-polityce-wskz-oraz-projekt-akademia-gospodarzem-miedzynarodowej-konferencji-z-udzialem-swiatowych-autorytetow-2","status":"publish","type":"post","link":"https:\/\/studia-wroclaw.pl\/en\/instytut-administracji-i-nauk-o-polityce-wskz-oraz-projekt-akademia-gospodarzem-miedzynarodowej-konferencji-z-udzialem-swiatowych-autorytetow-2\/","title":{"rendered":"Spotkania W\u0142adz Wydzia\u0142u Nauk Spo\u0142ecznych i Technicznych ze studentami \u2013 dialog, konkretne wnioski i wsp\u00f3lne kierunki dzia\u0142a\u0144"},"content":{"rendered":"<p>On days <strong>14\u201315 marca 2026 r.<\/strong> odby\u0142y si\u0119 <strong>spotkania W\u0142adz Wydzia\u0142u Nauk Spo\u0142ecznych i Technicznych ze studentami <\/strong>kierunk\u00f3w Zarz\u0105dzanie, Bezpiecze\u0144stwo wewn\u0119trzne, Kryminologia, Administracja oraz Prawo. Rozmowy mia\u0142y bezpo\u015bredni charakter i skupi\u0142y si\u0119 na bie\u017c\u0105cych sprawach funkcjonowania Wydzia\u0142u, organizacji procesu kszta\u0142cenia oraz potrzebach student\u00f3w.<\/p>\n\n\n\n<p>Spotkania by\u0142y przestrzeni\u0105 otwartego dialogu. Studenci przedstawiali swoje <strong>opinie, uwagi i propozycje zmian<\/strong>. Dyskusja koncentrowa\u0142a si\u0119 na kwestiach dydaktycznych, organizacyjnych oraz aktywno\u015bci studenckiej. Wiele zg\u0142oszonych temat\u00f3w dotyczy\u0142o codziennego funkcjonowania student\u00f3w w realiach akademickich.<\/p>\n\n\n\n<h2 class=\"wp-block-heading\"><strong>W\u0142adze Wydzia\u0142u \u2013 bezpo\u015bredni kontakt i realne dzia\u0142ania<\/strong><\/h2>\n\n\n\n<p>W spotkaniach uczestniczy\u0142y:<\/p>\n\n\n\n<ul class=\"wp-block-list\">\n<li><strong>dr hab. Irena Malinowska, prof. WSKZ &#8211; Dziekan Wydzia\u0142u Nauk Spo\u0142ecznych i Technicznych<\/strong> \u2013 podkre\u015bli\u0142a znaczenie sta\u0142ego kontaktu ze studentami oraz konieczno\u015b\u0107 bie\u017c\u0105cego reagowania na ich potrzeby,<\/li>\n\n\n\n<li><strong>dr Sylwia Zakrzewska &#8211; Prodziekan ds. studenckich<\/strong> \u2013 zwr\u00f3ci\u0142a uwag\u0119 na rol\u0119 dialogu w doskonaleniu procesu kszta\u0142cenia oraz rozwijaniu inicjatyw studenckich.<\/li>\n<\/ul>\n\n\n\n<p>Obie przedstawicielki W\u0142adz Wydzia\u0142u wskaza\u0142y, \u017ce bezpo\u015brednie rozmowy s\u0105 jednym z kluczowych narz\u0119dzi budowania jako\u015bci kszta\u0142cenia i wzmacniania relacji ze spo\u0142eczno\u015bci\u0105 akademick\u0105.<\/p>\n\n\n\n<h2 class=\"wp-block-heading\"><strong>Co by\u0142o przedmiotem rozm\u00f3w?<\/strong><br><\/h2>\n\n\n\n<p>W trakcie spotka\u0144 om\u00f3wiono m.in.:<\/p>\n\n\n\n<ul class=\"wp-block-list\">\n<li>organizacj\u0119 procesu dydaktycznego i zaj\u0119\u0107,<\/li>\n\n\n\n<li>sprawy administracyjne i komunikacj\u0119 ze studentami,<\/li>\n\n\n\n<li>funkcjonowanie Wydzia\u0142u w uj\u0119ciu operacyjnym,<\/li>\n\n\n\n<li>rozw\u00f3j aktywno\u015bci studenckiej i inicjatyw oddolnych.<\/li>\n<\/ul>\n\n\n\n<p>Studenci aktywnie w\u0142\u0105czali si\u0119 w dyskusj\u0119, wskazuj\u0105c konkretne obszary wymagaj\u0105ce usprawnie\u0144 oraz <strong>proponuj\u0105c rozwi\u0105zania<\/strong>.<\/p>\n\n\n\n<h2 class=\"wp-block-heading\"><strong>Aktywno\u015b\u0107 studencka i mo\u017cliwo\u015bci rozwoju<\/strong><br><\/h2>\n\n\n\n<p>Istotnym elementem spotka\u0144 by\u0142o przedstawienie planowanych wydarze\u0144, inicjatyw i projekt\u00f3w kierowanych do student\u00f3w. W\u015br\u00f3d nich znalaz\u0142y si\u0119:<\/p>\n\n\n\n<ul class=\"wp-block-list\">\n<li><strong>konferencje<\/strong> naukowe i <strong>wydarzenia<\/strong> wydzia\u0142owe,<\/li>\n\n\n\n<li><strong>warsztaty<\/strong> prowadzone przez ekspert\u00f3w i praktyk\u00f3w,<\/li>\n\n\n\n<li>program mobilno\u015bci mi\u0119dzynarodowej <strong>Erasmus+<\/strong>,<\/li>\n\n\n\n<li>dzia\u0142alno\u015b\u0107 <strong>k\u00f3\u0142 naukowych<\/strong> i <strong>Samorz\u0105du Studenckiego<\/strong>.<\/li>\n<\/ul>\n\n\n\n<p>Podkre\u015blono znaczenie aktywnego udzia\u0142u w \u017cyciu Uczelni jako elementu budowania kompetencji i do\u015bwiadczenia zawodowego.<\/p>\n\n\n\n<h2 class=\"wp-block-heading\"><strong>Otwarto\u015b\u0107 i wsp\u00f3\u0142praca jako fundament<\/strong><br><\/h2>\n\n\n\n<p>W\u0142adze Wydzia\u0142u wyra\u017anie zaznaczy\u0142y, \u017ce regularne spotkania ze studentami s\u0105 sta\u0142ym elementem zarz\u0105dzania i rozwoju jednostki. Pozwalaj\u0105 lepiej identyfikowa\u0107 <strong>potrzeby student\u00f3w<\/strong> i dostosowywa\u0107 dzia\u0142ania do realnych wyzwa\u0144.<\/p>\n\n\n\n<p>Spotkania przebieg\u0142y w rzeczowej i konstruktywnej atmosferze, a ich <strong>efektem jest<\/strong> <strong>szereg wniosk\u00f3w, kt\u00f3re b\u0119d\u0105 podstaw\u0105 dalszych dzia\u0142a\u0144 Wydzia\u0142u<\/strong>.<br><\/p>\n\n\n\n<p><\/p>","protected":false},"excerpt":{"rendered":"<p>W dniach 14\u201315 marca 2026 r. odby\u0142y si\u0119 spotkania W\u0142adz Wydzia\u0142u Nauk Spo\u0142ecznych i Technicznych ze studentami kierunk\u00f3w Zarz\u0105dzanie, Bezpiecze\u0144stwo wewn\u0119trzne, Kryminologia, Administracja oraz Prawo. Rozmowy mia\u0142y bezpo\u015bredni charakter i skupi\u0142y si\u0119 na bie\u017c\u0105cych sprawach funkcjonowania Wydzia\u0142u, organizacji procesu kszta\u0142cenia oraz potrzebach student\u00f3w. Spotkania by\u0142y przestrzeni\u0105 otwartego dialogu. Studenci przedstawiali swoje opinie, uwagi i propozycje [&hellip;]<\/p>","protected":false},"author":1,"featured_media":0,"comment_status":"closed","ping_status":"closed","sticky":false,"template":"","format":"standard","meta":{"om_disable_all_campaigns":false,"footnotes":""},"categories":[65],"tags":[],"class_list":["post-10975","post","type-post","status-publish","format-standard","hentry","category-studenci-wydzial-nsit"],"yoast_head":"<!-- This site is optimized with the Yoast SEO plugin v25.9 - https:\/\/yoast.com\/wordpress\/plugins\/seo\/ -->\n<title>Spotkania W\u0142adz Wydzia\u0142u Nauk Spo\u0142ecznych i Technicznych ze studentami \u2013 dialog, konkretne wnioski i wsp\u00f3lne kierunki dzia\u0142a\u0144 - Studia Wroc\u0142aw<\/title>\n<meta name=\"robots\" content=\"index, follow, max-snippet:-1, max-image-preview:large, max-video-preview:-1\" \/>\n<link rel=\"canonical\" href=\"https:\/\/studia-wroclaw.pl\/en\/instytut-administracji-i-nauk-o-polityce-wskz-oraz-projekt-akademia-gospodarzem-miedzynarodowej-konferencji-z-udzialem-swiatowych-autorytetow-2\/\" \/>\n<meta property=\"og:locale\" content=\"en_GB\" \/>\n<meta property=\"og:type\" content=\"article\" \/>\n<meta property=\"og:title\" content=\"Spotkania W\u0142adz Wydzia\u0142u Nauk Spo\u0142ecznych i Technicznych ze studentami \u2013 dialog, konkretne wnioski i wsp\u00f3lne kierunki dzia\u0142a\u0144 - Studia Wroc\u0142aw\" \/>\n<meta property=\"og:description\" content=\"W dniach 14\u201315 marca 2026 r. odby\u0142y si\u0119 spotkania W\u0142adz Wydzia\u0142u Nauk Spo\u0142ecznych i Technicznych ze studentami kierunk\u00f3w Zarz\u0105dzanie, Bezpiecze\u0144stwo wewn\u0119trzne, Kryminologia, Administracja oraz Prawo. Rozmowy mia\u0142y bezpo\u015bredni charakter i skupi\u0142y si\u0119 na bie\u017c\u0105cych sprawach funkcjonowania Wydzia\u0142u, organizacji procesu kszta\u0142cenia oraz potrzebach student\u00f3w. Spotkania by\u0142y przestrzeni\u0105 otwartego dialogu. Studenci przedstawiali swoje opinie, uwagi i propozycje [&hellip;]\" \/>\n<meta property=\"og:url\" content=\"https:\/\/studia-wroclaw.pl\/en\/instytut-administracji-i-nauk-o-polityce-wskz-oraz-projekt-akademia-gospodarzem-miedzynarodowej-konferencji-z-udzialem-swiatowych-autorytetow-2\/\" \/>\n<meta property=\"og:site_name\" content=\"Studia Wroc\u0142aw\" \/>\n<meta property=\"article:published_time\" content=\"2026-04-28T22:12:50+00:00\" \/>\n<meta property=\"article:modified_time\" content=\"2026-04-28T22:53:30+00:00\" \/>\n<meta name=\"author\" content=\"wskz-admin\" \/>\n<meta name=\"twitter:card\" content=\"summary_large_image\" \/>\n<meta name=\"twitter:label1\" content=\"Written by\" \/>\n\t<meta name=\"twitter:data1\" content=\"wskz-admin\" \/>\n\t<meta name=\"twitter:label2\" content=\"Estimated reading time\" \/>\n\t<meta name=\"twitter:data2\" content=\"2 minutes\" \/>\n<script type=\"application\/ld+json\" class=\"yoast-schema-graph\">{\"@context\":\"https:\/\/schema.org\",\"@graph\":[{\"@type\":\"WebPage\",\"@id\":\"https:\/\/studia-wroclaw.pl\/instytut-administracji-i-nauk-o-polityce-wskz-oraz-projekt-akademia-gospodarzem-miedzynarodowej-konferencji-z-udzialem-swiatowych-autorytetow-2\/\",\"url\":\"https:\/\/studia-wroclaw.pl\/instytut-administracji-i-nauk-o-polityce-wskz-oraz-projekt-akademia-gospodarzem-miedzynarodowej-konferencji-z-udzialem-swiatowych-autorytetow-2\/\",\"name\":\"Spotkania W\u0142adz Wydzia\u0142u Nauk Spo\u0142ecznych i Technicznych ze studentami \u2013 dialog, konkretne wnioski i wsp\u00f3lne kierunki dzia\u0142a\u0144 - Studia Wroc\u0142aw\",\"isPartOf\":{\"@id\":\"https:\/\/studia-wroclaw.pl\/#website\"},\"datePublished\":\"2026-04-28T22:12:50+00:00\",\"dateModified\":\"2026-04-28T22:53:30+00:00\",\"author\":{\"@id\":\"https:\/\/studia-wroclaw.pl\/#\/schema\/person\/25167c295ff956d20dd85a0868244ed9\"},\"breadcrumb\":{\"@id\":\"https:\/\/studia-wroclaw.pl\/instytut-administracji-i-nauk-o-polityce-wskz-oraz-projekt-akademia-gospodarzem-miedzynarodowej-konferencji-z-udzialem-swiatowych-autorytetow-2\/#breadcrumb\"},\"inLanguage\":\"en-GB\",\"potentialAction\":[{\"@type\":\"ReadAction\",\"target\":[\"https:\/\/studia-wroclaw.pl\/instytut-administracji-i-nauk-o-polityce-wskz-oraz-projekt-akademia-gospodarzem-miedzynarodowej-konferencji-z-udzialem-swiatowych-autorytetow-2\/\"]}]},{\"@type\":\"BreadcrumbList\",\"@id\":\"https:\/\/studia-wroclaw.pl\/instytut-administracji-i-nauk-o-polityce-wskz-oraz-projekt-akademia-gospodarzem-miedzynarodowej-konferencji-z-udzialem-swiatowych-autorytetow-2\/#breadcrumb\",\"itemListElement\":[{\"@type\":\"ListItem\",\"position\":1,\"name\":\"Strona g\u0142\u00f3wna\",\"item\":\"https:\/\/studia-wroclaw.pl\/\"},{\"@type\":\"ListItem\",\"position\":2,\"name\":\"Spotkania W\u0142adz Wydzia\u0142u Nauk Spo\u0142ecznych i Technicznych ze studentami \u2013 dialog, konkretne wnioski i wsp\u00f3lne kierunki dzia\u0142a\u0144\"}]},{\"@type\":\"WebSite\",\"@id\":\"https:\/\/studia-wroclaw.pl\/#website\",\"url\":\"https:\/\/studia-wroclaw.pl\/\",\"name\":\"Studia Wroc\u0142aw\",\"description\":\"\",\"potentialAction\":[{\"@type\":\"SearchAction\",\"target\":{\"@type\":\"EntryPoint\",\"urlTemplate\":\"https:\/\/studia-wroclaw.pl\/?s={search_term_string}\"},\"query-input\":{\"@type\":\"PropertyValueSpecification\",\"valueRequired\":true,\"valueName\":\"search_term_string\"}}],\"inLanguage\":\"en-GB\"},{\"@type\":\"Person\",\"@id\":\"https:\/\/studia-wroclaw.pl\/#\/schema\/person\/25167c295ff956d20dd85a0868244ed9\",\"name\":\"wskz-admin\",\"image\":{\"@type\":\"ImageObject\",\"inLanguage\":\"en-GB\",\"@id\":\"https:\/\/studia-wroclaw.pl\/#\/schema\/person\/image\/\",\"url\":\"https:\/\/secure.gravatar.com\/avatar\/b1e35cc6a369e9ce09454c7b7d3e01977b475eb541d8ea19dc6899013185aed2?s=96&d=mm&r=g\",\"contentUrl\":\"https:\/\/secure.gravatar.com\/avatar\/b1e35cc6a369e9ce09454c7b7d3e01977b475eb541d8ea19dc6899013185aed2?s=96&d=mm&r=g\",\"caption\":\"wskz-admin\"},\"sameAs\":[\"https:\/\/studia-wroclaw.pl\"],\"url\":\"https:\/\/studia-wroclaw.pl\/en\/author\/wskz-admin\/\"}]}<\/script>\n<!-- \/ Yoast SEO plugin. -->","yoast_head_json":{"title":"Spotkania W\u0142adz Wydzia\u0142u Nauk Spo\u0142ecznych i Technicznych ze studentami \u2013 dialog, konkretne wnioski i wsp\u00f3lne kierunki dzia\u0142a\u0144 - Studia Wroc\u0142aw","robots":{"index":"index","follow":"follow","max-snippet":"max-snippet:-1","max-image-preview":"max-image-preview:large","max-video-preview":"max-video-preview:-1"},"canonical":"https:\/\/studia-wroclaw.pl\/en\/instytut-administracji-i-nauk-o-polityce-wskz-oraz-projekt-akademia-gospodarzem-miedzynarodowej-konferencji-z-udzialem-swiatowych-autorytetow-2\/","og_locale":"en_GB","og_type":"article","og_title":"Spotkania W\u0142adz Wydzia\u0142u Nauk Spo\u0142ecznych i Technicznych ze studentami \u2013 dialog, konkretne wnioski i wsp\u00f3lne kierunki dzia\u0142a\u0144 - Studia Wroc\u0142aw","og_description":"W dniach 14\u201315 marca 2026 r. odby\u0142y si\u0119 spotkania W\u0142adz Wydzia\u0142u Nauk Spo\u0142ecznych i Technicznych ze studentami kierunk\u00f3w Zarz\u0105dzanie, Bezpiecze\u0144stwo wewn\u0119trzne, Kryminologia, Administracja oraz Prawo. Rozmowy mia\u0142y bezpo\u015bredni charakter i skupi\u0142y si\u0119 na bie\u017c\u0105cych sprawach funkcjonowania Wydzia\u0142u, organizacji procesu kszta\u0142cenia oraz potrzebach student\u00f3w. Spotkania by\u0142y przestrzeni\u0105 otwartego dialogu. Studenci przedstawiali swoje opinie, uwagi i propozycje [&hellip;]","og_url":"https:\/\/studia-wroclaw.pl\/en\/instytut-administracji-i-nauk-o-polityce-wskz-oraz-projekt-akademia-gospodarzem-miedzynarodowej-konferencji-z-udzialem-swiatowych-autorytetow-2\/","og_site_name":"Studia Wroc\u0142aw","article_published_time":"2026-04-28T22:12:50+00:00","article_modified_time":"2026-04-28T22:53:30+00:00","author":"wskz-admin","twitter_card":"summary_large_image","twitter_misc":{"Written by":"wskz-admin","Estimated reading time":"2 minutes"},"schema":{"@context":"https:\/\/schema.org","@graph":[{"@type":"WebPage","@id":"https:\/\/studia-wroclaw.pl\/instytut-administracji-i-nauk-o-polityce-wskz-oraz-projekt-akademia-gospodarzem-miedzynarodowej-konferencji-z-udzialem-swiatowych-autorytetow-2\/","url":"https:\/\/studia-wroclaw.pl\/instytut-administracji-i-nauk-o-polityce-wskz-oraz-projekt-akademia-gospodarzem-miedzynarodowej-konferencji-z-udzialem-swiatowych-autorytetow-2\/","name":"Spotkania W\u0142adz Wydzia\u0142u Nauk Spo\u0142ecznych i Technicznych ze studentami \u2013 dialog, konkretne wnioski i wsp\u00f3lne kierunki dzia\u0142a\u0144 - Studia Wroc\u0142aw","isPartOf":{"@id":"https:\/\/studia-wroclaw.pl\/#website"},"datePublished":"2026-04-28T22:12:50+00:00","dateModified":"2026-04-28T22:53:30+00:00","author":{"@id":"https:\/\/studia-wroclaw.pl\/#\/schema\/person\/25167c295ff956d20dd85a0868244ed9"},"breadcrumb":{"@id":"https:\/\/studia-wroclaw.pl\/instytut-administracji-i-nauk-o-polityce-wskz-oraz-projekt-akademia-gospodarzem-miedzynarodowej-konferencji-z-udzialem-swiatowych-autorytetow-2\/#breadcrumb"},"inLanguage":"en-GB","potentialAction":[{"@type":"ReadAction","target":["https:\/\/studia-wroclaw.pl\/instytut-administracji-i-nauk-o-polityce-wskz-oraz-projekt-akademia-gospodarzem-miedzynarodowej-konferencji-z-udzialem-swiatowych-autorytetow-2\/"]}]},{"@type":"BreadcrumbList","@id":"https:\/\/studia-wroclaw.pl\/instytut-administracji-i-nauk-o-polityce-wskz-oraz-projekt-akademia-gospodarzem-miedzynarodowej-konferencji-z-udzialem-swiatowych-autorytetow-2\/#breadcrumb","itemListElement":[{"@type":"ListItem","position":1,"name":"Strona g\u0142\u00f3wna","item":"https:\/\/studia-wroclaw.pl\/"},{"@type":"ListItem","position":2,"name":"Spotkania W\u0142adz Wydzia\u0142u Nauk Spo\u0142ecznych i Technicznych ze studentami \u2013 dialog, konkretne wnioski i wsp\u00f3lne kierunki dzia\u0142a\u0144"}]},{"@type":"WebSite","@id":"https:\/\/studia-wroclaw.pl\/#website","url":"https:\/\/studia-wroclaw.pl\/","name":"Studies Wroclaw","description":"","potentialAction":[{"@type":"SearchAction","target":{"@type":"EntryPoint","urlTemplate":"https:\/\/studia-wroclaw.pl\/?s={search_term_string}"},"query-input":{"@type":"PropertyValueSpecification","valueRequired":true,"valueName":"search_term_string"}}],"inLanguage":"en-GB"},{"@type":"Person","@id":"https:\/\/studia-wroclaw.pl\/#\/schema\/person\/25167c295ff956d20dd85a0868244ed9","name":"wskz-admin","image":{"@type":"ImageObject","inLanguage":"en-GB","@id":"https:\/\/studia-wroclaw.pl\/#\/schema\/person\/image\/","url":"https:\/\/secure.gravatar.com\/avatar\/b1e35cc6a369e9ce09454c7b7d3e01977b475eb541d8ea19dc6899013185aed2?s=96&d=mm&r=g","contentUrl":"https:\/\/secure.gravatar.com\/avatar\/b1e35cc6a369e9ce09454c7b7d3e01977b475eb541d8ea19dc6899013185aed2?s=96&d=mm&r=g","caption":"wskz-admin"},"sameAs":["https:\/\/studia-wroclaw.pl"],"url":"https:\/\/studia-wroclaw.pl\/en\/author\/wskz-admin\/"}]}},"_links":{"self":[{"href":"https:\/\/studia-wroclaw.pl\/en\/wp-json\/wp\/v2\/posts\/10975","targetHints":{"allow":["GET"]}}],"collection":[{"href":"https:\/\/studia-wroclaw.pl\/en\/wp-json\/wp\/v2\/posts"}],"about":[{"href":"https:\/\/studia-wroclaw.pl\/en\/wp-json\/wp\/v2\/types\/post"}],"author":[{"embeddable":true,"href":"https:\/\/studia-wroclaw.pl\/en\/wp-json\/wp\/v2\/users\/1"}],"replies":[{"embeddable":true,"href":"https:\/\/studia-wroclaw.pl\/en\/wp-json\/wp\/v2\/comments?post=10975"}],"version-history":[{"count":2,"href":"https:\/\/studia-wroclaw.pl\/en\/wp-json\/wp\/v2\/posts\/10975\/revisions"}],"predecessor-version":[{"id":10977,"href":"https:\/\/studia-wroclaw.pl\/en\/wp-json\/wp\/v2\/posts\/10975\/revisions\/10977"}],"wp:attachment":[{"href":"https:\/\/studia-wroclaw.pl\/en\/wp-json\/wp\/v2\/media?parent=10975"}],"wp:term":[{"taxonomy":"category","embeddable":true,"href":"https:\/\/studia-wroclaw.pl\/en\/wp-json\/wp\/v2\/categories?post=10975"},{"taxonomy":"post_tag","embeddable":true,"href":"https:\/\/studia-wroclaw.pl\/en\/wp-json\/wp\/v2\/tags?post=10975"}],"curies":[{"name":"wp","href":"https:\/\/api.w.org\/{rel}","templated":true}]}}