{"id":10982,"date":"2026-04-29T00:12:50","date_gmt":"2026-04-28T22:12:50","guid":{"rendered":"https:\/\/studia-wroclaw.pl\/?p=10982"},"modified":"2026-04-29T01:03:44","modified_gmt":"2026-04-28T23:03:44","slug":"szkola-demokracji-przestrzen-spotkania-nauki-refleksji-i-wspolczesnych-wyzwan-swiata-polityki","status":"publish","type":"post","link":"https:\/\/studia-wroclaw.pl\/en\/szkola-demokracji-przestrzen-spotkania-nauki-refleksji-i-wspolczesnych-wyzwan-swiata-polityki\/","title":{"rendered":"Szko\u0142a Demokracji \u2013 przestrze\u0144 spotkania nauki, refleksji i wsp\u00f3\u0142czesnych wyzwa\u0144 \u015bwiata polityki"},"content":{"rendered":"<p>W pierwszym kwartale 2026 roku Instytut Administracji i Nauk o Polityce zrealizowa\u0142 wyj\u0105tkowy cykl wyk\u0142ad\u00f3w mistrzowskich w ramach programu Szko\u0142a Demokracji \u2013 inicjatywy, kt\u00f3ra konsekwentnie buduje przestrze\u0144 pog\u0142\u0119bionej refleksji nad wsp\u00f3\u0142czesnym pa\u0144stwem, spo\u0142ecze\u0144stwem oraz kierunkami rozwoju demokracji.<\/p>\n\n\n\n<p>By\u0142 to cykl, kt\u00f3ry nie tylko odpowiada\u0142 na aktualne wyzwania \u015bwiata, ale przede wszystkim stawia\u0142 pytania \u2013 odwa\u017cne, niewygodne i potrzebne. To w\u0142a\u015bnie w tym tkwi jego warto\u015b\u0107.<\/p>\n\n\n\n<h2 class=\"wp-block-heading\">Samorz\u0105d w obliczu zmian \u2013 mi\u0119dzy stabilno\u015bci\u0105 a presj\u0105 rzeczywisto\u015bci<\/h2>\n\n\n\n<p>\ud83d\udd39 30 stycznia 2026 r.<br>dr Ryszard Kessler<br>\u201eSamorz\u0105d terytorialny w dobie wyzwa\u0144\u201d<\/p>\n\n\n\n<p>Wyk\u0142ad otwieraj\u0105cy cykl stanowi\u0142 niezwykle aktualn\u0105 analiz\u0119 funkcjonowania samorz\u0105du terytorialnego w warunkach dynamicznych przemian spo\u0142ecznych, gospodarczych i instytucjonalnych.<\/p>\n\n\n\n<p>Dr Ryszard Kessler w spos\u00f3b przenikliwy ukaza\u0142 napi\u0119cie pomi\u0119dzy rosn\u0105cymi oczekiwaniami obywateli a realnymi mo\u017cliwo\u015bciami administracji publicznej. Wskaza\u0142 na konieczno\u015b\u0107 redefinicji roli samorz\u0105du \u2013 nie tylko jako wykonawcy polityk publicznych, ale jako aktywnego wsp\u00f3\u0142tw\u00f3rcy lokalnych wsp\u00f3lnot.<\/p>\n\n\n\n<p>By\u0142o to wyst\u0105pienie, kt\u00f3re zmusza\u0142o do my\u015blenia i jednocze\u015bnie porz\u0105dkowa\u0142o wiedz\u0119 o jednym z najwa\u017cniejszych filar\u00f3w pa\u0144stwa.<\/p>\n\n\n\n<h2 class=\"wp-block-heading\">Rewitalizacja jako \u015bwiadome zarz\u0105dzanie \u2013 wi\u0119cej ni\u017c odnowa przestrzeni<\/h2>\n\n\n\n<p>\ud83d\udd39 10 lutego 2026 r.<br>\u201eRewitalizacja jako \u015bwiadomy proces zarz\u0105dzania w administracji publicznej\u201d<\/p>\n\n\n\n<p>Drugie spotkanie w ramach cyklu przenios\u0142o uczestnik\u00f3w w obszar zarz\u0105dzania rozwojem lokalnym, ukazuj\u0105c rewitalizacj\u0119 jako z\u0142o\u017cony i wielowymiarowy proces strategiczny.<\/p>\n\n\n\n<p>W trakcie wyk\u0142adu podkre\u015blono, \u017ce skuteczna rewitalizacja nie ogranicza si\u0119 do zmian infrastrukturalnych, lecz obejmuje g\u0142\u0119bok\u0105 transformacj\u0119 spo\u0142eczn\u0105, instytucjonaln\u0105 i funkcjonaln\u0105 przestrzeni. Szczeg\u00f3ln\u0105 uwag\u0119 zwr\u00f3cono na rol\u0119 partycypacji spo\u0142ecznej oraz odpowiedzialno\u015bci administracji publicznej za d\u0142ugofalowe efekty podejmowanych dzia\u0142a\u0144.<\/p>\n\n\n\n<p>To wyst\u0105pienie pokaza\u0142o, \u017ce dobre zarz\u0105dzanie to nie tylko decyzje \u2013 to proces, kt\u00f3ry wymaga \u015bwiadomo\u015bci, odwagi i konsekwencji.<\/p>\n\n\n\n<h2 class=\"wp-block-heading\">Geopolityka bez z\u0142udze\u0144 \u2013 starcie modeli \u015bwiata<\/h2>\n\n\n\n<p>\ud83d\udd39 20 marca 2026 r.<br>prof. Zbigniew Girzy\u0144ski<br>\u201eImperializm liberalny i imperializm autorytarny. USA i Rosja w perspektywie geopolitycznej\u201d<\/p>\n\n\n\n<p>Kulminacj\u0105 cyklu by\u0142 wyk\u0142ad prof. Zbigniewa Girzy\u0144skiego, kt\u00f3ry w niezwykle sugestywny spos\u00f3b wprowadzi\u0142 uczestnik\u00f3w w z\u0142o\u017cony \u015bwiat wsp\u00f3\u0142czesnej geopolityki.<\/p>\n\n\n\n<p>Analiza dw\u00f3ch konkurencyjnych modeli \u2013 liberalnego i autorytarnego \u2013 pozwoli\u0142a spojrze\u0107 na aktualne napi\u0119cia mi\u0119dzynarodowe z szerszej, systemowej perspektywy. Wyst\u0105pienie unaoczni\u0142o, \u017ce wsp\u00f3\u0142czesne konflikty nie s\u0105 jedynie sporami pa\u0144stw, lecz starciem wizji \u015bwiata, warto\u015bci i sposob\u00f3w organizacji w\u0142adzy.<\/p>\n\n\n\n<p>By\u0142 to wyk\u0142ad, kt\u00f3ry pozostawi\u0142 uczestnik\u00f3w nie tylko z wiedz\u0105, ale przede wszystkim z refleksj\u0105 \u2013 o kierunku, w jakim zmierza wsp\u00f3\u0142czesna polityka.<\/p>\n\n\n\n<h2 class=\"wp-block-heading\">Szko\u0142a Demokracji \u2013 wi\u0119cej ni\u017c cykl wyk\u0142ad\u00f3w<\/h2>\n\n\n\n<p>Cykl wyk\u0142ad\u00f3w mistrzowskich w ramach Szko\u0142y Demokracji potwierdzi\u0142, \u017ce Instytut Administracji i Nauk o Polityce jest miejscem realnej debaty akademickiej \u2013 takiej, kt\u00f3ra nie unika trudnych temat\u00f3w i nie zatrzymuje si\u0119 na poziomie deklaracji.<\/p>\n\n\n\n<p>To przestrze\u0144, w kt\u00f3rej teoria spotyka si\u0119 z praktyk\u0105, a wiedza z do\u015bwiadczeniem. Przestrze\u0144, w kt\u00f3rej studenci nie tylko s\u0142uchaj\u0105 \u2013 ale ucz\u0105 si\u0119 rozumie\u0107.<\/p>\n\n\n\n<p>Szko\u0142a Demokracji pozostaje jednym z najwa\u017cniejszych format\u00f3w dydaktycznych Instytutu, buduj\u0105c jego to\u017csamo\u015b\u0107 jako o\u015brodka refleksji nad pa\u0144stwem, spo\u0142ecze\u0144stwem i przysz\u0142o\u015bci\u0105 demokracji.<br>Zapraszamy na kolejne spotkania!<br><\/p>","protected":false},"excerpt":{"rendered":"<p>W pierwszym kwartale 2026 roku Instytut Administracji i Nauk o Polityce zrealizowa\u0142 wyj\u0105tkowy cykl wyk\u0142ad\u00f3w mistrzowskich w ramach programu Szko\u0142a Demokracji \u2013 inicjatywy, kt\u00f3ra konsekwentnie buduje przestrze\u0144 pog\u0142\u0119bionej refleksji nad wsp\u00f3\u0142czesnym pa\u0144stwem, spo\u0142ecze\u0144stwem oraz kierunkami rozwoju demokracji. By\u0142 to cykl, kt\u00f3ry nie tylko odpowiada\u0142 na aktualne wyzwania \u015bwiata, ale przede wszystkim stawia\u0142 pytania \u2013 odwa\u017cne, [&hellip;]<\/p>","protected":false},"author":1,"featured_media":0,"comment_status":"closed","ping_status":"closed","sticky":false,"template":"","format":"standard","meta":{"om_disable_all_campaigns":false,"footnotes":""},"categories":[65],"tags":[],"class_list":["post-10982","post","type-post","status-publish","format-standard","hentry","category-studenci-wydzial-nsit"],"yoast_head":"<!-- This site is optimized with the Yoast SEO plugin v25.9 - https:\/\/yoast.com\/wordpress\/plugins\/seo\/ -->\n<title>Szko\u0142a Demokracji \u2013 przestrze\u0144 spotkania nauki, refleksji i wsp\u00f3\u0142czesnych wyzwa\u0144 \u015bwiata polityki - Studia Wroc\u0142aw<\/title>\n<meta name=\"robots\" content=\"index, follow, max-snippet:-1, max-image-preview:large, max-video-preview:-1\" \/>\n<link rel=\"canonical\" href=\"https:\/\/studia-wroclaw.pl\/en\/szkola-demokracji-przestrzen-spotkania-nauki-refleksji-i-wspolczesnych-wyzwan-swiata-polityki\/\" \/>\n<meta property=\"og:locale\" content=\"en_GB\" \/>\n<meta property=\"og:type\" content=\"article\" \/>\n<meta property=\"og:title\" content=\"Szko\u0142a Demokracji \u2013 przestrze\u0144 spotkania nauki, refleksji i wsp\u00f3\u0142czesnych wyzwa\u0144 \u015bwiata polityki - Studia Wroc\u0142aw\" \/>\n<meta property=\"og:description\" content=\"W pierwszym kwartale 2026 roku Instytut Administracji i Nauk o Polityce zrealizowa\u0142 wyj\u0105tkowy cykl wyk\u0142ad\u00f3w mistrzowskich w ramach programu Szko\u0142a Demokracji \u2013 inicjatywy, kt\u00f3ra konsekwentnie buduje przestrze\u0144 pog\u0142\u0119bionej refleksji nad wsp\u00f3\u0142czesnym pa\u0144stwem, spo\u0142ecze\u0144stwem oraz kierunkami rozwoju demokracji. By\u0142 to cykl, kt\u00f3ry nie tylko odpowiada\u0142 na aktualne wyzwania \u015bwiata, ale przede wszystkim stawia\u0142 pytania \u2013 odwa\u017cne, [&hellip;]\" \/>\n<meta property=\"og:url\" content=\"https:\/\/studia-wroclaw.pl\/en\/szkola-demokracji-przestrzen-spotkania-nauki-refleksji-i-wspolczesnych-wyzwan-swiata-polityki\/\" \/>\n<meta property=\"og:site_name\" content=\"Studia Wroc\u0142aw\" \/>\n<meta property=\"article:published_time\" content=\"2026-04-28T22:12:50+00:00\" \/>\n<meta property=\"article:modified_time\" content=\"2026-04-28T23:03:44+00:00\" \/>\n<meta name=\"author\" content=\"wskz-admin\" \/>\n<meta name=\"twitter:card\" content=\"summary_large_image\" \/>\n<meta name=\"twitter:label1\" content=\"Written by\" \/>\n\t<meta name=\"twitter:data1\" content=\"wskz-admin\" \/>\n\t<meta name=\"twitter:label2\" content=\"Estimated reading time\" \/>\n\t<meta name=\"twitter:data2\" content=\"3 minutes\" \/>\n<script type=\"application\/ld+json\" class=\"yoast-schema-graph\">{\"@context\":\"https:\/\/schema.org\",\"@graph\":[{\"@type\":\"WebPage\",\"@id\":\"https:\/\/studia-wroclaw.pl\/szkola-demokracji-przestrzen-spotkania-nauki-refleksji-i-wspolczesnych-wyzwan-swiata-polityki\/\",\"url\":\"https:\/\/studia-wroclaw.pl\/szkola-demokracji-przestrzen-spotkania-nauki-refleksji-i-wspolczesnych-wyzwan-swiata-polityki\/\",\"name\":\"Szko\u0142a Demokracji \u2013 przestrze\u0144 spotkania nauki, refleksji i wsp\u00f3\u0142czesnych wyzwa\u0144 \u015bwiata polityki - Studia Wroc\u0142aw\",\"isPartOf\":{\"@id\":\"https:\/\/studia-wroclaw.pl\/#website\"},\"datePublished\":\"2026-04-28T22:12:50+00:00\",\"dateModified\":\"2026-04-28T23:03:44+00:00\",\"author\":{\"@id\":\"https:\/\/studia-wroclaw.pl\/#\/schema\/person\/25167c295ff956d20dd85a0868244ed9\"},\"breadcrumb\":{\"@id\":\"https:\/\/studia-wroclaw.pl\/szkola-demokracji-przestrzen-spotkania-nauki-refleksji-i-wspolczesnych-wyzwan-swiata-polityki\/#breadcrumb\"},\"inLanguage\":\"en-GB\",\"potentialAction\":[{\"@type\":\"ReadAction\",\"target\":[\"https:\/\/studia-wroclaw.pl\/szkola-demokracji-przestrzen-spotkania-nauki-refleksji-i-wspolczesnych-wyzwan-swiata-polityki\/\"]}]},{\"@type\":\"BreadcrumbList\",\"@id\":\"https:\/\/studia-wroclaw.pl\/szkola-demokracji-przestrzen-spotkania-nauki-refleksji-i-wspolczesnych-wyzwan-swiata-polityki\/#breadcrumb\",\"itemListElement\":[{\"@type\":\"ListItem\",\"position\":1,\"name\":\"Strona g\u0142\u00f3wna\",\"item\":\"https:\/\/studia-wroclaw.pl\/\"},{\"@type\":\"ListItem\",\"position\":2,\"name\":\"Szko\u0142a Demokracji \u2013 przestrze\u0144 spotkania nauki, refleksji i wsp\u00f3\u0142czesnych wyzwa\u0144 \u015bwiata polityki\"}]},{\"@type\":\"WebSite\",\"@id\":\"https:\/\/studia-wroclaw.pl\/#website\",\"url\":\"https:\/\/studia-wroclaw.pl\/\",\"name\":\"Studia Wroc\u0142aw\",\"description\":\"\",\"potentialAction\":[{\"@type\":\"SearchAction\",\"target\":{\"@type\":\"EntryPoint\",\"urlTemplate\":\"https:\/\/studia-wroclaw.pl\/?s={search_term_string}\"},\"query-input\":{\"@type\":\"PropertyValueSpecification\",\"valueRequired\":true,\"valueName\":\"search_term_string\"}}],\"inLanguage\":\"en-GB\"},{\"@type\":\"Person\",\"@id\":\"https:\/\/studia-wroclaw.pl\/#\/schema\/person\/25167c295ff956d20dd85a0868244ed9\",\"name\":\"wskz-admin\",\"image\":{\"@type\":\"ImageObject\",\"inLanguage\":\"en-GB\",\"@id\":\"https:\/\/studia-wroclaw.pl\/#\/schema\/person\/image\/\",\"url\":\"https:\/\/secure.gravatar.com\/avatar\/b1e35cc6a369e9ce09454c7b7d3e01977b475eb541d8ea19dc6899013185aed2?s=96&d=mm&r=g\",\"contentUrl\":\"https:\/\/secure.gravatar.com\/avatar\/b1e35cc6a369e9ce09454c7b7d3e01977b475eb541d8ea19dc6899013185aed2?s=96&d=mm&r=g\",\"caption\":\"wskz-admin\"},\"sameAs\":[\"https:\/\/studia-wroclaw.pl\"],\"url\":\"https:\/\/studia-wroclaw.pl\/en\/author\/wskz-admin\/\"}]}<\/script>\n<!-- \/ Yoast SEO plugin. -->","yoast_head_json":{"title":"Szko\u0142a Demokracji \u2013 przestrze\u0144 spotkania nauki, refleksji i wsp\u00f3\u0142czesnych wyzwa\u0144 \u015bwiata polityki - Studia Wroc\u0142aw","robots":{"index":"index","follow":"follow","max-snippet":"max-snippet:-1","max-image-preview":"max-image-preview:large","max-video-preview":"max-video-preview:-1"},"canonical":"https:\/\/studia-wroclaw.pl\/en\/szkola-demokracji-przestrzen-spotkania-nauki-refleksji-i-wspolczesnych-wyzwan-swiata-polityki\/","og_locale":"en_GB","og_type":"article","og_title":"Szko\u0142a Demokracji \u2013 przestrze\u0144 spotkania nauki, refleksji i wsp\u00f3\u0142czesnych wyzwa\u0144 \u015bwiata polityki - Studia Wroc\u0142aw","og_description":"W pierwszym kwartale 2026 roku Instytut Administracji i Nauk o Polityce zrealizowa\u0142 wyj\u0105tkowy cykl wyk\u0142ad\u00f3w mistrzowskich w ramach programu Szko\u0142a Demokracji \u2013 inicjatywy, kt\u00f3ra konsekwentnie buduje przestrze\u0144 pog\u0142\u0119bionej refleksji nad wsp\u00f3\u0142czesnym pa\u0144stwem, spo\u0142ecze\u0144stwem oraz kierunkami rozwoju demokracji. By\u0142 to cykl, kt\u00f3ry nie tylko odpowiada\u0142 na aktualne wyzwania \u015bwiata, ale przede wszystkim stawia\u0142 pytania \u2013 odwa\u017cne, [&hellip;]","og_url":"https:\/\/studia-wroclaw.pl\/en\/szkola-demokracji-przestrzen-spotkania-nauki-refleksji-i-wspolczesnych-wyzwan-swiata-polityki\/","og_site_name":"Studia Wroc\u0142aw","article_published_time":"2026-04-28T22:12:50+00:00","article_modified_time":"2026-04-28T23:03:44+00:00","author":"wskz-admin","twitter_card":"summary_large_image","twitter_misc":{"Written by":"wskz-admin","Estimated reading time":"3 minutes"},"schema":{"@context":"https:\/\/schema.org","@graph":[{"@type":"WebPage","@id":"https:\/\/studia-wroclaw.pl\/szkola-demokracji-przestrzen-spotkania-nauki-refleksji-i-wspolczesnych-wyzwan-swiata-polityki\/","url":"https:\/\/studia-wroclaw.pl\/szkola-demokracji-przestrzen-spotkania-nauki-refleksji-i-wspolczesnych-wyzwan-swiata-polityki\/","name":"Szko\u0142a Demokracji \u2013 przestrze\u0144 spotkania nauki, refleksji i wsp\u00f3\u0142czesnych wyzwa\u0144 \u015bwiata polityki - Studia Wroc\u0142aw","isPartOf":{"@id":"https:\/\/studia-wroclaw.pl\/#website"},"datePublished":"2026-04-28T22:12:50+00:00","dateModified":"2026-04-28T23:03:44+00:00","author":{"@id":"https:\/\/studia-wroclaw.pl\/#\/schema\/person\/25167c295ff956d20dd85a0868244ed9"},"breadcrumb":{"@id":"https:\/\/studia-wroclaw.pl\/szkola-demokracji-przestrzen-spotkania-nauki-refleksji-i-wspolczesnych-wyzwan-swiata-polityki\/#breadcrumb"},"inLanguage":"en-GB","potentialAction":[{"@type":"ReadAction","target":["https:\/\/studia-wroclaw.pl\/szkola-demokracji-przestrzen-spotkania-nauki-refleksji-i-wspolczesnych-wyzwan-swiata-polityki\/"]}]},{"@type":"BreadcrumbList","@id":"https:\/\/studia-wroclaw.pl\/szkola-demokracji-przestrzen-spotkania-nauki-refleksji-i-wspolczesnych-wyzwan-swiata-polityki\/#breadcrumb","itemListElement":[{"@type":"ListItem","position":1,"name":"Strona g\u0142\u00f3wna","item":"https:\/\/studia-wroclaw.pl\/"},{"@type":"ListItem","position":2,"name":"Szko\u0142a Demokracji \u2013 przestrze\u0144 spotkania nauki, refleksji i wsp\u00f3\u0142czesnych wyzwa\u0144 \u015bwiata polityki"}]},{"@type":"WebSite","@id":"https:\/\/studia-wroclaw.pl\/#website","url":"https:\/\/studia-wroclaw.pl\/","name":"Studies Wroclaw","description":"","potentialAction":[{"@type":"SearchAction","target":{"@type":"EntryPoint","urlTemplate":"https:\/\/studia-wroclaw.pl\/?s={search_term_string}"},"query-input":{"@type":"PropertyValueSpecification","valueRequired":true,"valueName":"search_term_string"}}],"inLanguage":"en-GB"},{"@type":"Person","@id":"https:\/\/studia-wroclaw.pl\/#\/schema\/person\/25167c295ff956d20dd85a0868244ed9","name":"wskz-admin","image":{"@type":"ImageObject","inLanguage":"en-GB","@id":"https:\/\/studia-wroclaw.pl\/#\/schema\/person\/image\/","url":"https:\/\/secure.gravatar.com\/avatar\/b1e35cc6a369e9ce09454c7b7d3e01977b475eb541d8ea19dc6899013185aed2?s=96&d=mm&r=g","contentUrl":"https:\/\/secure.gravatar.com\/avatar\/b1e35cc6a369e9ce09454c7b7d3e01977b475eb541d8ea19dc6899013185aed2?s=96&d=mm&r=g","caption":"wskz-admin"},"sameAs":["https:\/\/studia-wroclaw.pl"],"url":"https:\/\/studia-wroclaw.pl\/en\/author\/wskz-admin\/"}]}},"_links":{"self":[{"href":"https:\/\/studia-wroclaw.pl\/en\/wp-json\/wp\/v2\/posts\/10982","targetHints":{"allow":["GET"]}}],"collection":[{"href":"https:\/\/studia-wroclaw.pl\/en\/wp-json\/wp\/v2\/posts"}],"about":[{"href":"https:\/\/studia-wroclaw.pl\/en\/wp-json\/wp\/v2\/types\/post"}],"author":[{"embeddable":true,"href":"https:\/\/studia-wroclaw.pl\/en\/wp-json\/wp\/v2\/users\/1"}],"replies":[{"embeddable":true,"href":"https:\/\/studia-wroclaw.pl\/en\/wp-json\/wp\/v2\/comments?post=10982"}],"version-history":[{"count":2,"href":"https:\/\/studia-wroclaw.pl\/en\/wp-json\/wp\/v2\/posts\/10982\/revisions"}],"predecessor-version":[{"id":10984,"href":"https:\/\/studia-wroclaw.pl\/en\/wp-json\/wp\/v2\/posts\/10982\/revisions\/10984"}],"wp:attachment":[{"href":"https:\/\/studia-wroclaw.pl\/en\/wp-json\/wp\/v2\/media?parent=10982"}],"wp:term":[{"taxonomy":"category","embeddable":true,"href":"https:\/\/studia-wroclaw.pl\/en\/wp-json\/wp\/v2\/categories?post=10982"},{"taxonomy":"post_tag","embeddable":true,"href":"https:\/\/studia-wroclaw.pl\/en\/wp-json\/wp\/v2\/tags?post=10982"}],"curies":[{"name":"wp","href":"https:\/\/api.w.org\/{rel}","templated":true}]}}