{"id":10985,"date":"2026-04-29T00:12:50","date_gmt":"2026-04-28T22:12:50","guid":{"rendered":"https:\/\/studia-wroclaw.pl\/?p=10985"},"modified":"2026-04-29T01:07:36","modified_gmt":"2026-04-28T23:07:36","slug":"ogolnopolska-konferencja-edukacja-dla-bezpieczenstwa-trzy-dni-debat-warsztatow-i-praktycznej-wiedzy-we-wroclawiu-2","status":"publish","type":"post","link":"https:\/\/studia-wroclaw.pl\/en\/ogolnopolska-konferencja-edukacja-dla-bezpieczenstwa-trzy-dni-debat-warsztatow-i-praktycznej-wiedzy-we-wroclawiu-2\/","title":{"rendered":"Og\u00f3lnopolska konferencja \u201eEdukacja dla bezpiecze\u0144stwa\u201d \u2013 trzy dni debat, warsztat\u00f3w i praktycznej wiedzy we Wroc\u0142awiu"},"content":{"rendered":"<p>MW dniach <strong>26\u201328 kwietnia 2026 r.<\/strong> we <strong>Wroc\u0142awiu<\/strong> will take place <strong>Og\u00f3lnopolska Konferencja Naukowa i cykl warsztat\u00f3w pt. \u201eEdukacja dla bezpiecze\u0144stwa \u2013 teoria, praktyka, wyzwania wsp\u00f3\u0142czesno\u015bci\u201d.<\/strong> Wydarzenie organizowane przez Instytut Kryminologii i Bezpiecze\u0144stwa Wewn\u0119trznego WSKZ stanowi przestrze\u0144 spotkania \u015brodowiska naukowego, administracji oraz praktyk\u00f3w systemu bezpiecze\u0144stwa.<\/p>\n\n\n\n<p>Konferencja ma <strong>charakter trzydniowy i hybrydowy<\/strong>. \u0141\u0105czy warsztaty stacjonarne z eksperck\u0105 cz\u0119\u015bci\u0105 konferencyjn\u0105 dost\u0119pn\u0105 r\u00f3wnie\u017c online. G\u0142\u00f3wnym <strong>celem<\/strong> jest wsp\u00f3lna analiza wsp\u00f3\u0142czesnych zagro\u017ce\u0144 oraz wypracowanie konkretnych rozwi\u0105za\u0144 dla systemu edukacji i bezpiecze\u0144stwa.<\/p>\n\n\n\n<h2 class=\"wp-block-heading\"><strong>Organizatorzy \u2013 \u015brodowisko naukowe i praktycy bezpiecze\u0144stwa<\/strong><br><\/h2>\n\n\n\n<p>Za przygotowanie wydarzenia odpowiada Instytut Kryminologii i Bezpiecze\u0144stwa Wewn\u0119trznego WSKZ, wspierany przez Komitet Naukowy i Organizacyjny z\u0142o\u017cony z przedstawicieli Uczelni oraz ekspert\u00f3w zewn\u0119trznych.<\/p>\n\n\n\n<p>W sk\u0142ad Komitet\u00f3w wchodz\u0105 do\u015bwiadczeni badacze i praktycy, reprezentuj\u0105cy m.in. \u015brodowisko akademickie oraz instytucje zwi\u0105zane z bezpiecze\u0144stwem publicznym. Ich udzia\u0142 gwarantuje wysoki poziom merytoryczny oraz aktualno\u015b\u0107 podejmowanych temat\u00f3w.<\/p>\n\n\n\n<h2 class=\"wp-block-heading\"><strong>Trzy dni \u2013 trzy perspektywy<\/strong><br><\/h2>\n\n\n\n<p>Program wydarzenia zosta\u0142 podzielony na trzy komplementarne cz\u0119\u015bci:<\/p>\n\n\n\n<p><strong>Dzie\u0144 I \u2013 perspektywa studenta<\/strong><br>Warsztaty po\u015bwi\u0119cone komunikacji interpersonalnej i negocjacjom, prowadzone w formule aktywnej pracy z uczestnikami. To przestrze\u0144 rozwijania kompetencji mi\u0119kkich, kluczowych w sytuacjach kryzysowych.<\/p>\n\n\n\n<p><strong>Dzie\u0144 II \u2013 praktyka i administracja<\/strong><br>Spotkania dedykowane nauczycielom, urz\u0119dnikom i przedstawicielom samorz\u0105d\u00f3w. W centrum uwagi znajd\u0105 si\u0119 zagadnienia komunikacji kryzysowej, ochrony ludno\u015bci, obrony cywilnej oraz wsp\u00f3\u0142pracy mi\u0119dzyinstytucjonalnej.<\/p>\n\n\n\n<p><strong>Dzie\u0144 III \u2013 konferencja ekspercka<\/strong><br>Sesje naukowe i debaty z udzia\u0142em ekspert\u00f3w, po\u015bwi\u0119cone diagnozie zagro\u017ce\u0144 oraz kierunkom rozwoju edukacji dla bezpiecze\u0144stwa. W programie przewidziano wyst\u0105pienia autorytet\u00f3w, debat\u0119 eksperck\u0105 oraz podsumowanie wniosk\u00f3w dla polityk publicznych.<\/p>\n\n\n\n<h2 class=\"wp-block-heading\"><strong>Tematyka i cele wydarzenia<\/strong><\/h2>\n\n\n\n<p><br>Zakres konferencji obejmuje kluczowe wyzwania wsp\u00f3\u0142czesnego bezpiecze\u0144stwa, w tym:<\/p>\n\n\n\n<ul class=\"wp-block-list\">\n<li>analiz\u0119 zagro\u017ce\u0144 spo\u0142ecznych, cyfrowych i klimatycznych,<\/li>\n\n\n\n<li>rozw\u00f3j edukacji dla bezpiecze\u0144stwa i aktualizacj\u0119 program\u00f3w nauczania,<\/li>\n\n\n\n<li>wdra\u017canie nowych technologii i przeciwdzia\u0142anie dezinformacji,<\/li>\n\n\n\n<li>budowanie odporno\u015bci psychicznej i kompetencji spo\u0142ecznych,<\/li>\n\n\n\n<li>tworzenie rekomendacji dla administracji publicznej i systemu edukacji.<\/li>\n<\/ul>\n\n\n\n<p>Wydarzenie k\u0142adzie nacisk na \u0142\u0105czenie teorii z praktyk\u0105 oraz <strong>integracj\u0119<\/strong> r\u00f3\u017cnych <strong>\u015brodowisk<\/strong> - <strong>nauki, edukacji i s\u0142u\u017cb<\/strong>.<\/p>\n\n\n\n<h2 class=\"wp-block-heading\"><strong>Dla kogo jest konferencja?<\/strong><\/h2>\n\n\n\n<p><br>Do udzia\u0142u zaproszeni s\u0105:<\/p>\n\n\n\n<ul class=\"wp-block-list\">\n<li>studenci kierunk\u00f3w zwi\u0105zanych z bezpiecze\u0144stwem i administracj\u0105,<\/li>\n\n\n\n<li>nauczyciele i edukatorzy, w szczeg\u00f3lno\u015bci przedmiotu edukacja dla bezpiecze\u0144stwa,<\/li>\n\n\n\n<li>przedstawiciele administracji publicznej i samorz\u0105d\u00f3w,<\/li>\n\n\n\n<li>praktycy \u2013 s\u0142u\u017cby mundurowe, ratownicy, eksperci,<\/li>\n\n\n\n<li>osoby zainteresowane tematyk\u0105 bezpiecze\u0144stwa i zarz\u0105dzania kryzysowego.<\/li>\n<\/ul>\n\n\n\n<p><strong>Udzia\u0142<\/strong> w wydarzeniu jest <strong>free<\/strong>, jednak <strong>liczba miejsc na cz\u0119\u015b\u0107 stacjonarn\u0105 jest ograniczona.<\/strong><\/p>\n\n\n\n<h2 class=\"wp-block-heading\"><strong>How to take part?<\/strong><\/h2>\n\n\n\n<p><br>Rejestracja odbywa si\u0119 poprzez formularze zg\u0142oszeniowe dost\u0119pne na stronie wydarzenia: <a href=\"http:\/\/konferencjawroclaw.pl\/\">conferenceawroclaw.pl<\/a>. Proces obejmuje etap zg\u0142oszenia, weryfikacji oraz potwierdzenia udzia\u0142u. Organizatorzy zwracaj\u0105 uwag\u0119, \u017ce samo wype\u0142nienie formularza nie gwarantuje miejsca \u2013 konieczne jest potwierdzenie udzia\u0142u w wyznaczonym terminie.<\/p>\n\n\n\n<p>W przypadku cz\u0119\u015bci warsztatowej liczba miejsc jest limitowana, natomiast <strong>udzia\u0142 online<\/strong> w konferencji eksperckiej pozostaje <strong>otwarty<\/strong>.<\/p>\n\n\n\n<h2 class=\"wp-block-heading\"><strong>Why is it worth it?<\/strong><\/h2>\n\n\n\n<p><br>Udzia\u0142 w konferencji to dost\u0119p do aktualnej wiedzy, kontakt z ekspertami oraz mo\u017cliwo\u015b\u0107 wymiany do\u015bwiadcze\u0144 mi\u0119dzy \u015brodowiskami. Program \u0142\u0105czy warsztaty praktyczne z debat\u0105 naukow\u0105, co pozwala prze\u0142o\u017cy\u0107 wiedz\u0119 na konkretne dzia\u0142ania w edukacji i systemie bezpiecze\u0144stwa.<\/p>\n\n\n\n<h2 class=\"wp-block-heading\"><strong>Zapraszamy do udzia\u0142u<\/strong><\/h2>\n\n\n\n<p><br>Konferencja \u201eEdukacja dla bezpiecze\u0144stwa \u2013 teoria, praktyka, wyzwania wsp\u00f3\u0142czesno\u015bci\u201d to wydarzenie, kt\u00f3re <strong>\u0142\u0105czy \u015brodowiska i odpowiada na realne wyzwania wsp\u00f3\u0142czesno\u015bci<\/strong>. Zapraszamy do rejestracji i aktywnego udzia\u0142u w jednym z najwa\u017cniejszych wydarze\u0144 po\u015bwi\u0119conych edukacji i bezpiecze\u0144stwu w 2026 roku.<br><\/p>","protected":false},"excerpt":{"rendered":"<p>MW dniach 26\u201328 kwietnia 2026 r. we Wroc\u0142awiu odb\u0119dzie si\u0119 Og\u00f3lnopolska Konferencja Naukowa i cykl warsztat\u00f3w pt. \u201eEdukacja dla bezpiecze\u0144stwa \u2013 teoria, praktyka, wyzwania wsp\u00f3\u0142czesno\u015bci\u201d. Wydarzenie organizowane przez Instytut Kryminologii i Bezpiecze\u0144stwa Wewn\u0119trznego WSKZ stanowi przestrze\u0144 spotkania \u015brodowiska naukowego, administracji oraz praktyk\u00f3w systemu bezpiecze\u0144stwa. Konferencja ma charakter trzydniowy i hybrydowy. \u0141\u0105czy warsztaty stacjonarne z eksperck\u0105 [&hellip;]<\/p>","protected":false},"author":1,"featured_media":0,"comment_status":"closed","ping_status":"closed","sticky":false,"template":"","format":"standard","meta":{"om_disable_all_campaigns":false,"footnotes":""},"categories":[65],"tags":[],"class_list":["post-10985","post","type-post","status-publish","format-standard","hentry","category-studenci-wydzial-nsit"],"yoast_head":"<!-- This site is optimized with the Yoast SEO plugin v25.9 - https:\/\/yoast.com\/wordpress\/plugins\/seo\/ -->\n<title>Og\u00f3lnopolska konferencja \u201eEdukacja dla bezpiecze\u0144stwa\u201d \u2013 trzy dni debat, warsztat\u00f3w i praktycznej wiedzy we Wroc\u0142awiu - Studia Wroc\u0142aw<\/title>\n<meta name=\"robots\" content=\"index, follow, max-snippet:-1, max-image-preview:large, max-video-preview:-1\" \/>\n<link rel=\"canonical\" href=\"https:\/\/studia-wroclaw.pl\/en\/ogolnopolska-konferencja-edukacja-dla-bezpieczenstwa-trzy-dni-debat-warsztatow-i-praktycznej-wiedzy-we-wroclawiu-2\/\" \/>\n<meta property=\"og:locale\" content=\"en_GB\" \/>\n<meta property=\"og:type\" content=\"article\" \/>\n<meta property=\"og:title\" content=\"Og\u00f3lnopolska konferencja \u201eEdukacja dla bezpiecze\u0144stwa\u201d \u2013 trzy dni debat, warsztat\u00f3w i praktycznej wiedzy we Wroc\u0142awiu - Studia Wroc\u0142aw\" \/>\n<meta property=\"og:description\" content=\"MW dniach 26\u201328 kwietnia 2026 r. we Wroc\u0142awiu odb\u0119dzie si\u0119 Og\u00f3lnopolska Konferencja Naukowa i cykl warsztat\u00f3w pt. \u201eEdukacja dla bezpiecze\u0144stwa \u2013 teoria, praktyka, wyzwania wsp\u00f3\u0142czesno\u015bci\u201d. Wydarzenie organizowane przez Instytut Kryminologii i Bezpiecze\u0144stwa Wewn\u0119trznego WSKZ stanowi przestrze\u0144 spotkania \u015brodowiska naukowego, administracji oraz praktyk\u00f3w systemu bezpiecze\u0144stwa. Konferencja ma charakter trzydniowy i hybrydowy. \u0141\u0105czy warsztaty stacjonarne z eksperck\u0105 [&hellip;]\" \/>\n<meta property=\"og:url\" content=\"https:\/\/studia-wroclaw.pl\/en\/ogolnopolska-konferencja-edukacja-dla-bezpieczenstwa-trzy-dni-debat-warsztatow-i-praktycznej-wiedzy-we-wroclawiu-2\/\" \/>\n<meta property=\"og:site_name\" content=\"Studia Wroc\u0142aw\" \/>\n<meta property=\"article:published_time\" content=\"2026-04-28T22:12:50+00:00\" \/>\n<meta property=\"article:modified_time\" content=\"2026-04-28T23:07:36+00:00\" \/>\n<meta name=\"author\" content=\"wskz-admin\" \/>\n<meta name=\"twitter:card\" content=\"summary_large_image\" \/>\n<meta name=\"twitter:label1\" content=\"Written by\" \/>\n\t<meta name=\"twitter:data1\" content=\"wskz-admin\" \/>\n\t<meta name=\"twitter:label2\" content=\"Estimated reading time\" \/>\n\t<meta name=\"twitter:data2\" content=\"3 minutes\" \/>\n<script type=\"application\/ld+json\" class=\"yoast-schema-graph\">{\"@context\":\"https:\/\/schema.org\",\"@graph\":[{\"@type\":\"WebPage\",\"@id\":\"https:\/\/studia-wroclaw.pl\/ogolnopolska-konferencja-edukacja-dla-bezpieczenstwa-trzy-dni-debat-warsztatow-i-praktycznej-wiedzy-we-wroclawiu-2\/\",\"url\":\"https:\/\/studia-wroclaw.pl\/ogolnopolska-konferencja-edukacja-dla-bezpieczenstwa-trzy-dni-debat-warsztatow-i-praktycznej-wiedzy-we-wroclawiu-2\/\",\"name\":\"Og\u00f3lnopolska konferencja \u201eEdukacja dla bezpiecze\u0144stwa\u201d \u2013 trzy dni debat, warsztat\u00f3w i praktycznej wiedzy we Wroc\u0142awiu - Studia Wroc\u0142aw\",\"isPartOf\":{\"@id\":\"https:\/\/studia-wroclaw.pl\/#website\"},\"datePublished\":\"2026-04-28T22:12:50+00:00\",\"dateModified\":\"2026-04-28T23:07:36+00:00\",\"author\":{\"@id\":\"https:\/\/studia-wroclaw.pl\/#\/schema\/person\/25167c295ff956d20dd85a0868244ed9\"},\"breadcrumb\":{\"@id\":\"https:\/\/studia-wroclaw.pl\/ogolnopolska-konferencja-edukacja-dla-bezpieczenstwa-trzy-dni-debat-warsztatow-i-praktycznej-wiedzy-we-wroclawiu-2\/#breadcrumb\"},\"inLanguage\":\"en-GB\",\"potentialAction\":[{\"@type\":\"ReadAction\",\"target\":[\"https:\/\/studia-wroclaw.pl\/ogolnopolska-konferencja-edukacja-dla-bezpieczenstwa-trzy-dni-debat-warsztatow-i-praktycznej-wiedzy-we-wroclawiu-2\/\"]}]},{\"@type\":\"BreadcrumbList\",\"@id\":\"https:\/\/studia-wroclaw.pl\/ogolnopolska-konferencja-edukacja-dla-bezpieczenstwa-trzy-dni-debat-warsztatow-i-praktycznej-wiedzy-we-wroclawiu-2\/#breadcrumb\",\"itemListElement\":[{\"@type\":\"ListItem\",\"position\":1,\"name\":\"Strona g\u0142\u00f3wna\",\"item\":\"https:\/\/studia-wroclaw.pl\/\"},{\"@type\":\"ListItem\",\"position\":2,\"name\":\"Og\u00f3lnopolska konferencja \u201eEdukacja dla bezpiecze\u0144stwa\u201d \u2013 trzy dni debat, warsztat\u00f3w i praktycznej wiedzy we Wroc\u0142awiu\"}]},{\"@type\":\"WebSite\",\"@id\":\"https:\/\/studia-wroclaw.pl\/#website\",\"url\":\"https:\/\/studia-wroclaw.pl\/\",\"name\":\"Studia Wroc\u0142aw\",\"description\":\"\",\"potentialAction\":[{\"@type\":\"SearchAction\",\"target\":{\"@type\":\"EntryPoint\",\"urlTemplate\":\"https:\/\/studia-wroclaw.pl\/?s={search_term_string}\"},\"query-input\":{\"@type\":\"PropertyValueSpecification\",\"valueRequired\":true,\"valueName\":\"search_term_string\"}}],\"inLanguage\":\"en-GB\"},{\"@type\":\"Person\",\"@id\":\"https:\/\/studia-wroclaw.pl\/#\/schema\/person\/25167c295ff956d20dd85a0868244ed9\",\"name\":\"wskz-admin\",\"image\":{\"@type\":\"ImageObject\",\"inLanguage\":\"en-GB\",\"@id\":\"https:\/\/studia-wroclaw.pl\/#\/schema\/person\/image\/\",\"url\":\"https:\/\/secure.gravatar.com\/avatar\/b1e35cc6a369e9ce09454c7b7d3e01977b475eb541d8ea19dc6899013185aed2?s=96&d=mm&r=g\",\"contentUrl\":\"https:\/\/secure.gravatar.com\/avatar\/b1e35cc6a369e9ce09454c7b7d3e01977b475eb541d8ea19dc6899013185aed2?s=96&d=mm&r=g\",\"caption\":\"wskz-admin\"},\"sameAs\":[\"https:\/\/studia-wroclaw.pl\"],\"url\":\"https:\/\/studia-wroclaw.pl\/en\/author\/wskz-admin\/\"}]}<\/script>\n<!-- \/ Yoast SEO plugin. -->","yoast_head_json":{"title":"Og\u00f3lnopolska konferencja \u201eEdukacja dla bezpiecze\u0144stwa\u201d \u2013 trzy dni debat, warsztat\u00f3w i praktycznej wiedzy we Wroc\u0142awiu - Studia Wroc\u0142aw","robots":{"index":"index","follow":"follow","max-snippet":"max-snippet:-1","max-image-preview":"max-image-preview:large","max-video-preview":"max-video-preview:-1"},"canonical":"https:\/\/studia-wroclaw.pl\/en\/ogolnopolska-konferencja-edukacja-dla-bezpieczenstwa-trzy-dni-debat-warsztatow-i-praktycznej-wiedzy-we-wroclawiu-2\/","og_locale":"en_GB","og_type":"article","og_title":"Og\u00f3lnopolska konferencja \u201eEdukacja dla bezpiecze\u0144stwa\u201d \u2013 trzy dni debat, warsztat\u00f3w i praktycznej wiedzy we Wroc\u0142awiu - Studia Wroc\u0142aw","og_description":"MW dniach 26\u201328 kwietnia 2026 r. we Wroc\u0142awiu odb\u0119dzie si\u0119 Og\u00f3lnopolska Konferencja Naukowa i cykl warsztat\u00f3w pt. \u201eEdukacja dla bezpiecze\u0144stwa \u2013 teoria, praktyka, wyzwania wsp\u00f3\u0142czesno\u015bci\u201d. Wydarzenie organizowane przez Instytut Kryminologii i Bezpiecze\u0144stwa Wewn\u0119trznego WSKZ stanowi przestrze\u0144 spotkania \u015brodowiska naukowego, administracji oraz praktyk\u00f3w systemu bezpiecze\u0144stwa. Konferencja ma charakter trzydniowy i hybrydowy. \u0141\u0105czy warsztaty stacjonarne z eksperck\u0105 [&hellip;]","og_url":"https:\/\/studia-wroclaw.pl\/en\/ogolnopolska-konferencja-edukacja-dla-bezpieczenstwa-trzy-dni-debat-warsztatow-i-praktycznej-wiedzy-we-wroclawiu-2\/","og_site_name":"Studia Wroc\u0142aw","article_published_time":"2026-04-28T22:12:50+00:00","article_modified_time":"2026-04-28T23:07:36+00:00","author":"wskz-admin","twitter_card":"summary_large_image","twitter_misc":{"Written by":"wskz-admin","Estimated reading time":"3 minutes"},"schema":{"@context":"https:\/\/schema.org","@graph":[{"@type":"WebPage","@id":"https:\/\/studia-wroclaw.pl\/ogolnopolska-konferencja-edukacja-dla-bezpieczenstwa-trzy-dni-debat-warsztatow-i-praktycznej-wiedzy-we-wroclawiu-2\/","url":"https:\/\/studia-wroclaw.pl\/ogolnopolska-konferencja-edukacja-dla-bezpieczenstwa-trzy-dni-debat-warsztatow-i-praktycznej-wiedzy-we-wroclawiu-2\/","name":"Og\u00f3lnopolska konferencja \u201eEdukacja dla bezpiecze\u0144stwa\u201d \u2013 trzy dni debat, warsztat\u00f3w i praktycznej wiedzy we Wroc\u0142awiu - Studia Wroc\u0142aw","isPartOf":{"@id":"https:\/\/studia-wroclaw.pl\/#website"},"datePublished":"2026-04-28T22:12:50+00:00","dateModified":"2026-04-28T23:07:36+00:00","author":{"@id":"https:\/\/studia-wroclaw.pl\/#\/schema\/person\/25167c295ff956d20dd85a0868244ed9"},"breadcrumb":{"@id":"https:\/\/studia-wroclaw.pl\/ogolnopolska-konferencja-edukacja-dla-bezpieczenstwa-trzy-dni-debat-warsztatow-i-praktycznej-wiedzy-we-wroclawiu-2\/#breadcrumb"},"inLanguage":"en-GB","potentialAction":[{"@type":"ReadAction","target":["https:\/\/studia-wroclaw.pl\/ogolnopolska-konferencja-edukacja-dla-bezpieczenstwa-trzy-dni-debat-warsztatow-i-praktycznej-wiedzy-we-wroclawiu-2\/"]}]},{"@type":"BreadcrumbList","@id":"https:\/\/studia-wroclaw.pl\/ogolnopolska-konferencja-edukacja-dla-bezpieczenstwa-trzy-dni-debat-warsztatow-i-praktycznej-wiedzy-we-wroclawiu-2\/#breadcrumb","itemListElement":[{"@type":"ListItem","position":1,"name":"Strona g\u0142\u00f3wna","item":"https:\/\/studia-wroclaw.pl\/"},{"@type":"ListItem","position":2,"name":"Og\u00f3lnopolska konferencja \u201eEdukacja dla bezpiecze\u0144stwa\u201d \u2013 trzy dni debat, warsztat\u00f3w i praktycznej wiedzy we Wroc\u0142awiu"}]},{"@type":"WebSite","@id":"https:\/\/studia-wroclaw.pl\/#website","url":"https:\/\/studia-wroclaw.pl\/","name":"Studies Wroclaw","description":"","potentialAction":[{"@type":"SearchAction","target":{"@type":"EntryPoint","urlTemplate":"https:\/\/studia-wroclaw.pl\/?s={search_term_string}"},"query-input":{"@type":"PropertyValueSpecification","valueRequired":true,"valueName":"search_term_string"}}],"inLanguage":"en-GB"},{"@type":"Person","@id":"https:\/\/studia-wroclaw.pl\/#\/schema\/person\/25167c295ff956d20dd85a0868244ed9","name":"wskz-admin","image":{"@type":"ImageObject","inLanguage":"en-GB","@id":"https:\/\/studia-wroclaw.pl\/#\/schema\/person\/image\/","url":"https:\/\/secure.gravatar.com\/avatar\/b1e35cc6a369e9ce09454c7b7d3e01977b475eb541d8ea19dc6899013185aed2?s=96&d=mm&r=g","contentUrl":"https:\/\/secure.gravatar.com\/avatar\/b1e35cc6a369e9ce09454c7b7d3e01977b475eb541d8ea19dc6899013185aed2?s=96&d=mm&r=g","caption":"wskz-admin"},"sameAs":["https:\/\/studia-wroclaw.pl"],"url":"https:\/\/studia-wroclaw.pl\/en\/author\/wskz-admin\/"}]}},"_links":{"self":[{"href":"https:\/\/studia-wroclaw.pl\/en\/wp-json\/wp\/v2\/posts\/10985","targetHints":{"allow":["GET"]}}],"collection":[{"href":"https:\/\/studia-wroclaw.pl\/en\/wp-json\/wp\/v2\/posts"}],"about":[{"href":"https:\/\/studia-wroclaw.pl\/en\/wp-json\/wp\/v2\/types\/post"}],"author":[{"embeddable":true,"href":"https:\/\/studia-wroclaw.pl\/en\/wp-json\/wp\/v2\/users\/1"}],"replies":[{"embeddable":true,"href":"https:\/\/studia-wroclaw.pl\/en\/wp-json\/wp\/v2\/comments?post=10985"}],"version-history":[{"count":2,"href":"https:\/\/studia-wroclaw.pl\/en\/wp-json\/wp\/v2\/posts\/10985\/revisions"}],"predecessor-version":[{"id":10987,"href":"https:\/\/studia-wroclaw.pl\/en\/wp-json\/wp\/v2\/posts\/10985\/revisions\/10987"}],"wp:attachment":[{"href":"https:\/\/studia-wroclaw.pl\/en\/wp-json\/wp\/v2\/media?parent=10985"}],"wp:term":[{"taxonomy":"category","embeddable":true,"href":"https:\/\/studia-wroclaw.pl\/en\/wp-json\/wp\/v2\/categories?post=10985"},{"taxonomy":"post_tag","embeddable":true,"href":"https:\/\/studia-wroclaw.pl\/en\/wp-json\/wp\/v2\/tags?post=10985"}],"curies":[{"name":"wp","href":"https:\/\/api.w.org\/{rel}","templated":true}]}}