{"id":10991,"date":"2026-04-29T00:12:50","date_gmt":"2026-04-28T22:12:50","guid":{"rendered":"https:\/\/studia-wroclaw.pl\/?p=10991"},"modified":"2026-04-29T01:16:03","modified_gmt":"2026-04-28T23:16:03","slug":"targi-pracy-wskz-inspirujace-spotkania-setki-rozmow-i-ponad-500-studentow-zarzadzania-na-kampusie","status":"publish","type":"post","link":"https:\/\/studia-wroclaw.pl\/en\/targi-pracy-wskz-inspirujace-spotkania-setki-rozmow-i-ponad-500-studentow-zarzadzania-na-kampusie\/","title":{"rendered":"Targi Pracy WSKZ &#8211; inspiruj\u0105ce spotkania, setki rozm\u00f3w i ponad 500 student\u00f3w Zarz\u0105dzania na kampusie!"},"content":{"rendered":"<p><strong>28 marca 2026 r.<\/strong> kampus Wy\u017cszej Szko\u0142y Kszta\u0142cenia Zawodowego we Wroc\u0142awiu ponownie sta\u0142 si\u0119 miejscem intensywnych rozm\u00f3w, wymiany do\u015bwiadcze\u0144 i planowania przysz\u0142ych karier. Podczas <strong>Targ\u00f3w Pracy WSKZ<\/strong> ponad <strong>500 student\u00f3w kierunku Zarz\u0105dzanie<\/strong> spotka\u0142o si\u0119 z pracodawcami, ekspertami bran\u017cowymi oraz przedstawicielami instytucji publicznych. Atmosfera by\u0142a dynamiczna, inspiruj\u0105ca i pe\u0142na merytorycznych tre\u015bci.<\/p>\n\n\n\n<p>Wydarzeniem <strong>kierowa\u0142a dr Sylwia Zakrzewska, Prodziekan ds. Studenckich Wydzia\u0142u Nauk Spo\u0142ecznych i Technicznych, wsp\u00f3lnie z nadinsp. w st. spocz. Arturem Bieleckim, Zast\u0119pc\u0105 Przewodnicz\u0105cego Rady Interesariuszy WSKZ, Centrum Rozwoju i Wsparcia Student\u00f3w oraz dyrekcj\u0105 Instytutu Zarz\u0105dzania i Nauk o Jako\u015bci. <\/strong>Podkre\u015blili oni, \u017ce Targi Pracy stanowi\u0105 kluczowy element budowania \u015bwiadomej \u015bcie\u017cki zawodowej, rozwijania kompetencji przysz\u0142o\u015bci oraz wzmacniania wsp\u00f3\u0142pracy uczelni z otoczeniem spo\u0142eczno\u2011gospodarczym.<\/p>\n\n\n\n<h2 class=\"wp-block-heading\"><strong>Silna reprezentacja WSKZ &#8211; kierownictwo, eksperci i partnerzy<\/strong><\/h2>\n\n\n\n<p>W\u015br\u00f3d os\u00f3b otwieraj\u0105cych i wspieraj\u0105cych wydarzenie znale\u017ali si\u0119:<\/p>\n\n\n\n<ul class=\"wp-block-list\">\n<li><strong>Ma\u0142gorzata Pi\u00f3rkowska<\/strong>, Pe\u0142nomocnik Rektora ds. R\u00f3wnego Traktowania &#8211; zwr\u00f3ci\u0142a uwag\u0119 na znaczenie r\u00f3wno\u015bci i dost\u0119pno\u015bci w \u015brodowisku pracy.<\/li>\n\n\n\n<li><strong>Dr Marika Szyma\u0144ska<\/strong>, Dyrektor Instytutu Zarz\u0105dzania i Nauk o Jako\u015bci &#8211; podkre\u015bli\u0142a wag\u0119 wsp\u00f3\u0142pracy z otoczeniem spo\u0142eczno\u2011gospodarczym oraz aktywnego udzia\u0142u student\u00f3w w \u017cyciu zawodowym regionu.<\/li>\n\n\n\n<li><strong>Mehmet \u00d6m\u00fcrl\u00fc<\/strong>, Zast\u0119pca Dyrektora Instytutu &#8211; zaakcentowa\u0142 praktyczny wymiar zdobywanych kompetencji.<\/li>\n\n\n\n<li><strong>dr Sylwia Ksi\u0105\u017cek<\/strong>, Koordynator Centrum Rozwoju i Wsparcia Student\u00f3w &#8211; wskaza\u0142a na potrzeb\u0119 \u015bwiadomego planowania kariery i rozwijania kompetencji mi\u0119kkich.<\/li>\n\n\n\n<li><strong>Ma\u0142gorzata Pacer<\/strong>, Dyrektor Centrum Wsp\u00f3\u0142pracy Mi\u0119dzynarodowej &#8211; przedstawi\u0142a studentom szerokie mo\u017cliwo\u015bci wyjazd\u00f3w w ramach <strong>Erasmus+<\/strong>, podkre\u015blaj\u0105c, \u017ce WSKZ nale\u017cy do <strong>najbardziej umi\u0119dzynarodowionych uczelni w Polsce<\/strong>.<\/li>\n<\/ul>\n\n\n\n<h2 class=\"wp-block-heading\"><strong>Rada Interesariuszy WSKZ &#8211; realny wp\u0142yw na kszta\u0142cenie i rynek pracy<\/strong><\/h2>\n\n\n\n<p>Szczeg\u00f3ln\u0105 rol\u0119 podczas wydarzenia odegra\u0142a <strong>Rada Interesariuszy WSKZ<\/strong>, kt\u00f3rej przedstawiciele podkre\u015blili znaczenie wsp\u00f3\u0142pracy uczelni z praktykami rynku pracy. <strong>Nadinspektor w stanie spoczynku Artur Bielecki<\/strong> zwr\u00f3ci\u0142 uwag\u0119 na:<\/p>\n\n\n\n<ul class=\"wp-block-list\">\n<li>strategiczny wp\u0142yw Rady na <strong>kszta\u0142t program\u00f3w studi\u00f3w<\/strong>,<\/li>\n\n\n\n<li>development <strong>apprenticeships<\/strong> i sta\u017cy,<\/li>\n\n\n\n<li>realne mo\u017cliwo\u015bci zatrudnienia dla student\u00f3w w instytucjach takich jak <strong>Policja, S\u0142u\u017cba Wi\u0119zienna, Wojsko, sektor bankowy (PKO)<\/strong>,<\/li>\n\n\n\n<li>konieczno\u015b\u0107 rozwijania kompetencji praktycznych ju\u017c na etapie studi\u00f3w.<\/li>\n<\/ul>\n\n\n\n<p>Jego wyst\u0105pienie wyra\u017anie pokaza\u0142o, jak wa\u017cne jest zaanga\u017cowanie ekspert\u00f3w\u2011praktyk\u00f3w w proces kszta\u0142cenia oraz jak du\u017cy wp\u0142yw ma Rada Interesariuszy na jako\u015b\u0107 i aktualno\u015b\u0107 program\u00f3w WSKZ.<\/p>\n\n\n\n<h2 class=\"wp-block-heading\"><strong>Co dzia\u0142o si\u0119 podczas targ\u00f3w?<\/strong><\/h2>\n\n\n\n<p>W programie znalaz\u0142y si\u0119 m.in.:<\/p>\n\n\n\n<ul class=\"wp-block-list\">\n<li>wyk\u0142ad ekspercki <strong>Paw\u0142a Zbigniewskiego (Veolia Energia Warszawa)<\/strong>,<\/li>\n\n\n\n<li>prezentacje pracodawc\u00f3w i rozmowy przy stoiskach,<\/li>\n\n\n\n<li>warsztaty: <strong>CV i LinkedIn<\/strong>, <strong>negocjacje wynagrodzenia<\/strong>, <strong>r\u00f3wno\u015b\u0107 i dost\u0119pno\u015b\u0107 w pracy<\/strong>,<\/li>\n\n\n\n<li>spotkanie informacyjne o mobilno\u015bciach <strong>Erasmus+<\/strong>,<\/li>\n\n\n\n<li>strefa indywidualnych konsultacji z pracodawcami,<\/li>\n\n\n\n<li>networking w swobodnej, inspiruj\u0105cej atmosferze.<\/li>\n<\/ul>\n\n\n\n<h2 class=\"wp-block-heading\"><strong>Wystawcy i partnerzy<\/strong><\/h2>\n\n\n\n<p>W\u015br\u00f3d aktywnych partner\u00f3w znale\u017ali si\u0119 m.in.: <strong>Horeca+, Wojskowe Centrum Rekrutacji, S\u0142u\u017cba Wi\u0119zienna, Komenda Wojew\u00f3dzka Policji we Wroc\u0142awiu, Experum, HR2 Face, Safety Project.<\/strong><\/p>\n\n\n\n<p><strong>Ko\u0142a naukowe &#8211; energia i inicjatywa student\u00f3w<\/strong><\/p>\n\n\n\n<p>Ko\u0142a naukowe kierunku Zarz\u0105dzanie zaprezentowa\u0142y swoje projekty, badania i inicjatywy, pokazuj\u0105c, jak silnie rozwija si\u0119 \u015brodowisko akademickie WSKZ.<\/p>\n\n\n\n<h2 class=\"wp-block-heading\"><strong>Wsp\u00f3\u0142praca akademicka i mi\u0119dzynarodowa<\/strong><\/h2>\n\n\n\n<p>WSKZ &#8211; jak zawsze &#8211; korzysta\u0142a z bazy dydaktycznej <strong>Uniwersytetu Wroc\u0142awskiego<\/strong>, co podkre\u015bla wysoki standard organizacyjny wydarzenia. Silnie wybrzmia\u0142a r\u00f3wnie\u017c <strong>wsp\u00f3\u0142praca mi\u0119dzynarodowa<\/strong>, kt\u00f3ra stanowi jeden z filar\u00f3w rozwoju uczelni i otwiera studentom drog\u0119 do globalnych \u015bcie\u017cek kariery.<\/p>\n\n\n\n<h2 class=\"wp-block-heading\"><strong>Dzi\u0119kujemy!<\/strong><\/h2>\n\n\n\n<p>Serdecznie dzi\u0119kujemy wszystkim partnerom, wystawcom, studentom oraz osobom zaanga\u017cowanym w organizacj\u0119 Targ\u00f3w Pracy WSKZ. <strong>W spos\u00f3b szczeg\u00f3lny dzi\u0119kujemy Komendzie Wojew\u00f3dzkiej Policji we Wroc\u0142awiu, S\u0142u\u017cbie Wi\u0119ziennej we Wroc\u0142awiu oraz firmie Safety Project<\/strong> &#8211; za aktywn\u0105 obecno\u015b\u0107, merytoryczne wsparcie i realne zaanga\u017cowanie w rozw\u00f3j kompetencji zawodowych naszych student\u00f3w.<\/p>\n\n\n\n<p>Dzi\u0119ki Pa\u0144stwa obecno\u015bci wydarzenie mia\u0142o intensywny, inspiruj\u0105cy charakter i sta\u0142o si\u0119 przestrzeni\u0105 pe\u0142n\u0105 realnych mo\u017cliwo\u015bci rozwoju zawodowego.<br><\/p>\n\n\n\n<figure class=\"wp-block-gallery has-nested-images columns-default is-cropped wp-block-gallery-1 is-layout-flex wp-block-gallery-is-layout-flex\">\n<figure class=\"wp-block-image size-large\"><img loading=\"lazy\" decoding=\"async\" width=\"1024\" height=\"769\" data-id=\"10995\" src=\"https:\/\/studia-wroclaw.pl\/wp-content\/uploads\/2026\/04\/IMG_20260328_121530-1024x769.jpg\" alt=\"\" class=\"wp-image-10995\" srcset=\"https:\/\/studia-wroclaw.pl\/wp-content\/uploads\/2026\/04\/IMG_20260328_121530-1024x769.jpg 1024w, https:\/\/studia-wroclaw.pl\/wp-content\/uploads\/2026\/04\/IMG_20260328_121530-300x225.jpg 300w, https:\/\/studia-wroclaw.pl\/wp-content\/uploads\/2026\/04\/IMG_20260328_121530-768x576.jpg 768w, https:\/\/studia-wroclaw.pl\/wp-content\/uploads\/2026\/04\/IMG_20260328_121530-1536x1153.jpg 1536w, https:\/\/studia-wroclaw.pl\/wp-content\/uploads\/2026\/04\/IMG_20260328_121530-16x12.jpg 16w, https:\/\/studia-wroclaw.pl\/wp-content\/uploads\/2026\/04\/IMG_20260328_121530.jpg 1648w\" sizes=\"auto, (max-width: 1024px) 100vw, 1024px\" \/><\/figure>\n\n\n\n<figure class=\"wp-block-image size-large\"><img loading=\"lazy\" decoding=\"async\" width=\"1024\" height=\"768\" data-id=\"10993\" src=\"https:\/\/studia-wroclaw.pl\/wp-content\/uploads\/2026\/04\/IMG-20260328-WA0005-1024x768.jpg\" alt=\"\" class=\"wp-image-10993\" srcset=\"https:\/\/studia-wroclaw.pl\/wp-content\/uploads\/2026\/04\/IMG-20260328-WA0005-1024x768.jpg 1024w, https:\/\/studia-wroclaw.pl\/wp-content\/uploads\/2026\/04\/IMG-20260328-WA0005-300x225.jpg 300w, https:\/\/studia-wroclaw.pl\/wp-content\/uploads\/2026\/04\/IMG-20260328-WA0005-768x576.jpg 768w, https:\/\/studia-wroclaw.pl\/wp-content\/uploads\/2026\/04\/IMG-20260328-WA0005-1536x1152.jpg 1536w, https:\/\/studia-wroclaw.pl\/wp-content\/uploads\/2026\/04\/IMG-20260328-WA0005-16x12.jpg 16w, https:\/\/studia-wroclaw.pl\/wp-content\/uploads\/2026\/04\/IMG-20260328-WA0005.jpg 1600w\" sizes=\"auto, (max-width: 1024px) 100vw, 1024px\" \/><\/figure>\n\n\n\n<figure class=\"wp-block-image size-large\"><img loading=\"lazy\" decoding=\"async\" width=\"1024\" height=\"765\" data-id=\"10997\" src=\"https:\/\/studia-wroclaw.pl\/wp-content\/uploads\/2026\/04\/IMG-20260328-WA0029-1024x765.jpg\" alt=\"\" class=\"wp-image-10997\" srcset=\"https:\/\/studia-wroclaw.pl\/wp-content\/uploads\/2026\/04\/IMG-20260328-WA0029-1024x765.jpg 1024w, https:\/\/studia-wroclaw.pl\/wp-content\/uploads\/2026\/04\/IMG-20260328-WA0029-300x224.jpg 300w, https:\/\/studia-wroclaw.pl\/wp-content\/uploads\/2026\/04\/IMG-20260328-WA0029-768x574.jpg 768w, https:\/\/studia-wroclaw.pl\/wp-content\/uploads\/2026\/04\/IMG-20260328-WA0029-1536x1148.jpg 1536w, https:\/\/studia-wroclaw.pl\/wp-content\/uploads\/2026\/04\/IMG-20260328-WA0029-16x12.jpg 16w, https:\/\/studia-wroclaw.pl\/wp-content\/uploads\/2026\/04\/IMG-20260328-WA0029.jpg 1600w\" sizes=\"auto, (max-width: 1024px) 100vw, 1024px\" \/><\/figure>\n\n\n\n<figure class=\"wp-block-image size-large\"><img loading=\"lazy\" decoding=\"async\" width=\"1024\" height=\"1007\" data-id=\"10998\" src=\"https:\/\/studia-wroclaw.pl\/wp-content\/uploads\/2026\/04\/IMG-20260328-WA0030-1024x1007.jpg\" alt=\"\" class=\"wp-image-10998\" srcset=\"https:\/\/studia-wroclaw.pl\/wp-content\/uploads\/2026\/04\/IMG-20260328-WA0030-1024x1007.jpg 1024w, https:\/\/studia-wroclaw.pl\/wp-content\/uploads\/2026\/04\/IMG-20260328-WA0030-300x295.jpg 300w, https:\/\/studia-wroclaw.pl\/wp-content\/uploads\/2026\/04\/IMG-20260328-WA0030-768x756.jpg 768w, https:\/\/studia-wroclaw.pl\/wp-content\/uploads\/2026\/04\/IMG-20260328-WA0030-1536x1511.jpg 1536w, https:\/\/studia-wroclaw.pl\/wp-content\/uploads\/2026\/04\/IMG-20260328-WA0030-12x12.jpg 12w, https:\/\/studia-wroclaw.pl\/wp-content\/uploads\/2026\/04\/IMG-20260328-WA0030.jpg 1600w\" sizes=\"auto, (max-width: 1024px) 100vw, 1024px\" \/><\/figure>\n\n\n\n<figure class=\"wp-block-image size-large\"><img loading=\"lazy\" decoding=\"async\" width=\"1024\" height=\"768\" data-id=\"10999\" src=\"https:\/\/studia-wroclaw.pl\/wp-content\/uploads\/2026\/04\/IMG-20260328-WA0031-1024x768.jpg\" alt=\"\" class=\"wp-image-10999\" srcset=\"https:\/\/studia-wroclaw.pl\/wp-content\/uploads\/2026\/04\/IMG-20260328-WA0031-1024x768.jpg 1024w, https:\/\/studia-wroclaw.pl\/wp-content\/uploads\/2026\/04\/IMG-20260328-WA0031-300x225.jpg 300w, https:\/\/studia-wroclaw.pl\/wp-content\/uploads\/2026\/04\/IMG-20260328-WA0031-768x576.jpg 768w, https:\/\/studia-wroclaw.pl\/wp-content\/uploads\/2026\/04\/IMG-20260328-WA0031-1536x1152.jpg 1536w, https:\/\/studia-wroclaw.pl\/wp-content\/uploads\/2026\/04\/IMG-20260328-WA0031-16x12.jpg 16w, https:\/\/studia-wroclaw.pl\/wp-content\/uploads\/2026\/04\/IMG-20260328-WA0031.jpg 1600w\" sizes=\"auto, (max-width: 1024px) 100vw, 1024px\" \/><\/figure>\n\n\n\n<figure class=\"wp-block-image size-large\"><img loading=\"lazy\" decoding=\"async\" width=\"1024\" height=\"768\" data-id=\"10994\" src=\"https:\/\/studia-wroclaw.pl\/wp-content\/uploads\/2026\/04\/IMG-20260328-WA0033-1024x768.jpg\" alt=\"\" class=\"wp-image-10994\" srcset=\"https:\/\/studia-wroclaw.pl\/wp-content\/uploads\/2026\/04\/IMG-20260328-WA0033-1024x768.jpg 1024w, https:\/\/studia-wroclaw.pl\/wp-content\/uploads\/2026\/04\/IMG-20260328-WA0033-300x225.jpg 300w, https:\/\/studia-wroclaw.pl\/wp-content\/uploads\/2026\/04\/IMG-20260328-WA0033-768x576.jpg 768w, https:\/\/studia-wroclaw.pl\/wp-content\/uploads\/2026\/04\/IMG-20260328-WA0033-1536x1152.jpg 1536w, https:\/\/studia-wroclaw.pl\/wp-content\/uploads\/2026\/04\/IMG-20260328-WA0033-16x12.jpg 16w, https:\/\/studia-wroclaw.pl\/wp-content\/uploads\/2026\/04\/IMG-20260328-WA0033.jpg 1600w\" sizes=\"auto, (max-width: 1024px) 100vw, 1024px\" \/><\/figure>\n\n\n\n<figure class=\"wp-block-image size-large\"><img loading=\"lazy\" decoding=\"async\" width=\"768\" height=\"1024\" data-id=\"10996\" src=\"https:\/\/studia-wroclaw.pl\/wp-content\/uploads\/2026\/04\/IMG-20260328-WA0039-768x1024.jpg\" alt=\"\" class=\"wp-image-10996\" srcset=\"https:\/\/studia-wroclaw.pl\/wp-content\/uploads\/2026\/04\/IMG-20260328-WA0039-768x1024.jpg 768w, https:\/\/studia-wroclaw.pl\/wp-content\/uploads\/2026\/04\/IMG-20260328-WA0039-225x300.jpg 225w, https:\/\/studia-wroclaw.pl\/wp-content\/uploads\/2026\/04\/IMG-20260328-WA0039-1152x1536.jpg 1152w, https:\/\/studia-wroclaw.pl\/wp-content\/uploads\/2026\/04\/IMG-20260328-WA0039-9x12.jpg 9w, https:\/\/studia-wroclaw.pl\/wp-content\/uploads\/2026\/04\/IMG-20260328-WA0039.jpg 1524w\" sizes=\"auto, (max-width: 768px) 100vw, 768px\" \/><\/figure>\n\n\n\n<figure class=\"wp-block-image size-large\"><img loading=\"lazy\" decoding=\"async\" width=\"1024\" height=\"768\" data-id=\"11000\" src=\"https:\/\/studia-wroclaw.pl\/wp-content\/uploads\/2026\/04\/IMG-20260328-WA0045-1024x768.jpg\" alt=\"\" class=\"wp-image-11000\" srcset=\"https:\/\/studia-wroclaw.pl\/wp-content\/uploads\/2026\/04\/IMG-20260328-WA0045-1024x768.jpg 1024w, https:\/\/studia-wroclaw.pl\/wp-content\/uploads\/2026\/04\/IMG-20260328-WA0045-300x225.jpg 300w, https:\/\/studia-wroclaw.pl\/wp-content\/uploads\/2026\/04\/IMG-20260328-WA0045-768x576.jpg 768w, https:\/\/studia-wroclaw.pl\/wp-content\/uploads\/2026\/04\/IMG-20260328-WA0045-1536x1152.jpg 1536w, https:\/\/studia-wroclaw.pl\/wp-content\/uploads\/2026\/04\/IMG-20260328-WA0045-16x12.jpg 16w, https:\/\/studia-wroclaw.pl\/wp-content\/uploads\/2026\/04\/IMG-20260328-WA0045.jpg 1600w\" sizes=\"auto, (max-width: 1024px) 100vw, 1024px\" \/><\/figure>\n<\/figure>","protected":false},"excerpt":{"rendered":"<p>28 marca 2026 r. kampus Wy\u017cszej Szko\u0142y Kszta\u0142cenia Zawodowego we Wroc\u0142awiu ponownie sta\u0142 si\u0119 miejscem intensywnych rozm\u00f3w, wymiany do\u015bwiadcze\u0144 i planowania przysz\u0142ych karier. Podczas Targ\u00f3w Pracy WSKZ ponad 500 student\u00f3w kierunku Zarz\u0105dzanie spotka\u0142o si\u0119 z pracodawcami, ekspertami bran\u017cowymi oraz przedstawicielami instytucji publicznych. Atmosfera by\u0142a dynamiczna, inspiruj\u0105ca i pe\u0142na merytorycznych tre\u015bci. Wydarzeniem kierowa\u0142a dr Sylwia Zakrzewska, [&hellip;]<\/p>","protected":false},"author":1,"featured_media":0,"comment_status":"closed","ping_status":"closed","sticky":false,"template":"","format":"standard","meta":{"om_disable_all_campaigns":false,"footnotes":""},"categories":[65],"tags":[],"class_list":["post-10991","post","type-post","status-publish","format-standard","hentry","category-studenci-wydzial-nsit"],"yoast_head":"<!-- This site is optimized with the Yoast SEO plugin v25.9 - https:\/\/yoast.com\/wordpress\/plugins\/seo\/ -->\n<title>Targi Pracy WSKZ - inspiruj\u0105ce spotkania, setki rozm\u00f3w i ponad 500 student\u00f3w Zarz\u0105dzania na kampusie! - Studia Wroc\u0142aw<\/title>\n<meta name=\"robots\" content=\"index, follow, max-snippet:-1, max-image-preview:large, max-video-preview:-1\" \/>\n<link rel=\"canonical\" href=\"https:\/\/studia-wroclaw.pl\/en\/targi-pracy-wskz-inspirujace-spotkania-setki-rozmow-i-ponad-500-studentow-zarzadzania-na-kampusie\/\" \/>\n<meta property=\"og:locale\" content=\"en_GB\" \/>\n<meta property=\"og:type\" content=\"article\" \/>\n<meta property=\"og:title\" content=\"Targi Pracy WSKZ - inspiruj\u0105ce spotkania, setki rozm\u00f3w i ponad 500 student\u00f3w Zarz\u0105dzania na kampusie! - Studia Wroc\u0142aw\" \/>\n<meta property=\"og:description\" content=\"28 marca 2026 r. kampus Wy\u017cszej Szko\u0142y Kszta\u0142cenia Zawodowego we Wroc\u0142awiu ponownie sta\u0142 si\u0119 miejscem intensywnych rozm\u00f3w, wymiany do\u015bwiadcze\u0144 i planowania przysz\u0142ych karier. Podczas Targ\u00f3w Pracy WSKZ ponad 500 student\u00f3w kierunku Zarz\u0105dzanie spotka\u0142o si\u0119 z pracodawcami, ekspertami bran\u017cowymi oraz przedstawicielami instytucji publicznych. Atmosfera by\u0142a dynamiczna, inspiruj\u0105ca i pe\u0142na merytorycznych tre\u015bci. Wydarzeniem kierowa\u0142a dr Sylwia Zakrzewska, [&hellip;]\" \/>\n<meta property=\"og:url\" content=\"https:\/\/studia-wroclaw.pl\/en\/targi-pracy-wskz-inspirujace-spotkania-setki-rozmow-i-ponad-500-studentow-zarzadzania-na-kampusie\/\" \/>\n<meta property=\"og:site_name\" content=\"Studia Wroc\u0142aw\" \/>\n<meta property=\"article:published_time\" content=\"2026-04-28T22:12:50+00:00\" \/>\n<meta property=\"article:modified_time\" content=\"2026-04-28T23:16:03+00:00\" \/>\n<meta property=\"og:image\" content=\"https:\/\/studia-wroclaw.pl\/wp-content\/uploads\/2026\/04\/IMG_20260328_121530.jpg\" \/>\n\t<meta property=\"og:image:width\" content=\"1648\" \/>\n\t<meta property=\"og:image:height\" content=\"1237\" \/>\n\t<meta property=\"og:image:type\" content=\"image\/jpeg\" \/>\n<meta name=\"author\" content=\"wskz-admin\" \/>\n<meta name=\"twitter:card\" content=\"summary_large_image\" \/>\n<meta name=\"twitter:label1\" content=\"Written by\" \/>\n\t<meta name=\"twitter:data1\" content=\"wskz-admin\" \/>\n\t<meta name=\"twitter:label2\" content=\"Estimated reading time\" \/>\n\t<meta name=\"twitter:data2\" content=\"5 minutes\" \/>\n<script type=\"application\/ld+json\" class=\"yoast-schema-graph\">{\"@context\":\"https:\/\/schema.org\",\"@graph\":[{\"@type\":\"WebPage\",\"@id\":\"https:\/\/studia-wroclaw.pl\/targi-pracy-wskz-inspirujace-spotkania-setki-rozmow-i-ponad-500-studentow-zarzadzania-na-kampusie\/\",\"url\":\"https:\/\/studia-wroclaw.pl\/targi-pracy-wskz-inspirujace-spotkania-setki-rozmow-i-ponad-500-studentow-zarzadzania-na-kampusie\/\",\"name\":\"Targi Pracy WSKZ - inspiruj\u0105ce spotkania, setki rozm\u00f3w i ponad 500 student\u00f3w Zarz\u0105dzania na kampusie! - Studia Wroc\u0142aw\",\"isPartOf\":{\"@id\":\"https:\/\/studia-wroclaw.pl\/#website\"},\"primaryImageOfPage\":{\"@id\":\"https:\/\/studia-wroclaw.pl\/targi-pracy-wskz-inspirujace-spotkania-setki-rozmow-i-ponad-500-studentow-zarzadzania-na-kampusie\/#primaryimage\"},\"image\":{\"@id\":\"https:\/\/studia-wroclaw.pl\/targi-pracy-wskz-inspirujace-spotkania-setki-rozmow-i-ponad-500-studentow-zarzadzania-na-kampusie\/#primaryimage\"},\"thumbnailUrl\":\"https:\/\/studia-wroclaw.pl\/wp-content\/uploads\/2026\/04\/IMG_20260328_121530-1024x769.jpg\",\"datePublished\":\"2026-04-28T22:12:50+00:00\",\"dateModified\":\"2026-04-28T23:16:03+00:00\",\"author\":{\"@id\":\"https:\/\/studia-wroclaw.pl\/#\/schema\/person\/25167c295ff956d20dd85a0868244ed9\"},\"breadcrumb\":{\"@id\":\"https:\/\/studia-wroclaw.pl\/targi-pracy-wskz-inspirujace-spotkania-setki-rozmow-i-ponad-500-studentow-zarzadzania-na-kampusie\/#breadcrumb\"},\"inLanguage\":\"en-GB\",\"potentialAction\":[{\"@type\":\"ReadAction\",\"target\":[\"https:\/\/studia-wroclaw.pl\/targi-pracy-wskz-inspirujace-spotkania-setki-rozmow-i-ponad-500-studentow-zarzadzania-na-kampusie\/\"]}]},{\"@type\":\"ImageObject\",\"inLanguage\":\"en-GB\",\"@id\":\"https:\/\/studia-wroclaw.pl\/targi-pracy-wskz-inspirujace-spotkania-setki-rozmow-i-ponad-500-studentow-zarzadzania-na-kampusie\/#primaryimage\",\"url\":\"https:\/\/studia-wroclaw.pl\/wp-content\/uploads\/2026\/04\/IMG_20260328_121530-1024x769.jpg\",\"contentUrl\":\"https:\/\/studia-wroclaw.pl\/wp-content\/uploads\/2026\/04\/IMG_20260328_121530-1024x769.jpg\"},{\"@type\":\"BreadcrumbList\",\"@id\":\"https:\/\/studia-wroclaw.pl\/targi-pracy-wskz-inspirujace-spotkania-setki-rozmow-i-ponad-500-studentow-zarzadzania-na-kampusie\/#breadcrumb\",\"itemListElement\":[{\"@type\":\"ListItem\",\"position\":1,\"name\":\"Strona g\u0142\u00f3wna\",\"item\":\"https:\/\/studia-wroclaw.pl\/\"},{\"@type\":\"ListItem\",\"position\":2,\"name\":\"Targi Pracy WSKZ &#8211; inspiruj\u0105ce spotkania, setki rozm\u00f3w i ponad 500 student\u00f3w Zarz\u0105dzania na kampusie!\"}]},{\"@type\":\"WebSite\",\"@id\":\"https:\/\/studia-wroclaw.pl\/#website\",\"url\":\"https:\/\/studia-wroclaw.pl\/\",\"name\":\"Studia Wroc\u0142aw\",\"description\":\"\",\"potentialAction\":[{\"@type\":\"SearchAction\",\"target\":{\"@type\":\"EntryPoint\",\"urlTemplate\":\"https:\/\/studia-wroclaw.pl\/?s={search_term_string}\"},\"query-input\":{\"@type\":\"PropertyValueSpecification\",\"valueRequired\":true,\"valueName\":\"search_term_string\"}}],\"inLanguage\":\"en-GB\"},{\"@type\":\"Person\",\"@id\":\"https:\/\/studia-wroclaw.pl\/#\/schema\/person\/25167c295ff956d20dd85a0868244ed9\",\"name\":\"wskz-admin\",\"image\":{\"@type\":\"ImageObject\",\"inLanguage\":\"en-GB\",\"@id\":\"https:\/\/studia-wroclaw.pl\/#\/schema\/person\/image\/\",\"url\":\"https:\/\/secure.gravatar.com\/avatar\/b1e35cc6a369e9ce09454c7b7d3e01977b475eb541d8ea19dc6899013185aed2?s=96&d=mm&r=g\",\"contentUrl\":\"https:\/\/secure.gravatar.com\/avatar\/b1e35cc6a369e9ce09454c7b7d3e01977b475eb541d8ea19dc6899013185aed2?s=96&d=mm&r=g\",\"caption\":\"wskz-admin\"},\"sameAs\":[\"https:\/\/studia-wroclaw.pl\"],\"url\":\"https:\/\/studia-wroclaw.pl\/en\/author\/wskz-admin\/\"}]}<\/script>\n<!-- \/ Yoast SEO plugin. -->","yoast_head_json":{"title":"Targi Pracy WSKZ - inspiruj\u0105ce spotkania, setki rozm\u00f3w i ponad 500 student\u00f3w Zarz\u0105dzania na kampusie! - Studia Wroc\u0142aw","robots":{"index":"index","follow":"follow","max-snippet":"max-snippet:-1","max-image-preview":"max-image-preview:large","max-video-preview":"max-video-preview:-1"},"canonical":"https:\/\/studia-wroclaw.pl\/en\/targi-pracy-wskz-inspirujace-spotkania-setki-rozmow-i-ponad-500-studentow-zarzadzania-na-kampusie\/","og_locale":"en_GB","og_type":"article","og_title":"Targi Pracy WSKZ - inspiruj\u0105ce spotkania, setki rozm\u00f3w i ponad 500 student\u00f3w Zarz\u0105dzania na kampusie! - Studia Wroc\u0142aw","og_description":"28 marca 2026 r. kampus Wy\u017cszej Szko\u0142y Kszta\u0142cenia Zawodowego we Wroc\u0142awiu ponownie sta\u0142 si\u0119 miejscem intensywnych rozm\u00f3w, wymiany do\u015bwiadcze\u0144 i planowania przysz\u0142ych karier. Podczas Targ\u00f3w Pracy WSKZ ponad 500 student\u00f3w kierunku Zarz\u0105dzanie spotka\u0142o si\u0119 z pracodawcami, ekspertami bran\u017cowymi oraz przedstawicielami instytucji publicznych. Atmosfera by\u0142a dynamiczna, inspiruj\u0105ca i pe\u0142na merytorycznych tre\u015bci. Wydarzeniem kierowa\u0142a dr Sylwia Zakrzewska, [&hellip;]","og_url":"https:\/\/studia-wroclaw.pl\/en\/targi-pracy-wskz-inspirujace-spotkania-setki-rozmow-i-ponad-500-studentow-zarzadzania-na-kampusie\/","og_site_name":"Studia Wroc\u0142aw","article_published_time":"2026-04-28T22:12:50+00:00","article_modified_time":"2026-04-28T23:16:03+00:00","og_image":[{"width":1648,"height":1237,"url":"https:\/\/studia-wroclaw.pl\/wp-content\/uploads\/2026\/04\/IMG_20260328_121530.jpg","type":"image\/jpeg"}],"author":"wskz-admin","twitter_card":"summary_large_image","twitter_misc":{"Written by":"wskz-admin","Estimated reading time":"5 minutes"},"schema":{"@context":"https:\/\/schema.org","@graph":[{"@type":"WebPage","@id":"https:\/\/studia-wroclaw.pl\/targi-pracy-wskz-inspirujace-spotkania-setki-rozmow-i-ponad-500-studentow-zarzadzania-na-kampusie\/","url":"https:\/\/studia-wroclaw.pl\/targi-pracy-wskz-inspirujace-spotkania-setki-rozmow-i-ponad-500-studentow-zarzadzania-na-kampusie\/","name":"Targi Pracy WSKZ - inspiruj\u0105ce spotkania, setki rozm\u00f3w i ponad 500 student\u00f3w Zarz\u0105dzania na kampusie! - Studia Wroc\u0142aw","isPartOf":{"@id":"https:\/\/studia-wroclaw.pl\/#website"},"primaryImageOfPage":{"@id":"https:\/\/studia-wroclaw.pl\/targi-pracy-wskz-inspirujace-spotkania-setki-rozmow-i-ponad-500-studentow-zarzadzania-na-kampusie\/#primaryimage"},"image":{"@id":"https:\/\/studia-wroclaw.pl\/targi-pracy-wskz-inspirujace-spotkania-setki-rozmow-i-ponad-500-studentow-zarzadzania-na-kampusie\/#primaryimage"},"thumbnailUrl":"https:\/\/studia-wroclaw.pl\/wp-content\/uploads\/2026\/04\/IMG_20260328_121530-1024x769.jpg","datePublished":"2026-04-28T22:12:50+00:00","dateModified":"2026-04-28T23:16:03+00:00","author":{"@id":"https:\/\/studia-wroclaw.pl\/#\/schema\/person\/25167c295ff956d20dd85a0868244ed9"},"breadcrumb":{"@id":"https:\/\/studia-wroclaw.pl\/targi-pracy-wskz-inspirujace-spotkania-setki-rozmow-i-ponad-500-studentow-zarzadzania-na-kampusie\/#breadcrumb"},"inLanguage":"en-GB","potentialAction":[{"@type":"ReadAction","target":["https:\/\/studia-wroclaw.pl\/targi-pracy-wskz-inspirujace-spotkania-setki-rozmow-i-ponad-500-studentow-zarzadzania-na-kampusie\/"]}]},{"@type":"ImageObject","inLanguage":"en-GB","@id":"https:\/\/studia-wroclaw.pl\/targi-pracy-wskz-inspirujace-spotkania-setki-rozmow-i-ponad-500-studentow-zarzadzania-na-kampusie\/#primaryimage","url":"https:\/\/studia-wroclaw.pl\/wp-content\/uploads\/2026\/04\/IMG_20260328_121530-1024x769.jpg","contentUrl":"https:\/\/studia-wroclaw.pl\/wp-content\/uploads\/2026\/04\/IMG_20260328_121530-1024x769.jpg"},{"@type":"BreadcrumbList","@id":"https:\/\/studia-wroclaw.pl\/targi-pracy-wskz-inspirujace-spotkania-setki-rozmow-i-ponad-500-studentow-zarzadzania-na-kampusie\/#breadcrumb","itemListElement":[{"@type":"ListItem","position":1,"name":"Strona g\u0142\u00f3wna","item":"https:\/\/studia-wroclaw.pl\/"},{"@type":"ListItem","position":2,"name":"Targi Pracy WSKZ &#8211; inspiruj\u0105ce spotkania, setki rozm\u00f3w i ponad 500 student\u00f3w Zarz\u0105dzania na kampusie!"}]},{"@type":"WebSite","@id":"https:\/\/studia-wroclaw.pl\/#website","url":"https:\/\/studia-wroclaw.pl\/","name":"Studies Wroclaw","description":"","potentialAction":[{"@type":"SearchAction","target":{"@type":"EntryPoint","urlTemplate":"https:\/\/studia-wroclaw.pl\/?s={search_term_string}"},"query-input":{"@type":"PropertyValueSpecification","valueRequired":true,"valueName":"search_term_string"}}],"inLanguage":"en-GB"},{"@type":"Person","@id":"https:\/\/studia-wroclaw.pl\/#\/schema\/person\/25167c295ff956d20dd85a0868244ed9","name":"wskz-admin","image":{"@type":"ImageObject","inLanguage":"en-GB","@id":"https:\/\/studia-wroclaw.pl\/#\/schema\/person\/image\/","url":"https:\/\/secure.gravatar.com\/avatar\/b1e35cc6a369e9ce09454c7b7d3e01977b475eb541d8ea19dc6899013185aed2?s=96&d=mm&r=g","contentUrl":"https:\/\/secure.gravatar.com\/avatar\/b1e35cc6a369e9ce09454c7b7d3e01977b475eb541d8ea19dc6899013185aed2?s=96&d=mm&r=g","caption":"wskz-admin"},"sameAs":["https:\/\/studia-wroclaw.pl"],"url":"https:\/\/studia-wroclaw.pl\/en\/author\/wskz-admin\/"}]}},"_links":{"self":[{"href":"https:\/\/studia-wroclaw.pl\/en\/wp-json\/wp\/v2\/posts\/10991","targetHints":{"allow":["GET"]}}],"collection":[{"href":"https:\/\/studia-wroclaw.pl\/en\/wp-json\/wp\/v2\/posts"}],"about":[{"href":"https:\/\/studia-wroclaw.pl\/en\/wp-json\/wp\/v2\/types\/post"}],"author":[{"embeddable":true,"href":"https:\/\/studia-wroclaw.pl\/en\/wp-json\/wp\/v2\/users\/1"}],"replies":[{"embeddable":true,"href":"https:\/\/studia-wroclaw.pl\/en\/wp-json\/wp\/v2\/comments?post=10991"}],"version-history":[{"count":2,"href":"https:\/\/studia-wroclaw.pl\/en\/wp-json\/wp\/v2\/posts\/10991\/revisions"}],"predecessor-version":[{"id":11001,"href":"https:\/\/studia-wroclaw.pl\/en\/wp-json\/wp\/v2\/posts\/10991\/revisions\/11001"}],"wp:attachment":[{"href":"https:\/\/studia-wroclaw.pl\/en\/wp-json\/wp\/v2\/media?parent=10991"}],"wp:term":[{"taxonomy":"category","embeddable":true,"href":"https:\/\/studia-wroclaw.pl\/en\/wp-json\/wp\/v2\/categories?post=10991"},{"taxonomy":"post_tag","embeddable":true,"href":"https:\/\/studia-wroclaw.pl\/en\/wp-json\/wp\/v2\/tags?post=10991"}],"curies":[{"name":"wp","href":"https:\/\/api.w.org\/{rel}","templated":true}]}}