{"id":11010,"date":"2026-04-30T13:17:09","date_gmt":"2026-04-30T11:17:09","guid":{"rendered":"https:\/\/studia-wroclaw.pl\/?p=11010"},"modified":"2026-04-30T13:17:10","modified_gmt":"2026-04-30T11:17:10","slug":"glos-wskz-w-ogolnopolskiej-debacie-o-standardach-ksztalcenia-psychologow","status":"publish","type":"post","link":"https:\/\/studia-wroclaw.pl\/en\/glos-wskz-w-ogolnopolskiej-debacie-o-standardach-ksztalcenia-psychologow\/","title":{"rendered":"G\u0142os WSKZ w og\u00f3lnopolskiej debacie o standardach kszta\u0142cenia psycholog\u00f3w"},"content":{"rendered":"<p>Dnia 23 kwietnia 2026 roku \u0141\u00f3d\u017a sta\u0142a si\u0119 miejscem wa\u017cnej dyskusji o przysz\u0142o\u015bci zawodu psychologa. Podczas og\u00f3lnopolskiego seminarium naukowego \u201ePsycholog \u2013 standardy kszta\u0142cenia psycholog\u00f3w w Polsce i Europie\u201d w <strong>debacie aktywnie uczestniczyli przedstawiciele Wydzia\u0142u Psychologii WSKZ. <\/strong>Sprawd\u017a, jak przebieg\u0142o spotkanie.&nbsp;<\/p>\n\n\n\n<h2 class=\"wp-block-heading\">Reprezentacja Uczelni<\/h2>\n\n\n\n<p>Uczelni\u0119 reprezentowali dr hab. Artur Zi\u00f3\u0142kowski, prof. WSKZ \u2013 Dziekan Wydzia\u0142u Psychologii, oraz mgr Piotr St\u0119pkowski \u2013 Prodziekan ds. Wsp\u00f3\u0142pracy i Promocji. Ich obecno\u015b\u0107, na zaproszenie prof. dr hab. Janiny Ogi\u0144skiej-Bulik (Uniwersytet \u0141\u00f3dzki, wyk\u0142adowczyni WSKZ), <strong>potwierdza zaanga\u017cowanie Uczelni w kszta\u0142towanie kierunk\u00f3w rozwoju wsp\u00f3\u0142czesnej psychologii.<\/strong><\/p>\n\n\n\n<h2 class=\"wp-block-heading\">Wsp\u00f3lna przestrze\u0144 dla nauki i praktyki<\/h2>\n\n\n\n<p>Seminarium, zorganizowane przez Instytut Psychologii Uniwersytetu \u0141\u00f3dzkiego w ramach European Semester of Psychology, <strong>stworzy\u0142o przestrze\u0144 do intensywnej wymiany wiedzy i do\u015bwiadcze\u0144. <\/strong>W centrum dyskusji znalaz\u0142y si\u0119 kwestie:<\/p>\n\n\n\n<ul class=\"wp-block-list\">\n<li>jako\u015bci i sp\u00f3jno\u015bci kszta\u0142cenia psycholog\u00f3w;<\/li>\n\n\n\n<li>rozwijania kompetencji zawodowych;<\/li>\n\n\n\n<li>przygotowania do odpowiedzialnej praktyki.<\/li>\n<\/ul>\n\n\n\n<h2 class=\"wp-block-heading\">Kluczowe wyst\u0105pienia i tematy<\/h2>\n\n\n\n<p>W\u015br\u00f3d prelegent\u00f3w znale\u017ali si\u0119 czo\u0142owi przedstawiciele polskiej psychologii.<strong> Szczeg\u00f3lne zainteresowanie wzbudzi\u0142o wyst\u0105pienie prof. dr. hab. Wojciecha \u0141ukasza Dragana, kt\u00f3ry om\u00f3wi\u0142 standardy kszta\u0142cenia psycholog\u00f3w w Polsce. <\/strong>Europejsk\u0105 perspektyw\u0119 uzupe\u0142ni\u0142a dr hab. Beata Krzywosz-Rynkiewicz, prof. UWM.<\/p>\n\n\n\n<p>Istotnym elementem programu by\u0142y r\u00f3wnie\u017c wyst\u0105pienia dr. hab. Adama Tarnowskiego, prof. UMK. <strong>Po\u015bwi\u0119cone zosta\u0142o ono rozwojowi kompetencji zawodowych oraz roli sta\u017cu i superwizji w przygotowaniu do pracy psychologa. <\/strong>Uczestnicy mieli tak\u017ce okazj\u0119 zapozna\u0107 si\u0119 z wynikami bada\u0144 dotycz\u0105cych spo\u0142ecznego postrzegania tego zawodu.<\/p>\n\n\n\n<h2 class=\"wp-block-heading\">Aktywny udzia\u0142 WSKZ w dyskusji<\/h2>\n\n\n\n<p>Udzia\u0142 przedstawicieli WSKZ w seminarium to nie tylko obecno\u015b\u0107, ale <strong>cenny wk\u0142ad w og\u00f3lnopolsk\u0105 debat\u0119 o jako\u015bci kszta\u0142cenia psycholog\u00f3w. <\/strong>To jeden z kluczowych temat\u00f3w dla \u015brodowiska, kt\u00f3ry bezpo\u015brednio wp\u0142ywa na przysz\u0142o\u015b\u0107 zawodu i standardy pracy specjalist\u00f3w.<\/p>\n\n\n\n<p>Aktywno\u015b\u0107 WSKZ w tego typu wydarzeniach pokazuje, \u017ce Uczelnia nie tylko reaguje na zmiany, ale wsp\u00f3\u0142tworzy kierunki rozwoju edukacji psychologicznej \u2013 zar\u00f3wno w Polsce, jak i w szerszym, europejskim kontek\u015bcie.<\/p>\n\n\n\n<figure class=\"wp-block-gallery has-nested-images columns-default is-cropped wp-block-gallery-1 is-layout-flex wp-block-gallery-is-layout-flex\">\n<figure class=\"wp-block-image size-large\"><img loading=\"lazy\" decoding=\"async\" width=\"768\" height=\"1024\" data-id=\"11026\" src=\"https:\/\/studia-wroclaw.pl\/wp-content\/uploads\/2026\/04\/IMG_3778-1-768x1024.jpeg\" alt=\"\" class=\"wp-image-11026\" srcset=\"https:\/\/studia-wroclaw.pl\/wp-content\/uploads\/2026\/04\/IMG_3778-1-768x1024.jpeg 768w, https:\/\/studia-wroclaw.pl\/wp-content\/uploads\/2026\/04\/IMG_3778-1-225x300.jpeg 225w, https:\/\/studia-wroclaw.pl\/wp-content\/uploads\/2026\/04\/IMG_3778-1-1152x1536.jpeg 1152w, https:\/\/studia-wroclaw.pl\/wp-content\/uploads\/2026\/04\/IMG_3778-1-1536x2048.jpeg 1536w, https:\/\/studia-wroclaw.pl\/wp-content\/uploads\/2026\/04\/IMG_3778-1-9x12.jpeg 9w, https:\/\/studia-wroclaw.pl\/wp-content\/uploads\/2026\/04\/IMG_3778-1-scaled.jpeg 1920w\" sizes=\"auto, (max-width: 768px) 100vw, 768px\" \/><\/figure>\n\n\n\n<figure class=\"wp-block-image size-large\"><img loading=\"lazy\" decoding=\"async\" width=\"1024\" height=\"768\" data-id=\"11025\" src=\"https:\/\/studia-wroclaw.pl\/wp-content\/uploads\/2026\/04\/IMG_3781-1-1024x768.jpeg\" alt=\"\" class=\"wp-image-11025\" srcset=\"https:\/\/studia-wroclaw.pl\/wp-content\/uploads\/2026\/04\/IMG_3781-1-1024x768.jpeg 1024w, https:\/\/studia-wroclaw.pl\/wp-content\/uploads\/2026\/04\/IMG_3781-1-300x225.jpeg 300w, https:\/\/studia-wroclaw.pl\/wp-content\/uploads\/2026\/04\/IMG_3781-1-768x576.jpeg 768w, https:\/\/studia-wroclaw.pl\/wp-content\/uploads\/2026\/04\/IMG_3781-1-1536x1152.jpeg 1536w, https:\/\/studia-wroclaw.pl\/wp-content\/uploads\/2026\/04\/IMG_3781-1-2048x1536.jpeg 2048w, https:\/\/studia-wroclaw.pl\/wp-content\/uploads\/2026\/04\/IMG_3781-1-16x12.jpeg 16w\" sizes=\"auto, (max-width: 1024px) 100vw, 1024px\" \/><\/figure>\n\n\n\n<figure class=\"wp-block-image size-large\"><img loading=\"lazy\" decoding=\"async\" width=\"1024\" height=\"768\" data-id=\"11029\" src=\"https:\/\/studia-wroclaw.pl\/wp-content\/uploads\/2026\/04\/IMG_3785-1-1024x768.jpeg\" alt=\"\" class=\"wp-image-11029\" srcset=\"https:\/\/studia-wroclaw.pl\/wp-content\/uploads\/2026\/04\/IMG_3785-1-1024x768.jpeg 1024w, https:\/\/studia-wroclaw.pl\/wp-content\/uploads\/2026\/04\/IMG_3785-1-300x225.jpeg 300w, https:\/\/studia-wroclaw.pl\/wp-content\/uploads\/2026\/04\/IMG_3785-1-768x576.jpeg 768w, https:\/\/studia-wroclaw.pl\/wp-content\/uploads\/2026\/04\/IMG_3785-1-1536x1152.jpeg 1536w, https:\/\/studia-wroclaw.pl\/wp-content\/uploads\/2026\/04\/IMG_3785-1-2048x1536.jpeg 2048w, https:\/\/studia-wroclaw.pl\/wp-content\/uploads\/2026\/04\/IMG_3785-1-16x12.jpeg 16w\" sizes=\"auto, (max-width: 1024px) 100vw, 1024px\" \/><\/figure>\n\n\n\n<figure class=\"wp-block-image size-large\"><img loading=\"lazy\" decoding=\"async\" width=\"1024\" height=\"768\" data-id=\"11027\" src=\"https:\/\/studia-wroclaw.pl\/wp-content\/uploads\/2026\/04\/IMG_3800-1-1024x768.jpeg\" alt=\"\" class=\"wp-image-11027\" srcset=\"https:\/\/studia-wroclaw.pl\/wp-content\/uploads\/2026\/04\/IMG_3800-1-1024x768.jpeg 1024w, https:\/\/studia-wroclaw.pl\/wp-content\/uploads\/2026\/04\/IMG_3800-1-300x225.jpeg 300w, https:\/\/studia-wroclaw.pl\/wp-content\/uploads\/2026\/04\/IMG_3800-1-768x576.jpeg 768w, https:\/\/studia-wroclaw.pl\/wp-content\/uploads\/2026\/04\/IMG_3800-1-1536x1152.jpeg 1536w, https:\/\/studia-wroclaw.pl\/wp-content\/uploads\/2026\/04\/IMG_3800-1-2048x1536.jpeg 2048w, https:\/\/studia-wroclaw.pl\/wp-content\/uploads\/2026\/04\/IMG_3800-1-16x12.jpeg 16w\" sizes=\"auto, (max-width: 1024px) 100vw, 1024px\" \/><\/figure>\n\n\n\n<figure class=\"wp-block-image size-large\"><img loading=\"lazy\" decoding=\"async\" width=\"768\" height=\"1024\" data-id=\"11028\" src=\"https:\/\/studia-wroclaw.pl\/wp-content\/uploads\/2026\/04\/IMG_3829-1-768x1024.jpeg\" alt=\"\" class=\"wp-image-11028\" srcset=\"https:\/\/studia-wroclaw.pl\/wp-content\/uploads\/2026\/04\/IMG_3829-1-768x1024.jpeg 768w, https:\/\/studia-wroclaw.pl\/wp-content\/uploads\/2026\/04\/IMG_3829-1-225x300.jpeg 225w, https:\/\/studia-wroclaw.pl\/wp-content\/uploads\/2026\/04\/IMG_3829-1-1152x1536.jpeg 1152w, https:\/\/studia-wroclaw.pl\/wp-content\/uploads\/2026\/04\/IMG_3829-1-1536x2048.jpeg 1536w, https:\/\/studia-wroclaw.pl\/wp-content\/uploads\/2026\/04\/IMG_3829-1-9x12.jpeg 9w, https:\/\/studia-wroclaw.pl\/wp-content\/uploads\/2026\/04\/IMG_3829-1-scaled.jpeg 1920w\" sizes=\"auto, (max-width: 768px) 100vw, 768px\" \/><\/figure>\n\n\n\n<figure class=\"wp-block-image size-large\"><img loading=\"lazy\" decoding=\"async\" width=\"768\" height=\"1024\" data-id=\"11030\" src=\"https:\/\/studia-wroclaw.pl\/wp-content\/uploads\/2026\/04\/IMG_3835-1-768x1024.jpeg\" alt=\"\" class=\"wp-image-11030\" srcset=\"https:\/\/studia-wroclaw.pl\/wp-content\/uploads\/2026\/04\/IMG_3835-1-768x1024.jpeg 768w, https:\/\/studia-wroclaw.pl\/wp-content\/uploads\/2026\/04\/IMG_3835-1-225x300.jpeg 225w, https:\/\/studia-wroclaw.pl\/wp-content\/uploads\/2026\/04\/IMG_3835-1-1152x1536.jpeg 1152w, https:\/\/studia-wroclaw.pl\/wp-content\/uploads\/2026\/04\/IMG_3835-1-1536x2048.jpeg 1536w, https:\/\/studia-wroclaw.pl\/wp-content\/uploads\/2026\/04\/IMG_3835-1-9x12.jpeg 9w, https:\/\/studia-wroclaw.pl\/wp-content\/uploads\/2026\/04\/IMG_3835-1-scaled.jpeg 1920w\" sizes=\"auto, (max-width: 768px) 100vw, 768px\" \/><\/figure>\n<\/figure>","protected":false},"excerpt":{"rendered":"<p>Dnia 23 kwietnia 2026 roku \u0141\u00f3d\u017a sta\u0142a si\u0119 miejscem wa\u017cnej dyskusji o przysz\u0142o\u015bci zawodu psychologa. Podczas og\u00f3lnopolskiego seminarium naukowego \u201ePsycholog \u2013 standardy kszta\u0142cenia psycholog\u00f3w w Polsce i Europie\u201d w debacie aktywnie uczestniczyli przedstawiciele Wydzia\u0142u Psychologii WSKZ. Sprawd\u017a, jak przebieg\u0142o spotkanie.&nbsp; Reprezentacja Uczelni Uczelni\u0119 reprezentowali dr hab. Artur Zi\u00f3\u0142kowski, prof. WSKZ \u2013 Dziekan Wydzia\u0142u Psychologii, oraz [&hellip;]<\/p>","protected":false},"author":36,"featured_media":0,"comment_status":"open","ping_status":"open","sticky":false,"template":"","format":"standard","meta":{"om_disable_all_campaigns":false,"footnotes":""},"categories":[50],"tags":[],"class_list":["post-11010","post","type-post","status-publish","format-standard","hentry","category-aktualnosci"],"yoast_head":"<!-- This site is optimized with the Yoast SEO plugin v25.9 - https:\/\/yoast.com\/wordpress\/plugins\/seo\/ -->\n<title>G\u0142os WSKZ w og\u00f3lnopolskiej debacie o standardach kszta\u0142cenia psycholog\u00f3w - Studia Wroc\u0142aw<\/title>\n<meta name=\"robots\" content=\"index, follow, max-snippet:-1, max-image-preview:large, max-video-preview:-1\" \/>\n<link rel=\"canonical\" href=\"https:\/\/studia-wroclaw.pl\/en\/glos-wskz-w-ogolnopolskiej-debacie-o-standardach-ksztalcenia-psychologow\/\" \/>\n<meta property=\"og:locale\" content=\"en_GB\" \/>\n<meta property=\"og:type\" content=\"article\" \/>\n<meta property=\"og:title\" content=\"G\u0142os WSKZ w og\u00f3lnopolskiej debacie o standardach kszta\u0142cenia psycholog\u00f3w - Studia Wroc\u0142aw\" \/>\n<meta property=\"og:description\" content=\"Dnia 23 kwietnia 2026 roku \u0141\u00f3d\u017a sta\u0142a si\u0119 miejscem wa\u017cnej dyskusji o przysz\u0142o\u015bci zawodu psychologa. Podczas og\u00f3lnopolskiego seminarium naukowego \u201ePsycholog \u2013 standardy kszta\u0142cenia psycholog\u00f3w w Polsce i Europie\u201d w debacie aktywnie uczestniczyli przedstawiciele Wydzia\u0142u Psychologii WSKZ. Sprawd\u017a, jak przebieg\u0142o spotkanie.&nbsp; Reprezentacja Uczelni Uczelni\u0119 reprezentowali dr hab. Artur Zi\u00f3\u0142kowski, prof. WSKZ \u2013 Dziekan Wydzia\u0142u Psychologii, oraz [&hellip;]\" \/>\n<meta property=\"og:url\" content=\"https:\/\/studia-wroclaw.pl\/en\/glos-wskz-w-ogolnopolskiej-debacie-o-standardach-ksztalcenia-psychologow\/\" \/>\n<meta property=\"og:site_name\" content=\"Studia Wroc\u0142aw\" \/>\n<meta property=\"article:published_time\" content=\"2026-04-30T11:17:09+00:00\" \/>\n<meta property=\"article:modified_time\" content=\"2026-04-30T11:17:10+00:00\" \/>\n<meta property=\"og:image\" content=\"https:\/\/studia-wroclaw.pl\/wp-content\/uploads\/2026\/04\/IMG_3778-1-scaled.jpeg\" \/>\n\t<meta property=\"og:image:width\" content=\"1920\" \/>\n\t<meta property=\"og:image:height\" content=\"2560\" \/>\n\t<meta property=\"og:image:type\" content=\"image\/jpeg\" \/>\n<meta name=\"author\" content=\"Karina Dycha\u0142a\" \/>\n<meta name=\"twitter:card\" content=\"summary_large_image\" \/>\n<meta name=\"twitter:label1\" content=\"Written by\" \/>\n\t<meta name=\"twitter:data1\" content=\"Karina Dycha\u0142a\" \/>\n\t<meta name=\"twitter:label2\" content=\"Estimated reading time\" \/>\n\t<meta name=\"twitter:data2\" content=\"3 minutes\" \/>\n<script type=\"application\/ld+json\" class=\"yoast-schema-graph\">{\"@context\":\"https:\/\/schema.org\",\"@graph\":[{\"@type\":\"WebPage\",\"@id\":\"https:\/\/studia-wroclaw.pl\/glos-wskz-w-ogolnopolskiej-debacie-o-standardach-ksztalcenia-psychologow\/\",\"url\":\"https:\/\/studia-wroclaw.pl\/glos-wskz-w-ogolnopolskiej-debacie-o-standardach-ksztalcenia-psychologow\/\",\"name\":\"G\u0142os WSKZ w og\u00f3lnopolskiej debacie o standardach kszta\u0142cenia psycholog\u00f3w - Studia Wroc\u0142aw\",\"isPartOf\":{\"@id\":\"https:\/\/studia-wroclaw.pl\/#website\"},\"primaryImageOfPage\":{\"@id\":\"https:\/\/studia-wroclaw.pl\/glos-wskz-w-ogolnopolskiej-debacie-o-standardach-ksztalcenia-psychologow\/#primaryimage\"},\"image\":{\"@id\":\"https:\/\/studia-wroclaw.pl\/glos-wskz-w-ogolnopolskiej-debacie-o-standardach-ksztalcenia-psychologow\/#primaryimage\"},\"thumbnailUrl\":\"https:\/\/studia-wroclaw.pl\/wp-content\/uploads\/2026\/04\/IMG_3778-1-768x1024.jpeg\",\"datePublished\":\"2026-04-30T11:17:09+00:00\",\"dateModified\":\"2026-04-30T11:17:10+00:00\",\"author\":{\"@id\":\"https:\/\/studia-wroclaw.pl\/#\/schema\/person\/50f212a057f8ab718194a85c9aecb4d5\"},\"breadcrumb\":{\"@id\":\"https:\/\/studia-wroclaw.pl\/glos-wskz-w-ogolnopolskiej-debacie-o-standardach-ksztalcenia-psychologow\/#breadcrumb\"},\"inLanguage\":\"en-GB\",\"potentialAction\":[{\"@type\":\"ReadAction\",\"target\":[\"https:\/\/studia-wroclaw.pl\/glos-wskz-w-ogolnopolskiej-debacie-o-standardach-ksztalcenia-psychologow\/\"]}]},{\"@type\":\"ImageObject\",\"inLanguage\":\"en-GB\",\"@id\":\"https:\/\/studia-wroclaw.pl\/glos-wskz-w-ogolnopolskiej-debacie-o-standardach-ksztalcenia-psychologow\/#primaryimage\",\"url\":\"https:\/\/studia-wroclaw.pl\/wp-content\/uploads\/2026\/04\/IMG_3778-1-768x1024.jpeg\",\"contentUrl\":\"https:\/\/studia-wroclaw.pl\/wp-content\/uploads\/2026\/04\/IMG_3778-1-768x1024.jpeg\"},{\"@type\":\"BreadcrumbList\",\"@id\":\"https:\/\/studia-wroclaw.pl\/glos-wskz-w-ogolnopolskiej-debacie-o-standardach-ksztalcenia-psychologow\/#breadcrumb\",\"itemListElement\":[{\"@type\":\"ListItem\",\"position\":1,\"name\":\"Strona g\u0142\u00f3wna\",\"item\":\"https:\/\/studia-wroclaw.pl\/\"},{\"@type\":\"ListItem\",\"position\":2,\"name\":\"G\u0142os WSKZ w og\u00f3lnopolskiej debacie o standardach kszta\u0142cenia psycholog\u00f3w\"}]},{\"@type\":\"WebSite\",\"@id\":\"https:\/\/studia-wroclaw.pl\/#website\",\"url\":\"https:\/\/studia-wroclaw.pl\/\",\"name\":\"Studia Wroc\u0142aw\",\"description\":\"\",\"potentialAction\":[{\"@type\":\"SearchAction\",\"target\":{\"@type\":\"EntryPoint\",\"urlTemplate\":\"https:\/\/studia-wroclaw.pl\/?s={search_term_string}\"},\"query-input\":{\"@type\":\"PropertyValueSpecification\",\"valueRequired\":true,\"valueName\":\"search_term_string\"}}],\"inLanguage\":\"en-GB\"},{\"@type\":\"Person\",\"@id\":\"https:\/\/studia-wroclaw.pl\/#\/schema\/person\/50f212a057f8ab718194a85c9aecb4d5\",\"name\":\"Karina Dycha\u0142a\",\"image\":{\"@type\":\"ImageObject\",\"inLanguage\":\"en-GB\",\"@id\":\"https:\/\/studia-wroclaw.pl\/#\/schema\/person\/image\/\",\"url\":\"https:\/\/secure.gravatar.com\/avatar\/09b8a8541625e267cf808bd7db9d6075406c3094f3ef7dd4a936673e9d896f6d?s=96&d=mm&r=g\",\"contentUrl\":\"https:\/\/secure.gravatar.com\/avatar\/09b8a8541625e267cf808bd7db9d6075406c3094f3ef7dd4a936673e9d896f6d?s=96&d=mm&r=g\",\"caption\":\"Karina Dycha\u0142a\"},\"url\":\"https:\/\/studia-wroclaw.pl\/en\/author\/karina\/\"}]}<\/script>\n<!-- \/ Yoast SEO plugin. -->","yoast_head_json":{"title":"G\u0142os WSKZ w og\u00f3lnopolskiej debacie o standardach kszta\u0142cenia psycholog\u00f3w - Studia Wroc\u0142aw","robots":{"index":"index","follow":"follow","max-snippet":"max-snippet:-1","max-image-preview":"max-image-preview:large","max-video-preview":"max-video-preview:-1"},"canonical":"https:\/\/studia-wroclaw.pl\/en\/glos-wskz-w-ogolnopolskiej-debacie-o-standardach-ksztalcenia-psychologow\/","og_locale":"en_GB","og_type":"article","og_title":"G\u0142os WSKZ w og\u00f3lnopolskiej debacie o standardach kszta\u0142cenia psycholog\u00f3w - Studia Wroc\u0142aw","og_description":"Dnia 23 kwietnia 2026 roku \u0141\u00f3d\u017a sta\u0142a si\u0119 miejscem wa\u017cnej dyskusji o przysz\u0142o\u015bci zawodu psychologa. Podczas og\u00f3lnopolskiego seminarium naukowego \u201ePsycholog \u2013 standardy kszta\u0142cenia psycholog\u00f3w w Polsce i Europie\u201d w debacie aktywnie uczestniczyli przedstawiciele Wydzia\u0142u Psychologii WSKZ. Sprawd\u017a, jak przebieg\u0142o spotkanie.&nbsp; Reprezentacja Uczelni Uczelni\u0119 reprezentowali dr hab. Artur Zi\u00f3\u0142kowski, prof. WSKZ \u2013 Dziekan Wydzia\u0142u Psychologii, oraz [&hellip;]","og_url":"https:\/\/studia-wroclaw.pl\/en\/glos-wskz-w-ogolnopolskiej-debacie-o-standardach-ksztalcenia-psychologow\/","og_site_name":"Studia Wroc\u0142aw","article_published_time":"2026-04-30T11:17:09+00:00","article_modified_time":"2026-04-30T11:17:10+00:00","og_image":[{"width":1920,"height":2560,"url":"https:\/\/studia-wroclaw.pl\/wp-content\/uploads\/2026\/04\/IMG_3778-1-scaled.jpeg","type":"image\/jpeg"}],"author":"Karina Dycha\u0142a","twitter_card":"summary_large_image","twitter_misc":{"Written by":"Karina Dycha\u0142a","Estimated reading time":"3 minutes"},"schema":{"@context":"https:\/\/schema.org","@graph":[{"@type":"WebPage","@id":"https:\/\/studia-wroclaw.pl\/glos-wskz-w-ogolnopolskiej-debacie-o-standardach-ksztalcenia-psychologow\/","url":"https:\/\/studia-wroclaw.pl\/glos-wskz-w-ogolnopolskiej-debacie-o-standardach-ksztalcenia-psychologow\/","name":"G\u0142os WSKZ w og\u00f3lnopolskiej debacie o standardach kszta\u0142cenia psycholog\u00f3w - Studia Wroc\u0142aw","isPartOf":{"@id":"https:\/\/studia-wroclaw.pl\/#website"},"primaryImageOfPage":{"@id":"https:\/\/studia-wroclaw.pl\/glos-wskz-w-ogolnopolskiej-debacie-o-standardach-ksztalcenia-psychologow\/#primaryimage"},"image":{"@id":"https:\/\/studia-wroclaw.pl\/glos-wskz-w-ogolnopolskiej-debacie-o-standardach-ksztalcenia-psychologow\/#primaryimage"},"thumbnailUrl":"https:\/\/studia-wroclaw.pl\/wp-content\/uploads\/2026\/04\/IMG_3778-1-768x1024.jpeg","datePublished":"2026-04-30T11:17:09+00:00","dateModified":"2026-04-30T11:17:10+00:00","author":{"@id":"https:\/\/studia-wroclaw.pl\/#\/schema\/person\/50f212a057f8ab718194a85c9aecb4d5"},"breadcrumb":{"@id":"https:\/\/studia-wroclaw.pl\/glos-wskz-w-ogolnopolskiej-debacie-o-standardach-ksztalcenia-psychologow\/#breadcrumb"},"inLanguage":"en-GB","potentialAction":[{"@type":"ReadAction","target":["https:\/\/studia-wroclaw.pl\/glos-wskz-w-ogolnopolskiej-debacie-o-standardach-ksztalcenia-psychologow\/"]}]},{"@type":"ImageObject","inLanguage":"en-GB","@id":"https:\/\/studia-wroclaw.pl\/glos-wskz-w-ogolnopolskiej-debacie-o-standardach-ksztalcenia-psychologow\/#primaryimage","url":"https:\/\/studia-wroclaw.pl\/wp-content\/uploads\/2026\/04\/IMG_3778-1-768x1024.jpeg","contentUrl":"https:\/\/studia-wroclaw.pl\/wp-content\/uploads\/2026\/04\/IMG_3778-1-768x1024.jpeg"},{"@type":"BreadcrumbList","@id":"https:\/\/studia-wroclaw.pl\/glos-wskz-w-ogolnopolskiej-debacie-o-standardach-ksztalcenia-psychologow\/#breadcrumb","itemListElement":[{"@type":"ListItem","position":1,"name":"Strona g\u0142\u00f3wna","item":"https:\/\/studia-wroclaw.pl\/"},{"@type":"ListItem","position":2,"name":"G\u0142os WSKZ w og\u00f3lnopolskiej debacie o standardach kszta\u0142cenia psycholog\u00f3w"}]},{"@type":"WebSite","@id":"https:\/\/studia-wroclaw.pl\/#website","url":"https:\/\/studia-wroclaw.pl\/","name":"Studies Wroclaw","description":"","potentialAction":[{"@type":"SearchAction","target":{"@type":"EntryPoint","urlTemplate":"https:\/\/studia-wroclaw.pl\/?s={search_term_string}"},"query-input":{"@type":"PropertyValueSpecification","valueRequired":true,"valueName":"search_term_string"}}],"inLanguage":"en-GB"},{"@type":"Person","@id":"https:\/\/studia-wroclaw.pl\/#\/schema\/person\/50f212a057f8ab718194a85c9aecb4d5","name":"Karina Dycha\u0142a","image":{"@type":"ImageObject","inLanguage":"en-GB","@id":"https:\/\/studia-wroclaw.pl\/#\/schema\/person\/image\/","url":"https:\/\/secure.gravatar.com\/avatar\/09b8a8541625e267cf808bd7db9d6075406c3094f3ef7dd4a936673e9d896f6d?s=96&d=mm&r=g","contentUrl":"https:\/\/secure.gravatar.com\/avatar\/09b8a8541625e267cf808bd7db9d6075406c3094f3ef7dd4a936673e9d896f6d?s=96&d=mm&r=g","caption":"Karina Dycha\u0142a"},"url":"https:\/\/studia-wroclaw.pl\/en\/author\/karina\/"}]}},"_links":{"self":[{"href":"https:\/\/studia-wroclaw.pl\/en\/wp-json\/wp\/v2\/posts\/11010","targetHints":{"allow":["GET"]}}],"collection":[{"href":"https:\/\/studia-wroclaw.pl\/en\/wp-json\/wp\/v2\/posts"}],"about":[{"href":"https:\/\/studia-wroclaw.pl\/en\/wp-json\/wp\/v2\/types\/post"}],"author":[{"embeddable":true,"href":"https:\/\/studia-wroclaw.pl\/en\/wp-json\/wp\/v2\/users\/36"}],"replies":[{"embeddable":true,"href":"https:\/\/studia-wroclaw.pl\/en\/wp-json\/wp\/v2\/comments?post=11010"}],"version-history":[{"count":1,"href":"https:\/\/studia-wroclaw.pl\/en\/wp-json\/wp\/v2\/posts\/11010\/revisions"}],"predecessor-version":[{"id":11031,"href":"https:\/\/studia-wroclaw.pl\/en\/wp-json\/wp\/v2\/posts\/11010\/revisions\/11031"}],"wp:attachment":[{"href":"https:\/\/studia-wroclaw.pl\/en\/wp-json\/wp\/v2\/media?parent=11010"}],"wp:term":[{"taxonomy":"category","embeddable":true,"href":"https:\/\/studia-wroclaw.pl\/en\/wp-json\/wp\/v2\/categories?post=11010"},{"taxonomy":"post_tag","embeddable":true,"href":"https:\/\/studia-wroclaw.pl\/en\/wp-json\/wp\/v2\/tags?post=11010"}],"curies":[{"name":"wp","href":"https:\/\/api.w.org\/{rel}","templated":true}]}}