{"id":11012,"date":"2026-04-30T12:47:28","date_gmt":"2026-04-30T10:47:28","guid":{"rendered":"https:\/\/studia-wroclaw.pl\/?p=11012"},"modified":"2026-04-30T12:47:29","modified_gmt":"2026-04-30T10:47:29","slug":"z-prawem-na-ty-czyli-praktycznie-o-prawie-kolejna-edycja-warsztatow-z-prawa-karnego-juz-21-maja","status":"publish","type":"post","link":"https:\/\/studia-wroclaw.pl\/en\/z-prawem-na-ty-czyli-praktycznie-o-prawie-kolejna-edycja-warsztatow-z-prawa-karnego-juz-21-maja\/","title":{"rendered":"\u201eZ prawem na Ty, czyli praktycznie o prawie\u201d \u2013 kolejna edycja warsztat\u00f3w z prawa karnego ju\u017c 21 maja"},"content":{"rendered":"<p>Prawo karne potrafi by\u0107 wymagaj\u0105ce \u2013 <strong>zw\u0142aszcza tam, gdzie teoria spotyka si\u0119 z praktyk\u0105. <\/strong>Dlatego Instytut Prawa WSKZ zaprasza na webinar z cyklu \u201eZ prawem na Ty, czyli praktycznie o prawie\u201d, kt\u00f3ry pozwoli uporz\u0105dkowa\u0107 kluczowe zagadnienia i spojrze\u0107 na nie przez pryzmat realnych sytuacji.<\/p>\n\n\n\n<h2 class=\"wp-block-heading\">Tematyka warsztat\u00f3w<\/h2>\n\n\n\n<p>Warsztaty poprowadzi mgr Zbigniew Waleszczy\u0144ski \u2013 m\u0142. insp. Policji w stanie spoczynku, kt\u00f3ry \u0142\u0105czy do\u015bwiadczenie praktyczne z wieloletni\u0105 dzia\u0142alno\u015bci\u0105 dydaktyczn\u0105. Tematyka spotkania obejmie <strong>wybrane zagadnienia prawa karnego materialnego i procedury karnej. <\/strong>W\u0142a\u015bciwe ich rozumienie mo\u017ce sprawia\u0107 trudno\u015bci, zw\u0142aszcza podczas studiowania, jak i podczas pracy w organach \u015bcigania. Dla przejrzysto\u015bci zagadnienia zostan\u0105 om\u00f3wione na konkretnych przyk\u0142adach spraw karnych lub zdarze\u0144, kt\u00f3re jak najbardziej mog\u0142yby zaistnie\u0107 w rzeczywisto\u015bci.<\/p>\n\n\n\n<h2 class=\"wp-block-heading\">Plan warsztat\u00f3w<\/h2>\n\n\n\n<p><strong>Zagadnienie I. <\/strong>Podkre\u015blenie subsydiarno\u015bci prawa karnego w systemie polskiego prawa \u2013 prawo karne jako \u201eultima ratio\u201d.<\/p>\n\n\n\n<p><strong>Zagadnienie II. <\/strong>Podzia\u0142 typ\u00f3w przest\u0119pstw ze wzgl\u0119du na stron\u0119 podmiotow\u0105:<\/p>\n\n\n\n<ul class=\"wp-block-list\">\n<li>umy\u015blne;<\/li>\n\n\n\n<li>nieumy\u015blne;<\/li>\n\n\n\n<li>umy\u015blno-nieumy\u015blne;<\/li>\n\n\n\n<li>nieumy\u015blno-nieumy\u015blne.\u00a0<\/li>\n<\/ul>\n\n\n\n<p>Rozpoznanie strony podmiotowej w procesie kwalifikacji prawnej czynu zabronionego \u2013 na przyk\u0142adach.<\/p>\n\n\n\n<p><strong>Zagadnienie III. <\/strong>Czyny zabronione \u201eprzepo\u0142owione\u201d \u2013 dlaczego \u201eprzepo\u0142owienie\u201d nie dzia\u0142a w pewnych sytuacjach?<\/p>\n\n\n\n<p><strong>Zagadnienie IV. <\/strong>Czynny \u017cal w prawie karnym \u2013 na przyk\u0142adzie post\u0119powania karnego prowadzonego o przest\u0119pstwo zgwa\u0142cenia.<\/p>\n\n\n\n<p><strong>Zagadnienie V. <\/strong>Zasady \u015bcigania czyn\u00f3w zabronionych jako przest\u0119pstwa (legalizm) i jako wykroczenia (oportunizm).<\/p>\n\n\n\n<h2 class=\"wp-block-heading\">Who is this meeting for?<\/h2>\n\n\n\n<p>Warsztaty skierowane s\u0105 przede wszystkim do student\u00f3w obszaru prawa i kryminologii. Szczeg\u00f3lnie skorzystaj\u0105 tak\u017ce osoby, kt\u00f3re <strong>planuj\u0105 karier\u0119 w wymiarze sprawiedliwo\u015bci lub organach \u015bcigania i chc\u0105 lepiej zrozumie\u0107 praktyczne aspekty stosowania prawa.<\/strong><\/p>\n\n\n\n<h2 class=\"wp-block-heading\">Organisational information<\/h2>\n\n\n\n<ul class=\"wp-block-list\">\n<li><strong>Date:<\/strong> 21 maja 2026 r.<\/li>\n\n\n\n<li><strong>Hour:<\/strong> 17:30-19:00<\/li>\n\n\n\n<li><strong>Form:<\/strong> online<\/li>\n<\/ul>\n\n\n\n<h2 class=\"wp-block-heading\">Why is it worth it?<\/h2>\n\n\n\n<p>Dobre zrozumienie prawa karnego nie polega na zapami\u0119taniu przepis\u00f3w, tylko na <strong>umiej\u0119tno\u015bci ich zastosowania. <\/strong>To spotkanie pomaga zrobi\u0107 w\u0142a\u015bnie ten krok \u2013 od teorii do praktyki.<\/p>\n\n\n\n<p>Je\u015bli chcesz <strong>lepiej \u201epoczu\u0107\u201d prawo karne<\/strong>, a nie tylko si\u0119 go uczy\u0107 \u2013 to webinar dla Ciebie.<\/p>","protected":false},"excerpt":{"rendered":"<p>Prawo karne potrafi by\u0107 wymagaj\u0105ce \u2013 zw\u0142aszcza tam, gdzie teoria spotyka si\u0119 z praktyk\u0105. Dlatego Instytut Prawa WSKZ zaprasza na webinar z cyklu \u201eZ prawem na Ty, czyli praktycznie o prawie\u201d, kt\u00f3ry pozwoli uporz\u0105dkowa\u0107 kluczowe zagadnienia i spojrze\u0107 na nie przez pryzmat realnych sytuacji. Tematyka warsztat\u00f3w Warsztaty poprowadzi mgr Zbigniew Waleszczy\u0144ski \u2013 m\u0142. insp. Policji [&hellip;]<\/p>","protected":false},"author":36,"featured_media":0,"comment_status":"open","ping_status":"open","sticky":false,"template":"","format":"standard","meta":{"om_disable_all_campaigns":false,"footnotes":""},"categories":[1],"tags":[],"class_list":["post-11012","post","type-post","status-publish","format-standard","hentry","category-bez-kategorii"],"yoast_head":"<!-- This site is optimized with the Yoast SEO plugin v25.9 - https:\/\/yoast.com\/wordpress\/plugins\/seo\/ -->\n<title>\u201eZ prawem na Ty, czyli praktycznie o prawie\u201d \u2013 kolejna edycja warsztat\u00f3w z prawa karnego ju\u017c 21 maja - Studia Wroc\u0142aw<\/title>\n<meta name=\"robots\" content=\"index, follow, max-snippet:-1, max-image-preview:large, max-video-preview:-1\" \/>\n<link rel=\"canonical\" href=\"https:\/\/studia-wroclaw.pl\/en\/z-prawem-na-ty-czyli-praktycznie-o-prawie-kolejna-edycja-warsztatow-z-prawa-karnego-juz-21-maja\/\" \/>\n<meta property=\"og:locale\" content=\"en_GB\" \/>\n<meta property=\"og:type\" content=\"article\" \/>\n<meta property=\"og:title\" content=\"\u201eZ prawem na Ty, czyli praktycznie o prawie\u201d \u2013 kolejna edycja warsztat\u00f3w z prawa karnego ju\u017c 21 maja - Studia Wroc\u0142aw\" \/>\n<meta property=\"og:description\" content=\"Prawo karne potrafi by\u0107 wymagaj\u0105ce \u2013 zw\u0142aszcza tam, gdzie teoria spotyka si\u0119 z praktyk\u0105. Dlatego Instytut Prawa WSKZ zaprasza na webinar z cyklu \u201eZ prawem na Ty, czyli praktycznie o prawie\u201d, kt\u00f3ry pozwoli uporz\u0105dkowa\u0107 kluczowe zagadnienia i spojrze\u0107 na nie przez pryzmat realnych sytuacji. Tematyka warsztat\u00f3w Warsztaty poprowadzi mgr Zbigniew Waleszczy\u0144ski \u2013 m\u0142. insp. Policji [&hellip;]\" \/>\n<meta property=\"og:url\" content=\"https:\/\/studia-wroclaw.pl\/en\/z-prawem-na-ty-czyli-praktycznie-o-prawie-kolejna-edycja-warsztatow-z-prawa-karnego-juz-21-maja\/\" \/>\n<meta property=\"og:site_name\" content=\"Studia Wroc\u0142aw\" \/>\n<meta property=\"article:published_time\" content=\"2026-04-30T10:47:28+00:00\" \/>\n<meta property=\"article:modified_time\" content=\"2026-04-30T10:47:29+00:00\" \/>\n<meta name=\"author\" content=\"Karina Dycha\u0142a\" \/>\n<meta name=\"twitter:card\" content=\"summary_large_image\" \/>\n<meta name=\"twitter:label1\" content=\"Written by\" \/>\n\t<meta name=\"twitter:data1\" content=\"Karina Dycha\u0142a\" \/>\n\t<meta name=\"twitter:label2\" content=\"Estimated reading time\" \/>\n\t<meta name=\"twitter:data2\" content=\"2 minutes\" \/>\n<script type=\"application\/ld+json\" class=\"yoast-schema-graph\">{\"@context\":\"https:\/\/schema.org\",\"@graph\":[{\"@type\":\"WebPage\",\"@id\":\"https:\/\/studia-wroclaw.pl\/z-prawem-na-ty-czyli-praktycznie-o-prawie-kolejna-edycja-warsztatow-z-prawa-karnego-juz-21-maja\/\",\"url\":\"https:\/\/studia-wroclaw.pl\/z-prawem-na-ty-czyli-praktycznie-o-prawie-kolejna-edycja-warsztatow-z-prawa-karnego-juz-21-maja\/\",\"name\":\"\u201eZ prawem na Ty, czyli praktycznie o prawie\u201d \u2013 kolejna edycja warsztat\u00f3w z prawa karnego ju\u017c 21 maja - Studia Wroc\u0142aw\",\"isPartOf\":{\"@id\":\"https:\/\/studia-wroclaw.pl\/#website\"},\"datePublished\":\"2026-04-30T10:47:28+00:00\",\"dateModified\":\"2026-04-30T10:47:29+00:00\",\"author\":{\"@id\":\"https:\/\/studia-wroclaw.pl\/#\/schema\/person\/50f212a057f8ab718194a85c9aecb4d5\"},\"breadcrumb\":{\"@id\":\"https:\/\/studia-wroclaw.pl\/z-prawem-na-ty-czyli-praktycznie-o-prawie-kolejna-edycja-warsztatow-z-prawa-karnego-juz-21-maja\/#breadcrumb\"},\"inLanguage\":\"en-GB\",\"potentialAction\":[{\"@type\":\"ReadAction\",\"target\":[\"https:\/\/studia-wroclaw.pl\/z-prawem-na-ty-czyli-praktycznie-o-prawie-kolejna-edycja-warsztatow-z-prawa-karnego-juz-21-maja\/\"]}]},{\"@type\":\"BreadcrumbList\",\"@id\":\"https:\/\/studia-wroclaw.pl\/z-prawem-na-ty-czyli-praktycznie-o-prawie-kolejna-edycja-warsztatow-z-prawa-karnego-juz-21-maja\/#breadcrumb\",\"itemListElement\":[{\"@type\":\"ListItem\",\"position\":1,\"name\":\"Strona g\u0142\u00f3wna\",\"item\":\"https:\/\/studia-wroclaw.pl\/\"},{\"@type\":\"ListItem\",\"position\":2,\"name\":\"\u201eZ prawem na Ty, czyli praktycznie o prawie\u201d \u2013 kolejna edycja warsztat\u00f3w z prawa karnego ju\u017c 21 maja\"}]},{\"@type\":\"WebSite\",\"@id\":\"https:\/\/studia-wroclaw.pl\/#website\",\"url\":\"https:\/\/studia-wroclaw.pl\/\",\"name\":\"Studia Wroc\u0142aw\",\"description\":\"\",\"potentialAction\":[{\"@type\":\"SearchAction\",\"target\":{\"@type\":\"EntryPoint\",\"urlTemplate\":\"https:\/\/studia-wroclaw.pl\/?s={search_term_string}\"},\"query-input\":{\"@type\":\"PropertyValueSpecification\",\"valueRequired\":true,\"valueName\":\"search_term_string\"}}],\"inLanguage\":\"en-GB\"},{\"@type\":\"Person\",\"@id\":\"https:\/\/studia-wroclaw.pl\/#\/schema\/person\/50f212a057f8ab718194a85c9aecb4d5\",\"name\":\"Karina Dycha\u0142a\",\"image\":{\"@type\":\"ImageObject\",\"inLanguage\":\"en-GB\",\"@id\":\"https:\/\/studia-wroclaw.pl\/#\/schema\/person\/image\/\",\"url\":\"https:\/\/secure.gravatar.com\/avatar\/09b8a8541625e267cf808bd7db9d6075406c3094f3ef7dd4a936673e9d896f6d?s=96&d=mm&r=g\",\"contentUrl\":\"https:\/\/secure.gravatar.com\/avatar\/09b8a8541625e267cf808bd7db9d6075406c3094f3ef7dd4a936673e9d896f6d?s=96&d=mm&r=g\",\"caption\":\"Karina Dycha\u0142a\"},\"url\":\"https:\/\/studia-wroclaw.pl\/en\/author\/karina\/\"}]}<\/script>\n<!-- \/ Yoast SEO plugin. -->","yoast_head_json":{"title":"\u201eZ prawem na Ty, czyli praktycznie o prawie\u201d \u2013 kolejna edycja warsztat\u00f3w z prawa karnego ju\u017c 21 maja - Studia Wroc\u0142aw","robots":{"index":"index","follow":"follow","max-snippet":"max-snippet:-1","max-image-preview":"max-image-preview:large","max-video-preview":"max-video-preview:-1"},"canonical":"https:\/\/studia-wroclaw.pl\/en\/z-prawem-na-ty-czyli-praktycznie-o-prawie-kolejna-edycja-warsztatow-z-prawa-karnego-juz-21-maja\/","og_locale":"en_GB","og_type":"article","og_title":"\u201eZ prawem na Ty, czyli praktycznie o prawie\u201d \u2013 kolejna edycja warsztat\u00f3w z prawa karnego ju\u017c 21 maja - Studia Wroc\u0142aw","og_description":"Prawo karne potrafi by\u0107 wymagaj\u0105ce \u2013 zw\u0142aszcza tam, gdzie teoria spotyka si\u0119 z praktyk\u0105. Dlatego Instytut Prawa WSKZ zaprasza na webinar z cyklu \u201eZ prawem na Ty, czyli praktycznie o prawie\u201d, kt\u00f3ry pozwoli uporz\u0105dkowa\u0107 kluczowe zagadnienia i spojrze\u0107 na nie przez pryzmat realnych sytuacji. Tematyka warsztat\u00f3w Warsztaty poprowadzi mgr Zbigniew Waleszczy\u0144ski \u2013 m\u0142. insp. Policji [&hellip;]","og_url":"https:\/\/studia-wroclaw.pl\/en\/z-prawem-na-ty-czyli-praktycznie-o-prawie-kolejna-edycja-warsztatow-z-prawa-karnego-juz-21-maja\/","og_site_name":"Studia Wroc\u0142aw","article_published_time":"2026-04-30T10:47:28+00:00","article_modified_time":"2026-04-30T10:47:29+00:00","author":"Karina Dycha\u0142a","twitter_card":"summary_large_image","twitter_misc":{"Written by":"Karina Dycha\u0142a","Estimated reading time":"2 minutes"},"schema":{"@context":"https:\/\/schema.org","@graph":[{"@type":"WebPage","@id":"https:\/\/studia-wroclaw.pl\/z-prawem-na-ty-czyli-praktycznie-o-prawie-kolejna-edycja-warsztatow-z-prawa-karnego-juz-21-maja\/","url":"https:\/\/studia-wroclaw.pl\/z-prawem-na-ty-czyli-praktycznie-o-prawie-kolejna-edycja-warsztatow-z-prawa-karnego-juz-21-maja\/","name":"\u201eZ prawem na Ty, czyli praktycznie o prawie\u201d \u2013 kolejna edycja warsztat\u00f3w z prawa karnego ju\u017c 21 maja - Studia Wroc\u0142aw","isPartOf":{"@id":"https:\/\/studia-wroclaw.pl\/#website"},"datePublished":"2026-04-30T10:47:28+00:00","dateModified":"2026-04-30T10:47:29+00:00","author":{"@id":"https:\/\/studia-wroclaw.pl\/#\/schema\/person\/50f212a057f8ab718194a85c9aecb4d5"},"breadcrumb":{"@id":"https:\/\/studia-wroclaw.pl\/z-prawem-na-ty-czyli-praktycznie-o-prawie-kolejna-edycja-warsztatow-z-prawa-karnego-juz-21-maja\/#breadcrumb"},"inLanguage":"en-GB","potentialAction":[{"@type":"ReadAction","target":["https:\/\/studia-wroclaw.pl\/z-prawem-na-ty-czyli-praktycznie-o-prawie-kolejna-edycja-warsztatow-z-prawa-karnego-juz-21-maja\/"]}]},{"@type":"BreadcrumbList","@id":"https:\/\/studia-wroclaw.pl\/z-prawem-na-ty-czyli-praktycznie-o-prawie-kolejna-edycja-warsztatow-z-prawa-karnego-juz-21-maja\/#breadcrumb","itemListElement":[{"@type":"ListItem","position":1,"name":"Strona g\u0142\u00f3wna","item":"https:\/\/studia-wroclaw.pl\/"},{"@type":"ListItem","position":2,"name":"\u201eZ prawem na Ty, czyli praktycznie o prawie\u201d \u2013 kolejna edycja warsztat\u00f3w z prawa karnego ju\u017c 21 maja"}]},{"@type":"WebSite","@id":"https:\/\/studia-wroclaw.pl\/#website","url":"https:\/\/studia-wroclaw.pl\/","name":"Studies Wroclaw","description":"","potentialAction":[{"@type":"SearchAction","target":{"@type":"EntryPoint","urlTemplate":"https:\/\/studia-wroclaw.pl\/?s={search_term_string}"},"query-input":{"@type":"PropertyValueSpecification","valueRequired":true,"valueName":"search_term_string"}}],"inLanguage":"en-GB"},{"@type":"Person","@id":"https:\/\/studia-wroclaw.pl\/#\/schema\/person\/50f212a057f8ab718194a85c9aecb4d5","name":"Karina Dycha\u0142a","image":{"@type":"ImageObject","inLanguage":"en-GB","@id":"https:\/\/studia-wroclaw.pl\/#\/schema\/person\/image\/","url":"https:\/\/secure.gravatar.com\/avatar\/09b8a8541625e267cf808bd7db9d6075406c3094f3ef7dd4a936673e9d896f6d?s=96&d=mm&r=g","contentUrl":"https:\/\/secure.gravatar.com\/avatar\/09b8a8541625e267cf808bd7db9d6075406c3094f3ef7dd4a936673e9d896f6d?s=96&d=mm&r=g","caption":"Karina Dycha\u0142a"},"url":"https:\/\/studia-wroclaw.pl\/en\/author\/karina\/"}]}},"_links":{"self":[{"href":"https:\/\/studia-wroclaw.pl\/en\/wp-json\/wp\/v2\/posts\/11012","targetHints":{"allow":["GET"]}}],"collection":[{"href":"https:\/\/studia-wroclaw.pl\/en\/wp-json\/wp\/v2\/posts"}],"about":[{"href":"https:\/\/studia-wroclaw.pl\/en\/wp-json\/wp\/v2\/types\/post"}],"author":[{"embeddable":true,"href":"https:\/\/studia-wroclaw.pl\/en\/wp-json\/wp\/v2\/users\/36"}],"replies":[{"embeddable":true,"href":"https:\/\/studia-wroclaw.pl\/en\/wp-json\/wp\/v2\/comments?post=11012"}],"version-history":[{"count":1,"href":"https:\/\/studia-wroclaw.pl\/en\/wp-json\/wp\/v2\/posts\/11012\/revisions"}],"predecessor-version":[{"id":11013,"href":"https:\/\/studia-wroclaw.pl\/en\/wp-json\/wp\/v2\/posts\/11012\/revisions\/11013"}],"wp:attachment":[{"href":"https:\/\/studia-wroclaw.pl\/en\/wp-json\/wp\/v2\/media?parent=11012"}],"wp:term":[{"taxonomy":"category","embeddable":true,"href":"https:\/\/studia-wroclaw.pl\/en\/wp-json\/wp\/v2\/categories?post=11012"},{"taxonomy":"post_tag","embeddable":true,"href":"https:\/\/studia-wroclaw.pl\/en\/wp-json\/wp\/v2\/tags?post=11012"}],"curies":[{"name":"wp","href":"https:\/\/api.w.org\/{rel}","templated":true}]}}