{"id":12950,"date":"2026-08-24T15:03:33","date_gmt":"2026-08-24T13:03:33","guid":{"rendered":"https:\/\/studia-wroclaw.pl\/?p=12950"},"modified":"2026-08-25T10:16:52","modified_gmt":"2026-08-25T08:16:52","slug":"kim-jest-dr-rafal-guzowski-poznaj-prodziekana-ds-rozwoju-i-wspolpracy-naszej-uczelni-oraz-eksperta-w-obszarze-bezpieczenstwa","status":"publish","type":"post","link":"https:\/\/studia-wroclaw.pl\/en\/kim-jest-dr-rafal-guzowski-poznaj-prodziekana-ds-rozwoju-i-wspolpracy-naszej-uczelni-oraz-eksperta-w-obszarze-bezpieczenstwa\/","title":{"rendered":"Kim jest dr Rafa\u0142 Guzowski? Poznaj Prodziekana ds. Rozwoju i Wsp\u00f3\u0142pracy naszej Uczelni oraz eksperta w obszarze bezpiecze\u0144stwa"},"content":{"rendered":"<p class=\"wp-block-paragraph\">Co wyr\u00f3\u017cnia dzia\u0142alno\u015b\u0107 naukow\u0105 i dydaktyczn\u0105 dr. Rafa\u0142a Guzowskiego? Prodziekan naszej Uczelni \u0142\u0105czy <strong>zainteresowania zwi\u0105zane z bezpiecze\u0144stwem, dezinformacj\u0105 i kryminologi\u0105 z nieszablonowymi metodami pracy, kt\u00f3re zach\u0119caj\u0105 student\u00f3w do analizy i dyskusji<\/strong>. Poznaj bli\u017cej sylwetk\u0119 adiunkta WSKZ i sprawd\u017a, dlaczego warto zag\u0142osowa\u0107 na niego w Plebiscycie Wyk\u0142adowca Roku 2026.<\/p>\n\n\n\n<h2 class=\"wp-block-heading\">Kim jest dr Rafa\u0142 Guzowski?<\/h2>\n\n\n\n<p class=\"wp-block-paragraph\">Dr Rafa\u0142 Guzowski jest <strong>doktorem nauk spo\u0142ecznych w dyscyplinie nauk o polityce i administracji<\/strong>. W Wy\u017cszej Szkole Kszta\u0142cenia Zawodowego pe\u0142ni funkcj\u0119 <strong>Prodziekana ds. Rozwoju i Wsp\u00f3\u0142pracy<\/strong>, a tak\u017ce adiunkta w <strong>Instytucie Bezpiecze\u0144stwa Wewn\u0119trznego i Kryminologii.<\/strong><\/p>\n\n\n\n<p class=\"wp-block-paragraph\">Swoj\u0105 dzia\u0142alno\u015b\u0107 akademick\u0105 \u0142\u0105czy z aktywno\u015bci\u0105 badawcz\u0105, koncentruj\u0105c si\u0119 na problematyce <strong>wsp\u00f3\u0142czesnych zagro\u017ce\u0144 oraz zjawisk istotnych z perspektywy bezpiecze\u0144stwa<\/strong>.<\/p>\n\n\n\n<h2 class=\"wp-block-heading\">Jakimi zagadnieniami naukowymi zajmuje si\u0119 dr Rafa\u0142 Guzowski?<\/h2>\n\n\n\n<p class=\"wp-block-paragraph\">Dzia\u0142alno\u015b\u0107 naukowa dr. Rafa\u0142a Guzowskiego obejmuje <strong>zagadnienia zwi\u0105zane z bezpiecze\u0144stwem, jego spo\u0142ecznym wymiarem oraz wsp\u00f3\u0142czesnymi zagro\u017ceniami<\/strong>. Jest autorem monografii oraz kilkudziesi\u0119ciu artyku\u0142\u00f3w naukowych.<\/p>\n\n\n\n<p class=\"wp-block-paragraph\">W swoich badaniach podejmuje przede wszystkim problematyk\u0119:<\/p>\n\n\n\n<ul class=\"wp-block-list\">\n<li>socjologii bezpiecze\u0144stwa;&nbsp;<\/li>\n\n\n\n<li>prewencji przestrzennej;&nbsp;<\/li>\n\n\n\n<li>dezinformacji;&nbsp;<\/li>\n\n\n\n<li>kryminologii.&nbsp;<\/li>\n<\/ul>\n\n\n\n<p class=\"wp-block-paragraph\">R\u00f3\u017cnorodno\u015b\u0107 podejmowanych temat\u00f3w pozwala mu <strong>analizowa\u0107 bezpiecze\u0144stwo z wielu perspektyw <\/strong>\u2013 zar\u00f3wno przez pryzmat zjawisk spo\u0142ecznych, jak i zagro\u017ce\u0144 wyst\u0119puj\u0105cych we wsp\u00f3\u0142czesnym \u015bwiecie.<\/p>\n\n\n\n<h2 class=\"wp-block-heading\">Co wyr\u00f3\u017cnia spos\u00f3b prowadzenia zaj\u0119\u0107 przez dr. Rafa\u0142a Guzowskiego?<\/h2>\n\n\n\n<p class=\"wp-block-paragraph\">Dr Rafa\u0142 Guzowski <strong>stawia na nieszablonowe metody dydaktyczne i aktywne zaanga\u017cowanie student\u00f3w<\/strong>, dzi\u0119ki czemu omawiane zagadnienia nie ograniczaj\u0105 si\u0119 wy\u0142\u0105cznie do teorii. Podczas zaj\u0119\u0107 wykorzystuje m.in. mapowanie terenu, a skomplikowane sieci powi\u0105za\u0144 przedstawia w formie fizycznych wizualizacji tworzonych przy u\u017cyciu w\u0142\u00f3czki.<\/p>\n\n\n\n<p class=\"wp-block-paragraph\">Wa\u017cnym elementem zaj\u0119\u0107 s\u0105 r\u00f3wnie\u017c <strong>dyskusje oraz pytania sk\u0142aniaj\u0105ce do analizy z\u0142o\u017conych problem\u00f3w i konfrontowania r\u00f3\u017cnych perspektyw<\/strong>. Nawet w przypadku temat\u00f3w dotycz\u0105cych powa\u017cnych zagro\u017ce\u0144 czy patologii spo\u0142ecznych debaty prowadzone s\u0105 z zachowaniem obiektywizmu i akademickiego charakteru.<\/p>\n\n\n\n<h2 class=\"wp-block-heading\">Dlaczego warto zag\u0142osowa\u0107 na dr. Rafa\u0142a Guzowskiego w Plebiscycie Wyk\u0142adowca Roku 2026?<\/h2>\n\n\n\n<p class=\"wp-block-paragraph\">Prodziekan ds. Rozwoju i Wsp\u00f3\u0142pracy \u0142\u0105czy <strong>dzia\u0142alno\u015b\u0107 naukow\u0105 z nieszablonowym podej\u015bciem do dydaktyki<\/strong>, anga\u017cuj\u0105c student\u00f3w w analiz\u0119 z\u0142o\u017conych problem\u00f3w zwi\u0105zanych z bezpiecze\u0144stwem i kryminologi\u0105. Je\u015bli cenisz jego spos\u00f3b prowadzenia zaj\u0119\u0107, zach\u0119canie do dyskusji oraz rozwijania samodzielnego i analitycznego my\u015blenia, <strong><a href=\"https:\/\/wykladowcaroku.pl\/\"><span style=\"text-decoration: underline;\">oddaj sw\u00f3j g\u0142os na dr. Rafa\u0142a Guzowskiego w Plebiscycie Wyk\u0142adowca Roku 2026.<\/span><\/a><\/strong><\/p>\n\n\n\n<h2 class=\"wp-block-heading\">FAQ<\/h2>\n\n\n\n<h3 class=\"wp-block-heading\">Kim jest dr Rafa\u0142 Guzowski?<\/h3>\n\n\n\n<p class=\"wp-block-paragraph\">Dr Rafa\u0142 Guzowski jest doktorem nauk spo\u0142ecznych w dyscyplinie nauk o polityce i administracji oraz ekspertem zajmuj\u0105cym si\u0119 szeroko poj\u0119t\u0105 problematyk\u0105 bezpiecze\u0144stwa. W WSKZ pe\u0142ni funkcj\u0119 Prodziekana ds. Rozwoju i Wsp\u00f3\u0142pracy oraz adiunkta w Instytucie Bezpiecze\u0144stwa Wewn\u0119trznego i Kryminologii.<\/p>\n\n\n\n<h3 class=\"wp-block-heading\">Jakimi zagadnieniami zajmuje si\u0119 dr Rafa\u0142 Guzowski?<\/h3>\n\n\n\n<p class=\"wp-block-paragraph\">W swojej dzia\u0142alno\u015bci naukowej dr Rafa\u0142 Guzowski koncentruje si\u0119 m.in. na socjologii bezpiecze\u0144stwa, prewencji przestrzennej, dezinformacji i kryminologii. Jest r\u00f3wnie\u017c autorem monografii oraz kilkudziesi\u0119ciu artyku\u0142\u00f3w naukowych po\u015bwi\u0119conych tej problematyce.<\/p>\n\n\n\n<h3 class=\"wp-block-heading\">Co wyr\u00f3\u017cnia zaj\u0119cia prowadzone przez dr. Rafa\u0142a Guzowskiego?<\/h3>\n\n\n\n<p class=\"wp-block-paragraph\">Dr Rafa\u0142 Guzowski wykorzystuje nieszablonowe metody dydaktyczne, w tym mapowanie terenu oraz fizyczne wizualizowanie z\u0142o\u017conych sieci powi\u0105za\u0144. Wa\u017cn\u0105 cz\u0119\u015bci\u0105 jego zaj\u0119\u0107 s\u0105<\/p>","protected":false},"excerpt":{"rendered":"<p>Co wyr\u00f3\u017cnia dzia\u0142alno\u015b\u0107 naukow\u0105 i dydaktyczn\u0105 dr. Rafa\u0142a Guzowskiego? Prodziekan naszej Uczelni \u0142\u0105czy zainteresowania zwi\u0105zane z bezpiecze\u0144stwem, dezinformacj\u0105 i kryminologi\u0105 z nieszablonowymi metodami pracy, kt\u00f3re zach\u0119caj\u0105 student\u00f3w do analizy i dyskusji. Poznaj bli\u017cej sylwetk\u0119 adiunkta WSKZ i sprawd\u017a, dlaczego warto zag\u0142osowa\u0107 na niego w Plebiscycie Wyk\u0142adowca Roku 2026. Kim jest dr Rafa\u0142 Guzowski? Dr Rafa\u0142 [&hellip;]<\/p>\n","protected":false},"author":24,"featured_media":12948,"comment_status":"open","ping_status":"open","sticky":false,"template":"","format":"standard","meta":{"om_disable_all_campaigns":false,"footnotes":""},"categories":[50],"tags":[],"class_list":["post-12950","post","type-post","status-publish","format-standard","has-post-thumbnail","hentry","category-aktualnosci"],"yoast_head":"<!-- This site is optimized with the Yoast SEO plugin v28.1 - https:\/\/yoast.com\/product\/yoast-seo-wordpress\/ -->\n<title>Kim jest dr Rafa\u0142 Guzowski? Poznaj Prodziekana ds. Rozwoju i Wsp\u00f3\u0142pracy naszej Uczelni oraz eksperta w obszarze bezpiecze\u0144stwa - Studia Wroc\u0142aw<\/title>\n<meta name=\"description\" content=\"Co wyr\u00f3\u017cnia dzia\u0142alno\u015b\u0107 naukow\u0105 i dydaktyczn\u0105 dr. Rafa\u0142a Guzowskiego? Prodziekan naszej Uczelni \u0142\u0105czy zainteresowania zwi\u0105zane z bezpiecze\u0144stwem z nieszablonowymi metodami pracy. Poznaj bli\u017cej sylwetk\u0119 adiunkta WSKZ.\" \/>\n<meta name=\"robots\" content=\"index, follow, max-snippet:-1, max-image-preview:large, max-video-preview:-1\" \/>\n<link rel=\"canonical\" href=\"https:\/\/studia-wroclaw.pl\/en\/kim-jest-dr-rafal-guzowski-poznaj-prodziekana-ds-rozwoju-i-wspolpracy-naszej-uczelni-oraz-eksperta-w-obszarze-bezpieczenstwa\/\" \/>\n<meta property=\"og:locale\" content=\"en_GB\" \/>\n<meta property=\"og:type\" content=\"article\" \/>\n<meta property=\"og:title\" content=\"Kim jest dr Rafa\u0142 Guzowski? Poznaj Prodziekana ds. Rozwoju i Wsp\u00f3\u0142pracy naszej Uczelni oraz eksperta w obszarze bezpiecze\u0144stwa - Studia Wroc\u0142aw\" \/>\n<meta property=\"og:description\" content=\"Co wyr\u00f3\u017cnia dzia\u0142alno\u015b\u0107 naukow\u0105 i dydaktyczn\u0105 dr. Rafa\u0142a Guzowskiego? Prodziekan naszej Uczelni \u0142\u0105czy zainteresowania zwi\u0105zane z bezpiecze\u0144stwem z nieszablonowymi metodami pracy. Poznaj bli\u017cej sylwetk\u0119 adiunkta WSKZ.\" \/>\n<meta property=\"og:url\" content=\"https:\/\/studia-wroclaw.pl\/en\/kim-jest-dr-rafal-guzowski-poznaj-prodziekana-ds-rozwoju-i-wspolpracy-naszej-uczelni-oraz-eksperta-w-obszarze-bezpieczenstwa\/\" \/>\n<meta property=\"og:site_name\" content=\"Studia Wroc\u0142aw\" \/>\n<meta property=\"article:published_time\" content=\"2026-08-24T13:03:33+00:00\" \/>\n<meta property=\"article:modified_time\" content=\"2026-08-25T08:16:52+00:00\" \/>\n<meta property=\"og:image\" content=\"https:\/\/studia-wroclaw.pl\/wp-content\/uploads\/2026\/08\/rafal-guzowski-wskz-sw.jpg\" \/>\n\t<meta property=\"og:image:width\" content=\"1149\" \/>\n\t<meta property=\"og:image:height\" content=\"570\" \/>\n\t<meta property=\"og:image:type\" content=\"image\/jpeg\" \/>\n<meta name=\"author\" content=\"Ernest Marczy\u0144ski\" \/>\n<meta name=\"twitter:card\" content=\"summary_large_image\" \/>\n<meta name=\"twitter:label1\" content=\"Written by\" \/>\n\t<meta name=\"twitter:data1\" content=\"Ernest Marczy\u0144ski\" \/>\n\t<meta name=\"twitter:label2\" content=\"Estimated reading time\" \/>\n\t<meta name=\"twitter:data2\" content=\"3 minutes\" \/>\n<script type=\"application\/ld+json\" class=\"yoast-schema-graph\">{\"@context\":\"https:\\\/\\\/schema.org\",\"@graph\":[{\"@type\":\"Article\",\"@id\":\"https:\\\/\\\/studia-wroclaw.pl\\\/kim-jest-dr-rafal-guzowski-poznaj-prodziekana-ds-rozwoju-i-wspolpracy-naszej-uczelni-oraz-eksperta-w-obszarze-bezpieczenstwa\\\/#article\",\"isPartOf\":{\"@id\":\"https:\\\/\\\/studia-wroclaw.pl\\\/kim-jest-dr-rafal-guzowski-poznaj-prodziekana-ds-rozwoju-i-wspolpracy-naszej-uczelni-oraz-eksperta-w-obszarze-bezpieczenstwa\\\/\"},\"author\":{\"name\":\"Ernest Marczy\u0144ski\",\"@id\":\"https:\\\/\\\/studia-wroclaw.pl\\\/#\\\/schema\\\/person\\\/894c3f27e7b23a7812649d45f28280c0\"},\"headline\":\"Kim jest dr Rafa\u0142 Guzowski? Poznaj Prodziekana ds. Rozwoju i Wsp\u00f3\u0142pracy naszej Uczelni oraz eksperta w obszarze bezpiecze\u0144stwa\",\"datePublished\":\"2026-08-24T13:03:33+00:00\",\"dateModified\":\"2026-08-25T08:16:52+00:00\",\"mainEntityOfPage\":{\"@id\":\"https:\\\/\\\/studia-wroclaw.pl\\\/kim-jest-dr-rafal-guzowski-poznaj-prodziekana-ds-rozwoju-i-wspolpracy-naszej-uczelni-oraz-eksperta-w-obszarze-bezpieczenstwa\\\/\"},\"wordCount\":569,\"commentCount\":0,\"image\":{\"@id\":\"https:\\\/\\\/studia-wroclaw.pl\\\/kim-jest-dr-rafal-guzowski-poznaj-prodziekana-ds-rozwoju-i-wspolpracy-naszej-uczelni-oraz-eksperta-w-obszarze-bezpieczenstwa\\\/#primaryimage\"},\"thumbnailUrl\":\"https:\\\/\\\/studia-wroclaw.pl\\\/wp-content\\\/uploads\\\/2026\\\/08\\\/rafal-guzowski-wskz-sw.jpg\",\"articleSection\":[\"Aktualno\u015bci\"],\"inLanguage\":\"en-GB\",\"potentialAction\":[{\"@type\":\"CommentAction\",\"name\":\"Comment\",\"target\":[\"https:\\\/\\\/studia-wroclaw.pl\\\/kim-jest-dr-rafal-guzowski-poznaj-prodziekana-ds-rozwoju-i-wspolpracy-naszej-uczelni-oraz-eksperta-w-obszarze-bezpieczenstwa\\\/#respond\"]}]},{\"@type\":\"WebPage\",\"@id\":\"https:\\\/\\\/studia-wroclaw.pl\\\/kim-jest-dr-rafal-guzowski-poznaj-prodziekana-ds-rozwoju-i-wspolpracy-naszej-uczelni-oraz-eksperta-w-obszarze-bezpieczenstwa\\\/\",\"url\":\"https:\\\/\\\/studia-wroclaw.pl\\\/kim-jest-dr-rafal-guzowski-poznaj-prodziekana-ds-rozwoju-i-wspolpracy-naszej-uczelni-oraz-eksperta-w-obszarze-bezpieczenstwa\\\/\",\"name\":\"Kim jest dr Rafa\u0142 Guzowski? Poznaj Prodziekana ds. Rozwoju i Wsp\u00f3\u0142pracy naszej Uczelni oraz eksperta w obszarze bezpiecze\u0144stwa - Studia Wroc\u0142aw\",\"isPartOf\":{\"@id\":\"https:\\\/\\\/studia-wroclaw.pl\\\/#website\"},\"primaryImageOfPage\":{\"@id\":\"https:\\\/\\\/studia-wroclaw.pl\\\/kim-jest-dr-rafal-guzowski-poznaj-prodziekana-ds-rozwoju-i-wspolpracy-naszej-uczelni-oraz-eksperta-w-obszarze-bezpieczenstwa\\\/#primaryimage\"},\"image\":{\"@id\":\"https:\\\/\\\/studia-wroclaw.pl\\\/kim-jest-dr-rafal-guzowski-poznaj-prodziekana-ds-rozwoju-i-wspolpracy-naszej-uczelni-oraz-eksperta-w-obszarze-bezpieczenstwa\\\/#primaryimage\"},\"thumbnailUrl\":\"https:\\\/\\\/studia-wroclaw.pl\\\/wp-content\\\/uploads\\\/2026\\\/08\\\/rafal-guzowski-wskz-sw.jpg\",\"datePublished\":\"2026-08-24T13:03:33+00:00\",\"dateModified\":\"2026-08-25T08:16:52+00:00\",\"author\":{\"@id\":\"https:\\\/\\\/studia-wroclaw.pl\\\/#\\\/schema\\\/person\\\/894c3f27e7b23a7812649d45f28280c0\"},\"description\":\"Co wyr\u00f3\u017cnia dzia\u0142alno\u015b\u0107 naukow\u0105 i dydaktyczn\u0105 dr. Rafa\u0142a Guzowskiego? Prodziekan naszej Uczelni \u0142\u0105czy zainteresowania zwi\u0105zane z bezpiecze\u0144stwem z nieszablonowymi metodami pracy. Poznaj bli\u017cej sylwetk\u0119 adiunkta WSKZ.\",\"breadcrumb\":{\"@id\":\"https:\\\/\\\/studia-wroclaw.pl\\\/kim-jest-dr-rafal-guzowski-poznaj-prodziekana-ds-rozwoju-i-wspolpracy-naszej-uczelni-oraz-eksperta-w-obszarze-bezpieczenstwa\\\/#breadcrumb\"},\"inLanguage\":\"en-GB\",\"potentialAction\":[{\"@type\":\"ReadAction\",\"target\":[\"https:\\\/\\\/studia-wroclaw.pl\\\/kim-jest-dr-rafal-guzowski-poznaj-prodziekana-ds-rozwoju-i-wspolpracy-naszej-uczelni-oraz-eksperta-w-obszarze-bezpieczenstwa\\\/\"]}]},{\"@type\":\"ImageObject\",\"inLanguage\":\"en-GB\",\"@id\":\"https:\\\/\\\/studia-wroclaw.pl\\\/kim-jest-dr-rafal-guzowski-poznaj-prodziekana-ds-rozwoju-i-wspolpracy-naszej-uczelni-oraz-eksperta-w-obszarze-bezpieczenstwa\\\/#primaryimage\",\"url\":\"https:\\\/\\\/studia-wroclaw.pl\\\/wp-content\\\/uploads\\\/2026\\\/08\\\/rafal-guzowski-wskz-sw.jpg\",\"contentUrl\":\"https:\\\/\\\/studia-wroclaw.pl\\\/wp-content\\\/uploads\\\/2026\\\/08\\\/rafal-guzowski-wskz-sw.jpg\",\"width\":1149,\"height\":570,\"caption\":\"Kim jest dr Rafa\u0142 Guzowski? Poznaj Prodziekana ds. Rozwoju i Wsp\u00f3\u0142pracy naszej Uczelni oraz eksperta w obszarze bezpiecze\u0144stwa\"},{\"@type\":\"BreadcrumbList\",\"@id\":\"https:\\\/\\\/studia-wroclaw.pl\\\/kim-jest-dr-rafal-guzowski-poznaj-prodziekana-ds-rozwoju-i-wspolpracy-naszej-uczelni-oraz-eksperta-w-obszarze-bezpieczenstwa\\\/#breadcrumb\",\"itemListElement\":[{\"@type\":\"ListItem\",\"position\":1,\"name\":\"Strona g\u0142\u00f3wna\",\"item\":\"https:\\\/\\\/studia-wroclaw.pl\\\/\"},{\"@type\":\"ListItem\",\"position\":2,\"name\":\"Kim jest dr Rafa\u0142 Guzowski? Poznaj Prodziekana ds. Rozwoju i Wsp\u00f3\u0142pracy naszej Uczelni oraz eksperta w obszarze bezpiecze\u0144stwa\"}]},{\"@type\":\"WebSite\",\"@id\":\"https:\\\/\\\/studia-wroclaw.pl\\\/#website\",\"url\":\"https:\\\/\\\/studia-wroclaw.pl\\\/\",\"name\":\"Studia Wroc\u0142aw\",\"description\":\"\",\"potentialAction\":[{\"@type\":\"SearchAction\",\"target\":{\"@type\":\"EntryPoint\",\"urlTemplate\":\"https:\\\/\\\/studia-wroclaw.pl\\\/?s={search_term_string}\"},\"query-input\":{\"@type\":\"PropertyValueSpecification\",\"valueRequired\":true,\"valueName\":\"search_term_string\"}}],\"inLanguage\":\"en-GB\"},{\"@type\":\"Person\",\"@id\":\"https:\\\/\\\/studia-wroclaw.pl\\\/#\\\/schema\\\/person\\\/894c3f27e7b23a7812649d45f28280c0\",\"name\":\"Ernest Marczy\u0144ski\",\"image\":{\"@type\":\"ImageObject\",\"inLanguage\":\"en-GB\",\"@id\":\"https:\\\/\\\/secure.gravatar.com\\\/avatar\\\/7c6a6a26a96dc9265376bbe54957f88d60fe5a76dff57237df4a9430b4ccd6f9?s=96&d=mm&r=g\",\"url\":\"https:\\\/\\\/secure.gravatar.com\\\/avatar\\\/7c6a6a26a96dc9265376bbe54957f88d60fe5a76dff57237df4a9430b4ccd6f9?s=96&d=mm&r=g\",\"contentUrl\":\"https:\\\/\\\/secure.gravatar.com\\\/avatar\\\/7c6a6a26a96dc9265376bbe54957f88d60fe5a76dff57237df4a9430b4ccd6f9?s=96&d=mm&r=g\",\"caption\":\"Ernest Marczy\u0144ski\"},\"url\":\"https:\\\/\\\/studia-wroclaw.pl\\\/en\\\/author\\\/ernest-marczynski\\\/\"}]}<\/script>\n<!-- \/ Yoast SEO plugin. -->","yoast_head_json":{"title":"Kim jest dr Rafa\u0142 Guzowski? Poznaj Prodziekana ds. Rozwoju i Wsp\u00f3\u0142pracy naszej Uczelni oraz eksperta w obszarze bezpiecze\u0144stwa - Studia Wroc\u0142aw","description":"Co wyr\u00f3\u017cnia dzia\u0142alno\u015b\u0107 naukow\u0105 i dydaktyczn\u0105 dr. Rafa\u0142a Guzowskiego? Prodziekan naszej Uczelni \u0142\u0105czy zainteresowania zwi\u0105zane z bezpiecze\u0144stwem z nieszablonowymi metodami pracy. Poznaj bli\u017cej sylwetk\u0119 adiunkta WSKZ.","robots":{"index":"index","follow":"follow","max-snippet":"max-snippet:-1","max-image-preview":"max-image-preview:large","max-video-preview":"max-video-preview:-1"},"canonical":"https:\/\/studia-wroclaw.pl\/en\/kim-jest-dr-rafal-guzowski-poznaj-prodziekana-ds-rozwoju-i-wspolpracy-naszej-uczelni-oraz-eksperta-w-obszarze-bezpieczenstwa\/","og_locale":"en_GB","og_type":"article","og_title":"Kim jest dr Rafa\u0142 Guzowski? Poznaj Prodziekana ds. Rozwoju i Wsp\u00f3\u0142pracy naszej Uczelni oraz eksperta w obszarze bezpiecze\u0144stwa - Studia Wroc\u0142aw","og_description":"Co wyr\u00f3\u017cnia dzia\u0142alno\u015b\u0107 naukow\u0105 i dydaktyczn\u0105 dr. Rafa\u0142a Guzowskiego? Prodziekan naszej Uczelni \u0142\u0105czy zainteresowania zwi\u0105zane z bezpiecze\u0144stwem z nieszablonowymi metodami pracy. Poznaj bli\u017cej sylwetk\u0119 adiunkta WSKZ.","og_url":"https:\/\/studia-wroclaw.pl\/en\/kim-jest-dr-rafal-guzowski-poznaj-prodziekana-ds-rozwoju-i-wspolpracy-naszej-uczelni-oraz-eksperta-w-obszarze-bezpieczenstwa\/","og_site_name":"Studia Wroc\u0142aw","article_published_time":"2026-08-24T13:03:33+00:00","article_modified_time":"2026-08-25T08:16:52+00:00","og_image":[{"width":1149,"height":570,"url":"https:\/\/studia-wroclaw.pl\/wp-content\/uploads\/2026\/08\/rafal-guzowski-wskz-sw.jpg","type":"image\/jpeg"}],"author":"Ernest Marczy\u0144ski","twitter_card":"summary_large_image","twitter_misc":{"Written by":"Ernest Marczy\u0144ski","Estimated reading time":"3 minutes"},"schema":{"@context":"https:\/\/schema.org","@graph":[{"@type":"Article","@id":"https:\/\/studia-wroclaw.pl\/kim-jest-dr-rafal-guzowski-poznaj-prodziekana-ds-rozwoju-i-wspolpracy-naszej-uczelni-oraz-eksperta-w-obszarze-bezpieczenstwa\/#article","isPartOf":{"@id":"https:\/\/studia-wroclaw.pl\/kim-jest-dr-rafal-guzowski-poznaj-prodziekana-ds-rozwoju-i-wspolpracy-naszej-uczelni-oraz-eksperta-w-obszarze-bezpieczenstwa\/"},"author":{"name":"Ernest Marczy\u0144ski","@id":"https:\/\/studia-wroclaw.pl\/#\/schema\/person\/894c3f27e7b23a7812649d45f28280c0"},"headline":"Kim jest dr Rafa\u0142 Guzowski? Poznaj Prodziekana ds. Rozwoju i Wsp\u00f3\u0142pracy naszej Uczelni oraz eksperta w obszarze bezpiecze\u0144stwa","datePublished":"2026-08-24T13:03:33+00:00","dateModified":"2026-08-25T08:16:52+00:00","mainEntityOfPage":{"@id":"https:\/\/studia-wroclaw.pl\/kim-jest-dr-rafal-guzowski-poznaj-prodziekana-ds-rozwoju-i-wspolpracy-naszej-uczelni-oraz-eksperta-w-obszarze-bezpieczenstwa\/"},"wordCount":569,"commentCount":0,"image":{"@id":"https:\/\/studia-wroclaw.pl\/kim-jest-dr-rafal-guzowski-poznaj-prodziekana-ds-rozwoju-i-wspolpracy-naszej-uczelni-oraz-eksperta-w-obszarze-bezpieczenstwa\/#primaryimage"},"thumbnailUrl":"https:\/\/studia-wroclaw.pl\/wp-content\/uploads\/2026\/08\/rafal-guzowski-wskz-sw.jpg","articleSection":["Aktualno\u015bci"],"inLanguage":"en-GB","potentialAction":[{"@type":"CommentAction","name":"Comment","target":["https:\/\/studia-wroclaw.pl\/kim-jest-dr-rafal-guzowski-poznaj-prodziekana-ds-rozwoju-i-wspolpracy-naszej-uczelni-oraz-eksperta-w-obszarze-bezpieczenstwa\/#respond"]}]},{"@type":"WebPage","@id":"https:\/\/studia-wroclaw.pl\/kim-jest-dr-rafal-guzowski-poznaj-prodziekana-ds-rozwoju-i-wspolpracy-naszej-uczelni-oraz-eksperta-w-obszarze-bezpieczenstwa\/","url":"https:\/\/studia-wroclaw.pl\/kim-jest-dr-rafal-guzowski-poznaj-prodziekana-ds-rozwoju-i-wspolpracy-naszej-uczelni-oraz-eksperta-w-obszarze-bezpieczenstwa\/","name":"Kim jest dr Rafa\u0142 Guzowski? Poznaj Prodziekana ds. Rozwoju i Wsp\u00f3\u0142pracy naszej Uczelni oraz eksperta w obszarze bezpiecze\u0144stwa - Studia Wroc\u0142aw","isPartOf":{"@id":"https:\/\/studia-wroclaw.pl\/#website"},"primaryImageOfPage":{"@id":"https:\/\/studia-wroclaw.pl\/kim-jest-dr-rafal-guzowski-poznaj-prodziekana-ds-rozwoju-i-wspolpracy-naszej-uczelni-oraz-eksperta-w-obszarze-bezpieczenstwa\/#primaryimage"},"image":{"@id":"https:\/\/studia-wroclaw.pl\/kim-jest-dr-rafal-guzowski-poznaj-prodziekana-ds-rozwoju-i-wspolpracy-naszej-uczelni-oraz-eksperta-w-obszarze-bezpieczenstwa\/#primaryimage"},"thumbnailUrl":"https:\/\/studia-wroclaw.pl\/wp-content\/uploads\/2026\/08\/rafal-guzowski-wskz-sw.jpg","datePublished":"2026-08-24T13:03:33+00:00","dateModified":"2026-08-25T08:16:52+00:00","author":{"@id":"https:\/\/studia-wroclaw.pl\/#\/schema\/person\/894c3f27e7b23a7812649d45f28280c0"},"description":"Co wyr\u00f3\u017cnia dzia\u0142alno\u015b\u0107 naukow\u0105 i dydaktyczn\u0105 dr. Rafa\u0142a Guzowskiego? Prodziekan naszej Uczelni \u0142\u0105czy zainteresowania zwi\u0105zane z bezpiecze\u0144stwem z nieszablonowymi metodami pracy. Poznaj bli\u017cej sylwetk\u0119 adiunkta WSKZ.","breadcrumb":{"@id":"https:\/\/studia-wroclaw.pl\/kim-jest-dr-rafal-guzowski-poznaj-prodziekana-ds-rozwoju-i-wspolpracy-naszej-uczelni-oraz-eksperta-w-obszarze-bezpieczenstwa\/#breadcrumb"},"inLanguage":"en-GB","potentialAction":[{"@type":"ReadAction","target":["https:\/\/studia-wroclaw.pl\/kim-jest-dr-rafal-guzowski-poznaj-prodziekana-ds-rozwoju-i-wspolpracy-naszej-uczelni-oraz-eksperta-w-obszarze-bezpieczenstwa\/"]}]},{"@type":"ImageObject","inLanguage":"en-GB","@id":"https:\/\/studia-wroclaw.pl\/kim-jest-dr-rafal-guzowski-poznaj-prodziekana-ds-rozwoju-i-wspolpracy-naszej-uczelni-oraz-eksperta-w-obszarze-bezpieczenstwa\/#primaryimage","url":"https:\/\/studia-wroclaw.pl\/wp-content\/uploads\/2026\/08\/rafal-guzowski-wskz-sw.jpg","contentUrl":"https:\/\/studia-wroclaw.pl\/wp-content\/uploads\/2026\/08\/rafal-guzowski-wskz-sw.jpg","width":1149,"height":570,"caption":"Kim jest dr Rafa\u0142 Guzowski? Poznaj Prodziekana ds. Rozwoju i Wsp\u00f3\u0142pracy naszej Uczelni oraz eksperta w obszarze bezpiecze\u0144stwa"},{"@type":"BreadcrumbList","@id":"https:\/\/studia-wroclaw.pl\/kim-jest-dr-rafal-guzowski-poznaj-prodziekana-ds-rozwoju-i-wspolpracy-naszej-uczelni-oraz-eksperta-w-obszarze-bezpieczenstwa\/#breadcrumb","itemListElement":[{"@type":"ListItem","position":1,"name":"Strona g\u0142\u00f3wna","item":"https:\/\/studia-wroclaw.pl\/"},{"@type":"ListItem","position":2,"name":"Kim jest dr Rafa\u0142 Guzowski? Poznaj Prodziekana ds. Rozwoju i Wsp\u00f3\u0142pracy naszej Uczelni oraz eksperta w obszarze bezpiecze\u0144stwa"}]},{"@type":"WebSite","@id":"https:\/\/studia-wroclaw.pl\/#website","url":"https:\/\/studia-wroclaw.pl\/","name":"Studies Wroclaw","description":"","potentialAction":[{"@type":"SearchAction","target":{"@type":"EntryPoint","urlTemplate":"https:\/\/studia-wroclaw.pl\/?s={search_term_string}"},"query-input":{"@type":"PropertyValueSpecification","valueRequired":true,"valueName":"search_term_string"}}],"inLanguage":"en-GB"},{"@type":"Person","@id":"https:\/\/studia-wroclaw.pl\/#\/schema\/person\/894c3f27e7b23a7812649d45f28280c0","name":"Ernest Marczy\u0144ski","image":{"@type":"ImageObject","inLanguage":"en-GB","@id":"https:\/\/secure.gravatar.com\/avatar\/7c6a6a26a96dc9265376bbe54957f88d60fe5a76dff57237df4a9430b4ccd6f9?s=96&d=mm&r=g","url":"https:\/\/secure.gravatar.com\/avatar\/7c6a6a26a96dc9265376bbe54957f88d60fe5a76dff57237df4a9430b4ccd6f9?s=96&d=mm&r=g","contentUrl":"https:\/\/secure.gravatar.com\/avatar\/7c6a6a26a96dc9265376bbe54957f88d60fe5a76dff57237df4a9430b4ccd6f9?s=96&d=mm&r=g","caption":"Ernest Marczy\u0144ski"},"url":"https:\/\/studia-wroclaw.pl\/en\/author\/ernest-marczynski\/"}]}},"_links":{"self":[{"href":"https:\/\/studia-wroclaw.pl\/en\/wp-json\/wp\/v2\/posts\/12950","targetHints":{"allow":["GET"]}}],"collection":[{"href":"https:\/\/studia-wroclaw.pl\/en\/wp-json\/wp\/v2\/posts"}],"about":[{"href":"https:\/\/studia-wroclaw.pl\/en\/wp-json\/wp\/v2\/types\/post"}],"author":[{"embeddable":true,"href":"https:\/\/studia-wroclaw.pl\/en\/wp-json\/wp\/v2\/users\/24"}],"replies":[{"embeddable":true,"href":"https:\/\/studia-wroclaw.pl\/en\/wp-json\/wp\/v2\/comments?post=12950"}],"version-history":[{"count":2,"href":"https:\/\/studia-wroclaw.pl\/en\/wp-json\/wp\/v2\/posts\/12950\/revisions"}],"predecessor-version":[{"id":13001,"href":"https:\/\/studia-wroclaw.pl\/en\/wp-json\/wp\/v2\/posts\/12950\/revisions\/13001"}],"wp:featuredmedia":[{"embeddable":true,"href":"https:\/\/studia-wroclaw.pl\/en\/wp-json\/wp\/v2\/media\/12948"}],"wp:attachment":[{"href":"https:\/\/studia-wroclaw.pl\/en\/wp-json\/wp\/v2\/media?parent=12950"}],"wp:term":[{"taxonomy":"category","embeddable":true,"href":"https:\/\/studia-wroclaw.pl\/en\/wp-json\/wp\/v2\/categories?post=12950"},{"taxonomy":"post_tag","embeddable":true,"href":"https:\/\/studia-wroclaw.pl\/en\/wp-json\/wp\/v2\/tags?post=12950"}],"curies":[{"name":"wp","href":"https:\/\/api.w.org\/{rel}","templated":true}]}}