{"id":12955,"date":"2026-08-24T15:11:40","date_gmt":"2026-08-24T13:11:40","guid":{"rendered":"https:\/\/studia-wroclaw.pl\/?p=12955"},"modified":"2026-08-25T10:14:34","modified_gmt":"2026-08-25T08:14:34","slug":"kim-jest-dr-agnieszka-pawlowska-poznaj-wykladowczynie-naszej-uczelni-i-ekspertke-w-obszarze-uslug-spolecznych","status":"publish","type":"post","link":"https:\/\/studia-wroclaw.pl\/en\/kim-jest-dr-agnieszka-pawlowska-poznaj-wykladowczynie-naszej-uczelni-i-ekspertke-w-obszarze-uslug-spolecznych\/","title":{"rendered":"Kim jest dr Agnieszka Paw\u0142owska? Poznaj wyk\u0142adowczyni\u0119 naszej Uczelni i ekspertk\u0119 w obszarze us\u0142ug spo\u0142ecznych"},"content":{"rendered":"<p class=\"wp-block-paragraph\">Co wyr\u00f3\u017cnia dzia\u0142alno\u015b\u0107 naukow\u0105 i zawodow\u0105 dr Agnieszki Paw\u0142owskiej? Wieloletnie do\u015bwiadczenie akademickie <strong>\u0142\u0105czy z praktyczn\u0105 wiedz\u0105 dotycz\u0105c\u0105 administracji, us\u0142ug spo\u0142ecznych oraz wsparcia os\u00f3b z niepe\u0142nosprawno\u015bciami i ich otoczenia<\/strong>. Poznaj bli\u017cej ekspertk\u0119 WSKZ i sprawd\u017a, dlaczego warto zag\u0142osowa\u0107 na ni\u0105 w <span style=\"text-decoration: underline;\"><a href=\"https:\/\/wykladowcaroku.pl\/\">Plebiscycie Wyk\u0142adowca Roku 2026<\/a><\/span>.<\/p>\n\n\n\n<h2 class=\"wp-block-heading\">Jak wygl\u0105da\u0142a \u015bcie\u017cka naukowa i zawodowa dr Agnieszki Paw\u0142owskiej?<\/h2>\n\n\n\n<p class=\"wp-block-paragraph\">Dr Agnieszka Paw\u0142owska jest <strong>politolo\u017ck\u0105, filolo\u017ck\u0105 oraz wyk\u0142adowczyni\u0105 akademick\u0105<\/strong>, kt\u00f3ra \u0142\u0105czy do\u015bwiadczenie naukowo-dydaktyczne z dzia\u0142alno\u015bci\u0105 w obszarze us\u0142ug spo\u0142ecznych. Uko\u0144czy\u0142a filologi\u0119 polsk\u0105 w 2001 roku oraz politologi\u0119 w 2002 roku na Uniwersytecie Wroc\u0142awskim, a nast\u0119pnie obroni\u0142a doktorat z zakresu polityki spo\u0142ecznej.<\/p>\n\n\n\n<p class=\"wp-block-paragraph\">W latach 2008-2019 zdobywa\u0142a do\u015bwiadczenie naukowo-dydaktyczne w kilku uczelniach. Pe\u0142ni\u0142a r\u00f3wnie\u017c funkcje organizacyjno-administracyjne \u2013 <strong>w latach 2010-2013 by\u0142a dziekanem Wydzia\u0142u S\u0142u\u017cb Publicznych w Dolno\u015bl\u0105skiej Wy\u017cszej Szkole S\u0142u\u017cb Publicznych \u201eASESOR\u201d. <\/strong>Od 2022 roku jest <strong>wyk\u0142adowczyni\u0105 WSKZ na studiach z administracji, kryminologii i bezpiecze\u0144stwa<\/strong>.&nbsp;<\/p>\n\n\n\n<h2 class=\"wp-block-heading\">Jakie zaj\u0119cia prowadzi dr Agnieszka Paw\u0142owska?<\/h2>\n\n\n\n<p class=\"wp-block-paragraph\">Dr Agnieszka Paw\u0142owska prowadzi zaj\u0119cia obejmuj\u0105ce administracj\u0119 lokaln\u0105 i regionaln\u0105. Do pozosta\u0142ych obszar\u00f3w poruszanych przez ekspertk\u0119 tak\u017ce m.in.:<\/p>\n\n\n\n<ul class=\"wp-block-list\">\n<li>planowanie rozwoju lokalnego;&nbsp;<\/li>\n\n\n\n<li>patologie spo\u0142eczne;&nbsp;<\/li>\n\n\n\n<li>turystyk\u0119 kulturow\u0105 i dziedzictwo kulturowe.&nbsp;<\/li>\n<\/ul>\n\n\n\n<h2 class=\"wp-block-heading\">Jakimi zagadnieniami naukowymi zajmuje si\u0119 dr Agnieszka Paw\u0142owska?<\/h2>\n\n\n\n<p class=\"wp-block-paragraph\">Zainteresowania naukowe dr Agnieszki Paw\u0142owskiej koncentruj\u0105 si\u0119 przede wszystkim na <strong>administracji samorz\u0105dowej oraz organizacji us\u0142ug spo\u0142ecznych w \u015brodowisku lokalnym<\/strong>. Wa\u017cnym obszarem jej dzia\u0142alno\u015bci pozostaje r\u00f3wnie\u017c opieka wytchnieniowa.<\/p>\n\n\n\n<p class=\"wp-block-paragraph\">Podejmowana przez ekspertk\u0119 <strong>problematyka \u0142\u0105czy wi\u0119c zagadnienia<\/strong> zwi\u0105zane z funkcjonowaniem administracji z praktycznym wymiarem organizowania wsparcia odpowiadaj\u0105cego na potrzeby lokalnych spo\u0142eczno\u015bci.<\/p>\n\n\n\n<h2 class=\"wp-block-heading\">Jak wyk\u0142adowczyni naszej Uczelni wykorzystuje swoj\u0105 wiedz\u0119 w dzia\u0142alno\u015bci spo\u0142ecznej?<\/h2>\n\n\n\n<p class=\"wp-block-paragraph\">Do\u015bwiadczenie dr Agnieszki Paw\u0142owskiej wykracza poza dzia\u0142alno\u015b\u0107 akademick\u0105<strong>. W latach 2019-2025 by\u0142a zwi\u0105zana z Fundacj\u0105 Imago we Wroc\u0142awiu<\/strong>, gdzie anga\u017cowa\u0142a si\u0119 w dzia\u0142ania skierowane do os\u00f3b z niepe\u0142nosprawno\u015bciami oraz ich otoczenia.<\/p>\n\n\n\n<p class=\"wp-block-paragraph\">W ramach swojej pracy odpowiada\u0142a m.in. za:<\/p>\n\n\n\n<ul class=\"wp-block-list\">\n<li>projektowanie i realizacj\u0119 r\u00f3\u017cnych form wsparcia;&nbsp;<\/li>\n\n\n\n<li>tworzenie i prowadzenie projekt\u00f3w asystencji osobistej oraz opieki wytchnieniowej;&nbsp;<\/li>\n\n\n\n<li>prowadzenie szkole\u0144 dotycz\u0105cych przygotowania i organizacji us\u0142ug spo\u0142ecznych.<\/li>\n<\/ul>\n\n\n\n<p class=\"wp-block-paragraph\">Dzi\u0119ki temu w swojej dzia\u0142alno\u015bci mo\u017ce <strong>\u0142\u0105czy\u0107 perspektyw\u0119 akademick\u0105 z do\u015bwiadczeniem zdobytym przy projektowaniu i wdra\u017caniu konkretnych form wsparcia<\/strong>.<\/p>\n\n\n\n<h3 class=\"wp-block-heading\">Projekt \u201eRespitality\u201d \u2013 mi\u0119dzynarodowa wsp\u00f3\u0142praca na rzecz us\u0142ug spo\u0142ecznych<\/h3>\n\n\n\n<p class=\"wp-block-paragraph\">Dr Agnieszka Paw\u0142owska uczestniczy obecnie w projekcie <strong>\u201eRespitality\u201d realizowanym przez Fundacj\u0119 Imago i finansowanym ze \u015brodk\u00f3w Samorz\u0105du Wojew\u00f3dztwa Dolno\u015bl\u0105skiego<\/strong>. Inicjatywa koncentruje si\u0119 na mi\u0119dzynarodowej wsp\u00f3\u0142pracy organizacji pozarz\u0105dowych ukierunkowanej na wdra\u017canie innowacyjnych rozwi\u0105za\u0144 w zakresie us\u0142ug spo\u0142ecznych.<\/p>\n\n\n\n<p class=\"wp-block-paragraph\">Udzia\u0142 w projekcie stanowi <strong>kolejny element dzia\u0142alno\u015bci ekspertki zwi\u0105zany z rozwijaniem i poszukiwaniem nowych rozwi\u0105za\u0144<\/strong> w obszarze wsparcia spo\u0142ecznego.<\/p>\n\n\n\n<h3 class=\"wp-block-heading\">Publikacje naukowe<\/h3>\n\n\n\n<p class=\"wp-block-paragraph\">Dzia\u0142alno\u015b\u0107 naukowa dr Agnieszki Paw\u0142owskiej obejmuje r\u00f3wnie\u017c <strong>wsp\u00f3\u0142tworzenie raport\u00f3w i publikacji po\u015bwi\u0119conych opiece wytchnieniowej<\/strong>. Tematyka ta jest bezpo\u015brednio zwi\u0105zana z jednym z g\u0142\u00f3wnych obszar\u00f3w jej zainteresowa\u0144 oraz do\u015bwiadczenia zawodowego.<\/p>\n\n\n\n<h2 class=\"wp-block-heading\">W jaki spos\u00f3b dzia\u0142alno\u015b\u0107 wyk\u0142adowczyni wp\u0142ywa na rozw\u00f3j student\u00f3w naszej Uczelni?<\/h2>\n\n\n\n<p class=\"wp-block-paragraph\">Dzia\u0142alno\u015b\u0107 dr Agnieszki Paw\u0142owskiej pozwala studentom naszej Uczelni <strong>poznawa\u0107 zagadnienia zwi\u0105zane z administracj\u0105 i problematyk\u0105 spo\u0142eczn\u0105 r\u00f3wnie\u017c z perspektywy praktycznych do\u015bwiadcze\u0144 ekspertki<\/strong>. Wieloletnia aktywno\u015b\u0107 akademicka, do\u015bwiadczenie organizacyjno-administracyjne oraz udzia\u0142 w projektach spo\u0142ecznych tworz\u0105 szeroki kontekst dla omawianych zagadnie\u0144.<\/p>\n\n\n\n<p class=\"wp-block-paragraph\">Wiedza ta mo\u017ce by\u0107 szczeg\u00f3lnie warto\u015bciowa dla os\u00f3b zainteresowanych:<\/p>\n\n\n\n<ul class=\"wp-block-list\">\n<li>administracj\u0105 publiczn\u0105 i samorz\u0105dow\u0105;&nbsp;<\/li>\n\n\n\n<li>polityk\u0105 i bezpiecze\u0144stwem spo\u0142ecznym;&nbsp;<\/li>\n\n\n\n<li>organizacj\u0105 us\u0142ug spo\u0142ecznych;&nbsp;<\/li>\n\n\n\n<li>dzia\u0142aniami na rzecz os\u00f3b z niepe\u0142nosprawno\u015bciami.&nbsp;<\/li>\n<\/ul>\n\n\n\n<h2 class=\"wp-block-heading\">Dlaczego warto zag\u0142osowa\u0107 na dr Agnieszk\u0119 Paw\u0142owsk\u0105 w Plebiscycie Wyk\u0142adowca Roku 2026?<\/h2>\n\n\n\n<p class=\"wp-block-paragraph\">Po\u0142\u0105czenie r\u00f3\u017cnych obszar\u00f3w dzia\u0142alno\u015bci dr Agnieszki Paw\u0142owskiej pozwala studentom spojrze\u0107 na funkcjonowanie administracji i us\u0142ug spo\u0142ecznych nie tylko przez pryzmat teorii, ale r\u00f3wnie\u017c <strong>wyzwa\u0144 pojawiaj\u0105cych si\u0119 podczas ich projektowania i realizacji<\/strong>.<\/p>\n\n\n\n<p class=\"wp-block-paragraph\">Je\u015bli cenisz jej spos\u00f3b prowadzenia zaj\u0119\u0107, podej\u015bcie do student\u00f3w i umiej\u0119tno\u015b\u0107 \u0142\u0105czenia teorii z praktyk\u0105,<strong> <span style=\"text-decoration: underline;\"><a href=\"https:\/\/wykladowcaroku.pl\/\">ju\u017c teraz oddaj sw\u00f3j g\u0142os w Plebiscycie Wyk\u0142adowca Roku 2026<\/a><\/span><\/strong>. To okazja, aby doceni\u0107 jej zaanga\u017cowanie w prac\u0119 oraz podej\u015bcie do nauczania.\u00a0<\/p>\n\n\n\n<h2 class=\"wp-block-heading\">FAQ<\/h2>\n\n\n\n<h3 class=\"wp-block-heading\">Kim jest dr Agnieszka Paw\u0142owska?<\/h3>\n\n\n\n<p class=\"wp-block-paragraph\">Dr Agnieszka Paw\u0142owska jest politolo\u017ck\u0105, filolo\u017ck\u0105 oraz wyk\u0142adowczyni\u0105 akademick\u0105 zwi\u0105zan\u0105 z WSKZ. Jej dzia\u0142alno\u015b\u0107 naukowa i zawodowa koncentruje si\u0119 m.in. na administracji samorz\u0105dowej, us\u0142ugach spo\u0142ecznych oraz opiece wytchnieniowej.<\/p>\n\n\n\n<h3 class=\"wp-block-heading\">Jakie do\u015bwiadczenie zawodowe posiada dr Agnieszka Paw\u0142owska?<\/h3>\n\n\n\n<p class=\"wp-block-paragraph\">Dr Agnieszka Paw\u0142owska posiada wieloletnie do\u015bwiadczenie naukowo-dydaktyczne, organizacyjno-administracyjne oraz zwi\u0105zane z realizacj\u0105 projekt\u00f3w spo\u0142ecznych. W latach 2019-2025 pracowa\u0142a w Fundacji Imago, gdzie zajmowa\u0142a si\u0119 m.in. wsparciem os\u00f3b z niepe\u0142nosprawno\u015bciami, asystencj\u0105 osobist\u0105 i opiek\u0105 wytchnieniow\u0105.<\/p>\n\n\n\n<h3 class=\"wp-block-heading\">Jak\u0105 zaj\u0119cia prowadzi dr Agnieszka Paw\u0142owska na naszej Uczelni?<\/h3>\n\n\n\n<p class=\"wp-block-paragraph\">Od 2022 roku dr Agnieszka Paw\u0142owska prowadzi w WSKZ zaj\u0119cia na studiach z administracji, kryminologii i bezpiecze\u0144stwa. Dzieli si\u0119 ze studentami wiedz\u0105 dotycz\u0105c\u0105 m.in. administracji lokalnej i regionalnej, rozwoju lokalnego oraz problematyki spo\u0142ecznej.<\/p>\n\n\n\n<h3 class=\"wp-block-heading\">Dlaczego warto zag\u0142osowa\u0107 na dr Agnieszk\u0119 Paw\u0142owsk\u0105 w Plebiscycie Wyk\u0142adowca Roku 2026?<\/h3>\n\n\n\n<p class=\"wp-block-paragraph\">G\u0142os na dr Agnieszk\u0119 Paw\u0142owsk\u0105 mo\u017ce by\u0107 sposobem na docenienie jej zaanga\u017cowania, podej\u015bcia do student\u00f3w oraz umiej\u0119tno\u015bci \u0142\u0105czenia zagadnie\u0144 akademickich z do\u015bwiadczeniem praktycznym. Je\u015bli cenisz jej spos\u00f3b prowadzenia zaj\u0119\u0107 i przekazywania wiedzy, mo\u017cesz poprze\u0107 jej kandydatur\u0119 w Plebiscycie Wyk\u0142adowca Roku 2026.<\/p>","protected":false},"excerpt":{"rendered":"<p>Co wyr\u00f3\u017cnia dzia\u0142alno\u015b\u0107 naukow\u0105 i zawodow\u0105 dr Agnieszki Paw\u0142owskiej? Wieloletnie do\u015bwiadczenie akademickie \u0142\u0105czy z praktyczn\u0105 wiedz\u0105 dotycz\u0105c\u0105 administracji, us\u0142ug spo\u0142ecznych oraz wsparcia os\u00f3b z niepe\u0142nosprawno\u015bciami i ich otoczenia. Poznaj bli\u017cej ekspertk\u0119 WSKZ i sprawd\u017a, dlaczego warto zag\u0142osowa\u0107 na ni\u0105 w Plebiscycie Wyk\u0142adowca Roku 2026. Jak wygl\u0105da\u0142a \u015bcie\u017cka naukowa i zawodowa dr Agnieszki Paw\u0142owskiej? Dr Agnieszka [&hellip;]<\/p>\n","protected":false},"author":24,"featured_media":12947,"comment_status":"open","ping_status":"open","sticky":false,"template":"","format":"standard","meta":{"om_disable_all_campaigns":false,"footnotes":""},"categories":[50],"tags":[],"class_list":["post-12955","post","type-post","status-publish","format-standard","has-post-thumbnail","hentry","category-aktualnosci"],"yoast_head":"<!-- This site is optimized with the Yoast SEO plugin v28.1 - https:\/\/yoast.com\/product\/yoast-seo-wordpress\/ -->\n<title>Kim jest dr Agnieszka Paw\u0142owska? Poznaj wyk\u0142adowczyni\u0119 naszej Uczelni i ekspertk\u0119 w obszarze us\u0142ug spo\u0142ecznych - Studia Wroc\u0142aw<\/title>\n<meta name=\"description\" content=\"Co wyr\u00f3\u017cnia dzia\u0142alno\u015b\u0107 naukow\u0105 i zawodow\u0105 dr Agnieszki Paw\u0142owskiej? Ekspertka WSKZ dzieli si\u0119 wiedz\u0105 dotycz\u0105c\u0105 administracji oraz us\u0142ug spo\u0142ecznych. Poznaj wyk\u0142adowczyni\u0119 naszej Uczelni.\" \/>\n<meta name=\"robots\" content=\"index, follow, max-snippet:-1, max-image-preview:large, max-video-preview:-1\" \/>\n<link rel=\"canonical\" href=\"https:\/\/studia-wroclaw.pl\/en\/kim-jest-dr-agnieszka-pawlowska-poznaj-wykladowczynie-naszej-uczelni-i-ekspertke-w-obszarze-uslug-spolecznych\/\" \/>\n<meta property=\"og:locale\" content=\"en_GB\" \/>\n<meta property=\"og:type\" content=\"article\" \/>\n<meta property=\"og:title\" content=\"Kim jest dr Agnieszka Paw\u0142owska? Poznaj wyk\u0142adowczyni\u0119 naszej Uczelni i ekspertk\u0119 w obszarze us\u0142ug spo\u0142ecznych - Studia Wroc\u0142aw\" \/>\n<meta property=\"og:description\" content=\"Co wyr\u00f3\u017cnia dzia\u0142alno\u015b\u0107 naukow\u0105 i zawodow\u0105 dr Agnieszki Paw\u0142owskiej? Ekspertka WSKZ dzieli si\u0119 wiedz\u0105 dotycz\u0105c\u0105 administracji oraz us\u0142ug spo\u0142ecznych. Poznaj wyk\u0142adowczyni\u0119 naszej Uczelni.\" \/>\n<meta property=\"og:url\" content=\"https:\/\/studia-wroclaw.pl\/en\/kim-jest-dr-agnieszka-pawlowska-poznaj-wykladowczynie-naszej-uczelni-i-ekspertke-w-obszarze-uslug-spolecznych\/\" \/>\n<meta property=\"og:site_name\" content=\"Studia Wroc\u0142aw\" \/>\n<meta property=\"article:published_time\" content=\"2026-08-24T13:11:40+00:00\" \/>\n<meta property=\"article:modified_time\" content=\"2026-08-25T08:14:34+00:00\" \/>\n<meta property=\"og:image\" content=\"https:\/\/studia-wroclaw.pl\/wp-content\/uploads\/2026\/08\/agnieszka-pawlowska-wskz-sw.jpg\" \/>\n\t<meta property=\"og:image:width\" content=\"1145\" \/>\n\t<meta property=\"og:image:height\" content=\"565\" \/>\n\t<meta property=\"og:image:type\" content=\"image\/jpeg\" \/>\n<meta name=\"author\" content=\"Ernest Marczy\u0144ski\" \/>\n<meta name=\"twitter:card\" content=\"summary_large_image\" \/>\n<meta name=\"twitter:label1\" content=\"Written by\" \/>\n\t<meta name=\"twitter:data1\" content=\"Ernest Marczy\u0144ski\" \/>\n\t<meta name=\"twitter:label2\" content=\"Estimated reading time\" \/>\n\t<meta name=\"twitter:data2\" content=\"5 minutes\" \/>\n<script type=\"application\/ld+json\" class=\"yoast-schema-graph\">{\"@context\":\"https:\\\/\\\/schema.org\",\"@graph\":[{\"@type\":\"Article\",\"@id\":\"https:\\\/\\\/studia-wroclaw.pl\\\/kim-jest-dr-agnieszka-pawlowska-poznaj-wykladowczynie-naszej-uczelni-i-ekspertke-w-obszarze-uslug-spolecznych\\\/#article\",\"isPartOf\":{\"@id\":\"https:\\\/\\\/studia-wroclaw.pl\\\/kim-jest-dr-agnieszka-pawlowska-poznaj-wykladowczynie-naszej-uczelni-i-ekspertke-w-obszarze-uslug-spolecznych\\\/\"},\"author\":{\"name\":\"Ernest Marczy\u0144ski\",\"@id\":\"https:\\\/\\\/studia-wroclaw.pl\\\/#\\\/schema\\\/person\\\/894c3f27e7b23a7812649d45f28280c0\"},\"headline\":\"Kim jest dr Agnieszka Paw\u0142owska? Poznaj wyk\u0142adowczyni\u0119 naszej Uczelni i ekspertk\u0119 w obszarze us\u0142ug spo\u0142ecznych\",\"datePublished\":\"2026-08-24T13:11:40+00:00\",\"dateModified\":\"2026-08-25T08:14:34+00:00\",\"mainEntityOfPage\":{\"@id\":\"https:\\\/\\\/studia-wroclaw.pl\\\/kim-jest-dr-agnieszka-pawlowska-poznaj-wykladowczynie-naszej-uczelni-i-ekspertke-w-obszarze-uslug-spolecznych\\\/\"},\"wordCount\":988,\"commentCount\":0,\"image\":{\"@id\":\"https:\\\/\\\/studia-wroclaw.pl\\\/kim-jest-dr-agnieszka-pawlowska-poznaj-wykladowczynie-naszej-uczelni-i-ekspertke-w-obszarze-uslug-spolecznych\\\/#primaryimage\"},\"thumbnailUrl\":\"https:\\\/\\\/studia-wroclaw.pl\\\/wp-content\\\/uploads\\\/2026\\\/08\\\/agnieszka-pawlowska-wskz-sw.jpg\",\"articleSection\":[\"Aktualno\u015bci\"],\"inLanguage\":\"en-GB\",\"potentialAction\":[{\"@type\":\"CommentAction\",\"name\":\"Comment\",\"target\":[\"https:\\\/\\\/studia-wroclaw.pl\\\/kim-jest-dr-agnieszka-pawlowska-poznaj-wykladowczynie-naszej-uczelni-i-ekspertke-w-obszarze-uslug-spolecznych\\\/#respond\"]}]},{\"@type\":\"WebPage\",\"@id\":\"https:\\\/\\\/studia-wroclaw.pl\\\/kim-jest-dr-agnieszka-pawlowska-poznaj-wykladowczynie-naszej-uczelni-i-ekspertke-w-obszarze-uslug-spolecznych\\\/\",\"url\":\"https:\\\/\\\/studia-wroclaw.pl\\\/kim-jest-dr-agnieszka-pawlowska-poznaj-wykladowczynie-naszej-uczelni-i-ekspertke-w-obszarze-uslug-spolecznych\\\/\",\"name\":\"Kim jest dr Agnieszka Paw\u0142owska? Poznaj wyk\u0142adowczyni\u0119 naszej Uczelni i ekspertk\u0119 w obszarze us\u0142ug spo\u0142ecznych - Studia Wroc\u0142aw\",\"isPartOf\":{\"@id\":\"https:\\\/\\\/studia-wroclaw.pl\\\/#website\"},\"primaryImageOfPage\":{\"@id\":\"https:\\\/\\\/studia-wroclaw.pl\\\/kim-jest-dr-agnieszka-pawlowska-poznaj-wykladowczynie-naszej-uczelni-i-ekspertke-w-obszarze-uslug-spolecznych\\\/#primaryimage\"},\"image\":{\"@id\":\"https:\\\/\\\/studia-wroclaw.pl\\\/kim-jest-dr-agnieszka-pawlowska-poznaj-wykladowczynie-naszej-uczelni-i-ekspertke-w-obszarze-uslug-spolecznych\\\/#primaryimage\"},\"thumbnailUrl\":\"https:\\\/\\\/studia-wroclaw.pl\\\/wp-content\\\/uploads\\\/2026\\\/08\\\/agnieszka-pawlowska-wskz-sw.jpg\",\"datePublished\":\"2026-08-24T13:11:40+00:00\",\"dateModified\":\"2026-08-25T08:14:34+00:00\",\"author\":{\"@id\":\"https:\\\/\\\/studia-wroclaw.pl\\\/#\\\/schema\\\/person\\\/894c3f27e7b23a7812649d45f28280c0\"},\"description\":\"Co wyr\u00f3\u017cnia dzia\u0142alno\u015b\u0107 naukow\u0105 i zawodow\u0105 dr Agnieszki Paw\u0142owskiej? Ekspertka WSKZ dzieli si\u0119 wiedz\u0105 dotycz\u0105c\u0105 administracji oraz us\u0142ug spo\u0142ecznych. Poznaj wyk\u0142adowczyni\u0119 naszej Uczelni.\",\"breadcrumb\":{\"@id\":\"https:\\\/\\\/studia-wroclaw.pl\\\/kim-jest-dr-agnieszka-pawlowska-poznaj-wykladowczynie-naszej-uczelni-i-ekspertke-w-obszarze-uslug-spolecznych\\\/#breadcrumb\"},\"inLanguage\":\"en-GB\",\"potentialAction\":[{\"@type\":\"ReadAction\",\"target\":[\"https:\\\/\\\/studia-wroclaw.pl\\\/kim-jest-dr-agnieszka-pawlowska-poznaj-wykladowczynie-naszej-uczelni-i-ekspertke-w-obszarze-uslug-spolecznych\\\/\"]}]},{\"@type\":\"ImageObject\",\"inLanguage\":\"en-GB\",\"@id\":\"https:\\\/\\\/studia-wroclaw.pl\\\/kim-jest-dr-agnieszka-pawlowska-poznaj-wykladowczynie-naszej-uczelni-i-ekspertke-w-obszarze-uslug-spolecznych\\\/#primaryimage\",\"url\":\"https:\\\/\\\/studia-wroclaw.pl\\\/wp-content\\\/uploads\\\/2026\\\/08\\\/agnieszka-pawlowska-wskz-sw.jpg\",\"contentUrl\":\"https:\\\/\\\/studia-wroclaw.pl\\\/wp-content\\\/uploads\\\/2026\\\/08\\\/agnieszka-pawlowska-wskz-sw.jpg\",\"width\":1145,\"height\":565,\"caption\":\"O wiedzy, zaanga\u017cowaniu i zmieniaj\u0105cych si\u0119 potrzebach spo\u0142ecznych. Wywiad z dr Agnieszk\u0105 Paw\u0142owsk\u0105 \u2013 wyk\u0142adowczyni\u0105 WSKZ\"},{\"@type\":\"BreadcrumbList\",\"@id\":\"https:\\\/\\\/studia-wroclaw.pl\\\/kim-jest-dr-agnieszka-pawlowska-poznaj-wykladowczynie-naszej-uczelni-i-ekspertke-w-obszarze-uslug-spolecznych\\\/#breadcrumb\",\"itemListElement\":[{\"@type\":\"ListItem\",\"position\":1,\"name\":\"Strona g\u0142\u00f3wna\",\"item\":\"https:\\\/\\\/studia-wroclaw.pl\\\/\"},{\"@type\":\"ListItem\",\"position\":2,\"name\":\"Kim jest dr Agnieszka Paw\u0142owska? Poznaj wyk\u0142adowczyni\u0119 naszej Uczelni i ekspertk\u0119 w obszarze us\u0142ug spo\u0142ecznych\"}]},{\"@type\":\"WebSite\",\"@id\":\"https:\\\/\\\/studia-wroclaw.pl\\\/#website\",\"url\":\"https:\\\/\\\/studia-wroclaw.pl\\\/\",\"name\":\"Studia Wroc\u0142aw\",\"description\":\"\",\"potentialAction\":[{\"@type\":\"SearchAction\",\"target\":{\"@type\":\"EntryPoint\",\"urlTemplate\":\"https:\\\/\\\/studia-wroclaw.pl\\\/?s={search_term_string}\"},\"query-input\":{\"@type\":\"PropertyValueSpecification\",\"valueRequired\":true,\"valueName\":\"search_term_string\"}}],\"inLanguage\":\"en-GB\"},{\"@type\":\"Person\",\"@id\":\"https:\\\/\\\/studia-wroclaw.pl\\\/#\\\/schema\\\/person\\\/894c3f27e7b23a7812649d45f28280c0\",\"name\":\"Ernest Marczy\u0144ski\",\"image\":{\"@type\":\"ImageObject\",\"inLanguage\":\"en-GB\",\"@id\":\"https:\\\/\\\/secure.gravatar.com\\\/avatar\\\/7c6a6a26a96dc9265376bbe54957f88d60fe5a76dff57237df4a9430b4ccd6f9?s=96&d=mm&r=g\",\"url\":\"https:\\\/\\\/secure.gravatar.com\\\/avatar\\\/7c6a6a26a96dc9265376bbe54957f88d60fe5a76dff57237df4a9430b4ccd6f9?s=96&d=mm&r=g\",\"contentUrl\":\"https:\\\/\\\/secure.gravatar.com\\\/avatar\\\/7c6a6a26a96dc9265376bbe54957f88d60fe5a76dff57237df4a9430b4ccd6f9?s=96&d=mm&r=g\",\"caption\":\"Ernest Marczy\u0144ski\"},\"url\":\"https:\\\/\\\/studia-wroclaw.pl\\\/en\\\/author\\\/ernest-marczynski\\\/\"}]}<\/script>\n<!-- \/ Yoast SEO plugin. -->","yoast_head_json":{"title":"Kim jest dr Agnieszka Paw\u0142owska? Poznaj wyk\u0142adowczyni\u0119 naszej Uczelni i ekspertk\u0119 w obszarze us\u0142ug spo\u0142ecznych - Studia Wroc\u0142aw","description":"Co wyr\u00f3\u017cnia dzia\u0142alno\u015b\u0107 naukow\u0105 i zawodow\u0105 dr Agnieszki Paw\u0142owskiej? Ekspertka WSKZ dzieli si\u0119 wiedz\u0105 dotycz\u0105c\u0105 administracji oraz us\u0142ug spo\u0142ecznych. Poznaj wyk\u0142adowczyni\u0119 naszej Uczelni.","robots":{"index":"index","follow":"follow","max-snippet":"max-snippet:-1","max-image-preview":"max-image-preview:large","max-video-preview":"max-video-preview:-1"},"canonical":"https:\/\/studia-wroclaw.pl\/en\/kim-jest-dr-agnieszka-pawlowska-poznaj-wykladowczynie-naszej-uczelni-i-ekspertke-w-obszarze-uslug-spolecznych\/","og_locale":"en_GB","og_type":"article","og_title":"Kim jest dr Agnieszka Paw\u0142owska? Poznaj wyk\u0142adowczyni\u0119 naszej Uczelni i ekspertk\u0119 w obszarze us\u0142ug spo\u0142ecznych - Studia Wroc\u0142aw","og_description":"Co wyr\u00f3\u017cnia dzia\u0142alno\u015b\u0107 naukow\u0105 i zawodow\u0105 dr Agnieszki Paw\u0142owskiej? Ekspertka WSKZ dzieli si\u0119 wiedz\u0105 dotycz\u0105c\u0105 administracji oraz us\u0142ug spo\u0142ecznych. Poznaj wyk\u0142adowczyni\u0119 naszej Uczelni.","og_url":"https:\/\/studia-wroclaw.pl\/en\/kim-jest-dr-agnieszka-pawlowska-poznaj-wykladowczynie-naszej-uczelni-i-ekspertke-w-obszarze-uslug-spolecznych\/","og_site_name":"Studia Wroc\u0142aw","article_published_time":"2026-08-24T13:11:40+00:00","article_modified_time":"2026-08-25T08:14:34+00:00","og_image":[{"width":1145,"height":565,"url":"https:\/\/studia-wroclaw.pl\/wp-content\/uploads\/2026\/08\/agnieszka-pawlowska-wskz-sw.jpg","type":"image\/jpeg"}],"author":"Ernest Marczy\u0144ski","twitter_card":"summary_large_image","twitter_misc":{"Written by":"Ernest Marczy\u0144ski","Estimated reading time":"5 minutes"},"schema":{"@context":"https:\/\/schema.org","@graph":[{"@type":"Article","@id":"https:\/\/studia-wroclaw.pl\/kim-jest-dr-agnieszka-pawlowska-poznaj-wykladowczynie-naszej-uczelni-i-ekspertke-w-obszarze-uslug-spolecznych\/#article","isPartOf":{"@id":"https:\/\/studia-wroclaw.pl\/kim-jest-dr-agnieszka-pawlowska-poznaj-wykladowczynie-naszej-uczelni-i-ekspertke-w-obszarze-uslug-spolecznych\/"},"author":{"name":"Ernest Marczy\u0144ski","@id":"https:\/\/studia-wroclaw.pl\/#\/schema\/person\/894c3f27e7b23a7812649d45f28280c0"},"headline":"Kim jest dr Agnieszka Paw\u0142owska? Poznaj wyk\u0142adowczyni\u0119 naszej Uczelni i ekspertk\u0119 w obszarze us\u0142ug spo\u0142ecznych","datePublished":"2026-08-24T13:11:40+00:00","dateModified":"2026-08-25T08:14:34+00:00","mainEntityOfPage":{"@id":"https:\/\/studia-wroclaw.pl\/kim-jest-dr-agnieszka-pawlowska-poznaj-wykladowczynie-naszej-uczelni-i-ekspertke-w-obszarze-uslug-spolecznych\/"},"wordCount":988,"commentCount":0,"image":{"@id":"https:\/\/studia-wroclaw.pl\/kim-jest-dr-agnieszka-pawlowska-poznaj-wykladowczynie-naszej-uczelni-i-ekspertke-w-obszarze-uslug-spolecznych\/#primaryimage"},"thumbnailUrl":"https:\/\/studia-wroclaw.pl\/wp-content\/uploads\/2026\/08\/agnieszka-pawlowska-wskz-sw.jpg","articleSection":["Aktualno\u015bci"],"inLanguage":"en-GB","potentialAction":[{"@type":"CommentAction","name":"Comment","target":["https:\/\/studia-wroclaw.pl\/kim-jest-dr-agnieszka-pawlowska-poznaj-wykladowczynie-naszej-uczelni-i-ekspertke-w-obszarze-uslug-spolecznych\/#respond"]}]},{"@type":"WebPage","@id":"https:\/\/studia-wroclaw.pl\/kim-jest-dr-agnieszka-pawlowska-poznaj-wykladowczynie-naszej-uczelni-i-ekspertke-w-obszarze-uslug-spolecznych\/","url":"https:\/\/studia-wroclaw.pl\/kim-jest-dr-agnieszka-pawlowska-poznaj-wykladowczynie-naszej-uczelni-i-ekspertke-w-obszarze-uslug-spolecznych\/","name":"Kim jest dr Agnieszka Paw\u0142owska? Poznaj wyk\u0142adowczyni\u0119 naszej Uczelni i ekspertk\u0119 w obszarze us\u0142ug spo\u0142ecznych - Studia Wroc\u0142aw","isPartOf":{"@id":"https:\/\/studia-wroclaw.pl\/#website"},"primaryImageOfPage":{"@id":"https:\/\/studia-wroclaw.pl\/kim-jest-dr-agnieszka-pawlowska-poznaj-wykladowczynie-naszej-uczelni-i-ekspertke-w-obszarze-uslug-spolecznych\/#primaryimage"},"image":{"@id":"https:\/\/studia-wroclaw.pl\/kim-jest-dr-agnieszka-pawlowska-poznaj-wykladowczynie-naszej-uczelni-i-ekspertke-w-obszarze-uslug-spolecznych\/#primaryimage"},"thumbnailUrl":"https:\/\/studia-wroclaw.pl\/wp-content\/uploads\/2026\/08\/agnieszka-pawlowska-wskz-sw.jpg","datePublished":"2026-08-24T13:11:40+00:00","dateModified":"2026-08-25T08:14:34+00:00","author":{"@id":"https:\/\/studia-wroclaw.pl\/#\/schema\/person\/894c3f27e7b23a7812649d45f28280c0"},"description":"Co wyr\u00f3\u017cnia dzia\u0142alno\u015b\u0107 naukow\u0105 i zawodow\u0105 dr Agnieszki Paw\u0142owskiej? Ekspertka WSKZ dzieli si\u0119 wiedz\u0105 dotycz\u0105c\u0105 administracji oraz us\u0142ug spo\u0142ecznych. Poznaj wyk\u0142adowczyni\u0119 naszej Uczelni.","breadcrumb":{"@id":"https:\/\/studia-wroclaw.pl\/kim-jest-dr-agnieszka-pawlowska-poznaj-wykladowczynie-naszej-uczelni-i-ekspertke-w-obszarze-uslug-spolecznych\/#breadcrumb"},"inLanguage":"en-GB","potentialAction":[{"@type":"ReadAction","target":["https:\/\/studia-wroclaw.pl\/kim-jest-dr-agnieszka-pawlowska-poznaj-wykladowczynie-naszej-uczelni-i-ekspertke-w-obszarze-uslug-spolecznych\/"]}]},{"@type":"ImageObject","inLanguage":"en-GB","@id":"https:\/\/studia-wroclaw.pl\/kim-jest-dr-agnieszka-pawlowska-poznaj-wykladowczynie-naszej-uczelni-i-ekspertke-w-obszarze-uslug-spolecznych\/#primaryimage","url":"https:\/\/studia-wroclaw.pl\/wp-content\/uploads\/2026\/08\/agnieszka-pawlowska-wskz-sw.jpg","contentUrl":"https:\/\/studia-wroclaw.pl\/wp-content\/uploads\/2026\/08\/agnieszka-pawlowska-wskz-sw.jpg","width":1145,"height":565,"caption":"O wiedzy, zaanga\u017cowaniu i zmieniaj\u0105cych si\u0119 potrzebach spo\u0142ecznych. Wywiad z dr Agnieszk\u0105 Paw\u0142owsk\u0105 \u2013 wyk\u0142adowczyni\u0105 WSKZ"},{"@type":"BreadcrumbList","@id":"https:\/\/studia-wroclaw.pl\/kim-jest-dr-agnieszka-pawlowska-poznaj-wykladowczynie-naszej-uczelni-i-ekspertke-w-obszarze-uslug-spolecznych\/#breadcrumb","itemListElement":[{"@type":"ListItem","position":1,"name":"Strona g\u0142\u00f3wna","item":"https:\/\/studia-wroclaw.pl\/"},{"@type":"ListItem","position":2,"name":"Kim jest dr Agnieszka Paw\u0142owska? Poznaj wyk\u0142adowczyni\u0119 naszej Uczelni i ekspertk\u0119 w obszarze us\u0142ug spo\u0142ecznych"}]},{"@type":"WebSite","@id":"https:\/\/studia-wroclaw.pl\/#website","url":"https:\/\/studia-wroclaw.pl\/","name":"Studies Wroclaw","description":"","potentialAction":[{"@type":"SearchAction","target":{"@type":"EntryPoint","urlTemplate":"https:\/\/studia-wroclaw.pl\/?s={search_term_string}"},"query-input":{"@type":"PropertyValueSpecification","valueRequired":true,"valueName":"search_term_string"}}],"inLanguage":"en-GB"},{"@type":"Person","@id":"https:\/\/studia-wroclaw.pl\/#\/schema\/person\/894c3f27e7b23a7812649d45f28280c0","name":"Ernest Marczy\u0144ski","image":{"@type":"ImageObject","inLanguage":"en-GB","@id":"https:\/\/secure.gravatar.com\/avatar\/7c6a6a26a96dc9265376bbe54957f88d60fe5a76dff57237df4a9430b4ccd6f9?s=96&d=mm&r=g","url":"https:\/\/secure.gravatar.com\/avatar\/7c6a6a26a96dc9265376bbe54957f88d60fe5a76dff57237df4a9430b4ccd6f9?s=96&d=mm&r=g","contentUrl":"https:\/\/secure.gravatar.com\/avatar\/7c6a6a26a96dc9265376bbe54957f88d60fe5a76dff57237df4a9430b4ccd6f9?s=96&d=mm&r=g","caption":"Ernest Marczy\u0144ski"},"url":"https:\/\/studia-wroclaw.pl\/en\/author\/ernest-marczynski\/"}]}},"_links":{"self":[{"href":"https:\/\/studia-wroclaw.pl\/en\/wp-json\/wp\/v2\/posts\/12955","targetHints":{"allow":["GET"]}}],"collection":[{"href":"https:\/\/studia-wroclaw.pl\/en\/wp-json\/wp\/v2\/posts"}],"about":[{"href":"https:\/\/studia-wroclaw.pl\/en\/wp-json\/wp\/v2\/types\/post"}],"author":[{"embeddable":true,"href":"https:\/\/studia-wroclaw.pl\/en\/wp-json\/wp\/v2\/users\/24"}],"replies":[{"embeddable":true,"href":"https:\/\/studia-wroclaw.pl\/en\/wp-json\/wp\/v2\/comments?post=12955"}],"version-history":[{"count":2,"href":"https:\/\/studia-wroclaw.pl\/en\/wp-json\/wp\/v2\/posts\/12955\/revisions"}],"predecessor-version":[{"id":13003,"href":"https:\/\/studia-wroclaw.pl\/en\/wp-json\/wp\/v2\/posts\/12955\/revisions\/13003"}],"wp:featuredmedia":[{"embeddable":true,"href":"https:\/\/studia-wroclaw.pl\/en\/wp-json\/wp\/v2\/media\/12947"}],"wp:attachment":[{"href":"https:\/\/studia-wroclaw.pl\/en\/wp-json\/wp\/v2\/media?parent=12955"}],"wp:term":[{"taxonomy":"category","embeddable":true,"href":"https:\/\/studia-wroclaw.pl\/en\/wp-json\/wp\/v2\/categories?post=12955"},{"taxonomy":"post_tag","embeddable":true,"href":"https:\/\/studia-wroclaw.pl\/en\/wp-json\/wp\/v2\/tags?post=12955"}],"curies":[{"name":"wp","href":"https:\/\/api.w.org\/{rel}","templated":true}]}}