{"id":13006,"date":"2026-08-24T15:28:23","date_gmt":"2026-08-24T13:28:23","guid":{"rendered":"https:\/\/studia-wroclaw.pl\/?p=13006"},"modified":"2026-08-25T10:05:52","modified_gmt":"2026-08-25T08:05:52","slug":"od-inzynierii-po-ai-i-biznes-wywiad-z-mgr-inz-marta-roldan-wykladowczynia-naszej-uczelni","status":"publish","type":"post","link":"https:\/\/studia-wroclaw.pl\/en\/od-inzynierii-po-ai-i-biznes-wywiad-z-mgr-inz-marta-roldan-wykladowczynia-naszej-uczelni\/","title":{"rendered":"Od in\u017cynierii po AI i biznes. Wywiad z mgr in\u017c. Mart\u0105 Roldan, wyk\u0142adowczyni\u0105 naszej Uczelni"},"content":{"rendered":"<p class=\"wp-block-paragraph\">Czy w dzisiejszym biznesie wystarczy by\u0107 specjalist\u0105 tylko w jednej dziedzinie? Droga zawodowa mgr in\u017c. Marty Roldan pokazuje znaczenie \u0142\u0105czenia kompetencji z obszaru in\u017cynierii, technologii, zarz\u0105dzania, finans\u00f3w i prawa oraz wykorzystywania ich w praktyce.&nbsp;<\/p>\n\n\n\n<p class=\"wp-block-paragraph\">O swojej interdyscyplinarnej drodze zawodowej, wykorzystaniu AI w biznesie oraz praktycznym podej\u015bciu do optymalizacji proces\u00f3w <strong>mgr in\u017c. Marta Roldan opowiada w rozmowie, do kt\u00f3rej lektury serdecznie zapraszamy<\/strong>.<\/p>\n\n\n\n<h3 class=\"wp-block-heading\">Jak wygl\u0105da\u0142a Pani droga zawodowa i co sprawi\u0142o, \u017ce zainteresowa\u0142a si\u0119 Pani w\u0142a\u015bnie t\u0105 dziedzin\u0105?<\/h3>\n\n\n\n<p class=\"wp-block-paragraph\">Przesz\u0142am drog\u0119 od in\u017cynierii i logistyki po IT, prawo i finanse. Moim celem by\u0142o kompleksowe przygotowanie si\u0119 do za\u0142o\u017cenia w\u0142asnej firmy. <strong>Zrozumia\u0142am po drodze, \u017ce optymalizacja proces\u00f3w to absolutny fundament ka\u017cdego sprawnego biznesu.<\/strong><\/p>\n\n\n\n<h3 class=\"wp-block-heading\">Jakimi zagadnieniami zajmuje si\u0119 Pani obecnie i kt\u00f3re z nich uwa\u017ca za najbardziej fascynuj\u0105ce?<\/h3>\n\n\n\n<p class=\"wp-block-paragraph\"><strong>Skupiam si\u0119 na architekturze biznesowej i automatyzacji pracy z wykorzystaniem AI.<\/strong> Najbardziej fascynuje mnie tworzenie system\u00f3w, kt\u00f3re odci\u0105\u017caj\u0105 ludzi z rutyny. Dzi\u0119ki temu pracownicy mog\u0105 skupi\u0107 si\u0119 na bardziej tw\u00f3rczych zadaniach.<\/p>\n\n\n\n<h3 class=\"wp-block-heading\">Czego studenci mog\u0105 nauczy\u0107 si\u0119 dzi\u0119ki Pani do\u015bwiadczeniu?<\/h3>\n\n\n\n<p class=\"wp-block-paragraph\">Ucz\u0119 analitycznego my\u015blenia i oceny problem\u00f3w z wielu perspektyw. Na zaj\u0119ciach \u0142\u0105cz\u0119 in\u017cynieri\u0119, nowoczesne technologie, zarz\u0105dzanie, finanse i prawo. <strong>Pokazuj\u0119, jak przeku\u0107 t\u0119 interdyscyplinarn\u0105 wiedz\u0119 w realn\u0105 warto\u015b\u0107 rynkow\u0105.<\/strong><\/p>\n\n\n\n<h3 class=\"wp-block-heading\">Z jakiego projektu, badania lub publikacji jest Pani najbardziej dumna w swojej dzia\u0142alno\u015bci i dlaczego?<\/h3>\n\n\n\n<p class=\"wp-block-paragraph\"><strong>Najbardziej ceni\u0119 udane wdro\u017cenia optymalizacyjne i szybkie prototypowanie rozwi\u0105za\u0144 IT.<\/strong> Wymaga\u0142y one pogodzenia twardych cel\u00f3w biznesowych z codziennymi potrzebami pracownik\u00f3w. To by\u0142a dla mnie najlepsza szko\u0142a praktycznego biznesu.<\/p>\n\n\n\n<h3 class=\"wp-block-heading\">Jakie wyzwania wyst\u0119puj\u0105 obecnie w Pani dziedzinie i kt\u00f3re z nich uwa\u017ca Pani za szczeg\u00f3lnie istotne?<\/h3>\n\n\n\n<p class=\"wp-block-paragraph\">G\u0142\u00f3wnym wyzwaniem jest dzi\u015b stabilne i bezpieczne skalowanie firm. B\u0142yskawiczny rozw\u00f3j automatyzacji wymusza bardzo rygorystyczne podej\u015bcie do cyberbezpiecze\u0144stwa. <strong>Bez skutecznej ochrony danych nie da si\u0119 budowa\u0107 zaufania w biznesie.<\/strong><\/p>\n\n\n\n<h3 class=\"wp-block-heading\">Jakie kompetencje lub spos\u00f3b my\u015blenia s\u0105 dzi\u015b, Pani zdaniem, szczeg\u00f3lnie wa\u017cne dla os\u00f3b rozwijaj\u0105cych si\u0119 w tej dziedzinie?<\/h3>\n\n\n\n<p class=\"wp-block-paragraph\"><strong>Kluczowy jest wysoce analityczny umys\u0142 i zdolno\u015b\u0107 do szybkiej adaptacji.<\/strong> Trzeba precyzyjnie rozumie\u0107 procesy i potrafi\u0107 nimi zwinnie zarz\u0105dza\u0107. R\u00f3wnie wa\u017cna jest empatia biznesowa, aby rozumie\u0107 potrzeby swoich przysz\u0142ych kontrahent\u00f3w.<\/p>\n\n\n\n<h3 class=\"wp-block-heading\">Dlaczego wa\u017cne jest, Pani zdaniem, po\u0142\u0105czenie praktyki zawodowej z dzia\u0142alno\u015bci\u0105 naukow\u0105?<\/h3>\n\n\n\n<p class=\"wp-block-paragraph\">Sama teoria akademicka rzadko wytrzymuje zderzenie z rynkowymi realiami. Praktyka uczy pokory wobec bud\u017cet\u00f3w, termin\u00f3w i czynnika ludzkiego. <strong>Zale\u017cy mi, aby moi studenci potrafili rozwi\u0105zywa\u0107 prawdziwe problemy firm, a nie tylko te na papierze.<\/strong><\/p>\n\n\n\n<h3 class=\"wp-block-heading\">Co poza dzia\u0142alno\u015bci\u0105 naukow\u0105 lub zawodow\u0105 inspiruje Pani\u0105 na co dzie\u0144?<\/h3>\n\n\n\n<p class=\"wp-block-paragraph\">Uwielbiam podr\u00f3\u017cowa\u0107 i <strong>kocham j\u0119zyk hiszpa\u0144ski<\/strong> \u2013 Kraj Bask\u00f3w to moja druga ojczyzna.<\/p>\n\n\n\n<h2 class=\"wp-block-heading\">Zag\u0142osuj na mgr in\u017c. Mart\u0119 Roldan w plebiscycie Wyk\u0142adowca Roku<\/h2>\n\n\n\n<p class=\"wp-block-paragraph\">Ka\u017cdy z naszych wyk\u0142adowc\u00f3w wnosi do pracy ze studentami <strong>w\u0142asn\u0105 perspektyw\u0119, wiedz\u0119 oraz do\u015bwiadczenie zdobywane na przestrzeni zawodowej i akademickiej drogi<\/strong>. Wywiady pozwalaj\u0105 pozna\u0107 ich bli\u017cej \u2013 r\u00f3wnie\u017c od strony zainteresowa\u0144, inspiracji i sposobu patrzenia na otaczaj\u0105cy \u015bwiat.<\/p>\n\n\n\n<p class=\"wp-block-paragraph\">Je\u015bli cenisz wiedz\u0119, zaanga\u017cowanie i spos\u00f3b prowadzenia zaj\u0119\u0107 przez bohaterk\u0119 naszego wywiadu,<span style=\"text-decoration: underline;\"><a href=\"https:\/\/wykladowcaroku.pl\/\"> <strong>oddaj g\u0142os na mgr in\u017c. Mart\u0119 Roldan w Plebiscycie Wyk\u0142adowca Roku 2026<\/strong><\/a><\/span>. To \u015bwietna okazja, aby wyr\u00f3\u017cni\u0107 osob\u0119, kt\u00f3rej zaj\u0119cia by\u0142y dla Ciebie szczeg\u00f3lnie warto\u015bciowe.\u00a0<\/p>","protected":false},"excerpt":{"rendered":"<p>Czy w dzisiejszym biznesie wystarczy by\u0107 specjalist\u0105 tylko w jednej dziedzinie? Droga zawodowa mgr in\u017c. Marty Roldan pokazuje znaczenie \u0142\u0105czenia kompetencji z obszaru in\u017cynierii, technologii, zarz\u0105dzania, finans\u00f3w i prawa oraz wykorzystywania ich w praktyce.&nbsp; O swojej interdyscyplinarnej drodze zawodowej, wykorzystaniu AI w biznesie oraz praktycznym podej\u015bciu do optymalizacji proces\u00f3w mgr in\u017c. Marta Roldan opowiada w [&hellip;]<\/p>\n","protected":false},"author":24,"featured_media":0,"comment_status":"open","ping_status":"open","sticky":false,"template":"","format":"standard","meta":{"om_disable_all_campaigns":false,"footnotes":""},"categories":[50],"tags":[],"class_list":["post-13006","post","type-post","status-publish","format-standard","hentry","category-aktualnosci"],"yoast_head":"<!-- This site is optimized with the Yoast SEO plugin v28.1 - https:\/\/yoast.com\/product\/yoast-seo-wordpress\/ -->\n<title>Od in\u017cynierii po AI i biznes. Wywiad z mgr in\u017c. Mart\u0105 Roldan, wyk\u0142adowczyni\u0105 naszej Uczelni - Studia Wroc\u0142aw<\/title>\n<meta name=\"description\" content=\"O swojej interdyscyplinarnej drodze zawodowej, wykorzystaniu AI w biznesie oraz praktycznym podej\u015bciu do optymalizacji proces\u00f3w mgr in\u017c. Marta Roldan opowiada w rozmowie, do kt\u00f3rej lektury serdecznie zapraszamy.\" \/>\n<meta name=\"robots\" content=\"index, follow, max-snippet:-1, max-image-preview:large, max-video-preview:-1\" \/>\n<link rel=\"canonical\" href=\"https:\/\/studia-wroclaw.pl\/en\/od-inzynierii-po-ai-i-biznes-wywiad-z-mgr-inz-marta-roldan-wykladowczynia-naszej-uczelni\/\" \/>\n<meta property=\"og:locale\" content=\"en_GB\" \/>\n<meta property=\"og:type\" content=\"article\" \/>\n<meta property=\"og:title\" content=\"Od in\u017cynierii po AI i biznes. Wywiad z mgr in\u017c. Mart\u0105 Roldan, wyk\u0142adowczyni\u0105 naszej Uczelni - Studia Wroc\u0142aw\" \/>\n<meta property=\"og:description\" content=\"O swojej interdyscyplinarnej drodze zawodowej, wykorzystaniu AI w biznesie oraz praktycznym podej\u015bciu do optymalizacji proces\u00f3w mgr in\u017c. Marta Roldan opowiada w rozmowie, do kt\u00f3rej lektury serdecznie zapraszamy.\" \/>\n<meta property=\"og:url\" content=\"https:\/\/studia-wroclaw.pl\/en\/od-inzynierii-po-ai-i-biznes-wywiad-z-mgr-inz-marta-roldan-wykladowczynia-naszej-uczelni\/\" \/>\n<meta property=\"og:site_name\" content=\"Studia Wroc\u0142aw\" \/>\n<meta property=\"article:published_time\" content=\"2026-08-24T13:28:23+00:00\" \/>\n<meta property=\"article:modified_time\" content=\"2026-08-25T08:05:52+00:00\" \/>\n<meta name=\"author\" content=\"Ernest Marczy\u0144ski\" \/>\n<meta name=\"twitter:card\" content=\"summary_large_image\" \/>\n<meta name=\"twitter:label1\" content=\"Written by\" \/>\n\t<meta name=\"twitter:data1\" content=\"Ernest Marczy\u0144ski\" \/>\n\t<meta name=\"twitter:label2\" content=\"Estimated reading time\" \/>\n\t<meta name=\"twitter:data2\" content=\"3 minutes\" \/>\n<script type=\"application\/ld+json\" class=\"yoast-schema-graph\">{\"@context\":\"https:\\\/\\\/schema.org\",\"@graph\":[{\"@type\":\"Article\",\"@id\":\"https:\\\/\\\/studia-wroclaw.pl\\\/od-inzynierii-po-ai-i-biznes-wywiad-z-mgr-inz-marta-roldan-wykladowczynia-naszej-uczelni\\\/#article\",\"isPartOf\":{\"@id\":\"https:\\\/\\\/studia-wroclaw.pl\\\/od-inzynierii-po-ai-i-biznes-wywiad-z-mgr-inz-marta-roldan-wykladowczynia-naszej-uczelni\\\/\"},\"author\":{\"name\":\"Ernest Marczy\u0144ski\",\"@id\":\"https:\\\/\\\/studia-wroclaw.pl\\\/#\\\/schema\\\/person\\\/894c3f27e7b23a7812649d45f28280c0\"},\"headline\":\"Od in\u017cynierii po AI i biznes. Wywiad z mgr in\u017c. Mart\u0105 Roldan, wyk\u0142adowczyni\u0105 naszej Uczelni\",\"datePublished\":\"2026-08-24T13:28:23+00:00\",\"dateModified\":\"2026-08-25T08:05:52+00:00\",\"mainEntityOfPage\":{\"@id\":\"https:\\\/\\\/studia-wroclaw.pl\\\/od-inzynierii-po-ai-i-biznes-wywiad-z-mgr-inz-marta-roldan-wykladowczynia-naszej-uczelni\\\/\"},\"wordCount\":597,\"commentCount\":0,\"articleSection\":[\"Aktualno\u015bci\"],\"inLanguage\":\"en-GB\",\"potentialAction\":[{\"@type\":\"CommentAction\",\"name\":\"Comment\",\"target\":[\"https:\\\/\\\/studia-wroclaw.pl\\\/od-inzynierii-po-ai-i-biznes-wywiad-z-mgr-inz-marta-roldan-wykladowczynia-naszej-uczelni\\\/#respond\"]}]},{\"@type\":\"WebPage\",\"@id\":\"https:\\\/\\\/studia-wroclaw.pl\\\/od-inzynierii-po-ai-i-biznes-wywiad-z-mgr-inz-marta-roldan-wykladowczynia-naszej-uczelni\\\/\",\"url\":\"https:\\\/\\\/studia-wroclaw.pl\\\/od-inzynierii-po-ai-i-biznes-wywiad-z-mgr-inz-marta-roldan-wykladowczynia-naszej-uczelni\\\/\",\"name\":\"Od in\u017cynierii po AI i biznes. Wywiad z mgr in\u017c. Mart\u0105 Roldan, wyk\u0142adowczyni\u0105 naszej Uczelni - Studia Wroc\u0142aw\",\"isPartOf\":{\"@id\":\"https:\\\/\\\/studia-wroclaw.pl\\\/#website\"},\"datePublished\":\"2026-08-24T13:28:23+00:00\",\"dateModified\":\"2026-08-25T08:05:52+00:00\",\"author\":{\"@id\":\"https:\\\/\\\/studia-wroclaw.pl\\\/#\\\/schema\\\/person\\\/894c3f27e7b23a7812649d45f28280c0\"},\"description\":\"O swojej interdyscyplinarnej drodze zawodowej, wykorzystaniu AI w biznesie oraz praktycznym podej\u015bciu do optymalizacji proces\u00f3w mgr in\u017c. Marta Roldan opowiada w rozmowie, do kt\u00f3rej lektury serdecznie zapraszamy.\",\"breadcrumb\":{\"@id\":\"https:\\\/\\\/studia-wroclaw.pl\\\/od-inzynierii-po-ai-i-biznes-wywiad-z-mgr-inz-marta-roldan-wykladowczynia-naszej-uczelni\\\/#breadcrumb\"},\"inLanguage\":\"en-GB\",\"potentialAction\":[{\"@type\":\"ReadAction\",\"target\":[\"https:\\\/\\\/studia-wroclaw.pl\\\/od-inzynierii-po-ai-i-biznes-wywiad-z-mgr-inz-marta-roldan-wykladowczynia-naszej-uczelni\\\/\"]}]},{\"@type\":\"BreadcrumbList\",\"@id\":\"https:\\\/\\\/studia-wroclaw.pl\\\/od-inzynierii-po-ai-i-biznes-wywiad-z-mgr-inz-marta-roldan-wykladowczynia-naszej-uczelni\\\/#breadcrumb\",\"itemListElement\":[{\"@type\":\"ListItem\",\"position\":1,\"name\":\"Strona g\u0142\u00f3wna\",\"item\":\"https:\\\/\\\/studia-wroclaw.pl\\\/\"},{\"@type\":\"ListItem\",\"position\":2,\"name\":\"Od in\u017cynierii po AI i biznes. Wywiad z mgr in\u017c. Mart\u0105 Roldan, wyk\u0142adowczyni\u0105 naszej Uczelni\"}]},{\"@type\":\"WebSite\",\"@id\":\"https:\\\/\\\/studia-wroclaw.pl\\\/#website\",\"url\":\"https:\\\/\\\/studia-wroclaw.pl\\\/\",\"name\":\"Studia Wroc\u0142aw\",\"description\":\"\",\"potentialAction\":[{\"@type\":\"SearchAction\",\"target\":{\"@type\":\"EntryPoint\",\"urlTemplate\":\"https:\\\/\\\/studia-wroclaw.pl\\\/?s={search_term_string}\"},\"query-input\":{\"@type\":\"PropertyValueSpecification\",\"valueRequired\":true,\"valueName\":\"search_term_string\"}}],\"inLanguage\":\"en-GB\"},{\"@type\":\"Person\",\"@id\":\"https:\\\/\\\/studia-wroclaw.pl\\\/#\\\/schema\\\/person\\\/894c3f27e7b23a7812649d45f28280c0\",\"name\":\"Ernest Marczy\u0144ski\",\"image\":{\"@type\":\"ImageObject\",\"inLanguage\":\"en-GB\",\"@id\":\"https:\\\/\\\/secure.gravatar.com\\\/avatar\\\/7c6a6a26a96dc9265376bbe54957f88d60fe5a76dff57237df4a9430b4ccd6f9?s=96&d=mm&r=g\",\"url\":\"https:\\\/\\\/secure.gravatar.com\\\/avatar\\\/7c6a6a26a96dc9265376bbe54957f88d60fe5a76dff57237df4a9430b4ccd6f9?s=96&d=mm&r=g\",\"contentUrl\":\"https:\\\/\\\/secure.gravatar.com\\\/avatar\\\/7c6a6a26a96dc9265376bbe54957f88d60fe5a76dff57237df4a9430b4ccd6f9?s=96&d=mm&r=g\",\"caption\":\"Ernest Marczy\u0144ski\"},\"url\":\"https:\\\/\\\/studia-wroclaw.pl\\\/en\\\/author\\\/ernest-marczynski\\\/\"}]}<\/script>\n<!-- \/ Yoast SEO plugin. -->","yoast_head_json":{"title":"Od in\u017cynierii po AI i biznes. Wywiad z mgr in\u017c. Mart\u0105 Roldan, wyk\u0142adowczyni\u0105 naszej Uczelni - Studia Wroc\u0142aw","description":"O swojej interdyscyplinarnej drodze zawodowej, wykorzystaniu AI w biznesie oraz praktycznym podej\u015bciu do optymalizacji proces\u00f3w mgr in\u017c. Marta Roldan opowiada w rozmowie, do kt\u00f3rej lektury serdecznie zapraszamy.","robots":{"index":"index","follow":"follow","max-snippet":"max-snippet:-1","max-image-preview":"max-image-preview:large","max-video-preview":"max-video-preview:-1"},"canonical":"https:\/\/studia-wroclaw.pl\/en\/od-inzynierii-po-ai-i-biznes-wywiad-z-mgr-inz-marta-roldan-wykladowczynia-naszej-uczelni\/","og_locale":"en_GB","og_type":"article","og_title":"Od in\u017cynierii po AI i biznes. Wywiad z mgr in\u017c. Mart\u0105 Roldan, wyk\u0142adowczyni\u0105 naszej Uczelni - Studia Wroc\u0142aw","og_description":"O swojej interdyscyplinarnej drodze zawodowej, wykorzystaniu AI w biznesie oraz praktycznym podej\u015bciu do optymalizacji proces\u00f3w mgr in\u017c. Marta Roldan opowiada w rozmowie, do kt\u00f3rej lektury serdecznie zapraszamy.","og_url":"https:\/\/studia-wroclaw.pl\/en\/od-inzynierii-po-ai-i-biznes-wywiad-z-mgr-inz-marta-roldan-wykladowczynia-naszej-uczelni\/","og_site_name":"Studia Wroc\u0142aw","article_published_time":"2026-08-24T13:28:23+00:00","article_modified_time":"2026-08-25T08:05:52+00:00","author":"Ernest Marczy\u0144ski","twitter_card":"summary_large_image","twitter_misc":{"Written by":"Ernest Marczy\u0144ski","Estimated reading time":"3 minutes"},"schema":{"@context":"https:\/\/schema.org","@graph":[{"@type":"Article","@id":"https:\/\/studia-wroclaw.pl\/od-inzynierii-po-ai-i-biznes-wywiad-z-mgr-inz-marta-roldan-wykladowczynia-naszej-uczelni\/#article","isPartOf":{"@id":"https:\/\/studia-wroclaw.pl\/od-inzynierii-po-ai-i-biznes-wywiad-z-mgr-inz-marta-roldan-wykladowczynia-naszej-uczelni\/"},"author":{"name":"Ernest Marczy\u0144ski","@id":"https:\/\/studia-wroclaw.pl\/#\/schema\/person\/894c3f27e7b23a7812649d45f28280c0"},"headline":"Od in\u017cynierii po AI i biznes. Wywiad z mgr in\u017c. Mart\u0105 Roldan, wyk\u0142adowczyni\u0105 naszej Uczelni","datePublished":"2026-08-24T13:28:23+00:00","dateModified":"2026-08-25T08:05:52+00:00","mainEntityOfPage":{"@id":"https:\/\/studia-wroclaw.pl\/od-inzynierii-po-ai-i-biznes-wywiad-z-mgr-inz-marta-roldan-wykladowczynia-naszej-uczelni\/"},"wordCount":597,"commentCount":0,"articleSection":["Aktualno\u015bci"],"inLanguage":"en-GB","potentialAction":[{"@type":"CommentAction","name":"Comment","target":["https:\/\/studia-wroclaw.pl\/od-inzynierii-po-ai-i-biznes-wywiad-z-mgr-inz-marta-roldan-wykladowczynia-naszej-uczelni\/#respond"]}]},{"@type":"WebPage","@id":"https:\/\/studia-wroclaw.pl\/od-inzynierii-po-ai-i-biznes-wywiad-z-mgr-inz-marta-roldan-wykladowczynia-naszej-uczelni\/","url":"https:\/\/studia-wroclaw.pl\/od-inzynierii-po-ai-i-biznes-wywiad-z-mgr-inz-marta-roldan-wykladowczynia-naszej-uczelni\/","name":"Od in\u017cynierii po AI i biznes. Wywiad z mgr in\u017c. Mart\u0105 Roldan, wyk\u0142adowczyni\u0105 naszej Uczelni - Studia Wroc\u0142aw","isPartOf":{"@id":"https:\/\/studia-wroclaw.pl\/#website"},"datePublished":"2026-08-24T13:28:23+00:00","dateModified":"2026-08-25T08:05:52+00:00","author":{"@id":"https:\/\/studia-wroclaw.pl\/#\/schema\/person\/894c3f27e7b23a7812649d45f28280c0"},"description":"O swojej interdyscyplinarnej drodze zawodowej, wykorzystaniu AI w biznesie oraz praktycznym podej\u015bciu do optymalizacji proces\u00f3w mgr in\u017c. Marta Roldan opowiada w rozmowie, do kt\u00f3rej lektury serdecznie zapraszamy.","breadcrumb":{"@id":"https:\/\/studia-wroclaw.pl\/od-inzynierii-po-ai-i-biznes-wywiad-z-mgr-inz-marta-roldan-wykladowczynia-naszej-uczelni\/#breadcrumb"},"inLanguage":"en-GB","potentialAction":[{"@type":"ReadAction","target":["https:\/\/studia-wroclaw.pl\/od-inzynierii-po-ai-i-biznes-wywiad-z-mgr-inz-marta-roldan-wykladowczynia-naszej-uczelni\/"]}]},{"@type":"BreadcrumbList","@id":"https:\/\/studia-wroclaw.pl\/od-inzynierii-po-ai-i-biznes-wywiad-z-mgr-inz-marta-roldan-wykladowczynia-naszej-uczelni\/#breadcrumb","itemListElement":[{"@type":"ListItem","position":1,"name":"Strona g\u0142\u00f3wna","item":"https:\/\/studia-wroclaw.pl\/"},{"@type":"ListItem","position":2,"name":"Od in\u017cynierii po AI i biznes. Wywiad z mgr in\u017c. Mart\u0105 Roldan, wyk\u0142adowczyni\u0105 naszej Uczelni"}]},{"@type":"WebSite","@id":"https:\/\/studia-wroclaw.pl\/#website","url":"https:\/\/studia-wroclaw.pl\/","name":"Studies Wroclaw","description":"","potentialAction":[{"@type":"SearchAction","target":{"@type":"EntryPoint","urlTemplate":"https:\/\/studia-wroclaw.pl\/?s={search_term_string}"},"query-input":{"@type":"PropertyValueSpecification","valueRequired":true,"valueName":"search_term_string"}}],"inLanguage":"en-GB"},{"@type":"Person","@id":"https:\/\/studia-wroclaw.pl\/#\/schema\/person\/894c3f27e7b23a7812649d45f28280c0","name":"Ernest Marczy\u0144ski","image":{"@type":"ImageObject","inLanguage":"en-GB","@id":"https:\/\/secure.gravatar.com\/avatar\/7c6a6a26a96dc9265376bbe54957f88d60fe5a76dff57237df4a9430b4ccd6f9?s=96&d=mm&r=g","url":"https:\/\/secure.gravatar.com\/avatar\/7c6a6a26a96dc9265376bbe54957f88d60fe5a76dff57237df4a9430b4ccd6f9?s=96&d=mm&r=g","contentUrl":"https:\/\/secure.gravatar.com\/avatar\/7c6a6a26a96dc9265376bbe54957f88d60fe5a76dff57237df4a9430b4ccd6f9?s=96&d=mm&r=g","caption":"Ernest Marczy\u0144ski"},"url":"https:\/\/studia-wroclaw.pl\/en\/author\/ernest-marczynski\/"}]}},"_links":{"self":[{"href":"https:\/\/studia-wroclaw.pl\/en\/wp-json\/wp\/v2\/posts\/13006","targetHints":{"allow":["GET"]}}],"collection":[{"href":"https:\/\/studia-wroclaw.pl\/en\/wp-json\/wp\/v2\/posts"}],"about":[{"href":"https:\/\/studia-wroclaw.pl\/en\/wp-json\/wp\/v2\/types\/post"}],"author":[{"embeddable":true,"href":"https:\/\/studia-wroclaw.pl\/en\/wp-json\/wp\/v2\/users\/24"}],"replies":[{"embeddable":true,"href":"https:\/\/studia-wroclaw.pl\/en\/wp-json\/wp\/v2\/comments?post=13006"}],"version-history":[{"count":1,"href":"https:\/\/studia-wroclaw.pl\/en\/wp-json\/wp\/v2\/posts\/13006\/revisions"}],"predecessor-version":[{"id":13007,"href":"https:\/\/studia-wroclaw.pl\/en\/wp-json\/wp\/v2\/posts\/13006\/revisions\/13007"}],"wp:attachment":[{"href":"https:\/\/studia-wroclaw.pl\/en\/wp-json\/wp\/v2\/media?parent=13006"}],"wp:term":[{"taxonomy":"category","embeddable":true,"href":"https:\/\/studia-wroclaw.pl\/en\/wp-json\/wp\/v2\/categories?post=13006"},{"taxonomy":"post_tag","embeddable":true,"href":"https:\/\/studia-wroclaw.pl\/en\/wp-json\/wp\/v2\/tags?post=13006"}],"curies":[{"name":"wp","href":"https:\/\/api.w.org\/{rel}","templated":true}]}}