{"id":13009,"date":"2026-08-24T15:33:54","date_gmt":"2026-08-24T13:33:54","guid":{"rendered":"https:\/\/studia-wroclaw.pl\/?p=13009"},"modified":"2026-08-25T10:03:42","modified_gmt":"2026-08-25T08:03:42","slug":"od-fascynacji-swiatem-antycznym-do-psychologii-czlowieka-wywiad-z-dr-hab-bozena-janda-debek","status":"publish","type":"post","link":"https:\/\/studia-wroclaw.pl\/en\/od-fascynacji-swiatem-antycznym-do-psychologii-czlowieka-wywiad-z-dr-hab-bozena-janda-debek\/","title":{"rendered":"Od fascynacji \u015bwiatem antycznym do psychologii cz\u0142owieka. Wywiad z dr hab. Bo\u017cen\u0105 Jand\u0105-D\u0119bek"},"content":{"rendered":"<p class=\"wp-block-paragraph\">Jak zmienia si\u0119 spojrzenie na psychologi\u0119 po ponad 40 latach pracy naukowej i dydaktycznej? Dr hab. Bo\u017cena Janda-D\u0119bek przez dekady bada\u0142a r\u00f3\u017cne aspekty ludzkiego funkcjonowania, pracowa\u0142a ze studentami i rozwija\u0142a kolejne zainteresowania badawcze \u2013 od proces\u00f3w poznawczych po psychologi\u0119 \u015brodowiskow\u0105.&nbsp;<\/p>\n\n\n\n<p class=\"wp-block-paragraph\">O swoim wieloletnim do\u015bwiadczeniu, zmieniaj\u0105cych si\u0119 zainteresowaniach badawczych oraz spojrzeniu na kondycj\u0119 wsp\u00f3\u0142czesnego cz\u0142owieka <strong>dr hab. Bo\u017cena Janda-D\u0119bek opowiada w rozmowie, do kt\u00f3rej lektury serdecznie zapraszamy<\/strong>.<\/p>\n\n\n\n<h3 class=\"wp-block-heading\">Jak wygl\u0105da\u0142a Pani droga zawodowa i co sprawi\u0142o, \u017ce zainteresowa\u0142a si\u0119 Pani w\u0142a\u015bnie t\u0105 dziedzin\u0105? Czy by\u0142 moment, kt\u00f3ry mia\u0142 na to szczeg\u00f3lny wp\u0142yw?<\/h3>\n\n\n\n<p class=\"wp-block-paragraph\">Tak naprawd\u0119 po zdaniu matury chcia\u0142am studiowa\u0107 archeologi\u0119 \u015br\u00f3dziemnomorsk\u0105, poniewa\u017c kiedy by\u0142am nastolatk\u0105, bardzo interesowa\u0142am si\u0119 kultur\u0105 antyczn\u0105. W moim liceum (IX LO we Wroc\u0142awiu) <strong>sko\u0144czy\u0142am klas\u0119 z obowi\u0105zkow\u0105 \u0142acin\u0105 oraz staro\u017cytn\u0105 grek\u0105<\/strong>. Czytywa\u0142am ka\u017cd\u0105 literatur\u0119 dotycz\u0105c\u0105 \u015bwiata antycznego (m.in. \u201e\u017bywoty Cezar\u00f3w\u201d Swetoniusza), <strong>by\u0142am pewna, \u017ce b\u0119d\u0119 archeologiem<\/strong> lub chocia\u017c filologiem klasycznym.<\/p>\n\n\n\n<p class=\"wp-block-paragraph\">Kierunek archeologia \u015br\u00f3dziemnomorska by\u0142 w\u00f3wczas tylko na Uniwersytecie Warszawskim i moi rodzice nie wyrazili zgody na m\u00f3j wyjazd do Warszawy. I tak zosta\u0142a mi tylko filologia klasyczna na UWr. Ale pewnego s\u0142onecznego, upalnego dnia, id\u0105c ko\u0142o Uniwersytetu Wroc\u0142awskiego, pomy\u015bla\u0142am, \u017ce <strong>mo\u017ce \u2013 zamiast siedzie\u0107 w \u201estarociach\u201d \u2013, b\u0119d\u0119 pracowa\u0107 z lud\u017ami, zamiast wy\u0142\u0105cznie z ksi\u0105\u017ckami<\/strong>. W ten spos\u00f3b trafi\u0142am na studia psychologiczne na UWr. Ale do dzisiaj uwa\u017cnie \u015bledz\u0119 odkrycia archeologiczne \u2013 ta tematyka jest mi zawsze bardzo bliska.<\/p>\n\n\n\n<p class=\"wp-block-paragraph\">Bezpo\u015brednio po studiach psychologicznych chcia\u0142am pracowa\u0107 z lud\u017ami, kt\u00f3rzy maj\u0105 problemy. Dlatego podj\u0119\u0142am prac\u0119 w Szpitalu Psychiatrycznym we Wroc\u0142awiu. Tam, po bardzo intensywnej pracy zwi\u0105zanej z praktyczn\u0105 nauk\u0105 zawodu psychologa klinicznego (m.in. diagnostyk\u0105, opiniowaniem pacjent\u00f3w, dy\u017curami w Telefonie Zaufania), <strong>nauczy\u0142am si\u0119 by\u0107 psychologiem praktykiem<\/strong>.<\/p>\n\n\n\n<p class=\"wp-block-paragraph\">Po roku mojej pracy w szpitalu zaproponowano mi prac\u0119 asystenta w Instytucie Psychologii UWr. I tam, b\u0119d\u0105c najpierw w Zak\u0142adzie Psychologii Klinicznej, zrobi\u0142am doktorat pod kierunkiem prof. M. Kulczyckiego, a potem zacz\u0119\u0142am si\u0119 interesowa\u0107 innymi zagadnieniami w psychologii, m.in. psychologi\u0105 proces\u00f3w poznawczych, komunikacj\u0105 niewerbaln\u0105 (wraz z prof. A. Kuczy\u0144sk\u0105 uda\u0142o si\u0119 nam wprowadzi\u0107 pierwsze na wydzia\u0142ach psychologii warsztaty z komunikacji niewerbalnej). <strong>Po kolokwium habilitacyjnym zainteresowa\u0142am si\u0119 tak\u017ce psychologicznymi problemami zwi\u0105zanymi z tendencj\u0105 do k\u0142amstwa u ludzi<\/strong>, a kolejn\u0105 moj\u0105 pasj\u0105 by\u0142a problematyka zwi\u0105zana z psychologi\u0105 \u015brodowiskow\u0105.<\/p>\n\n\n\n<h3 class=\"wp-block-heading\">Jakimi zagadnieniami zajmuje si\u0119 Pani obecnie i kt\u00f3re z nich uwa\u017ca za najbardziej fascynuj\u0105ce?<\/h3>\n\n\n\n<p class=\"wp-block-paragraph\">Oczywistym moim zainteresowaniem jest <strong>dzisiejsza kondycja psychologiczna cz\u0142owieka w bardzo dynamicznie rozwijaj\u0105cej si\u0119 rzeczywisto\u015bci<\/strong>. Bardzo interesuj\u0105 mnie zagadnienia zwi\u0105zane z wp\u0142ywem technologii cyfrowych na funkcjonowanie ludzi. Ciekawi mnie, w jaki spos\u00f3b technologie AI zmieniaj\u0105 \u015bwiat i ludzi, czy AI ma szans\u0119 na bycie \u201e\u015bwiadomym bytem\u201d (moim zdaniem na pewno nie).<\/p>\n\n\n\n<p class=\"wp-block-paragraph\">Jestem tak\u017ce ciekawa, jak dzisiaj wygl\u0105da\u0142yby moje badania nad Koncepcj\u0105 Umowy Spo\u0142ecznej L. Cosmides i J. Tooby\u2019ego. Ciekawi mnie r\u00f3wnie\u017c, <strong>czy ludzie poddani presji polityk\u00f3w s\u0105 mniej odporni na k\u0142amstwo<\/strong>. I w ko\u0144cu \u2013 czy dzisiaj ludzie s\u0105 bardziej sk\u0142onni dba\u0107 o swoje miejsce zamieszkania ni\u017c dziesi\u0119\u0107 lat temu oraz jakie czynniki psychologiczne mog\u0105 wp\u0142ywa\u0107 na t\u0119 dba\u0142o\u015b\u0107.<\/p>\n\n\n\n<h3 class=\"wp-block-heading\">Czego studenci mog\u0105 nauczy\u0107 si\u0119 dzi\u0119ki Pani do\u015bwiadczeniu?<\/h3>\n\n\n\n<p class=\"wp-block-paragraph\">Najpierw <strong>ciekawo\u015bci \u015bwiata. Wszystkich otaczaj\u0105cych nas zjawisk i zachowa\u0144 ludzi<\/strong>. Porz\u0105dku w my\u015bleniu i projektowaniu bada\u0144, spokojnych, pozbawionych jakichkolwiek ideologii rozwa\u017ca\u0144 nad natur\u0105 cz\u0142owieka.<\/p>\n\n\n\n<h3 class=\"wp-block-heading\">Z jakiego projektu, badania lub publikacji jest Pani najbardziej dumna w swojej dzia\u0142alno\u015bci i dlaczego?<\/h3>\n\n\n\n<p class=\"wp-block-paragraph\">Z kilku, ale chyba najbardziej <strong>z bada\u0144 nad weryfikacj\u0105 Koncepcji Umowy Spo\u0142ecznej L. Cosmides i J. Tooby\u2019ego<\/strong> oraz koncepcji dystansu psychologicznego.<\/p>\n\n\n\n<h3 class=\"wp-block-heading\">Jakie wyzwania wyst\u0119puj\u0105 obecnie w Pani dziedzinie i kt\u00f3re z nich uwa\u017ca Pani za szczeg\u00f3lnie istotne?<\/h3>\n\n\n\n<p class=\"wp-block-paragraph\">Szczeg\u00f3lnie istotnym problemem dzisiaj jest dla mnie <strong>uwik\u0142anie wsp\u00f3\u0142czesnych ludzi w technologie IT<\/strong>. Tworz\u0105 one z\u0142udn\u0105 nadziej\u0119, \u017ce m.in. bycie w mediach spo\u0142eczno\u015bciowych jest szans\u0105 na wyr\u00f3\u017cnienie si\u0119, zdobycie przyja\u017ani, zainteresowanie innych, tymczasem s\u0105 najcz\u0119\u015bciej przyczyn\u0105 dojmuj\u0105cej samotno\u015bci.<\/p>\n\n\n\n<h3 class=\"wp-block-heading\">Jakie kompetencje lub spos\u00f3b my\u015blenia s\u0105 dzi\u015b, Pani zdaniem, szczeg\u00f3lnie wa\u017cne dla os\u00f3b rozwijaj\u0105cych si\u0119 w tej dziedzinie?<\/h3>\n\n\n\n<p class=\"wp-block-paragraph\">Nie ma tu recepty, ale na pewno <strong>ciekawo\u015b\u0107 \u015bwiata i innych ludzi jest niezwykle wa\u017cna, podobnie jak uwa\u017cno\u015b\u0107 na uczucia innych<\/strong>. A je\u017celi chodzi o kompetencje intelektualne, otwarto\u015b\u0107: na wszystkie zjawiska, na to, co by\u0142o, i na to, co jest. Analiza wszelkich zjawisk \u2013 spo\u0142ecznych, kulturowych, a tak\u017ce politycznych \u2013 oraz otwarto\u015b\u0107 poznawcza, <strong>pozbycie si\u0119 \u201esk\u0105pstwa poznawczego\u201d<\/strong>.<\/p>\n\n\n\n<h3 class=\"wp-block-heading\">Dlaczego po\u0142\u0105czenie praktyki zawodowej z dzia\u0142alno\u015bci\u0105 naukow\u0105 jest wa\u017cne dla student\u00f3w?<\/h3>\n\n\n\n<p class=\"wp-block-paragraph\">Studenci psychologii musz\u0105 poznawa\u0107 tzw. \u201enormalne \u017cycie\u201d. Powinny interesowa\u0107 si\u0119 badaniami podstawowymi, ale musz\u0105 wiedzie\u0107, <strong>jakie s\u0105 problemy tzw. normalnych ludzi<\/strong> oraz tych, kt\u00f3rzy maj\u0105 problemy z rzeczywisto\u015bci\u0105 we wszelkich jej wymiarach.<\/p>\n\n\n\n<p class=\"wp-block-paragraph\">Musz\u0105 tak\u017ce <strong>opiera\u0107 si\u0119 w swoich obserwacjach, diagnozach i opiniach na badaniach naukowych.<\/strong> Bez rzetelnych bada\u0144 podstawowych w psychologii trudno jest pozna\u0107 i zrozumie\u0107 tak naprawd\u0119 istot\u0119 problem\u00f3w, z jakimi zg\u0142aszaj\u0105 si\u0119 pacjenci i klienci do psychologa praktyka.<\/p>\n\n\n\n<h3 class=\"wp-block-heading\">Co poza dzia\u0142alno\u015bci\u0105 naukow\u0105 lub zawodow\u0105 inspiruje Pani\u0105 na co dzie\u0144?<\/h3>\n\n\n\n<p class=\"wp-block-paragraph\">Zachwycaj\u0105cy, ale tak\u017ce zdumiewaj\u0105co i bardzo dynamicznie zmieniaj\u0105cy si\u0119 \u015bwiat. Lubi\u0119 czyta\u0107 <strong>ksi\u0105\u017cki o miejscach nieoczywistych<\/strong>, lubi\u0119 poznawa\u0107 inne kultury (ucz\u0119 si\u0119 j\u0119zyk\u00f3w). Afirmuj\u0119 codziennie przyrod\u0119, ucz\u0119 si\u0119, je\u017celi mog\u0119, \u015bwiata zwierz\u0105t, <strong>zachwycam si\u0119 dobr\u0105 muzyk\u0105<\/strong> (kocham w\u0142osk\u0105 oper\u0119), ale lubi\u0119 tak\u017ce obserwowa\u0107 i analizowa\u0107 zachowania ludzi.<\/p>\n\n\n\n<h2 class=\"wp-block-heading\">Zag\u0142osuj na dr hab. Bo\u017cen\u0119 Jand\u0119-D\u0119bek w plebiscycie Wyk\u0142adowca Roku<\/h2>\n\n\n\n<p class=\"wp-block-paragraph\">Ka\u017cdy z naszych wyk\u0142adowc\u00f3w wnosi do pracy na naszej Uczelni <strong>w\u0142asn\u0105 perspektyw\u0119, wiedz\u0119 oraz do\u015bwiadczenie zdobywane na przestrzeni zawodowej i akademickiej drogi<\/strong>. Wywiady pozwalaj\u0105 pozna\u0107 ich bli\u017cej \u2013 r\u00f3wnie\u017c od strony zainteresowa\u0144, inspiracji i sposobu patrzenia na otaczaj\u0105cy \u015bwiat.<\/p>\n\n\n\n<p class=\"wp-block-paragraph\">Je\u015bli cenisz wiedz\u0119, zaanga\u017cowanie i spos\u00f3b prowadzenia zaj\u0119\u0107 przez bohaterk\u0119 naszego wywiadu,<span style=\"text-decoration: underline;\"> <strong><a href=\"https:\/\/wykladowcaroku.pl\/\">oddaj g\u0142os na dr hab. Bo\u017cen\u0119 Jand\u0119-D\u0119bek w Plebiscycie Wyk\u0142adowca Roku 2026<\/a><\/strong><\/span>. To \u015bwietna okazja, aby wyr\u00f3\u017cni\u0107 osob\u0119, kt\u00f3rej zaj\u0119cia by\u0142y dla Ciebie szczeg\u00f3lnie warto\u015bciowe.\u00a0<\/p>","protected":false},"excerpt":{"rendered":"<p>Jak zmienia si\u0119 spojrzenie na psychologi\u0119 po ponad 40 latach pracy naukowej i dydaktycznej? Dr hab. Bo\u017cena Janda-D\u0119bek przez dekady bada\u0142a r\u00f3\u017cne aspekty ludzkiego funkcjonowania, pracowa\u0142a ze studentami i rozwija\u0142a kolejne zainteresowania badawcze \u2013 od proces\u00f3w poznawczych po psychologi\u0119 \u015brodowiskow\u0105.&nbsp; O swoim wieloletnim do\u015bwiadczeniu, zmieniaj\u0105cych si\u0119 zainteresowaniach badawczych oraz spojrzeniu na kondycj\u0119 wsp\u00f3\u0142czesnego cz\u0142owieka dr [&hellip;]<\/p>\n","protected":false},"author":24,"featured_media":0,"comment_status":"open","ping_status":"open","sticky":false,"template":"","format":"standard","meta":{"om_disable_all_campaigns":false,"footnotes":""},"categories":[50],"tags":[],"class_list":["post-13009","post","type-post","status-publish","format-standard","hentry","category-aktualnosci"],"yoast_head":"<!-- This site is optimized with the Yoast SEO plugin v28.1 - https:\/\/yoast.com\/product\/yoast-seo-wordpress\/ -->\n<title>Od fascynacji \u015bwiatem antycznym do psychologii cz\u0142owieka. Wywiad z dr hab. Bo\u017cen\u0105 Jand\u0105-D\u0119bek - Studia Wroc\u0142aw<\/title>\n<meta name=\"description\" content=\"O swoim wieloletnim do\u015bwiadczeniu oraz spojrzeniu na kondycj\u0119 wsp\u00f3\u0142czesnego cz\u0142owieka dr hab. Bo\u017cena Janda-D\u0119bek opowiada w rozmowie, do kt\u00f3rej lektury serdecznie zapraszamy.\" \/>\n<meta name=\"robots\" content=\"index, follow, max-snippet:-1, max-image-preview:large, max-video-preview:-1\" \/>\n<link rel=\"canonical\" href=\"https:\/\/studia-wroclaw.pl\/en\/od-fascynacji-swiatem-antycznym-do-psychologii-czlowieka-wywiad-z-dr-hab-bozena-janda-debek\/\" \/>\n<meta property=\"og:locale\" content=\"en_GB\" \/>\n<meta property=\"og:type\" content=\"article\" \/>\n<meta property=\"og:title\" content=\"Od fascynacji \u015bwiatem antycznym do psychologii cz\u0142owieka. Wywiad z dr hab. Bo\u017cen\u0105 Jand\u0105-D\u0119bek - Studia Wroc\u0142aw\" \/>\n<meta property=\"og:description\" content=\"O swoim wieloletnim do\u015bwiadczeniu oraz spojrzeniu na kondycj\u0119 wsp\u00f3\u0142czesnego cz\u0142owieka dr hab. Bo\u017cena Janda-D\u0119bek opowiada w rozmowie, do kt\u00f3rej lektury serdecznie zapraszamy.\" \/>\n<meta property=\"og:url\" content=\"https:\/\/studia-wroclaw.pl\/en\/od-fascynacji-swiatem-antycznym-do-psychologii-czlowieka-wywiad-z-dr-hab-bozena-janda-debek\/\" \/>\n<meta property=\"og:site_name\" content=\"Studia Wroc\u0142aw\" \/>\n<meta property=\"article:published_time\" content=\"2026-08-24T13:33:54+00:00\" \/>\n<meta property=\"article:modified_time\" content=\"2026-08-25T08:03:42+00:00\" \/>\n<meta name=\"author\" content=\"Ernest Marczy\u0144ski\" \/>\n<meta name=\"twitter:card\" content=\"summary_large_image\" \/>\n<meta name=\"twitter:label1\" content=\"Written by\" \/>\n\t<meta name=\"twitter:data1\" content=\"Ernest Marczy\u0144ski\" \/>\n\t<meta name=\"twitter:label2\" content=\"Estimated reading time\" \/>\n\t<meta name=\"twitter:data2\" content=\"6 minutes\" \/>\n<script type=\"application\/ld+json\" class=\"yoast-schema-graph\">{\"@context\":\"https:\\\/\\\/schema.org\",\"@graph\":[{\"@type\":\"Article\",\"@id\":\"https:\\\/\\\/studia-wroclaw.pl\\\/od-fascynacji-swiatem-antycznym-do-psychologii-czlowieka-wywiad-z-dr-hab-bozena-janda-debek\\\/#article\",\"isPartOf\":{\"@id\":\"https:\\\/\\\/studia-wroclaw.pl\\\/od-fascynacji-swiatem-antycznym-do-psychologii-czlowieka-wywiad-z-dr-hab-bozena-janda-debek\\\/\"},\"author\":{\"name\":\"Ernest Marczy\u0144ski\",\"@id\":\"https:\\\/\\\/studia-wroclaw.pl\\\/#\\\/schema\\\/person\\\/894c3f27e7b23a7812649d45f28280c0\"},\"headline\":\"Od fascynacji \u015bwiatem antycznym do psychologii cz\u0142owieka. Wywiad z dr hab. Bo\u017cen\u0105 Jand\u0105-D\u0119bek\",\"datePublished\":\"2026-08-24T13:33:54+00:00\",\"dateModified\":\"2026-08-25T08:03:42+00:00\",\"mainEntityOfPage\":{\"@id\":\"https:\\\/\\\/studia-wroclaw.pl\\\/od-fascynacji-swiatem-antycznym-do-psychologii-czlowieka-wywiad-z-dr-hab-bozena-janda-debek\\\/\"},\"wordCount\":1099,\"commentCount\":0,\"articleSection\":[\"Aktualno\u015bci\"],\"inLanguage\":\"en-GB\",\"potentialAction\":[{\"@type\":\"CommentAction\",\"name\":\"Comment\",\"target\":[\"https:\\\/\\\/studia-wroclaw.pl\\\/od-fascynacji-swiatem-antycznym-do-psychologii-czlowieka-wywiad-z-dr-hab-bozena-janda-debek\\\/#respond\"]}]},{\"@type\":\"WebPage\",\"@id\":\"https:\\\/\\\/studia-wroclaw.pl\\\/od-fascynacji-swiatem-antycznym-do-psychologii-czlowieka-wywiad-z-dr-hab-bozena-janda-debek\\\/\",\"url\":\"https:\\\/\\\/studia-wroclaw.pl\\\/od-fascynacji-swiatem-antycznym-do-psychologii-czlowieka-wywiad-z-dr-hab-bozena-janda-debek\\\/\",\"name\":\"Od fascynacji \u015bwiatem antycznym do psychologii cz\u0142owieka. Wywiad z dr hab. Bo\u017cen\u0105 Jand\u0105-D\u0119bek - Studia Wroc\u0142aw\",\"isPartOf\":{\"@id\":\"https:\\\/\\\/studia-wroclaw.pl\\\/#website\"},\"datePublished\":\"2026-08-24T13:33:54+00:00\",\"dateModified\":\"2026-08-25T08:03:42+00:00\",\"author\":{\"@id\":\"https:\\\/\\\/studia-wroclaw.pl\\\/#\\\/schema\\\/person\\\/894c3f27e7b23a7812649d45f28280c0\"},\"description\":\"O swoim wieloletnim do\u015bwiadczeniu oraz spojrzeniu na kondycj\u0119 wsp\u00f3\u0142czesnego cz\u0142owieka dr hab. Bo\u017cena Janda-D\u0119bek opowiada w rozmowie, do kt\u00f3rej lektury serdecznie zapraszamy.\",\"breadcrumb\":{\"@id\":\"https:\\\/\\\/studia-wroclaw.pl\\\/od-fascynacji-swiatem-antycznym-do-psychologii-czlowieka-wywiad-z-dr-hab-bozena-janda-debek\\\/#breadcrumb\"},\"inLanguage\":\"en-GB\",\"potentialAction\":[{\"@type\":\"ReadAction\",\"target\":[\"https:\\\/\\\/studia-wroclaw.pl\\\/od-fascynacji-swiatem-antycznym-do-psychologii-czlowieka-wywiad-z-dr-hab-bozena-janda-debek\\\/\"]}]},{\"@type\":\"BreadcrumbList\",\"@id\":\"https:\\\/\\\/studia-wroclaw.pl\\\/od-fascynacji-swiatem-antycznym-do-psychologii-czlowieka-wywiad-z-dr-hab-bozena-janda-debek\\\/#breadcrumb\",\"itemListElement\":[{\"@type\":\"ListItem\",\"position\":1,\"name\":\"Strona g\u0142\u00f3wna\",\"item\":\"https:\\\/\\\/studia-wroclaw.pl\\\/\"},{\"@type\":\"ListItem\",\"position\":2,\"name\":\"Od fascynacji \u015bwiatem antycznym do psychologii cz\u0142owieka. Wywiad z dr hab. Bo\u017cen\u0105 Jand\u0105-D\u0119bek\"}]},{\"@type\":\"WebSite\",\"@id\":\"https:\\\/\\\/studia-wroclaw.pl\\\/#website\",\"url\":\"https:\\\/\\\/studia-wroclaw.pl\\\/\",\"name\":\"Studia Wroc\u0142aw\",\"description\":\"\",\"potentialAction\":[{\"@type\":\"SearchAction\",\"target\":{\"@type\":\"EntryPoint\",\"urlTemplate\":\"https:\\\/\\\/studia-wroclaw.pl\\\/?s={search_term_string}\"},\"query-input\":{\"@type\":\"PropertyValueSpecification\",\"valueRequired\":true,\"valueName\":\"search_term_string\"}}],\"inLanguage\":\"en-GB\"},{\"@type\":\"Person\",\"@id\":\"https:\\\/\\\/studia-wroclaw.pl\\\/#\\\/schema\\\/person\\\/894c3f27e7b23a7812649d45f28280c0\",\"name\":\"Ernest Marczy\u0144ski\",\"image\":{\"@type\":\"ImageObject\",\"inLanguage\":\"en-GB\",\"@id\":\"https:\\\/\\\/secure.gravatar.com\\\/avatar\\\/7c6a6a26a96dc9265376bbe54957f88d60fe5a76dff57237df4a9430b4ccd6f9?s=96&d=mm&r=g\",\"url\":\"https:\\\/\\\/secure.gravatar.com\\\/avatar\\\/7c6a6a26a96dc9265376bbe54957f88d60fe5a76dff57237df4a9430b4ccd6f9?s=96&d=mm&r=g\",\"contentUrl\":\"https:\\\/\\\/secure.gravatar.com\\\/avatar\\\/7c6a6a26a96dc9265376bbe54957f88d60fe5a76dff57237df4a9430b4ccd6f9?s=96&d=mm&r=g\",\"caption\":\"Ernest Marczy\u0144ski\"},\"url\":\"https:\\\/\\\/studia-wroclaw.pl\\\/en\\\/author\\\/ernest-marczynski\\\/\"}]}<\/script>\n<!-- \/ Yoast SEO plugin. -->","yoast_head_json":{"title":"Od fascynacji \u015bwiatem antycznym do psychologii cz\u0142owieka. Wywiad z dr hab. Bo\u017cen\u0105 Jand\u0105-D\u0119bek - Studia Wroc\u0142aw","description":"O swoim wieloletnim do\u015bwiadczeniu oraz spojrzeniu na kondycj\u0119 wsp\u00f3\u0142czesnego cz\u0142owieka dr hab. Bo\u017cena Janda-D\u0119bek opowiada w rozmowie, do kt\u00f3rej lektury serdecznie zapraszamy.","robots":{"index":"index","follow":"follow","max-snippet":"max-snippet:-1","max-image-preview":"max-image-preview:large","max-video-preview":"max-video-preview:-1"},"canonical":"https:\/\/studia-wroclaw.pl\/en\/od-fascynacji-swiatem-antycznym-do-psychologii-czlowieka-wywiad-z-dr-hab-bozena-janda-debek\/","og_locale":"en_GB","og_type":"article","og_title":"Od fascynacji \u015bwiatem antycznym do psychologii cz\u0142owieka. Wywiad z dr hab. Bo\u017cen\u0105 Jand\u0105-D\u0119bek - Studia Wroc\u0142aw","og_description":"O swoim wieloletnim do\u015bwiadczeniu oraz spojrzeniu na kondycj\u0119 wsp\u00f3\u0142czesnego cz\u0142owieka dr hab. Bo\u017cena Janda-D\u0119bek opowiada w rozmowie, do kt\u00f3rej lektury serdecznie zapraszamy.","og_url":"https:\/\/studia-wroclaw.pl\/en\/od-fascynacji-swiatem-antycznym-do-psychologii-czlowieka-wywiad-z-dr-hab-bozena-janda-debek\/","og_site_name":"Studia Wroc\u0142aw","article_published_time":"2026-08-24T13:33:54+00:00","article_modified_time":"2026-08-25T08:03:42+00:00","author":"Ernest Marczy\u0144ski","twitter_card":"summary_large_image","twitter_misc":{"Written by":"Ernest Marczy\u0144ski","Estimated reading time":"6 minutes"},"schema":{"@context":"https:\/\/schema.org","@graph":[{"@type":"Article","@id":"https:\/\/studia-wroclaw.pl\/od-fascynacji-swiatem-antycznym-do-psychologii-czlowieka-wywiad-z-dr-hab-bozena-janda-debek\/#article","isPartOf":{"@id":"https:\/\/studia-wroclaw.pl\/od-fascynacji-swiatem-antycznym-do-psychologii-czlowieka-wywiad-z-dr-hab-bozena-janda-debek\/"},"author":{"name":"Ernest Marczy\u0144ski","@id":"https:\/\/studia-wroclaw.pl\/#\/schema\/person\/894c3f27e7b23a7812649d45f28280c0"},"headline":"Od fascynacji \u015bwiatem antycznym do psychologii cz\u0142owieka. Wywiad z dr hab. Bo\u017cen\u0105 Jand\u0105-D\u0119bek","datePublished":"2026-08-24T13:33:54+00:00","dateModified":"2026-08-25T08:03:42+00:00","mainEntityOfPage":{"@id":"https:\/\/studia-wroclaw.pl\/od-fascynacji-swiatem-antycznym-do-psychologii-czlowieka-wywiad-z-dr-hab-bozena-janda-debek\/"},"wordCount":1099,"commentCount":0,"articleSection":["Aktualno\u015bci"],"inLanguage":"en-GB","potentialAction":[{"@type":"CommentAction","name":"Comment","target":["https:\/\/studia-wroclaw.pl\/od-fascynacji-swiatem-antycznym-do-psychologii-czlowieka-wywiad-z-dr-hab-bozena-janda-debek\/#respond"]}]},{"@type":"WebPage","@id":"https:\/\/studia-wroclaw.pl\/od-fascynacji-swiatem-antycznym-do-psychologii-czlowieka-wywiad-z-dr-hab-bozena-janda-debek\/","url":"https:\/\/studia-wroclaw.pl\/od-fascynacji-swiatem-antycznym-do-psychologii-czlowieka-wywiad-z-dr-hab-bozena-janda-debek\/","name":"Od fascynacji \u015bwiatem antycznym do psychologii cz\u0142owieka. Wywiad z dr hab. Bo\u017cen\u0105 Jand\u0105-D\u0119bek - Studia Wroc\u0142aw","isPartOf":{"@id":"https:\/\/studia-wroclaw.pl\/#website"},"datePublished":"2026-08-24T13:33:54+00:00","dateModified":"2026-08-25T08:03:42+00:00","author":{"@id":"https:\/\/studia-wroclaw.pl\/#\/schema\/person\/894c3f27e7b23a7812649d45f28280c0"},"description":"O swoim wieloletnim do\u015bwiadczeniu oraz spojrzeniu na kondycj\u0119 wsp\u00f3\u0142czesnego cz\u0142owieka dr hab. Bo\u017cena Janda-D\u0119bek opowiada w rozmowie, do kt\u00f3rej lektury serdecznie zapraszamy.","breadcrumb":{"@id":"https:\/\/studia-wroclaw.pl\/od-fascynacji-swiatem-antycznym-do-psychologii-czlowieka-wywiad-z-dr-hab-bozena-janda-debek\/#breadcrumb"},"inLanguage":"en-GB","potentialAction":[{"@type":"ReadAction","target":["https:\/\/studia-wroclaw.pl\/od-fascynacji-swiatem-antycznym-do-psychologii-czlowieka-wywiad-z-dr-hab-bozena-janda-debek\/"]}]},{"@type":"BreadcrumbList","@id":"https:\/\/studia-wroclaw.pl\/od-fascynacji-swiatem-antycznym-do-psychologii-czlowieka-wywiad-z-dr-hab-bozena-janda-debek\/#breadcrumb","itemListElement":[{"@type":"ListItem","position":1,"name":"Strona g\u0142\u00f3wna","item":"https:\/\/studia-wroclaw.pl\/"},{"@type":"ListItem","position":2,"name":"Od fascynacji \u015bwiatem antycznym do psychologii cz\u0142owieka. Wywiad z dr hab. Bo\u017cen\u0105 Jand\u0105-D\u0119bek"}]},{"@type":"WebSite","@id":"https:\/\/studia-wroclaw.pl\/#website","url":"https:\/\/studia-wroclaw.pl\/","name":"Studies Wroclaw","description":"","potentialAction":[{"@type":"SearchAction","target":{"@type":"EntryPoint","urlTemplate":"https:\/\/studia-wroclaw.pl\/?s={search_term_string}"},"query-input":{"@type":"PropertyValueSpecification","valueRequired":true,"valueName":"search_term_string"}}],"inLanguage":"en-GB"},{"@type":"Person","@id":"https:\/\/studia-wroclaw.pl\/#\/schema\/person\/894c3f27e7b23a7812649d45f28280c0","name":"Ernest Marczy\u0144ski","image":{"@type":"ImageObject","inLanguage":"en-GB","@id":"https:\/\/secure.gravatar.com\/avatar\/7c6a6a26a96dc9265376bbe54957f88d60fe5a76dff57237df4a9430b4ccd6f9?s=96&d=mm&r=g","url":"https:\/\/secure.gravatar.com\/avatar\/7c6a6a26a96dc9265376bbe54957f88d60fe5a76dff57237df4a9430b4ccd6f9?s=96&d=mm&r=g","contentUrl":"https:\/\/secure.gravatar.com\/avatar\/7c6a6a26a96dc9265376bbe54957f88d60fe5a76dff57237df4a9430b4ccd6f9?s=96&d=mm&r=g","caption":"Ernest Marczy\u0144ski"},"url":"https:\/\/studia-wroclaw.pl\/en\/author\/ernest-marczynski\/"}]}},"_links":{"self":[{"href":"https:\/\/studia-wroclaw.pl\/en\/wp-json\/wp\/v2\/posts\/13009","targetHints":{"allow":["GET"]}}],"collection":[{"href":"https:\/\/studia-wroclaw.pl\/en\/wp-json\/wp\/v2\/posts"}],"about":[{"href":"https:\/\/studia-wroclaw.pl\/en\/wp-json\/wp\/v2\/types\/post"}],"author":[{"embeddable":true,"href":"https:\/\/studia-wroclaw.pl\/en\/wp-json\/wp\/v2\/users\/24"}],"replies":[{"embeddable":true,"href":"https:\/\/studia-wroclaw.pl\/en\/wp-json\/wp\/v2\/comments?post=13009"}],"version-history":[{"count":1,"href":"https:\/\/studia-wroclaw.pl\/en\/wp-json\/wp\/v2\/posts\/13009\/revisions"}],"predecessor-version":[{"id":13010,"href":"https:\/\/studia-wroclaw.pl\/en\/wp-json\/wp\/v2\/posts\/13009\/revisions\/13010"}],"wp:attachment":[{"href":"https:\/\/studia-wroclaw.pl\/en\/wp-json\/wp\/v2\/media?parent=13009"}],"wp:term":[{"taxonomy":"category","embeddable":true,"href":"https:\/\/studia-wroclaw.pl\/en\/wp-json\/wp\/v2\/categories?post=13009"},{"taxonomy":"post_tag","embeddable":true,"href":"https:\/\/studia-wroclaw.pl\/en\/wp-json\/wp\/v2\/tags?post=13009"}],"curies":[{"name":"wp","href":"https:\/\/api.w.org\/{rel}","templated":true}]}}