{"id":13013,"date":"2026-08-24T15:47:25","date_gmt":"2026-08-24T13:47:25","guid":{"rendered":"https:\/\/studia-wroclaw.pl\/?p=13013"},"modified":"2026-08-25T10:01:13","modified_gmt":"2026-08-25T08:01:13","slug":"od-ciekawosci-do-glodu-wiedzy-wywiad-z-dr-lukaszem-cymbalukiem-adiunktem-wskz-i-opiekunem-kola-naukowego-geopolitica","status":"publish","type":"post","link":"https:\/\/studia-wroclaw.pl\/en\/od-ciekawosci-do-glodu-wiedzy-wywiad-z-dr-lukaszem-cymbalukiem-adiunktem-wskz-i-opiekunem-kola-naukowego-geopolitica\/","title":{"rendered":"Od ciekawo\u015bci do g\u0142odu wiedzy. Wywiad z dr. \u0141ukaszem Cymbalukiem \u2013 adiunktem WSKZ i opiekunem Ko\u0142a Naukowego GeoPolitica"},"content":{"rendered":"<p class=\"wp-block-paragraph\">Co inspiruje dr. \u0141ukasza Cymbaluka do kolejnych naukowych poszukiwa\u0144? Jak sam podkre\u015bla, ciekawo\u015b\u0107 z czasem mo\u017ce przeistoczy\u0107 si\u0119 w g\u0142\u00f3d wiedzy, szczeg\u00f3lnie gdy przedmiotem zainteresowania s\u0105 z\u0142o\u017cone i nieprzewidywalne procesy spo\u0142eczne oraz polityczne. <\/p>\n\n\n\n<p class=\"wp-block-paragraph\">O zainteresowaniach naukowych, podej\u015bciu do pracy ze studentami oraz spojrzeniu na kompetencje potrzebne we wsp\u00f3\u0142czesnym \u015bwiecie<strong> dr \u0141ukasz Cymbaluk opowiada w rozmowie, do kt\u00f3rej lektury serdecznie zapraszamy<\/strong>.<br><\/p>\n\n\n\n<h3 class=\"wp-block-heading\">Jak wygl\u0105da\u0142a Pana droga zawodowa i co sprawi\u0142o, \u017ce zainteresowa\u0142 si\u0119 Pan w\u0142a\u015bnie t\u0105 dziedzin\u0105? Czy by\u0142 moment, kt\u00f3ry mia\u0142 na to szczeg\u00f3lny wp\u0142yw?<\/h3>\n\n\n\n<p class=\"wp-block-paragraph\">Sk\u0105d wzi\u0119\u0142o si\u0119 zainteresowanie dziedzin\u0105? To <strong>konsekwencja ciekawo\u015bci<\/strong>. Polityka, stosunki mi\u0119dzynarodowe, ale te\u017c (a mo\u017ce przede wszystkim) cz\u0142owiek i spo\u0142ecze\u0144stwo. Dynamika zjawisk, ich (nie)przewidywalno\u015b\u0107 oraz wp\u0142yw na nasz\u0105 rzeczywisto\u015b\u0107 <strong>\u2013 ta z\u0142o\u017cono\u015b\u0107 pobudza ciekawo\u015b\u0107, a ciekawo\u015b\u0107 w pewnym momencie przeistacza si\u0119 w g\u0142\u00f3d wiedzy.<\/strong><\/p>\n\n\n\n<p class=\"wp-block-paragraph\">Czy by\u0142 jaki\u015b szczeg\u00f3lny moment? Mo\u017ce wydarzy\u0142o si\u0119 to w jakim\u015b miejscu zadumy, mo\u017ce wpad\u0142a mi w r\u0119ce jaka\u015b ksi\u0105\u017cka. Trudno wskaza\u0107 jeden konkretny impuls. Wa\u017cniejsze od tego, co by\u0142o na pocz\u0105tku, jest jednak pytanie <strong>\u201eco b\u0119dzie dalej\u201d? Bo to w\u0142a\u015bnie takie pytania pchaj\u0105 nas do kolejnych poszukiwa\u0144.<\/strong><\/p>\n\n\n\n<h3 class=\"wp-block-heading\">Jakimi zagadnieniami zajmuje si\u0119 Pan obecnie i kt\u00f3re z nich uwa\u017ca za najbardziej fascynuj\u0105ce?<\/h3>\n\n\n\n<p class=\"wp-block-paragraph\">Obecnie na tapecie mam <strong>temat zwi\u0105zany z Bliskim Wschodem<\/strong> (na razie jednak bez szczeg\u00f3\u0142\u00f3w). Co w tym fascynuj\u0105cego? <strong>Wielow\u0105tkowo\u015b\u0107 i niejednoznaczno\u015b\u0107<\/strong>. Takie zagadnienia to wyzwanie samo w sobie. To wymagaj\u0105ce \u0107wiczenie, ale daje ono wielk\u0105 satysfakcj\u0119. Szczeg\u00f3lnie kiedy uda si\u0119 w jakim\u015b stopniu uporz\u0105dkowa\u0107 pozornie nieuporz\u0105dkowan\u0105 rzeczywisto\u015b\u0107.<\/p>\n\n\n\n<h3 class=\"wp-block-heading\">Czego studenci mog\u0105 nauczy\u0107 si\u0119 dzi\u0119ki Pana do\u015bwiadczeniu?<\/h3>\n\n\n\n<p class=\"wp-block-paragraph\">My\u015bl\u0119, \u017ce przede wszystkim <strong>krytycznego i samodzielnego my\u015blenia<\/strong>. A przynajmniej studenci na zaj\u0119ciach mog\u0105 si\u0119 spodziewa\u0107 <strong>zderzania r\u00f3\u017cnych perspektyw i trudnych pyta\u0144<\/strong>, kt\u00f3re nierzadko zmuszaj\u0105 do wyj\u015bcia poza utarte przekonania.<\/p>\n\n\n\n<h3 class=\"wp-block-heading\">Z jakiego projektu, badania lub publikacji jest Pan najbardziej dumny w swojej dzia\u0142alno\u015bci i dlaczego?<\/h3>\n\n\n\n<p class=\"wp-block-paragraph\">Je\u017celi mo\u017cna to potraktowa\u0107 jako \u201eprojekt\u201d, to zdecydowanie b\u0119dzie to <strong>Ko\u0142o Naukowe GeoPolitica<\/strong>. Zacz\u0119\u0142o si\u0119 troch\u0119 jako eksperyment \u2013 jako kameralna przestrze\u0144 wymiany my\u015bli \u2013 a <strong>wyros\u0142o co\u015b, co zacz\u0119\u0142o \u017cy\u0107 w\u0142asnym \u017cyciem<\/strong>. I chyba w\u0142a\u015bnie to jest w tym wszystkim najciekawsze \u2013 \u017ce ludzie, kt\u00f3rzy na pocz\u0105tku s\u0105 sobie zupe\u0142nie obcy, z czasem zaczynaj\u0105 razem tworzy\u0107 co\u015b warto\u015bciowego.<\/p>\n\n\n\n<h3 class=\"wp-block-heading\">Jakie wyzwania wyst\u0119puj\u0105 obecnie w Pana dziedzinie i kt\u00f3re z nich uwa\u017ca Pan za szczeg\u00f3lnie istotne?<\/h3>\n\n\n\n<p class=\"wp-block-paragraph\">Jednym z najwi\u0119kszych wyzwa\u0144 jest <strong>turbulentny charakter rzeczywisto\u015bci oraz przyspieszaj\u0105ce tempo zachodz\u0105cych zmian<\/strong>. W efekcie problemem staje si\u0119 nie tylko przewidywanie tego, co mo\u017ce si\u0119 wydarzy\u0107, lecz nawet samo zrozumienie tego, co dzieje si\u0119 tu i teraz. Drug\u0105 spraw\u0105 jest <strong>zalew informacji<\/strong>. Paradoksalnie ich nadmiar oznacza, \u017ce trudniej dotrze\u0107 do tego, co naprawd\u0119 warto\u015bciowe i istotne.<\/p>\n\n\n\n<h3 class=\"wp-block-heading\">Jakie kompetencje lub spos\u00f3b my\u015blenia s\u0105 dzi\u015b szczeg\u00f3lnie wa\u017cne dla os\u00f3b rozwijaj\u0105cych si\u0119 w tej dziedzinie?<\/h3>\n\n\n\n<p class=\"wp-block-paragraph\">Przytoczy\u0107 nale\u017cy rzecz dosy\u0107 uniwersaln\u0105 \u2013 <strong>otwarto\u015b\u0107 na ci\u0105g\u0142\u0105 nauk\u0119 i elastyczno\u015b\u0107 w my\u015bleniu<\/strong>. Tylko tyle i a\u017c tyle. Wiedza z konkretnego obszaru czy jednej okre\u015blonej dziedziny w coraz mniejszym stopniu jest wystarczaj\u0105ca, dlatego jedn\u0105 z najwa\u017cniejszych kompetencji jest umiej\u0119tno\u015b\u0107 nabywania kolejnych kompetencji.<\/p>\n\n\n\n<h3 class=\"wp-block-heading\">Dlaczego po\u0142\u0105czenie praktyki zawodowej z dzia\u0142alno\u015bci\u0105 naukow\u0105 jest wa\u017cne dla student\u00f3w?<\/h3>\n\n\n\n<p class=\"wp-block-paragraph\">Poniewa\u017c <strong>jedno wzmacnia drugie<\/strong>. To troch\u0119 jak z relacj\u0105 teoria-praktyka \u2013 teoria zapewnia zrozumienie, a praktyka pozwala wyci\u0105gn\u0105\u0107 wiedz\u0119 ze stanu czystej abstrakcji. Studia za\u015b <strong>nabieraj\u0105 znaczenia i g\u0142\u0119bi wtedy, gdy wiedza prowadzi do ukierunkowanego dzia\u0142ania<\/strong>.&nbsp;<\/p>\n\n\n\n<h3 class=\"wp-block-heading\">Co poza dzia\u0142alno\u015bci\u0105 naukow\u0105 lub zawodow\u0105 inspiruje Pana na co dzie\u0144?<\/h3>\n\n\n\n<p class=\"wp-block-paragraph\">To nie jest tak, \u017ce co\u015b po prostu inspiruje. Moim zdaniem nie ma tu konkretnej regu\u0142y \u2013 inspiracja mo\u017ce pojawi\u0107 si\u0119 w nieoczekiwanych okoliczno\u015bciach. Co ciekawe, <strong>cz\u0119sto to niespodziewane sytuacje, zdarzenia czy spotkania potrafi\u0105 najbardziej wp\u0142ywa\u0107 na nasze my\u015blenie<\/strong>. Czasem jedna rozmowa, a nawet jedno zdanie lub idea mo\u017ce oznacza\u0107 pocz\u0105tek jakiego\u015b nowego rozdzia\u0142u.<\/p>\n\n\n\n<h2 class=\"wp-block-heading\">Zag\u0142osuj na dr. \u0141ukasza Cymbaluka w plebiscycie Wyk\u0142adowca Roku<\/h2>\n\n\n\n<p class=\"wp-block-paragraph\">Ciekawo\u015b\u0107, otwarto\u015b\u0107 na nowe perspektywy i gotowo\u015b\u0107 do ci\u0105g\u0142ego zdobywania wiedzy to warto\u015bci, kt\u00f3re ekspert WSKZ przek\u0142ada r\u00f3wnie\u017c na swoj\u0105 dzia\u0142alno\u015b\u0107 dydaktyczn\u0105. Je\u015bli cenisz jego spos\u00f3b prowadzenia zaj\u0119\u0107, zach\u0119canie do samodzielnego my\u015blenia oraz zaanga\u017cowanie w rozw\u00f3j student\u00f3w, <span style=\"text-decoration: underline;\"><a href=\"https:\/\/wykladowcaroku.pl\/\"><strong>oddaj sw\u00f3j g\u0142os na dr. \u0141ukasza Cymbaluka w Plebiscycie Wyk\u0142adowca Roku 2026<\/strong>.<\/a><\/span><\/p>","protected":false},"excerpt":{"rendered":"<p>Co inspiruje dr. \u0141ukasza Cymbaluka do kolejnych naukowych poszukiwa\u0144? Jak sam podkre\u015bla, ciekawo\u015b\u0107 z czasem mo\u017ce przeistoczy\u0107 si\u0119 w g\u0142\u00f3d wiedzy, szczeg\u00f3lnie gdy przedmiotem zainteresowania s\u0105 z\u0142o\u017cone i nieprzewidywalne procesy spo\u0142eczne oraz polityczne. O zainteresowaniach naukowych, podej\u015bciu do pracy ze studentami oraz spojrzeniu na kompetencje potrzebne we wsp\u00f3\u0142czesnym \u015bwiecie dr \u0141ukasz Cymbaluk opowiada w rozmowie, [&hellip;]<\/p>\n","protected":false},"author":24,"featured_media":13014,"comment_status":"open","ping_status":"open","sticky":false,"template":"","format":"standard","meta":{"om_disable_all_campaigns":false,"footnotes":""},"categories":[50],"tags":[],"class_list":["post-13013","post","type-post","status-publish","format-standard","has-post-thumbnail","hentry","category-aktualnosci"],"yoast_head":"<!-- This site is optimized with the Yoast SEO plugin v28.1 - https:\/\/yoast.com\/product\/yoast-seo-wordpress\/ -->\n<title>Od ciekawo\u015bci do g\u0142odu wiedzy. Wywiad z dr. \u0141ukaszem Cymbalukiem \u2013 adiunktem WSKZ i opiekunem Ko\u0142a Naukowego GeoPolitica - Studia Wroc\u0142aw<\/title>\n<meta name=\"robots\" content=\"index, follow, max-snippet:-1, max-image-preview:large, max-video-preview:-1\" \/>\n<link rel=\"canonical\" href=\"https:\/\/studia-wroclaw.pl\/en\/od-ciekawosci-do-glodu-wiedzy-wywiad-z-dr-lukaszem-cymbalukiem-adiunktem-wskz-i-opiekunem-kola-naukowego-geopolitica\/\" \/>\n<meta property=\"og:locale\" content=\"en_GB\" \/>\n<meta property=\"og:type\" content=\"article\" \/>\n<meta property=\"og:title\" content=\"Od ciekawo\u015bci do g\u0142odu wiedzy. Wywiad z dr. \u0141ukaszem Cymbalukiem \u2013 adiunktem WSKZ i opiekunem Ko\u0142a Naukowego GeoPolitica - Studia Wroc\u0142aw\" \/>\n<meta property=\"og:description\" content=\"Co inspiruje dr. \u0141ukasza Cymbaluka do kolejnych naukowych poszukiwa\u0144? Jak sam podkre\u015bla, ciekawo\u015b\u0107 z czasem mo\u017ce przeistoczy\u0107 si\u0119 w g\u0142\u00f3d wiedzy, szczeg\u00f3lnie gdy przedmiotem zainteresowania s\u0105 z\u0142o\u017cone i nieprzewidywalne procesy spo\u0142eczne oraz polityczne. O zainteresowaniach naukowych, podej\u015bciu do pracy ze studentami oraz spojrzeniu na kompetencje potrzebne we wsp\u00f3\u0142czesnym \u015bwiecie dr \u0141ukasz Cymbaluk opowiada w rozmowie, [&hellip;]\" \/>\n<meta property=\"og:url\" content=\"https:\/\/studia-wroclaw.pl\/en\/od-ciekawosci-do-glodu-wiedzy-wywiad-z-dr-lukaszem-cymbalukiem-adiunktem-wskz-i-opiekunem-kola-naukowego-geopolitica\/\" \/>\n<meta property=\"og:site_name\" content=\"Studia Wroc\u0142aw\" \/>\n<meta property=\"article:published_time\" content=\"2026-08-24T13:47:25+00:00\" \/>\n<meta property=\"article:modified_time\" content=\"2026-08-25T08:01:13+00:00\" \/>\n<meta property=\"og:image\" content=\"https:\/\/studia-wroclaw.pl\/wp-content\/uploads\/2026\/08\/lukasz-cymbaluk.jpg\" \/>\n\t<meta property=\"og:image:width\" content=\"1920\" \/>\n\t<meta property=\"og:image:height\" content=\"1080\" \/>\n\t<meta property=\"og:image:type\" content=\"image\/jpeg\" \/>\n<meta name=\"author\" content=\"Ernest Marczy\u0144ski\" \/>\n<meta name=\"twitter:card\" content=\"summary_large_image\" \/>\n<meta name=\"twitter:label1\" content=\"Written by\" \/>\n\t<meta name=\"twitter:data1\" content=\"Ernest Marczy\u0144ski\" \/>\n\t<meta name=\"twitter:label2\" content=\"Estimated reading time\" \/>\n\t<meta name=\"twitter:data2\" content=\"5 minutes\" \/>\n<script type=\"application\/ld+json\" class=\"yoast-schema-graph\">{\"@context\":\"https:\\\/\\\/schema.org\",\"@graph\":[{\"@type\":\"Article\",\"@id\":\"https:\\\/\\\/studia-wroclaw.pl\\\/od-ciekawosci-do-glodu-wiedzy-wywiad-z-dr-lukaszem-cymbalukiem-adiunktem-wskz-i-opiekunem-kola-naukowego-geopolitica\\\/#article\",\"isPartOf\":{\"@id\":\"https:\\\/\\\/studia-wroclaw.pl\\\/od-ciekawosci-do-glodu-wiedzy-wywiad-z-dr-lukaszem-cymbalukiem-adiunktem-wskz-i-opiekunem-kola-naukowego-geopolitica\\\/\"},\"author\":{\"name\":\"Ernest Marczy\u0144ski\",\"@id\":\"https:\\\/\\\/studia-wroclaw.pl\\\/#\\\/schema\\\/person\\\/894c3f27e7b23a7812649d45f28280c0\"},\"headline\":\"Od ciekawo\u015bci do g\u0142odu wiedzy. Wywiad z dr. \u0141ukaszem Cymbalukiem \u2013 adiunktem WSKZ i opiekunem Ko\u0142a Naukowego GeoPolitica\",\"datePublished\":\"2026-08-24T13:47:25+00:00\",\"dateModified\":\"2026-08-25T08:01:13+00:00\",\"mainEntityOfPage\":{\"@id\":\"https:\\\/\\\/studia-wroclaw.pl\\\/od-ciekawosci-do-glodu-wiedzy-wywiad-z-dr-lukaszem-cymbalukiem-adiunktem-wskz-i-opiekunem-kola-naukowego-geopolitica\\\/\"},\"wordCount\":804,\"commentCount\":0,\"image\":{\"@id\":\"https:\\\/\\\/studia-wroclaw.pl\\\/od-ciekawosci-do-glodu-wiedzy-wywiad-z-dr-lukaszem-cymbalukiem-adiunktem-wskz-i-opiekunem-kola-naukowego-geopolitica\\\/#primaryimage\"},\"thumbnailUrl\":\"https:\\\/\\\/studia-wroclaw.pl\\\/wp-content\\\/uploads\\\/2026\\\/08\\\/lukasz-cymbaluk.jpg\",\"articleSection\":[\"Aktualno\u015bci\"],\"inLanguage\":\"en-GB\",\"potentialAction\":[{\"@type\":\"CommentAction\",\"name\":\"Comment\",\"target\":[\"https:\\\/\\\/studia-wroclaw.pl\\\/od-ciekawosci-do-glodu-wiedzy-wywiad-z-dr-lukaszem-cymbalukiem-adiunktem-wskz-i-opiekunem-kola-naukowego-geopolitica\\\/#respond\"]}]},{\"@type\":\"WebPage\",\"@id\":\"https:\\\/\\\/studia-wroclaw.pl\\\/od-ciekawosci-do-glodu-wiedzy-wywiad-z-dr-lukaszem-cymbalukiem-adiunktem-wskz-i-opiekunem-kola-naukowego-geopolitica\\\/\",\"url\":\"https:\\\/\\\/studia-wroclaw.pl\\\/od-ciekawosci-do-glodu-wiedzy-wywiad-z-dr-lukaszem-cymbalukiem-adiunktem-wskz-i-opiekunem-kola-naukowego-geopolitica\\\/\",\"name\":\"Od ciekawo\u015bci do g\u0142odu wiedzy. Wywiad z dr. \u0141ukaszem Cymbalukiem \u2013 adiunktem WSKZ i opiekunem Ko\u0142a Naukowego GeoPolitica - Studia Wroc\u0142aw\",\"isPartOf\":{\"@id\":\"https:\\\/\\\/studia-wroclaw.pl\\\/#website\"},\"primaryImageOfPage\":{\"@id\":\"https:\\\/\\\/studia-wroclaw.pl\\\/od-ciekawosci-do-glodu-wiedzy-wywiad-z-dr-lukaszem-cymbalukiem-adiunktem-wskz-i-opiekunem-kola-naukowego-geopolitica\\\/#primaryimage\"},\"image\":{\"@id\":\"https:\\\/\\\/studia-wroclaw.pl\\\/od-ciekawosci-do-glodu-wiedzy-wywiad-z-dr-lukaszem-cymbalukiem-adiunktem-wskz-i-opiekunem-kola-naukowego-geopolitica\\\/#primaryimage\"},\"thumbnailUrl\":\"https:\\\/\\\/studia-wroclaw.pl\\\/wp-content\\\/uploads\\\/2026\\\/08\\\/lukasz-cymbaluk.jpg\",\"datePublished\":\"2026-08-24T13:47:25+00:00\",\"dateModified\":\"2026-08-25T08:01:13+00:00\",\"author\":{\"@id\":\"https:\\\/\\\/studia-wroclaw.pl\\\/#\\\/schema\\\/person\\\/894c3f27e7b23a7812649d45f28280c0\"},\"breadcrumb\":{\"@id\":\"https:\\\/\\\/studia-wroclaw.pl\\\/od-ciekawosci-do-glodu-wiedzy-wywiad-z-dr-lukaszem-cymbalukiem-adiunktem-wskz-i-opiekunem-kola-naukowego-geopolitica\\\/#breadcrumb\"},\"inLanguage\":\"en-GB\",\"potentialAction\":[{\"@type\":\"ReadAction\",\"target\":[\"https:\\\/\\\/studia-wroclaw.pl\\\/od-ciekawosci-do-glodu-wiedzy-wywiad-z-dr-lukaszem-cymbalukiem-adiunktem-wskz-i-opiekunem-kola-naukowego-geopolitica\\\/\"]}]},{\"@type\":\"ImageObject\",\"inLanguage\":\"en-GB\",\"@id\":\"https:\\\/\\\/studia-wroclaw.pl\\\/od-ciekawosci-do-glodu-wiedzy-wywiad-z-dr-lukaszem-cymbalukiem-adiunktem-wskz-i-opiekunem-kola-naukowego-geopolitica\\\/#primaryimage\",\"url\":\"https:\\\/\\\/studia-wroclaw.pl\\\/wp-content\\\/uploads\\\/2026\\\/08\\\/lukasz-cymbaluk.jpg\",\"contentUrl\":\"https:\\\/\\\/studia-wroclaw.pl\\\/wp-content\\\/uploads\\\/2026\\\/08\\\/lukasz-cymbaluk.jpg\",\"width\":1920,\"height\":1080,\"caption\":\"\u0142ukasz cymbaluk\"},{\"@type\":\"BreadcrumbList\",\"@id\":\"https:\\\/\\\/studia-wroclaw.pl\\\/od-ciekawosci-do-glodu-wiedzy-wywiad-z-dr-lukaszem-cymbalukiem-adiunktem-wskz-i-opiekunem-kola-naukowego-geopolitica\\\/#breadcrumb\",\"itemListElement\":[{\"@type\":\"ListItem\",\"position\":1,\"name\":\"Strona g\u0142\u00f3wna\",\"item\":\"https:\\\/\\\/studia-wroclaw.pl\\\/\"},{\"@type\":\"ListItem\",\"position\":2,\"name\":\"Od ciekawo\u015bci do g\u0142odu wiedzy. Wywiad z dr. \u0141ukaszem Cymbalukiem \u2013 adiunktem WSKZ i opiekunem Ko\u0142a Naukowego GeoPolitica\"}]},{\"@type\":\"WebSite\",\"@id\":\"https:\\\/\\\/studia-wroclaw.pl\\\/#website\",\"url\":\"https:\\\/\\\/studia-wroclaw.pl\\\/\",\"name\":\"Studia Wroc\u0142aw\",\"description\":\"\",\"potentialAction\":[{\"@type\":\"SearchAction\",\"target\":{\"@type\":\"EntryPoint\",\"urlTemplate\":\"https:\\\/\\\/studia-wroclaw.pl\\\/?s={search_term_string}\"},\"query-input\":{\"@type\":\"PropertyValueSpecification\",\"valueRequired\":true,\"valueName\":\"search_term_string\"}}],\"inLanguage\":\"en-GB\"},{\"@type\":\"Person\",\"@id\":\"https:\\\/\\\/studia-wroclaw.pl\\\/#\\\/schema\\\/person\\\/894c3f27e7b23a7812649d45f28280c0\",\"name\":\"Ernest Marczy\u0144ski\",\"image\":{\"@type\":\"ImageObject\",\"inLanguage\":\"en-GB\",\"@id\":\"https:\\\/\\\/secure.gravatar.com\\\/avatar\\\/7c6a6a26a96dc9265376bbe54957f88d60fe5a76dff57237df4a9430b4ccd6f9?s=96&d=mm&r=g\",\"url\":\"https:\\\/\\\/secure.gravatar.com\\\/avatar\\\/7c6a6a26a96dc9265376bbe54957f88d60fe5a76dff57237df4a9430b4ccd6f9?s=96&d=mm&r=g\",\"contentUrl\":\"https:\\\/\\\/secure.gravatar.com\\\/avatar\\\/7c6a6a26a96dc9265376bbe54957f88d60fe5a76dff57237df4a9430b4ccd6f9?s=96&d=mm&r=g\",\"caption\":\"Ernest Marczy\u0144ski\"},\"url\":\"https:\\\/\\\/studia-wroclaw.pl\\\/en\\\/author\\\/ernest-marczynski\\\/\"}]}<\/script>\n<!-- \/ Yoast SEO plugin. -->","yoast_head_json":{"title":"Od ciekawo\u015bci do g\u0142odu wiedzy. Wywiad z dr. \u0141ukaszem Cymbalukiem \u2013 adiunktem WSKZ i opiekunem Ko\u0142a Naukowego GeoPolitica - Studia Wroc\u0142aw","robots":{"index":"index","follow":"follow","max-snippet":"max-snippet:-1","max-image-preview":"max-image-preview:large","max-video-preview":"max-video-preview:-1"},"canonical":"https:\/\/studia-wroclaw.pl\/en\/od-ciekawosci-do-glodu-wiedzy-wywiad-z-dr-lukaszem-cymbalukiem-adiunktem-wskz-i-opiekunem-kola-naukowego-geopolitica\/","og_locale":"en_GB","og_type":"article","og_title":"Od ciekawo\u015bci do g\u0142odu wiedzy. Wywiad z dr. \u0141ukaszem Cymbalukiem \u2013 adiunktem WSKZ i opiekunem Ko\u0142a Naukowego GeoPolitica - Studia Wroc\u0142aw","og_description":"Co inspiruje dr. \u0141ukasza Cymbaluka do kolejnych naukowych poszukiwa\u0144? Jak sam podkre\u015bla, ciekawo\u015b\u0107 z czasem mo\u017ce przeistoczy\u0107 si\u0119 w g\u0142\u00f3d wiedzy, szczeg\u00f3lnie gdy przedmiotem zainteresowania s\u0105 z\u0142o\u017cone i nieprzewidywalne procesy spo\u0142eczne oraz polityczne. O zainteresowaniach naukowych, podej\u015bciu do pracy ze studentami oraz spojrzeniu na kompetencje potrzebne we wsp\u00f3\u0142czesnym \u015bwiecie dr \u0141ukasz Cymbaluk opowiada w rozmowie, [&hellip;]","og_url":"https:\/\/studia-wroclaw.pl\/en\/od-ciekawosci-do-glodu-wiedzy-wywiad-z-dr-lukaszem-cymbalukiem-adiunktem-wskz-i-opiekunem-kola-naukowego-geopolitica\/","og_site_name":"Studia Wroc\u0142aw","article_published_time":"2026-08-24T13:47:25+00:00","article_modified_time":"2026-08-25T08:01:13+00:00","og_image":[{"width":1920,"height":1080,"url":"https:\/\/studia-wroclaw.pl\/wp-content\/uploads\/2026\/08\/lukasz-cymbaluk.jpg","type":"image\/jpeg"}],"author":"Ernest Marczy\u0144ski","twitter_card":"summary_large_image","twitter_misc":{"Written by":"Ernest Marczy\u0144ski","Estimated reading time":"5 minutes"},"schema":{"@context":"https:\/\/schema.org","@graph":[{"@type":"Article","@id":"https:\/\/studia-wroclaw.pl\/od-ciekawosci-do-glodu-wiedzy-wywiad-z-dr-lukaszem-cymbalukiem-adiunktem-wskz-i-opiekunem-kola-naukowego-geopolitica\/#article","isPartOf":{"@id":"https:\/\/studia-wroclaw.pl\/od-ciekawosci-do-glodu-wiedzy-wywiad-z-dr-lukaszem-cymbalukiem-adiunktem-wskz-i-opiekunem-kola-naukowego-geopolitica\/"},"author":{"name":"Ernest Marczy\u0144ski","@id":"https:\/\/studia-wroclaw.pl\/#\/schema\/person\/894c3f27e7b23a7812649d45f28280c0"},"headline":"Od ciekawo\u015bci do g\u0142odu wiedzy. Wywiad z dr. \u0141ukaszem Cymbalukiem \u2013 adiunktem WSKZ i opiekunem Ko\u0142a Naukowego GeoPolitica","datePublished":"2026-08-24T13:47:25+00:00","dateModified":"2026-08-25T08:01:13+00:00","mainEntityOfPage":{"@id":"https:\/\/studia-wroclaw.pl\/od-ciekawosci-do-glodu-wiedzy-wywiad-z-dr-lukaszem-cymbalukiem-adiunktem-wskz-i-opiekunem-kola-naukowego-geopolitica\/"},"wordCount":804,"commentCount":0,"image":{"@id":"https:\/\/studia-wroclaw.pl\/od-ciekawosci-do-glodu-wiedzy-wywiad-z-dr-lukaszem-cymbalukiem-adiunktem-wskz-i-opiekunem-kola-naukowego-geopolitica\/#primaryimage"},"thumbnailUrl":"https:\/\/studia-wroclaw.pl\/wp-content\/uploads\/2026\/08\/lukasz-cymbaluk.jpg","articleSection":["Aktualno\u015bci"],"inLanguage":"en-GB","potentialAction":[{"@type":"CommentAction","name":"Comment","target":["https:\/\/studia-wroclaw.pl\/od-ciekawosci-do-glodu-wiedzy-wywiad-z-dr-lukaszem-cymbalukiem-adiunktem-wskz-i-opiekunem-kola-naukowego-geopolitica\/#respond"]}]},{"@type":"WebPage","@id":"https:\/\/studia-wroclaw.pl\/od-ciekawosci-do-glodu-wiedzy-wywiad-z-dr-lukaszem-cymbalukiem-adiunktem-wskz-i-opiekunem-kola-naukowego-geopolitica\/","url":"https:\/\/studia-wroclaw.pl\/od-ciekawosci-do-glodu-wiedzy-wywiad-z-dr-lukaszem-cymbalukiem-adiunktem-wskz-i-opiekunem-kola-naukowego-geopolitica\/","name":"Od ciekawo\u015bci do g\u0142odu wiedzy. Wywiad z dr. \u0141ukaszem Cymbalukiem \u2013 adiunktem WSKZ i opiekunem Ko\u0142a Naukowego GeoPolitica - Studia Wroc\u0142aw","isPartOf":{"@id":"https:\/\/studia-wroclaw.pl\/#website"},"primaryImageOfPage":{"@id":"https:\/\/studia-wroclaw.pl\/od-ciekawosci-do-glodu-wiedzy-wywiad-z-dr-lukaszem-cymbalukiem-adiunktem-wskz-i-opiekunem-kola-naukowego-geopolitica\/#primaryimage"},"image":{"@id":"https:\/\/studia-wroclaw.pl\/od-ciekawosci-do-glodu-wiedzy-wywiad-z-dr-lukaszem-cymbalukiem-adiunktem-wskz-i-opiekunem-kola-naukowego-geopolitica\/#primaryimage"},"thumbnailUrl":"https:\/\/studia-wroclaw.pl\/wp-content\/uploads\/2026\/08\/lukasz-cymbaluk.jpg","datePublished":"2026-08-24T13:47:25+00:00","dateModified":"2026-08-25T08:01:13+00:00","author":{"@id":"https:\/\/studia-wroclaw.pl\/#\/schema\/person\/894c3f27e7b23a7812649d45f28280c0"},"breadcrumb":{"@id":"https:\/\/studia-wroclaw.pl\/od-ciekawosci-do-glodu-wiedzy-wywiad-z-dr-lukaszem-cymbalukiem-adiunktem-wskz-i-opiekunem-kola-naukowego-geopolitica\/#breadcrumb"},"inLanguage":"en-GB","potentialAction":[{"@type":"ReadAction","target":["https:\/\/studia-wroclaw.pl\/od-ciekawosci-do-glodu-wiedzy-wywiad-z-dr-lukaszem-cymbalukiem-adiunktem-wskz-i-opiekunem-kola-naukowego-geopolitica\/"]}]},{"@type":"ImageObject","inLanguage":"en-GB","@id":"https:\/\/studia-wroclaw.pl\/od-ciekawosci-do-glodu-wiedzy-wywiad-z-dr-lukaszem-cymbalukiem-adiunktem-wskz-i-opiekunem-kola-naukowego-geopolitica\/#primaryimage","url":"https:\/\/studia-wroclaw.pl\/wp-content\/uploads\/2026\/08\/lukasz-cymbaluk.jpg","contentUrl":"https:\/\/studia-wroclaw.pl\/wp-content\/uploads\/2026\/08\/lukasz-cymbaluk.jpg","width":1920,"height":1080,"caption":"\u0142ukasz cymbaluk"},{"@type":"BreadcrumbList","@id":"https:\/\/studia-wroclaw.pl\/od-ciekawosci-do-glodu-wiedzy-wywiad-z-dr-lukaszem-cymbalukiem-adiunktem-wskz-i-opiekunem-kola-naukowego-geopolitica\/#breadcrumb","itemListElement":[{"@type":"ListItem","position":1,"name":"Strona g\u0142\u00f3wna","item":"https:\/\/studia-wroclaw.pl\/"},{"@type":"ListItem","position":2,"name":"Od ciekawo\u015bci do g\u0142odu wiedzy. Wywiad z dr. \u0141ukaszem Cymbalukiem \u2013 adiunktem WSKZ i opiekunem Ko\u0142a Naukowego GeoPolitica"}]},{"@type":"WebSite","@id":"https:\/\/studia-wroclaw.pl\/#website","url":"https:\/\/studia-wroclaw.pl\/","name":"Studies Wroclaw","description":"","potentialAction":[{"@type":"SearchAction","target":{"@type":"EntryPoint","urlTemplate":"https:\/\/studia-wroclaw.pl\/?s={search_term_string}"},"query-input":{"@type":"PropertyValueSpecification","valueRequired":true,"valueName":"search_term_string"}}],"inLanguage":"en-GB"},{"@type":"Person","@id":"https:\/\/studia-wroclaw.pl\/#\/schema\/person\/894c3f27e7b23a7812649d45f28280c0","name":"Ernest Marczy\u0144ski","image":{"@type":"ImageObject","inLanguage":"en-GB","@id":"https:\/\/secure.gravatar.com\/avatar\/7c6a6a26a96dc9265376bbe54957f88d60fe5a76dff57237df4a9430b4ccd6f9?s=96&d=mm&r=g","url":"https:\/\/secure.gravatar.com\/avatar\/7c6a6a26a96dc9265376bbe54957f88d60fe5a76dff57237df4a9430b4ccd6f9?s=96&d=mm&r=g","contentUrl":"https:\/\/secure.gravatar.com\/avatar\/7c6a6a26a96dc9265376bbe54957f88d60fe5a76dff57237df4a9430b4ccd6f9?s=96&d=mm&r=g","caption":"Ernest Marczy\u0144ski"},"url":"https:\/\/studia-wroclaw.pl\/en\/author\/ernest-marczynski\/"}]}},"_links":{"self":[{"href":"https:\/\/studia-wroclaw.pl\/en\/wp-json\/wp\/v2\/posts\/13013","targetHints":{"allow":["GET"]}}],"collection":[{"href":"https:\/\/studia-wroclaw.pl\/en\/wp-json\/wp\/v2\/posts"}],"about":[{"href":"https:\/\/studia-wroclaw.pl\/en\/wp-json\/wp\/v2\/types\/post"}],"author":[{"embeddable":true,"href":"https:\/\/studia-wroclaw.pl\/en\/wp-json\/wp\/v2\/users\/24"}],"replies":[{"embeddable":true,"href":"https:\/\/studia-wroclaw.pl\/en\/wp-json\/wp\/v2\/comments?post=13013"}],"version-history":[{"count":4,"href":"https:\/\/studia-wroclaw.pl\/en\/wp-json\/wp\/v2\/posts\/13013\/revisions"}],"predecessor-version":[{"id":13030,"href":"https:\/\/studia-wroclaw.pl\/en\/wp-json\/wp\/v2\/posts\/13013\/revisions\/13030"}],"wp:featuredmedia":[{"embeddable":true,"href":"https:\/\/studia-wroclaw.pl\/en\/wp-json\/wp\/v2\/media\/13014"}],"wp:attachment":[{"href":"https:\/\/studia-wroclaw.pl\/en\/wp-json\/wp\/v2\/media?parent=13013"}],"wp:term":[{"taxonomy":"category","embeddable":true,"href":"https:\/\/studia-wroclaw.pl\/en\/wp-json\/wp\/v2\/categories?post=13013"},{"taxonomy":"post_tag","embeddable":true,"href":"https:\/\/studia-wroclaw.pl\/en\/wp-json\/wp\/v2\/tags?post=13013"}],"curies":[{"name":"wp","href":"https:\/\/api.w.org\/{rel}","templated":true}]}}