{"id":13021,"date":"2026-08-24T15:58:06","date_gmt":"2026-08-24T13:58:06","guid":{"rendered":"https:\/\/studia-wroclaw.pl\/?p=13021"},"modified":"2026-08-25T09:59:34","modified_gmt":"2026-08-25T07:59:34","slug":"od-fascynacji-umyslem-przestepcy-do-kryminologii-wywiad-z-dr-milena-zajkowska","status":"publish","type":"post","link":"https:\/\/studia-wroclaw.pl\/en\/od-fascynacji-umyslem-przestepcy-do-kryminologii-wywiad-z-dr-milena-zajkowska\/","title":{"rendered":"Od fascynacji umys\u0142em przest\u0119pcy do kryminologii. Wywiad z dr Milen\u0105 Zajkowsk\u0105"},"content":{"rendered":"<p class=\"wp-block-paragraph\">Jak m\u0142odzie\u0144cza fascynacja umys\u0142em przest\u0119pcy mo\u017ce przerodzi\u0107 si\u0119 w naukowe zainteresowanie kryminologi\u0105? W przypadku dr Mileny Zajkowskiej \u2013 ekspertki naszej Uczelni \u2013 punktem wyj\u015bcia by\u0142a ciekawo\u015b\u0107 ludzkiej psychiki i motywacji stoj\u0105cych za ekstremalnymi zachowaniami, kt\u00f3ra z czasem wyznaczy\u0142a kierunek jej dalszego rozwoju.&nbsp;<\/p>\n\n\n\n<p class=\"wp-block-paragraph\">O swojej drodze zawodowej, dzia\u0142alno\u015bci naukowej i dydaktycznej, a tak\u017ce o wyzwaniach, z jakimi mierzy si\u0119 wsp\u00f3\u0142czesna kryminologia, <strong>dr Milena Zajkowska opowiada w rozmowie, do kt\u00f3rej lektury serdecznie zapraszamy<\/strong>.<\/p>\n\n\n\n<h3 class=\"wp-block-heading\">Jak wygl\u0105da\u0142a Pani droga zawodowa i co sprawi\u0142o, \u017ce zainteresowa\u0142a si\u0119 Pani w\u0142a\u015bnie t\u0105 dziedzin\u0105? Czy by\u0142 moment, kt\u00f3ry mia\u0142 na to szczeg\u00f3lny wp\u0142yw?<\/h3>\n\n\n\n<p class=\"wp-block-paragraph\">Ju\u017c jako nastolatka by\u0142am zafascynowana tym, jak dzia\u0142a umys\u0142 przest\u0119pcy. Pocz\u0105tkowo <strong>my\u015bla\u0142am o psychiatrii lub psychologii, ale to kryminologia okaza\u0142a si\u0119 absolutnym strza\u0142em w dziesi\u0105tk\u0119<\/strong>.&nbsp;<\/p>\n\n\n\n<p class=\"wp-block-paragraph\">Prze\u0142omowym momentem i <strong>pierwsz\u0105 iskierk\u0105 by\u0142a dla mnie seria o Hannibalu Lecterze<\/strong>.&nbsp; To wtedy zrozumia\u0142am, jak intryguj\u0105ce mo\u017ce by\u0107 zg\u0142\u0119bianie mechanizm\u00f3w ludzkiej psychiki oraz motywacji kryj\u0105cych si\u0119 za zachowaniami ekstremalnymi.<\/p>\n\n\n\n<h3 class=\"wp-block-heading\">Jakimi zagadnieniami zajmuje si\u0119 Pani obecnie i kt\u00f3re z nich uwa\u017ca za najbardziej fascynuj\u0105ce?<\/h3>\n\n\n\n<p class=\"wp-block-paragraph\">M\u00f3j obszar bada\u0144 to przest\u0119pczo\u015b\u0107 kobiet, przest\u0119pczo\u015b\u0107 narkotykowa, cyberprzest\u0119pczo\u015b\u0107 oraz przeciwdzia\u0142anie handlowi lud\u017ami (jako kierownik dedykowanego Centrum w WSKZ). <strong>Fascynuje mnie kontrast \u2013 spo\u0142eczny obraz kobiety cz\u0119sto przeczy zjawisku przest\u0119pczo\u015bci,<\/strong> podczas gdy w rzeczywisto\u015bci potrafi\u0105 one wykaza\u0107 si\u0119 niezwyk\u0142ym okrucie\u0144stwem.&nbsp;<\/p>\n\n\n\n<p class=\"wp-block-paragraph\">W obszarze narkotykowym intryguje mnie <strong>mechanizm utraty kontroli pod wp\u0142ywem substancji oraz z\u0142o\u017cono\u015b\u0107 ca\u0142ego rynku<\/strong>. Cyberprzestrze\u0144 poci\u0105ga mnie z kolei dynamiczn\u0105 ewolucj\u0105 form przest\u0119pczych, a handel lud\u017ami to temat poruszaj\u0105co wielowymiarowy i spo\u0142ecznie kluczowy.<\/p>\n\n\n\n<h3 class=\"wp-block-heading\">Czego studenci mog\u0105 nauczy\u0107 si\u0119 dzi\u0119ki Pani do\u015bwiadczeniu?<\/h3>\n\n\n\n<p class=\"wp-block-paragraph\">Przede wszystkim tego, \u017ce <strong>kryminologia odzwierciedla prawdziwe \u017cycie, a przest\u0119pczo\u015b\u0107 jest naturalnym zjawiskiem spo\u0142ecznym<\/strong>. Chc\u0119 pokaza\u0107 studentom, \u017ce za ka\u017cd\u0105 statystyk\u0105 czy sensacyjnym nag\u0142\u00f3wkiem kryje si\u0119 ludzka tragedia i konkretne czynniki etiologiczne. Ucz\u0119 ich analitycznego my\u015blenia bez oceniania, dostrzegania wsp\u00f3\u0142zale\u017cno\u015bci oraz zrozumienia okoliczno\u015bci, kt\u00f3re doprowadzi\u0142y do danego zdarzenia.<\/p>\n\n\n\n<h3 class=\"wp-block-heading\">Z jakiego projektu, badania lub publikacji jest Pani najbardziej dumna w swojej dzia\u0142alno\u015bci i dlaczego?<\/h3>\n\n\n\n<p class=\"wp-block-paragraph\">Ogromn\u0105 dum\u0119 czuj\u0119 z <strong>mojej rozprawy doktorskiej \u2013 nie tylko z racji w\u0142o\u017conej pracy, ale dlatego, \u017ce pobra\u0142o j\u0105 prawie 8 tysi\u0119cy os\u00f3b<\/strong>. To wspania\u0142e uczucie wiedzie\u0107, \u017ce moja praca sta\u0142a si\u0119 dla kogo\u015b inspiracj\u0105.&nbsp;<\/p>\n\n\n\n<p class=\"wp-block-paragraph\">Bardzo ceni\u0119 te\u017c <strong>mi\u0119dzynarodowy artyku\u0142 o edukacji wi\u0119ziennej<\/strong> <strong>(\u201eEducating the imprisoned in selected countries of the world\u201d)<\/strong>, kt\u00f3ry doczeka\u0142 si\u0119 tysi\u0119cy pobra\u0144 i licznych cytowa\u0144 na \u015bwiecie. Jednak z perspektywy dydaktycznej moim najwi\u0119kszym \u201eprojektem\u201d s\u0105 moi dyplomanci \u2013 jestem niezwykle dumna z wypromowanych magistr\u00f3w, ich dojrza\u0142ych prac i \u015bwietnych obron!<\/p>\n\n\n\n<h3 class=\"wp-block-heading\">Jakie wyzwania wyst\u0119puj\u0105 obecnie w Pani dziedzinie i kt\u00f3re z nich uwa\u017ca Pani za szczeg\u00f3lnie istotne?<\/h3>\n\n\n\n<p class=\"wp-block-paragraph\">Najwi\u0119kszym wyzwaniem jest <strong>tempo zmian spo\u0142ecznych i technologicznych<\/strong>. \u017byjemy w bardzo dynamicznych czasach, a przest\u0119pczo\u015b\u0107 b\u0142yskawicznie adaptuje si\u0119 do nowych reali\u00f3w. Kryminologia musi nie tylko nad\u0105\u017ca\u0107 za tymi procesami, ale te\u017c stara\u0107 si\u0119 je wyprzedza\u0107.<\/p>\n\n\n\n<h3 class=\"wp-block-heading\">Jakie kompetencje lub spos\u00f3b my\u015blenia s\u0105 dzi\u015b szczeg\u00f3lnie wa\u017cne dla os\u00f3b rozwijaj\u0105cych si\u0119 w obszarze kryminologii?<\/h3>\n\n\n\n<p class=\"wp-block-paragraph\">Otwarto\u015b\u0107 umys\u0142u, elastyczno\u015b\u0107 i krytyczne my\u015blenie. <strong>Kryminologia wymaga po\u0142\u0105czenia analitycznego zaci\u0119cia z g\u0142\u0119bok\u0105 empati\u0105.<\/strong> Wa\u017cna jest gotowo\u015b\u0107 do ci\u0105g\u0142ego uczenia si\u0119, podwa\u017cania oczywistych za\u0142o\u017ce\u0144, weryfikowania fakt\u00f3w bez ulegania emocjom czy uprzedzeniom.<\/p>\n\n\n\n<h3 class=\"wp-block-heading\">Dlaczego po\u0142\u0105czenie praktyki zawodowej z dzia\u0142alno\u015bci\u0105 naukow\u0105 jest wa\u017cne dla student\u00f3w?<\/h3>\n\n\n\n<p class=\"wp-block-paragraph\">Teoria bez praktyki pozostaje czysto abstrakcyjna. \u0141\u0105cz\u0105c nauk\u0119 akademick\u0105 z do\u015bwiadczeniem zawodowym i biznesowym, <strong>daj\u0119 studentom co\u015b wi\u0119cej ni\u017c wiedz\u0119 z podr\u0119cznik\u00f3w<\/strong>. Ucz\u0119 ich rozwi\u0105zywania problem\u00f3w opartego na case studies oraz zrozumienia reali\u00f3w spo\u0142ecznych. Dzi\u0119ki temu widz\u0105, jak nauka przek\u0142ada si\u0119 na konkretne decyzje, zarz\u0105dzanie i prac\u0119 z lud\u017ami.<\/p>\n\n\n\n<h3 class=\"wp-block-heading\">Co poza dzia\u0142alno\u015bci\u0105 naukow\u0105 lub zawodow\u0105 inspiruje Pani\u0105 na co dzie\u0144?<\/h3>\n\n\n\n<p class=\"wp-block-paragraph\">Ludzie. Uwielbiam obserwowa\u0107 ludzkie zachowania, reakcje, motywacje i procesy decyzyjne. Poza \u017cyciem akademickim <strong>zarz\u0105dzam zespo\u0142em oko\u0142o 100 os\u00f3b w sektorze prywatnym<\/strong>. Wbrew pozorom kryminologia i zarz\u0105dzanie le\u017c\u0105 bardzo blisko siebie \u2013 obie dziedziny potrzebuj\u0105 empatii, zrozumienia ludzkich do\u015bwiadcze\u0144 i wspieraj\u0105cego podej\u015bcia. To w\u0142a\u015bnie <strong>codzienne relacje i pomaganie innym w rozwoju daj\u0105 mi najwi\u0119cej energii.<\/strong><\/p>\n\n\n\n<h2 class=\"wp-block-heading\">Zag\u0142osuj na dr Milen\u0119 Zajkowsk\u0105 w plebiscycie na Wyk\u0142adowc\u0119 Roku<\/h2>\n\n\n\n<p class=\"wp-block-paragraph\">Dr Milena Zajkowska pokazuje, \u017ce poznawanie kryminologii wymaga nie tylko analitycznego spojrzenia, ale r\u00f3wnie\u017c <strong>empatii, otwarto\u015bci i umiej\u0119tno\u015bci dostrzegania cz\u0142owieka za opisywanymi zjawiskami<\/strong>. Podczas zaj\u0119\u0107 nasza wyk\u0142adowczyni \u0142\u0105czy wiedz\u0119 akademick\u0105 z praktycznym podej\u015bciem, zach\u0119caj\u0105c do krytycznego my\u015blenia, weryfikowania fakt\u00f3w oraz analizowania problem\u00f3w z r\u00f3\u017cnych perspektyw.<\/p>\n\n\n\n<p class=\"wp-block-paragraph\">Je\u015bli cenisz spos\u00f3b, w jaki dr Milena Zajkowska dzieli si\u0119 wiedz\u0105 i anga\u017cuje w prowadzenie zaj\u0119\u0107, <strong><span style=\"text-decoration: underline;\">oddaj na ni\u0105 g\u0142os w <a href=\"https:\/\/wykladowcaroku.pl\/\">Plebiscycie Wyk\u0142adowca Roku 2026<\/a><\/span>.<\/strong> Tw\u00f3j udzia\u0142 b\u0119dzie wyrazem uznania dla jej wiedzy, podej\u015bcia do kszta\u0142cenia i zaanga\u017cowania w prac\u0119 dydaktyczn\u0105.<\/p>","protected":false},"excerpt":{"rendered":"<p>Jak m\u0142odzie\u0144cza fascynacja umys\u0142em przest\u0119pcy mo\u017ce przerodzi\u0107 si\u0119 w naukowe zainteresowanie kryminologi\u0105? W przypadku dr Mileny Zajkowskiej \u2013 ekspertki naszej Uczelni \u2013 punktem wyj\u015bcia by\u0142a ciekawo\u015b\u0107 ludzkiej psychiki i motywacji stoj\u0105cych za ekstremalnymi zachowaniami, kt\u00f3ra z czasem wyznaczy\u0142a kierunek jej dalszego rozwoju.&nbsp; O swojej drodze zawodowej, dzia\u0142alno\u015bci naukowej i dydaktycznej, a tak\u017ce o wyzwaniach, z [&hellip;]<\/p>\n","protected":false},"author":24,"featured_media":13022,"comment_status":"open","ping_status":"open","sticky":false,"template":"","format":"standard","meta":{"om_disable_all_campaigns":false,"footnotes":""},"categories":[50],"tags":[],"class_list":["post-13021","post","type-post","status-publish","format-standard","has-post-thumbnail","hentry","category-aktualnosci"],"yoast_head":"<!-- This site is optimized with the Yoast SEO plugin v28.1 - https:\/\/yoast.com\/product\/yoast-seo-wordpress\/ -->\n<title>Od fascynacji umys\u0142em przest\u0119pcy do kryminologii. Wywiad z dr Milen\u0105 Zajkowsk\u0105 - Studia Wroc\u0142aw<\/title>\n<meta name=\"description\" content=\"O swojej drodze zawodowej, a tak\u017ce o wyzwaniach, z jakimi mierzy si\u0119 wsp\u00f3\u0142czesna kryminologia, dr Milena Zajkowska opowiada w rozmowie, do kt\u00f3rej lektury serdecznie zapraszamy.\" \/>\n<meta name=\"robots\" content=\"index, follow, max-snippet:-1, max-image-preview:large, max-video-preview:-1\" \/>\n<link rel=\"canonical\" href=\"https:\/\/studia-wroclaw.pl\/en\/od-fascynacji-umyslem-przestepcy-do-kryminologii-wywiad-z-dr-milena-zajkowska\/\" \/>\n<meta property=\"og:locale\" content=\"en_GB\" \/>\n<meta property=\"og:type\" content=\"article\" \/>\n<meta property=\"og:title\" content=\"Od fascynacji umys\u0142em przest\u0119pcy do kryminologii. Wywiad z dr Milen\u0105 Zajkowsk\u0105 - Studia Wroc\u0142aw\" \/>\n<meta property=\"og:description\" content=\"O swojej drodze zawodowej, a tak\u017ce o wyzwaniach, z jakimi mierzy si\u0119 wsp\u00f3\u0142czesna kryminologia, dr Milena Zajkowska opowiada w rozmowie, do kt\u00f3rej lektury serdecznie zapraszamy.\" \/>\n<meta property=\"og:url\" content=\"https:\/\/studia-wroclaw.pl\/en\/od-fascynacji-umyslem-przestepcy-do-kryminologii-wywiad-z-dr-milena-zajkowska\/\" \/>\n<meta property=\"og:site_name\" content=\"Studia Wroc\u0142aw\" \/>\n<meta property=\"article:published_time\" content=\"2026-08-24T13:58:06+00:00\" \/>\n<meta property=\"article:modified_time\" content=\"2026-08-25T07:59:34+00:00\" \/>\n<meta property=\"og:image\" content=\"https:\/\/studia-wroclaw.pl\/wp-content\/uploads\/2026\/08\/milena-zajkowska.jpg\" \/>\n\t<meta property=\"og:image:width\" content=\"1102\" \/>\n\t<meta property=\"og:image:height\" content=\"554\" \/>\n\t<meta property=\"og:image:type\" content=\"image\/jpeg\" \/>\n<meta name=\"author\" content=\"Ernest Marczy\u0144ski\" \/>\n<meta name=\"twitter:card\" content=\"summary_large_image\" \/>\n<meta name=\"twitter:label1\" content=\"Written by\" \/>\n\t<meta name=\"twitter:data1\" content=\"Ernest Marczy\u0144ski\" \/>\n\t<meta name=\"twitter:label2\" content=\"Estimated reading time\" \/>\n\t<meta name=\"twitter:data2\" content=\"5 minutes\" \/>\n<script type=\"application\/ld+json\" class=\"yoast-schema-graph\">{\"@context\":\"https:\\\/\\\/schema.org\",\"@graph\":[{\"@type\":\"Article\",\"@id\":\"https:\\\/\\\/studia-wroclaw.pl\\\/od-fascynacji-umyslem-przestepcy-do-kryminologii-wywiad-z-dr-milena-zajkowska\\\/#article\",\"isPartOf\":{\"@id\":\"https:\\\/\\\/studia-wroclaw.pl\\\/od-fascynacji-umyslem-przestepcy-do-kryminologii-wywiad-z-dr-milena-zajkowska\\\/\"},\"author\":{\"name\":\"Ernest Marczy\u0144ski\",\"@id\":\"https:\\\/\\\/studia-wroclaw.pl\\\/#\\\/schema\\\/person\\\/894c3f27e7b23a7812649d45f28280c0\"},\"headline\":\"Od fascynacji umys\u0142em przest\u0119pcy do kryminologii. Wywiad z dr Milen\u0105 Zajkowsk\u0105\",\"datePublished\":\"2026-08-24T13:58:06+00:00\",\"dateModified\":\"2026-08-25T07:59:34+00:00\",\"mainEntityOfPage\":{\"@id\":\"https:\\\/\\\/studia-wroclaw.pl\\\/od-fascynacji-umyslem-przestepcy-do-kryminologii-wywiad-z-dr-milena-zajkowska\\\/\"},\"wordCount\":901,\"commentCount\":0,\"image\":{\"@id\":\"https:\\\/\\\/studia-wroclaw.pl\\\/od-fascynacji-umyslem-przestepcy-do-kryminologii-wywiad-z-dr-milena-zajkowska\\\/#primaryimage\"},\"thumbnailUrl\":\"https:\\\/\\\/studia-wroclaw.pl\\\/wp-content\\\/uploads\\\/2026\\\/08\\\/milena-zajkowska.jpg\",\"articleSection\":[\"Aktualno\u015bci\"],\"inLanguage\":\"en-GB\",\"potentialAction\":[{\"@type\":\"CommentAction\",\"name\":\"Comment\",\"target\":[\"https:\\\/\\\/studia-wroclaw.pl\\\/od-fascynacji-umyslem-przestepcy-do-kryminologii-wywiad-z-dr-milena-zajkowska\\\/#respond\"]}]},{\"@type\":\"WebPage\",\"@id\":\"https:\\\/\\\/studia-wroclaw.pl\\\/od-fascynacji-umyslem-przestepcy-do-kryminologii-wywiad-z-dr-milena-zajkowska\\\/\",\"url\":\"https:\\\/\\\/studia-wroclaw.pl\\\/od-fascynacji-umyslem-przestepcy-do-kryminologii-wywiad-z-dr-milena-zajkowska\\\/\",\"name\":\"Od fascynacji umys\u0142em przest\u0119pcy do kryminologii. Wywiad z dr Milen\u0105 Zajkowsk\u0105 - Studia Wroc\u0142aw\",\"isPartOf\":{\"@id\":\"https:\\\/\\\/studia-wroclaw.pl\\\/#website\"},\"primaryImageOfPage\":{\"@id\":\"https:\\\/\\\/studia-wroclaw.pl\\\/od-fascynacji-umyslem-przestepcy-do-kryminologii-wywiad-z-dr-milena-zajkowska\\\/#primaryimage\"},\"image\":{\"@id\":\"https:\\\/\\\/studia-wroclaw.pl\\\/od-fascynacji-umyslem-przestepcy-do-kryminologii-wywiad-z-dr-milena-zajkowska\\\/#primaryimage\"},\"thumbnailUrl\":\"https:\\\/\\\/studia-wroclaw.pl\\\/wp-content\\\/uploads\\\/2026\\\/08\\\/milena-zajkowska.jpg\",\"datePublished\":\"2026-08-24T13:58:06+00:00\",\"dateModified\":\"2026-08-25T07:59:34+00:00\",\"author\":{\"@id\":\"https:\\\/\\\/studia-wroclaw.pl\\\/#\\\/schema\\\/person\\\/894c3f27e7b23a7812649d45f28280c0\"},\"description\":\"O swojej drodze zawodowej, a tak\u017ce o wyzwaniach, z jakimi mierzy si\u0119 wsp\u00f3\u0142czesna kryminologia, dr Milena Zajkowska opowiada w rozmowie, do kt\u00f3rej lektury serdecznie zapraszamy.\",\"breadcrumb\":{\"@id\":\"https:\\\/\\\/studia-wroclaw.pl\\\/od-fascynacji-umyslem-przestepcy-do-kryminologii-wywiad-z-dr-milena-zajkowska\\\/#breadcrumb\"},\"inLanguage\":\"en-GB\",\"potentialAction\":[{\"@type\":\"ReadAction\",\"target\":[\"https:\\\/\\\/studia-wroclaw.pl\\\/od-fascynacji-umyslem-przestepcy-do-kryminologii-wywiad-z-dr-milena-zajkowska\\\/\"]}]},{\"@type\":\"ImageObject\",\"inLanguage\":\"en-GB\",\"@id\":\"https:\\\/\\\/studia-wroclaw.pl\\\/od-fascynacji-umyslem-przestepcy-do-kryminologii-wywiad-z-dr-milena-zajkowska\\\/#primaryimage\",\"url\":\"https:\\\/\\\/studia-wroclaw.pl\\\/wp-content\\\/uploads\\\/2026\\\/08\\\/milena-zajkowska.jpg\",\"contentUrl\":\"https:\\\/\\\/studia-wroclaw.pl\\\/wp-content\\\/uploads\\\/2026\\\/08\\\/milena-zajkowska.jpg\",\"width\":1102,\"height\":554,\"caption\":\"milena zajkowska\"},{\"@type\":\"BreadcrumbList\",\"@id\":\"https:\\\/\\\/studia-wroclaw.pl\\\/od-fascynacji-umyslem-przestepcy-do-kryminologii-wywiad-z-dr-milena-zajkowska\\\/#breadcrumb\",\"itemListElement\":[{\"@type\":\"ListItem\",\"position\":1,\"name\":\"Strona g\u0142\u00f3wna\",\"item\":\"https:\\\/\\\/studia-wroclaw.pl\\\/\"},{\"@type\":\"ListItem\",\"position\":2,\"name\":\"Od fascynacji umys\u0142em przest\u0119pcy do kryminologii. Wywiad z dr Milen\u0105 Zajkowsk\u0105\"}]},{\"@type\":\"WebSite\",\"@id\":\"https:\\\/\\\/studia-wroclaw.pl\\\/#website\",\"url\":\"https:\\\/\\\/studia-wroclaw.pl\\\/\",\"name\":\"Studia Wroc\u0142aw\",\"description\":\"\",\"potentialAction\":[{\"@type\":\"SearchAction\",\"target\":{\"@type\":\"EntryPoint\",\"urlTemplate\":\"https:\\\/\\\/studia-wroclaw.pl\\\/?s={search_term_string}\"},\"query-input\":{\"@type\":\"PropertyValueSpecification\",\"valueRequired\":true,\"valueName\":\"search_term_string\"}}],\"inLanguage\":\"en-GB\"},{\"@type\":\"Person\",\"@id\":\"https:\\\/\\\/studia-wroclaw.pl\\\/#\\\/schema\\\/person\\\/894c3f27e7b23a7812649d45f28280c0\",\"name\":\"Ernest Marczy\u0144ski\",\"image\":{\"@type\":\"ImageObject\",\"inLanguage\":\"en-GB\",\"@id\":\"https:\\\/\\\/secure.gravatar.com\\\/avatar\\\/7c6a6a26a96dc9265376bbe54957f88d60fe5a76dff57237df4a9430b4ccd6f9?s=96&d=mm&r=g\",\"url\":\"https:\\\/\\\/secure.gravatar.com\\\/avatar\\\/7c6a6a26a96dc9265376bbe54957f88d60fe5a76dff57237df4a9430b4ccd6f9?s=96&d=mm&r=g\",\"contentUrl\":\"https:\\\/\\\/secure.gravatar.com\\\/avatar\\\/7c6a6a26a96dc9265376bbe54957f88d60fe5a76dff57237df4a9430b4ccd6f9?s=96&d=mm&r=g\",\"caption\":\"Ernest Marczy\u0144ski\"},\"url\":\"https:\\\/\\\/studia-wroclaw.pl\\\/en\\\/author\\\/ernest-marczynski\\\/\"}]}<\/script>\n<!-- \/ Yoast SEO plugin. -->","yoast_head_json":{"title":"Od fascynacji umys\u0142em przest\u0119pcy do kryminologii. Wywiad z dr Milen\u0105 Zajkowsk\u0105 - Studia Wroc\u0142aw","description":"O swojej drodze zawodowej, a tak\u017ce o wyzwaniach, z jakimi mierzy si\u0119 wsp\u00f3\u0142czesna kryminologia, dr Milena Zajkowska opowiada w rozmowie, do kt\u00f3rej lektury serdecznie zapraszamy.","robots":{"index":"index","follow":"follow","max-snippet":"max-snippet:-1","max-image-preview":"max-image-preview:large","max-video-preview":"max-video-preview:-1"},"canonical":"https:\/\/studia-wroclaw.pl\/en\/od-fascynacji-umyslem-przestepcy-do-kryminologii-wywiad-z-dr-milena-zajkowska\/","og_locale":"en_GB","og_type":"article","og_title":"Od fascynacji umys\u0142em przest\u0119pcy do kryminologii. Wywiad z dr Milen\u0105 Zajkowsk\u0105 - Studia Wroc\u0142aw","og_description":"O swojej drodze zawodowej, a tak\u017ce o wyzwaniach, z jakimi mierzy si\u0119 wsp\u00f3\u0142czesna kryminologia, dr Milena Zajkowska opowiada w rozmowie, do kt\u00f3rej lektury serdecznie zapraszamy.","og_url":"https:\/\/studia-wroclaw.pl\/en\/od-fascynacji-umyslem-przestepcy-do-kryminologii-wywiad-z-dr-milena-zajkowska\/","og_site_name":"Studia Wroc\u0142aw","article_published_time":"2026-08-24T13:58:06+00:00","article_modified_time":"2026-08-25T07:59:34+00:00","og_image":[{"width":1102,"height":554,"url":"https:\/\/studia-wroclaw.pl\/wp-content\/uploads\/2026\/08\/milena-zajkowska.jpg","type":"image\/jpeg"}],"author":"Ernest Marczy\u0144ski","twitter_card":"summary_large_image","twitter_misc":{"Written by":"Ernest Marczy\u0144ski","Estimated reading time":"5 minutes"},"schema":{"@context":"https:\/\/schema.org","@graph":[{"@type":"Article","@id":"https:\/\/studia-wroclaw.pl\/od-fascynacji-umyslem-przestepcy-do-kryminologii-wywiad-z-dr-milena-zajkowska\/#article","isPartOf":{"@id":"https:\/\/studia-wroclaw.pl\/od-fascynacji-umyslem-przestepcy-do-kryminologii-wywiad-z-dr-milena-zajkowska\/"},"author":{"name":"Ernest Marczy\u0144ski","@id":"https:\/\/studia-wroclaw.pl\/#\/schema\/person\/894c3f27e7b23a7812649d45f28280c0"},"headline":"Od fascynacji umys\u0142em przest\u0119pcy do kryminologii. Wywiad z dr Milen\u0105 Zajkowsk\u0105","datePublished":"2026-08-24T13:58:06+00:00","dateModified":"2026-08-25T07:59:34+00:00","mainEntityOfPage":{"@id":"https:\/\/studia-wroclaw.pl\/od-fascynacji-umyslem-przestepcy-do-kryminologii-wywiad-z-dr-milena-zajkowska\/"},"wordCount":901,"commentCount":0,"image":{"@id":"https:\/\/studia-wroclaw.pl\/od-fascynacji-umyslem-przestepcy-do-kryminologii-wywiad-z-dr-milena-zajkowska\/#primaryimage"},"thumbnailUrl":"https:\/\/studia-wroclaw.pl\/wp-content\/uploads\/2026\/08\/milena-zajkowska.jpg","articleSection":["Aktualno\u015bci"],"inLanguage":"en-GB","potentialAction":[{"@type":"CommentAction","name":"Comment","target":["https:\/\/studia-wroclaw.pl\/od-fascynacji-umyslem-przestepcy-do-kryminologii-wywiad-z-dr-milena-zajkowska\/#respond"]}]},{"@type":"WebPage","@id":"https:\/\/studia-wroclaw.pl\/od-fascynacji-umyslem-przestepcy-do-kryminologii-wywiad-z-dr-milena-zajkowska\/","url":"https:\/\/studia-wroclaw.pl\/od-fascynacji-umyslem-przestepcy-do-kryminologii-wywiad-z-dr-milena-zajkowska\/","name":"Od fascynacji umys\u0142em przest\u0119pcy do kryminologii. Wywiad z dr Milen\u0105 Zajkowsk\u0105 - Studia Wroc\u0142aw","isPartOf":{"@id":"https:\/\/studia-wroclaw.pl\/#website"},"primaryImageOfPage":{"@id":"https:\/\/studia-wroclaw.pl\/od-fascynacji-umyslem-przestepcy-do-kryminologii-wywiad-z-dr-milena-zajkowska\/#primaryimage"},"image":{"@id":"https:\/\/studia-wroclaw.pl\/od-fascynacji-umyslem-przestepcy-do-kryminologii-wywiad-z-dr-milena-zajkowska\/#primaryimage"},"thumbnailUrl":"https:\/\/studia-wroclaw.pl\/wp-content\/uploads\/2026\/08\/milena-zajkowska.jpg","datePublished":"2026-08-24T13:58:06+00:00","dateModified":"2026-08-25T07:59:34+00:00","author":{"@id":"https:\/\/studia-wroclaw.pl\/#\/schema\/person\/894c3f27e7b23a7812649d45f28280c0"},"description":"O swojej drodze zawodowej, a tak\u017ce o wyzwaniach, z jakimi mierzy si\u0119 wsp\u00f3\u0142czesna kryminologia, dr Milena Zajkowska opowiada w rozmowie, do kt\u00f3rej lektury serdecznie zapraszamy.","breadcrumb":{"@id":"https:\/\/studia-wroclaw.pl\/od-fascynacji-umyslem-przestepcy-do-kryminologii-wywiad-z-dr-milena-zajkowska\/#breadcrumb"},"inLanguage":"en-GB","potentialAction":[{"@type":"ReadAction","target":["https:\/\/studia-wroclaw.pl\/od-fascynacji-umyslem-przestepcy-do-kryminologii-wywiad-z-dr-milena-zajkowska\/"]}]},{"@type":"ImageObject","inLanguage":"en-GB","@id":"https:\/\/studia-wroclaw.pl\/od-fascynacji-umyslem-przestepcy-do-kryminologii-wywiad-z-dr-milena-zajkowska\/#primaryimage","url":"https:\/\/studia-wroclaw.pl\/wp-content\/uploads\/2026\/08\/milena-zajkowska.jpg","contentUrl":"https:\/\/studia-wroclaw.pl\/wp-content\/uploads\/2026\/08\/milena-zajkowska.jpg","width":1102,"height":554,"caption":"milena zajkowska"},{"@type":"BreadcrumbList","@id":"https:\/\/studia-wroclaw.pl\/od-fascynacji-umyslem-przestepcy-do-kryminologii-wywiad-z-dr-milena-zajkowska\/#breadcrumb","itemListElement":[{"@type":"ListItem","position":1,"name":"Strona g\u0142\u00f3wna","item":"https:\/\/studia-wroclaw.pl\/"},{"@type":"ListItem","position":2,"name":"Od fascynacji umys\u0142em przest\u0119pcy do kryminologii. Wywiad z dr Milen\u0105 Zajkowsk\u0105"}]},{"@type":"WebSite","@id":"https:\/\/studia-wroclaw.pl\/#website","url":"https:\/\/studia-wroclaw.pl\/","name":"Studies Wroclaw","description":"","potentialAction":[{"@type":"SearchAction","target":{"@type":"EntryPoint","urlTemplate":"https:\/\/studia-wroclaw.pl\/?s={search_term_string}"},"query-input":{"@type":"PropertyValueSpecification","valueRequired":true,"valueName":"search_term_string"}}],"inLanguage":"en-GB"},{"@type":"Person","@id":"https:\/\/studia-wroclaw.pl\/#\/schema\/person\/894c3f27e7b23a7812649d45f28280c0","name":"Ernest Marczy\u0144ski","image":{"@type":"ImageObject","inLanguage":"en-GB","@id":"https:\/\/secure.gravatar.com\/avatar\/7c6a6a26a96dc9265376bbe54957f88d60fe5a76dff57237df4a9430b4ccd6f9?s=96&d=mm&r=g","url":"https:\/\/secure.gravatar.com\/avatar\/7c6a6a26a96dc9265376bbe54957f88d60fe5a76dff57237df4a9430b4ccd6f9?s=96&d=mm&r=g","contentUrl":"https:\/\/secure.gravatar.com\/avatar\/7c6a6a26a96dc9265376bbe54957f88d60fe5a76dff57237df4a9430b4ccd6f9?s=96&d=mm&r=g","caption":"Ernest Marczy\u0144ski"},"url":"https:\/\/studia-wroclaw.pl\/en\/author\/ernest-marczynski\/"}]}},"_links":{"self":[{"href":"https:\/\/studia-wroclaw.pl\/en\/wp-json\/wp\/v2\/posts\/13021","targetHints":{"allow":["GET"]}}],"collection":[{"href":"https:\/\/studia-wroclaw.pl\/en\/wp-json\/wp\/v2\/posts"}],"about":[{"href":"https:\/\/studia-wroclaw.pl\/en\/wp-json\/wp\/v2\/types\/post"}],"author":[{"embeddable":true,"href":"https:\/\/studia-wroclaw.pl\/en\/wp-json\/wp\/v2\/users\/24"}],"replies":[{"embeddable":true,"href":"https:\/\/studia-wroclaw.pl\/en\/wp-json\/wp\/v2\/comments?post=13021"}],"version-history":[{"count":1,"href":"https:\/\/studia-wroclaw.pl\/en\/wp-json\/wp\/v2\/posts\/13021\/revisions"}],"predecessor-version":[{"id":13023,"href":"https:\/\/studia-wroclaw.pl\/en\/wp-json\/wp\/v2\/posts\/13021\/revisions\/13023"}],"wp:featuredmedia":[{"embeddable":true,"href":"https:\/\/studia-wroclaw.pl\/en\/wp-json\/wp\/v2\/media\/13022"}],"wp:attachment":[{"href":"https:\/\/studia-wroclaw.pl\/en\/wp-json\/wp\/v2\/media?parent=13021"}],"wp:term":[{"taxonomy":"category","embeddable":true,"href":"https:\/\/studia-wroclaw.pl\/en\/wp-json\/wp\/v2\/categories?post=13021"},{"taxonomy":"post_tag","embeddable":true,"href":"https:\/\/studia-wroclaw.pl\/en\/wp-json\/wp\/v2\/tags?post=13021"}],"curies":[{"name":"wp","href":"https:\/\/api.w.org\/{rel}","templated":true}]}}