{"id":13033,"date":"2026-08-25T12:00:25","date_gmt":"2026-08-25T10:00:25","guid":{"rendered":"https:\/\/studia-wroclaw.pl\/?p=13033"},"modified":"2026-08-25T12:01:46","modified_gmt":"2026-08-25T10:01:46","slug":"plebiscyt-wykladowca-roku-2026-poznaj-nominowanych-i-oddaj-swoj-glos","status":"publish","type":"post","link":"https:\/\/studia-wroclaw.pl\/en\/plebiscyt-wykladowca-roku-2026-poznaj-nominowanych-i-oddaj-swoj-glos\/","title":{"rendered":"Plebiscyt Wyk\u0142adowca Roku 2026 \u2013 poznaj nominowanych i oddaj sw\u00f3j g\u0142os"},"content":{"rendered":"<p class=\"wp-block-paragraph\">Czym jest Plebiscyt Wyk\u0142adowca Roku 2026 i kto mo\u017ce wzi\u0105\u0107 udzia\u0142 w g\u0142osowaniu? To inicjatywa Wy\u017cszej Szko\u0142y Kszta\u0142cenia Zawodowego, dzi\u0119ki kt\u00f3rej <strong>studenci i s\u0142uchacze mog\u0105 wyr\u00f3\u017cni\u0107 ekspert\u00f3w szczeg\u00f3lnie cenionych za wiedz\u0119, do\u015bwiadczenie, zaanga\u017cowanie oraz podej\u015bcie do nauczania.<\/strong> 25 nominowanych os\u00f3b, 25 wyj\u0105tkowych historii i jeden wsp\u00f3lny cel \u2013 doceni\u0107 tych, kt\u00f3rzy ka\u017cdego dnia wsp\u00f3\u0142tworz\u0105 spo\u0142eczno\u015b\u0107 WSKZ. Poznaj zasady plebiscytu i sprawd\u017a, jak odda\u0107 g\u0142os na swojego faworyta.<\/p>\n\n\n\n<h2 class=\"wp-block-heading\">Czym jest Plebiscyt Wyk\u0142adowca Roku 2026?<\/h2>\n\n\n\n<p class=\"wp-block-paragraph\">Plebiscyt edukacyjny Wyk\u0142adowca Roku 2026 to g\u0142osowanie, w kt\u00f3rym spo\u0142eczno\u015b\u0107 WSKZ wybiera eksperta szczeg\u00f3lnie zapami\u0119tanego dzi\u0119ki jego <strong>wiedzy, do\u015bwiadczeniu i zaanga\u017cowaniu w prac\u0119 ze studentami oraz s\u0142uchaczami.<\/strong> Tegoroczna edycja ma szczeg\u00f3lny charakter, poniewa\u017c zosta\u0142a przygotowana z okazji 25-lecia Wy\u017cszej Szko\u0142y Kszta\u0142cenia Zawodowego.<\/p>\n\n\n\n<p class=\"wp-block-paragraph\">Wyk\u0142adowca Roku 2026 jest okazj\u0105 do podzi\u0119kowania osobom, kt\u00f3re:<\/p>\n\n\n\n<ul class=\"wp-block-list\">\n<li>inspiruj\u0105 do zdobywania wiedzy;<\/li>\n\n\n\n<li>motywuj\u0105 do rozwoju;<\/li>\n\n\n\n<li>dziel\u0105 si\u0119 do\u015bwiadczeniem zawodowym;<\/li>\n\n\n\n<li>pomagaj\u0105 rozwija\u0107 nowe kompetencje;<\/li>\n\n\n\n<li>wsp\u00f3\u0142tworz\u0105 jako\u015b\u0107 kszta\u0142cenia w WSKZ.<\/li>\n<\/ul>\n\n\n\n<p class=\"wp-block-paragraph\">W tegorocznej edycji <strong>nominowano 25 ekspert\u00f3w reprezentuj\u0105cych r\u00f3\u017cne obszary kszta\u0142cenia<\/strong> \u2013 od prawa i administracji, przez kryminologi\u0119, bezpiecze\u0144stwo, psychologi\u0119 i pedagogik\u0119, po informatyk\u0119 oraz zarz\u0105dzanie.<\/p>\n\n\n\n<h2 class=\"wp-block-heading\">Plebiscyt edukacyjny Wyk\u0142adowca Roku 2026 \u2013 kto mo\u017ce odda\u0107 g\u0142os?<\/h2>\n\n\n\n<p class=\"wp-block-paragraph\">W g\u0142osowaniu mog\u0105 uczestniczy\u0107 studenci i s\u0142uchacze WSKZ. Ka\u017cda osoba <strong>mo\u017ce odda\u0107 tylko jeden g\u0142os<\/strong>, a jego wa\u017cno\u015b\u0107 nale\u017cy <strong>potwierdzi\u0107 za po\u015brednictwem wiadomo\u015bci przes\u0142anej na wskazany adres e-mail.<\/strong><\/p>\n\n\n\n<p class=\"wp-block-paragraph\">Z jednego adresu e-mail mo\u017cna zag\u0142osowa\u0107 <strong>tylko raz<\/strong>. Dzi\u0119ki temu ka\u017cdy uczestnik <strong>ma takie same mo\u017cliwo\u015bci wyr\u00f3\u017cnienia osoby, kt\u00f3r\u0105 szczeg\u00f3lnie docenia za spos\u00f3b przekazywania wiedzy, spos\u00f3b prowadzenia zaj\u0119\u0107, czy te\u017c do\u015bwiadczenie.<\/strong><\/p>\n\n\n\n<h2 class=\"wp-block-heading\">Jak zag\u0142osowa\u0107 na swojego faworyta?<\/h2>\n\n\n\n<p class=\"wp-block-paragraph\">Oddanie g\u0142osu w Plebiscycie Wyk\u0142adowca Roku 2026 wymaga <strong>wyboru jednego z nominowanych ekspert\u00f3w i wype\u0142nienia kr\u00f3tkiego formularza.<\/strong> Ca\u0142y proces zosta\u0142 zaplanowany tak, aby udzia\u0142 w g\u0142osowaniu by\u0142 szybki i intuicyjny.<\/p>\n\n\n\n<p class=\"wp-block-paragraph\">1. Zapoznaj si\u0119 z sylwetkami nominowanych ekspert\u00f3w.<\/p>\n\n\n\n<p class=\"wp-block-paragraph\">2. Wybierz eksperta, kt\u00f3ry Twoim zdaniem zas\u0142uguje na tytu\u0142 Wyk\u0142adowcy Roku 2026.<\/p>\n\n\n\n<p class=\"wp-block-paragraph\">3. Wype\u0142nij kr\u00f3tki formularz i gotowe.<\/p>\n\n\n\n<h2 class=\"wp-block-heading\">Kto zosta\u0142 nominowany w Plebiscycie Wyk\u0142adowca Roku 2026?<\/h2>\n\n\n\n<p class=\"wp-block-paragraph\">Nominowano <strong>25 ekspert\u00f3w reprezentuj\u0105cych siedem obszar\u00f3w kszta\u0142cenia.<\/strong> Ka\u017cdy z nich wnosi do WSKZ co\u015b wyj\u0105tkowego \u2013 wiedz\u0119, do\u015bwiadczenie i w\u0142asne spojrzenie na edukacj\u0119. Oto kandydaci na nauczyciela akademickiego roku \u2013 poznaj ich bli\u017cej.&nbsp;<\/p>\n\n\n\n<h3 class=\"wp-block-heading\">Psychology in business<\/h3>\n\n\n\n<ol class=\"wp-block-list\">\n<li><strong>Dr Marta \u015awi\u0105tek-Prycik<\/strong> \u2013 Do\u015bwiadczona psycholo\u017cka, terapeutka i nauczycielka akademicka. Prowadzi zaj\u0119cia z psychologii biznesu, negocjacji i mediacji. Zawodowo skupia si\u0119 na sytuacjach kryzysowych, emocjach oraz diagnozie psychologicznej.\u00a0<\/li>\n\n\n\n<li><strong>Dr Bianka Lewandowska<\/strong> \u2013 Doktor nauk humanistycznych w specjalno\u015bci psychologia. Autorka publikacji naukowych, prelegentka konferencji oraz opiekunka praktyk studenckich i k\u00f3\u0142 naukowych. Do\u015bwiadczenie zdobywa\u0142a m.in. w fundacji oraz prowadz\u0105c w\u0142asn\u0105 praktyk\u0119.<\/li>\n<\/ol>\n\n\n\n<h3 class=\"wp-block-heading\">Administration<\/h3>\n\n\n\n<ol start=\"3\" class=\"wp-block-list\">\n<li><strong>Dr Agnieszka Paw\u0142owska<\/strong> \u2013 Wyk\u0142adowczyni akademicka z ponad 15-letnim do\u015bwiadczeniem, doktor nauk humanistycznych w dyscyplinie nauki o polityce. Aktywnie uczestniczy w projektach spo\u0142ecznych i prowadzi liczne szkolenia.<\/li>\n\n\n\n<li><strong>Dr \u0141ukasz Cymbaluk<\/strong>\u00a0 \u2013 Doktor nauk spo\u0142ecznych w dyscyplinie nauki o polityce zajmuj\u0105cy si\u0119 analiz\u0105 wsp\u00f3\u0142czesnych zjawisk politycznych. Jego zainteresowania obejmuj\u0105 terroryzm, cyfrowe waluty, populizm oraz polityk\u0119 mi\u0119dzynarodow\u0105.<\/li>\n<\/ol>\n\n\n\n<h3 class=\"wp-block-heading\">Kryminologii i Bezpiecze\u0144stwa Wewn\u0119trznego<\/h3>\n\n\n\n<ol start=\"5\" class=\"wp-block-list\">\n<li><strong>Mgr Marta Le\u015bnikowska<\/strong> \u2013 Ekspertka z wieloletnim do\u015bwiadczeniem w strukturach policyjnych. Specjalizuje si\u0119 w edukacji z zakresu prawa, bezpiecze\u0144stwa oraz komunikacji i wsp\u00f3\u0142pracy z mediami.<\/li>\n\n\n\n<li><strong>Dr Milena Zajkowska<\/strong> \u2013 Doktor nauk prawnych specjalizuj\u0105ca si\u0119 w prawie karnym i kryminologii. Wyk\u0142adowczyni akademicka, autorka i wsp\u00f3\u0142autorka publikacji naukowych oraz prelegentka konferencji.\u00a0<\/li>\n\n\n\n<li><strong>Dr Rafa\u0142 Guzowski<\/strong> \u2013 Doktor nauk spo\u0142ecznych w zakresie politologii oraz specjalista w obszarze komunikacji i zarz\u0105dzania. Posiada wieloletnie do\u015bwiadczenie w marketingu, administracji oraz organizacji szkole\u0144.\u00a0<\/li>\n\n\n\n<li><strong>Dr Magdalena El Ghamari<\/strong> \u2013 Doktor nauk spo\u0142ecznych i ekspertka ds. bezpiecze\u0144stwa mi\u0119dzynarodowego. Specjalizuje si\u0119 w badaniach nad terroryzmem, radykalizacj\u0105 oraz procesami kszta\u0142tuj\u0105cymi wsp\u00f3\u0142czesne konflikty.\u00a0<\/li>\n<\/ol>\n\n\n\n<h3 class=\"wp-block-heading\">Management<\/h3>\n\n\n\n<ol start=\"9\" class=\"wp-block-list\">\n<li><strong>Dr Jolanta Bartkowiak<\/strong> \u2013 Doktor nauk ekonomicznych w dyscyplinie nauk o zarz\u0105dzaniu i jako\u015bci, wyk\u0142adowczyni akademicka oraz praktyczka HR. Specjalizuje si\u0119 w nowoczesnym zarz\u0105dzaniu zasobami ludzkimi. Autorka ksi\u0105\u017cki o wykorzystaniu AI w rekrutacji.<\/li>\n\n\n\n<li><strong>Mgr in\u017c. Pawe\u0142 Cie\u0107kiewicz<\/strong> \u2013 Trener i coach biznesu z ponad 20-letnim do\u015bwiadczeniem w obszarze public relations. \u0141\u0105czy dzia\u0142alno\u015b\u0107 dydaktyczn\u0105 z prac\u0105 doradcy biznesowego, specjalizuj\u0105c si\u0119 w komunikacji, strategii wizerunkowej oraz employer brandingu.\u00a0<\/li>\n\n\n\n<li><strong>Mgr Mehmet Omurlu<\/strong> \u2013 Zast\u0119pca Dyrektora Instytutu Zarz\u0105dzania i Nauk o Jako\u015bci oraz wyk\u0142adowca z ponad 10-letnim do\u015bwiadczeniem. Prowadzi zaj\u0119cia z zarz\u0105dzania, marketingu i psychologii biznesu. Wiedz\u0119 zdobywa\u0142 we w\u0142asnej agencji marketingowej.<\/li>\n<\/ol>\n\n\n\n<h3 class=\"wp-block-heading\">Prawo i Prawo w biznesie<\/h3>\n\n\n\n<ol start=\"12\" class=\"wp-block-list\">\n<li><strong>Dr Natalia Najgiebauer<\/strong> \u2013 Prawniczka z ponad 15-letnim do\u015bwiadczeniem w obszarze prawa i administracji publicznej. Specjalizuje si\u0119 w prawie cywilnym, gospodarczym oraz mediacjach s\u0105dowych.\u00a0<\/li>\n\n\n\n<li><strong>Dr Agnieszka Sobieska<\/strong> \u2013 Doktor nauk spo\u0142ecznych w dyscyplinie prawa, specjalizuj\u0105ca si\u0119 w relacjach mi\u0119dzy prawem a kultur\u0105 i spo\u0142ecze\u0144stwem. Swoje badania po\u015bwi\u0119ca m.in. prawom kobiet i wolno\u015bci wyznania.<\/li>\n\n\n\n<li><strong>Dr Barbara Jelonek-Zacha<\/strong> \u2013 Adwokatka specjalizuj\u0105ca si\u0119 w prawie karnym oraz asystentka prokuratora. Do\u015bwiadczenie zawodowe zdobywa\u0142a w instytucjach wymiaru sprawiedliwo\u015bci, administracji publicznej oraz kancelariach prawnych.\u00a0<\/li>\n\n\n\n<li><strong>Dr Adam Rzetecki<\/strong> \u2013 Prawnik specjalizuj\u0105cy si\u0119 m.in. w prawie podatkowym, administracyjnym i finansach publicznych. Autor publikacji naukowych z zakresu podatk\u00f3w i bezpiecze\u0144stwa energetycznego.<\/li>\n\n\n\n<li><strong>Dr Juliusz Sawarzy\u0144ski<\/strong> \u2013 Prawnik specjalizuj\u0105cy si\u0119 w prawie cywilnym, notarialnym i w\u0142asno\u015bci intelektualnej. Zast\u0119pca notarialny, wyk\u0142adowca akademicki i autor publikacji naukowych.\u00a0<\/li>\n<\/ol>\n\n\n\n<h3 class=\"wp-block-heading\">Informatics<\/h3>\n\n\n\n<ol start=\"17\" class=\"wp-block-list\">\n<li><strong>Dr in\u017c. Andrzej Dyszewski<\/strong> <strong>-<\/strong> Doktor nauk rolniczych z wieloletnim do\u015bwiadczeniem dydaktycznym i naukowym. Autor i wsp\u00f3\u0142autor ponad 60 publikacji naukowych, uczestnik projekt\u00f3w badawczych. Jego dorobek uzupe\u0142nia do\u015bwiadczenie kierownicze.\u00a0<\/li>\n\n\n\n<li><strong>Dr in\u017c. Roman Czukwi\u0144ski<\/strong> \u2013 Do\u015bwiadczony wyk\u0142adowca i specjalista IT. Autor publikacji naukowych, laureat Nagrody Ministra Edukacji Narodowej za osi\u0105gni\u0119cia naukowe. Zajmuje si\u0119 systemami rozproszonymi, sieciami, wirtualizacj\u0105 i DevOps.\u00a0<\/li>\n\n\n\n<li><strong>Mgr in\u017c. Marta Roldan<\/strong> \u2013 Wyk\u0142adowczyni i praktyczka bran\u017cy IT specjalizuj\u0105ca si\u0119 w programowaniu, systemie Linux oraz sztucznej inteligencji. Posiada do\u015bwiadczenie dydaktyczne, a tak\u017ce we wdra\u017caniu system\u00f3w i analizie danych.<\/li>\n<\/ol>\n\n\n\n<h3 class=\"wp-block-heading\">Psychologia i pedagogika<\/h3>\n\n\n\n<ol start=\"20\" class=\"wp-block-list\">\n<li><strong>Dr hab. Bo\u017cena Janda-D\u0119bek<\/strong> \u2013 Specjalistka z zakresu psychologii proces\u00f3w poznawczych, komunikacji niewerbalnej i psychologii \u015brodowiskowej. Wypromowa\u0142a ponad 200 magistr\u00f3w oraz doktora. Jest autork\u0105 i wsp\u00f3\u0142autork\u0105 licznych publikacji.<\/li>\n\n\n\n<li><strong>Dr Dorota Dyjakon<\/strong> \u2013 Psycholo\u017cka i psychoterapeutka, specjalistka psychotraumatologii z do\u015bwiadczeniem klinicznym, skupiaj\u0105ca si\u0119 na problemie\u00a0 przemocy domowej. Autorka ksi\u0105\u017cek, artyku\u0142\u00f3w naukowych oraz programu psychoterapii dla sprawc\u00f3w przemocy.<\/li>\n\n\n\n<li><strong>Dr Dorota Ackermann-Szulgit<\/strong> \u2013 Psycholo\u017cka zajmuj\u0105ca si\u0119 funkcjonowaniem poznawczym i emocjonalnym cz\u0142owieka. Ma do\u015bwiadczenie kliniczne, dydaktyczne i szkoleniowe. Autorka publikacji z zakresu neuropsychologii, neurobiologii oraz zastosowania aromaterapii.<\/li>\n\n\n\n<li><strong>Mgr Ma\u0142gorzata W\u0119grzyn<\/strong> \u2013 Psychoterapeutka dzieci i m\u0142odzie\u017cy pracuj\u0105ca w nurcie integratywnym. Do\u015bwiadczenie kliniczne wykorzystuje r\u00f3wnie\u017c w dydaktyce akademickiej oraz prowadz\u0105c szkolenia dla nauczycieli i pedagog\u00f3w.\u00a0<\/li>\n\n\n\n<li><strong>Prof. Mariusz J\u0119drzejko<\/strong> \u2013 Pedagog i diagnosta uzale\u017cnie\u0144, specjalizuj\u0105cy si\u0119 w badaniach nad uzale\u017cnieniami oraz zachowaniami ryzykownymi dzieci i m\u0142odzie\u017cy. Autor licznych publikacji naukowych, od lat rozwijaj\u0105cy metody profilaktyki i edukacji w tym obszarze.\u00a0<\/li>\n\n\n\n<li><strong>Dr hab. Artur Zi\u00f3\u0142kowski<\/strong> \u2013 Doktor habilitowany nauk medycznych i nauk o zdrowiu, psycholog. Do\u015bwiadczony nauczyciel akademicki i szkoleniowiec, autor licznych publikacji z zakresu nauk o zdrowiu i kultury fizycznej.<\/li>\n<\/ol>\n\n\n\n<h2 class=\"wp-block-heading\">Dlaczego warto wzi\u0105\u0107 udzia\u0142 w g\u0142osowaniu?<\/h2>\n\n\n\n<p class=\"wp-block-paragraph\">Udzia\u0142 w plebiscycie edukacyjnym to <strong>mo\u017cliwo\u015b\u0107 bezpo\u015bredniego docenienia ekspert\u00f3w, kt\u00f3rzy maj\u0105 wp\u0142yw na do\u015bwiadczenia zwi\u0105zane ze studiowaniem w WSKZ.<\/strong> To r\u00f3wnie\u017c spos\u00f3b na pokazanie, \u017ce za jako\u015bci\u0105 kszta\u0142cenia stoj\u0105 konkretni ludzie, ich wiedza, do\u015bwiadczenie oraz spos\u00f3b pracy ze studentami i s\u0142uchaczami.<\/p>\n\n\n\n<p class=\"wp-block-paragraph\">Plebiscyt nawi\u0105zuje do jubileuszu 25-lecia Uczelni i przypomina, \u017ce od pocz\u0105tku jej dzia\u0142alno\u015bci najwi\u0119ksz\u0105 warto\u015bci\u0105 pozostaje <strong>spo\u0142eczno\u015b\u0107 tworzona przez osoby ucz\u0105ce si\u0119 oraz dziel\u0105ce si\u0119 wiedz\u0105.<\/strong> G\u0142\u00f3wny laureat otrzyma tytu\u0142 Wyk\u0142adowcy Roku 2026 oraz wyj\u0105tkowy dyplom.<\/p>\n\n\n\n<h2 class=\"wp-block-heading\">Do kiedy mo\u017cna g\u0142osowa\u0107?<\/h2>\n\n\n\n<p class=\"wp-block-paragraph\">G\u0142osowanie w Plebiscycie Wyk\u0142adowca Roku 2026 potrwa do <strong>31 pa\u017adziernika 2026 roku.<\/strong> Wyniki zostan\u0105 og\u0142oszone w ci\u0105gu <strong>14 dni od zako\u0144czenia g\u0142osowania.<\/strong><\/p>\n\n\n\n<p class=\"wp-block-paragraph\">Nie odk\u0142adaj decyzji na p\u00f3\u017aniej. Poznaj sylwetki nominowanych ekspert\u00f3w, wybierz wyk\u0142adowc\u0119, kt\u00f3rego chcesz doceni\u0107 i <strong>oddaj sw\u00f3j g\u0142os w plebiscycie<\/strong> <a href=\"https:\/\/wykladowcaroku.pl\/\"><strong>Wyk\u0142adowca Roku 2026<\/strong><\/a><strong>.<\/strong><\/p>\n\n\n\n<h2 class=\"wp-block-heading\">FAQ<\/h2>\n\n\n\n<h3 class=\"wp-block-heading\">Czym jest Plebiscyt Wyk\u0142adowca Roku 2026?<\/h3>\n\n\n\n<p class=\"wp-block-paragraph\">Plebiscyt Wyk\u0142adowca Roku 2026 to jubileuszowe g\u0142osowanie organizowane z okazji 25-lecia WSKZ. Jego celem jest wyr\u00f3\u017cnienie eksperta szczeg\u00f3lnie cenionego przez student\u00f3w i s\u0142uchaczy za wiedz\u0119, do\u015bwiadczenie oraz zaanga\u017cowanie.<\/p>\n\n\n\n<h3 class=\"wp-block-heading\">Kto mo\u017ce zag\u0142osowa\u0107 w plebiscycie edukacyjnym 2026?<\/h3>\n\n\n\n<p class=\"wp-block-paragraph\">G\u0142os mog\u0105 odda\u0107 studenci i s\u0142uchacze Wy\u017cszej Szko\u0142y Kszta\u0142cenia Zawodowego. Ka\u017cdy uczestnik mo\u017ce wskaza\u0107 tylko jedn\u0105 osob\u0119, a g\u0142os nale\u017cy potwierdzi\u0107 przez wiadomo\u015b\u0107 e-mail.<\/p>\n\n\n\n<h3 class=\"wp-block-heading\">Ilu ekspert\u00f3w nominowano w plebiscycie?<\/h3>\n\n\n\n<p class=\"wp-block-paragraph\">W tegorocznej edycji nominowano 25 ekspert\u00f3w reprezentuj\u0105cych r\u00f3\u017cne obszary kszta\u0142cenia WSKZ. W\u015br\u00f3d nich znajduj\u0105 si\u0119 specjali\u015bci z zakresu prawa, administracji, bezpiecze\u0144stwa, psychologii, pedagogiki, informatyki i zarz\u0105dzania.<\/p>\n\n\n\n<h3 class=\"wp-block-heading\">Jak odda\u0107 g\u0142os na najlepszego nauczyciela roku?<\/h3>\n\n\n\n<p class=\"wp-block-paragraph\">Nale\u017cy zapozna\u0107 si\u0119 z sylwetkami nominowanych os\u00f3b, wybra\u0107 swojego faworyta i wype\u0142ni\u0107 formularz g\u0142osowania. Nast\u0119pnie trzeba potwierdzi\u0107 g\u0142os za pomoc\u0105 linku przes\u0142anego na wskazany adres e-mail.<\/p>\n\n\n\n<h3 class=\"wp-block-heading\">Kiedy zostan\u0105 og\u0142oszone wyniki Plebiscytu Wyk\u0142adowca Roku 2026?<\/h3>\n\n\n\n<p class=\"wp-block-paragraph\">G\u0142osowanie ko\u0144czy si\u0119 31 pa\u017adziernika 2026 roku, a og\u0142oszenie wynik\u00f3w zaplanowano w ci\u0105gu 14 dni od jego zako\u0144czenia. Laureat otrzyma tytu\u0142 Wyk\u0142adowcy Roku 2026 oraz pami\u0105tkowy dyplom.<\/p>\n\n\n\n<p class=\"wp-block-paragraph\"><\/p>","protected":false},"excerpt":{"rendered":"<p>Czym jest Plebiscyt Wyk\u0142adowca Roku 2026 i kto mo\u017ce wzi\u0105\u0107 udzia\u0142 w g\u0142osowaniu? To inicjatywa Wy\u017cszej Szko\u0142y Kszta\u0142cenia Zawodowego, dzi\u0119ki kt\u00f3rej studenci i s\u0142uchacze mog\u0105 wyr\u00f3\u017cni\u0107 ekspert\u00f3w szczeg\u00f3lnie cenionych za wiedz\u0119, do\u015bwiadczenie, zaanga\u017cowanie oraz podej\u015bcie do nauczania. 25 nominowanych os\u00f3b, 25 wyj\u0105tkowych historii i jeden wsp\u00f3lny cel \u2013 doceni\u0107 tych, kt\u00f3rzy ka\u017cdego dnia wsp\u00f3\u0142tworz\u0105 spo\u0142eczno\u015b\u0107 [&hellip;]<\/p>\n","protected":false},"author":36,"featured_media":13034,"comment_status":"open","ping_status":"open","sticky":false,"template":"","format":"standard","meta":{"om_disable_all_campaigns":false,"footnotes":""},"categories":[50],"tags":[],"class_list":["post-13033","post","type-post","status-publish","format-standard","has-post-thumbnail","hentry","category-aktualnosci"],"yoast_head":"<!-- This site is optimized with the Yoast SEO plugin v28.1 - https:\/\/yoast.com\/product\/yoast-seo-wordpress\/ -->\n<title>Plebiscyt Wyk\u0142adowca Roku 2026 \u2013 poznaj nominowanych i oddaj sw\u00f3j g\u0142os - Studia Wroc\u0142aw<\/title>\n<meta name=\"robots\" content=\"index, follow, max-snippet:-1, max-image-preview:large, max-video-preview:-1\" \/>\n<link rel=\"canonical\" href=\"https:\/\/studia-wroclaw.pl\/en\/plebiscyt-wykladowca-roku-2026-poznaj-nominowanych-i-oddaj-swoj-glos\/\" \/>\n<meta property=\"og:locale\" content=\"en_GB\" \/>\n<meta property=\"og:type\" content=\"article\" \/>\n<meta property=\"og:title\" content=\"Plebiscyt Wyk\u0142adowca Roku 2026 \u2013 poznaj nominowanych i oddaj sw\u00f3j g\u0142os - Studia Wroc\u0142aw\" \/>\n<meta property=\"og:description\" content=\"Czym jest Plebiscyt Wyk\u0142adowca Roku 2026 i kto mo\u017ce wzi\u0105\u0107 udzia\u0142 w g\u0142osowaniu? To inicjatywa Wy\u017cszej Szko\u0142y Kszta\u0142cenia Zawodowego, dzi\u0119ki kt\u00f3rej studenci i s\u0142uchacze mog\u0105 wyr\u00f3\u017cni\u0107 ekspert\u00f3w szczeg\u00f3lnie cenionych za wiedz\u0119, do\u015bwiadczenie, zaanga\u017cowanie oraz podej\u015bcie do nauczania. 25 nominowanych os\u00f3b, 25 wyj\u0105tkowych historii i jeden wsp\u00f3lny cel \u2013 doceni\u0107 tych, kt\u00f3rzy ka\u017cdego dnia wsp\u00f3\u0142tworz\u0105 spo\u0142eczno\u015b\u0107 [&hellip;]\" \/>\n<meta property=\"og:url\" content=\"https:\/\/studia-wroclaw.pl\/en\/plebiscyt-wykladowca-roku-2026-poznaj-nominowanych-i-oddaj-swoj-glos\/\" \/>\n<meta property=\"og:site_name\" content=\"Studia Wroc\u0142aw\" \/>\n<meta property=\"article:published_time\" content=\"2026-08-25T10:00:25+00:00\" \/>\n<meta property=\"article:modified_time\" content=\"2026-08-25T10:01:46+00:00\" \/>\n<meta property=\"og:image\" content=\"https:\/\/studia-wroclaw.pl\/wp-content\/uploads\/2026\/08\/Wykladowca-Roku-2026.jpg\" \/>\n\t<meta property=\"og:image:width\" content=\"1920\" \/>\n\t<meta property=\"og:image:height\" content=\"1080\" \/>\n\t<meta property=\"og:image:type\" content=\"image\/jpeg\" \/>\n<meta name=\"author\" content=\"Karina Dycha\u0142a\" \/>\n<meta name=\"twitter:card\" content=\"summary_large_image\" \/>\n<meta name=\"twitter:label1\" content=\"Written by\" \/>\n\t<meta name=\"twitter:data1\" content=\"Karina Dycha\u0142a\" \/>\n\t<meta name=\"twitter:label2\" content=\"Estimated reading time\" \/>\n\t<meta name=\"twitter:data2\" content=\"9 minutes\" \/>\n<script type=\"application\/ld+json\" class=\"yoast-schema-graph\">{\"@context\":\"https:\\\/\\\/schema.org\",\"@graph\":[{\"@type\":\"Article\",\"@id\":\"https:\\\/\\\/studia-wroclaw.pl\\\/plebiscyt-wykladowca-roku-2026-poznaj-nominowanych-i-oddaj-swoj-glos\\\/#article\",\"isPartOf\":{\"@id\":\"https:\\\/\\\/studia-wroclaw.pl\\\/plebiscyt-wykladowca-roku-2026-poznaj-nominowanych-i-oddaj-swoj-glos\\\/\"},\"author\":{\"name\":\"Karina Dycha\u0142a\",\"@id\":\"https:\\\/\\\/studia-wroclaw.pl\\\/#\\\/schema\\\/person\\\/50f212a057f8ab718194a85c9aecb4d5\"},\"headline\":\"Plebiscyt Wyk\u0142adowca Roku 2026 \u2013 poznaj nominowanych i oddaj sw\u00f3j g\u0142os\",\"datePublished\":\"2026-08-25T10:00:25+00:00\",\"dateModified\":\"2026-08-25T10:01:46+00:00\",\"mainEntityOfPage\":{\"@id\":\"https:\\\/\\\/studia-wroclaw.pl\\\/plebiscyt-wykladowca-roku-2026-poznaj-nominowanych-i-oddaj-swoj-glos\\\/\"},\"wordCount\":1625,\"commentCount\":0,\"image\":{\"@id\":\"https:\\\/\\\/studia-wroclaw.pl\\\/plebiscyt-wykladowca-roku-2026-poznaj-nominowanych-i-oddaj-swoj-glos\\\/#primaryimage\"},\"thumbnailUrl\":\"https:\\\/\\\/studia-wroclaw.pl\\\/wp-content\\\/uploads\\\/2026\\\/08\\\/Wykladowca-Roku-2026.jpg\",\"articleSection\":[\"Aktualno\u015bci\"],\"inLanguage\":\"en-GB\",\"potentialAction\":[{\"@type\":\"CommentAction\",\"name\":\"Comment\",\"target\":[\"https:\\\/\\\/studia-wroclaw.pl\\\/plebiscyt-wykladowca-roku-2026-poznaj-nominowanych-i-oddaj-swoj-glos\\\/#respond\"]}]},{\"@type\":\"WebPage\",\"@id\":\"https:\\\/\\\/studia-wroclaw.pl\\\/plebiscyt-wykladowca-roku-2026-poznaj-nominowanych-i-oddaj-swoj-glos\\\/\",\"url\":\"https:\\\/\\\/studia-wroclaw.pl\\\/plebiscyt-wykladowca-roku-2026-poznaj-nominowanych-i-oddaj-swoj-glos\\\/\",\"name\":\"Plebiscyt Wyk\u0142adowca Roku 2026 \u2013 poznaj nominowanych i oddaj sw\u00f3j g\u0142os - Studia Wroc\u0142aw\",\"isPartOf\":{\"@id\":\"https:\\\/\\\/studia-wroclaw.pl\\\/#website\"},\"primaryImageOfPage\":{\"@id\":\"https:\\\/\\\/studia-wroclaw.pl\\\/plebiscyt-wykladowca-roku-2026-poznaj-nominowanych-i-oddaj-swoj-glos\\\/#primaryimage\"},\"image\":{\"@id\":\"https:\\\/\\\/studia-wroclaw.pl\\\/plebiscyt-wykladowca-roku-2026-poznaj-nominowanych-i-oddaj-swoj-glos\\\/#primaryimage\"},\"thumbnailUrl\":\"https:\\\/\\\/studia-wroclaw.pl\\\/wp-content\\\/uploads\\\/2026\\\/08\\\/Wykladowca-Roku-2026.jpg\",\"datePublished\":\"2026-08-25T10:00:25+00:00\",\"dateModified\":\"2026-08-25T10:01:46+00:00\",\"author\":{\"@id\":\"https:\\\/\\\/studia-wroclaw.pl\\\/#\\\/schema\\\/person\\\/50f212a057f8ab718194a85c9aecb4d5\"},\"breadcrumb\":{\"@id\":\"https:\\\/\\\/studia-wroclaw.pl\\\/plebiscyt-wykladowca-roku-2026-poznaj-nominowanych-i-oddaj-swoj-glos\\\/#breadcrumb\"},\"inLanguage\":\"en-GB\",\"potentialAction\":[{\"@type\":\"ReadAction\",\"target\":[\"https:\\\/\\\/studia-wroclaw.pl\\\/plebiscyt-wykladowca-roku-2026-poznaj-nominowanych-i-oddaj-swoj-glos\\\/\"]}]},{\"@type\":\"ImageObject\",\"inLanguage\":\"en-GB\",\"@id\":\"https:\\\/\\\/studia-wroclaw.pl\\\/plebiscyt-wykladowca-roku-2026-poznaj-nominowanych-i-oddaj-swoj-glos\\\/#primaryimage\",\"url\":\"https:\\\/\\\/studia-wroclaw.pl\\\/wp-content\\\/uploads\\\/2026\\\/08\\\/Wykladowca-Roku-2026.jpg\",\"contentUrl\":\"https:\\\/\\\/studia-wroclaw.pl\\\/wp-content\\\/uploads\\\/2026\\\/08\\\/Wykladowca-Roku-2026.jpg\",\"width\":1920,\"height\":1080,\"caption\":\"Wyk\u0142adowca Roku 2026\"},{\"@type\":\"BreadcrumbList\",\"@id\":\"https:\\\/\\\/studia-wroclaw.pl\\\/plebiscyt-wykladowca-roku-2026-poznaj-nominowanych-i-oddaj-swoj-glos\\\/#breadcrumb\",\"itemListElement\":[{\"@type\":\"ListItem\",\"position\":1,\"name\":\"Strona g\u0142\u00f3wna\",\"item\":\"https:\\\/\\\/studia-wroclaw.pl\\\/\"},{\"@type\":\"ListItem\",\"position\":2,\"name\":\"Plebiscyt Wyk\u0142adowca Roku 2026 \u2013 poznaj nominowanych i oddaj sw\u00f3j g\u0142os\"}]},{\"@type\":\"WebSite\",\"@id\":\"https:\\\/\\\/studia-wroclaw.pl\\\/#website\",\"url\":\"https:\\\/\\\/studia-wroclaw.pl\\\/\",\"name\":\"Studia Wroc\u0142aw\",\"description\":\"\",\"potentialAction\":[{\"@type\":\"SearchAction\",\"target\":{\"@type\":\"EntryPoint\",\"urlTemplate\":\"https:\\\/\\\/studia-wroclaw.pl\\\/?s={search_term_string}\"},\"query-input\":{\"@type\":\"PropertyValueSpecification\",\"valueRequired\":true,\"valueName\":\"search_term_string\"}}],\"inLanguage\":\"en-GB\"},{\"@type\":\"Person\",\"@id\":\"https:\\\/\\\/studia-wroclaw.pl\\\/#\\\/schema\\\/person\\\/50f212a057f8ab718194a85c9aecb4d5\",\"name\":\"Karina Dycha\u0142a\",\"image\":{\"@type\":\"ImageObject\",\"inLanguage\":\"en-GB\",\"@id\":\"https:\\\/\\\/secure.gravatar.com\\\/avatar\\\/09b8a8541625e267cf808bd7db9d6075406c3094f3ef7dd4a936673e9d896f6d?s=96&d=mm&r=g\",\"url\":\"https:\\\/\\\/secure.gravatar.com\\\/avatar\\\/09b8a8541625e267cf808bd7db9d6075406c3094f3ef7dd4a936673e9d896f6d?s=96&d=mm&r=g\",\"contentUrl\":\"https:\\\/\\\/secure.gravatar.com\\\/avatar\\\/09b8a8541625e267cf808bd7db9d6075406c3094f3ef7dd4a936673e9d896f6d?s=96&d=mm&r=g\",\"caption\":\"Karina Dycha\u0142a\"},\"url\":\"https:\\\/\\\/studia-wroclaw.pl\\\/en\\\/author\\\/karina\\\/\"}]}<\/script>\n<!-- \/ Yoast SEO plugin. -->","yoast_head_json":{"title":"Plebiscyt Wyk\u0142adowca Roku 2026 \u2013 poznaj nominowanych i oddaj sw\u00f3j g\u0142os - Studia Wroc\u0142aw","robots":{"index":"index","follow":"follow","max-snippet":"max-snippet:-1","max-image-preview":"max-image-preview:large","max-video-preview":"max-video-preview:-1"},"canonical":"https:\/\/studia-wroclaw.pl\/en\/plebiscyt-wykladowca-roku-2026-poznaj-nominowanych-i-oddaj-swoj-glos\/","og_locale":"en_GB","og_type":"article","og_title":"Plebiscyt Wyk\u0142adowca Roku 2026 \u2013 poznaj nominowanych i oddaj sw\u00f3j g\u0142os - Studia Wroc\u0142aw","og_description":"Czym jest Plebiscyt Wyk\u0142adowca Roku 2026 i kto mo\u017ce wzi\u0105\u0107 udzia\u0142 w g\u0142osowaniu? To inicjatywa Wy\u017cszej Szko\u0142y Kszta\u0142cenia Zawodowego, dzi\u0119ki kt\u00f3rej studenci i s\u0142uchacze mog\u0105 wyr\u00f3\u017cni\u0107 ekspert\u00f3w szczeg\u00f3lnie cenionych za wiedz\u0119, do\u015bwiadczenie, zaanga\u017cowanie oraz podej\u015bcie do nauczania. 25 nominowanych os\u00f3b, 25 wyj\u0105tkowych historii i jeden wsp\u00f3lny cel \u2013 doceni\u0107 tych, kt\u00f3rzy ka\u017cdego dnia wsp\u00f3\u0142tworz\u0105 spo\u0142eczno\u015b\u0107 [&hellip;]","og_url":"https:\/\/studia-wroclaw.pl\/en\/plebiscyt-wykladowca-roku-2026-poznaj-nominowanych-i-oddaj-swoj-glos\/","og_site_name":"Studia Wroc\u0142aw","article_published_time":"2026-08-25T10:00:25+00:00","article_modified_time":"2026-08-25T10:01:46+00:00","og_image":[{"width":1920,"height":1080,"url":"https:\/\/studia-wroclaw.pl\/wp-content\/uploads\/2026\/08\/Wykladowca-Roku-2026.jpg","type":"image\/jpeg"}],"author":"Karina Dycha\u0142a","twitter_card":"summary_large_image","twitter_misc":{"Written by":"Karina Dycha\u0142a","Estimated reading time":"9 minutes"},"schema":{"@context":"https:\/\/schema.org","@graph":[{"@type":"Article","@id":"https:\/\/studia-wroclaw.pl\/plebiscyt-wykladowca-roku-2026-poznaj-nominowanych-i-oddaj-swoj-glos\/#article","isPartOf":{"@id":"https:\/\/studia-wroclaw.pl\/plebiscyt-wykladowca-roku-2026-poznaj-nominowanych-i-oddaj-swoj-glos\/"},"author":{"name":"Karina Dycha\u0142a","@id":"https:\/\/studia-wroclaw.pl\/#\/schema\/person\/50f212a057f8ab718194a85c9aecb4d5"},"headline":"Plebiscyt Wyk\u0142adowca Roku 2026 \u2013 poznaj nominowanych i oddaj sw\u00f3j g\u0142os","datePublished":"2026-08-25T10:00:25+00:00","dateModified":"2026-08-25T10:01:46+00:00","mainEntityOfPage":{"@id":"https:\/\/studia-wroclaw.pl\/plebiscyt-wykladowca-roku-2026-poznaj-nominowanych-i-oddaj-swoj-glos\/"},"wordCount":1625,"commentCount":0,"image":{"@id":"https:\/\/studia-wroclaw.pl\/plebiscyt-wykladowca-roku-2026-poznaj-nominowanych-i-oddaj-swoj-glos\/#primaryimage"},"thumbnailUrl":"https:\/\/studia-wroclaw.pl\/wp-content\/uploads\/2026\/08\/Wykladowca-Roku-2026.jpg","articleSection":["Aktualno\u015bci"],"inLanguage":"en-GB","potentialAction":[{"@type":"CommentAction","name":"Comment","target":["https:\/\/studia-wroclaw.pl\/plebiscyt-wykladowca-roku-2026-poznaj-nominowanych-i-oddaj-swoj-glos\/#respond"]}]},{"@type":"WebPage","@id":"https:\/\/studia-wroclaw.pl\/plebiscyt-wykladowca-roku-2026-poznaj-nominowanych-i-oddaj-swoj-glos\/","url":"https:\/\/studia-wroclaw.pl\/plebiscyt-wykladowca-roku-2026-poznaj-nominowanych-i-oddaj-swoj-glos\/","name":"Plebiscyt Wyk\u0142adowca Roku 2026 \u2013 poznaj nominowanych i oddaj sw\u00f3j g\u0142os - Studia Wroc\u0142aw","isPartOf":{"@id":"https:\/\/studia-wroclaw.pl\/#website"},"primaryImageOfPage":{"@id":"https:\/\/studia-wroclaw.pl\/plebiscyt-wykladowca-roku-2026-poznaj-nominowanych-i-oddaj-swoj-glos\/#primaryimage"},"image":{"@id":"https:\/\/studia-wroclaw.pl\/plebiscyt-wykladowca-roku-2026-poznaj-nominowanych-i-oddaj-swoj-glos\/#primaryimage"},"thumbnailUrl":"https:\/\/studia-wroclaw.pl\/wp-content\/uploads\/2026\/08\/Wykladowca-Roku-2026.jpg","datePublished":"2026-08-25T10:00:25+00:00","dateModified":"2026-08-25T10:01:46+00:00","author":{"@id":"https:\/\/studia-wroclaw.pl\/#\/schema\/person\/50f212a057f8ab718194a85c9aecb4d5"},"breadcrumb":{"@id":"https:\/\/studia-wroclaw.pl\/plebiscyt-wykladowca-roku-2026-poznaj-nominowanych-i-oddaj-swoj-glos\/#breadcrumb"},"inLanguage":"en-GB","potentialAction":[{"@type":"ReadAction","target":["https:\/\/studia-wroclaw.pl\/plebiscyt-wykladowca-roku-2026-poznaj-nominowanych-i-oddaj-swoj-glos\/"]}]},{"@type":"ImageObject","inLanguage":"en-GB","@id":"https:\/\/studia-wroclaw.pl\/plebiscyt-wykladowca-roku-2026-poznaj-nominowanych-i-oddaj-swoj-glos\/#primaryimage","url":"https:\/\/studia-wroclaw.pl\/wp-content\/uploads\/2026\/08\/Wykladowca-Roku-2026.jpg","contentUrl":"https:\/\/studia-wroclaw.pl\/wp-content\/uploads\/2026\/08\/Wykladowca-Roku-2026.jpg","width":1920,"height":1080,"caption":"Wyk\u0142adowca Roku 2026"},{"@type":"BreadcrumbList","@id":"https:\/\/studia-wroclaw.pl\/plebiscyt-wykladowca-roku-2026-poznaj-nominowanych-i-oddaj-swoj-glos\/#breadcrumb","itemListElement":[{"@type":"ListItem","position":1,"name":"Strona g\u0142\u00f3wna","item":"https:\/\/studia-wroclaw.pl\/"},{"@type":"ListItem","position":2,"name":"Plebiscyt Wyk\u0142adowca Roku 2026 \u2013 poznaj nominowanych i oddaj sw\u00f3j g\u0142os"}]},{"@type":"WebSite","@id":"https:\/\/studia-wroclaw.pl\/#website","url":"https:\/\/studia-wroclaw.pl\/","name":"Studies Wroclaw","description":"","potentialAction":[{"@type":"SearchAction","target":{"@type":"EntryPoint","urlTemplate":"https:\/\/studia-wroclaw.pl\/?s={search_term_string}"},"query-input":{"@type":"PropertyValueSpecification","valueRequired":true,"valueName":"search_term_string"}}],"inLanguage":"en-GB"},{"@type":"Person","@id":"https:\/\/studia-wroclaw.pl\/#\/schema\/person\/50f212a057f8ab718194a85c9aecb4d5","name":"Karina Dycha\u0142a","image":{"@type":"ImageObject","inLanguage":"en-GB","@id":"https:\/\/secure.gravatar.com\/avatar\/09b8a8541625e267cf808bd7db9d6075406c3094f3ef7dd4a936673e9d896f6d?s=96&d=mm&r=g","url":"https:\/\/secure.gravatar.com\/avatar\/09b8a8541625e267cf808bd7db9d6075406c3094f3ef7dd4a936673e9d896f6d?s=96&d=mm&r=g","contentUrl":"https:\/\/secure.gravatar.com\/avatar\/09b8a8541625e267cf808bd7db9d6075406c3094f3ef7dd4a936673e9d896f6d?s=96&d=mm&r=g","caption":"Karina Dycha\u0142a"},"url":"https:\/\/studia-wroclaw.pl\/en\/author\/karina\/"}]}},"_links":{"self":[{"href":"https:\/\/studia-wroclaw.pl\/en\/wp-json\/wp\/v2\/posts\/13033","targetHints":{"allow":["GET"]}}],"collection":[{"href":"https:\/\/studia-wroclaw.pl\/en\/wp-json\/wp\/v2\/posts"}],"about":[{"href":"https:\/\/studia-wroclaw.pl\/en\/wp-json\/wp\/v2\/types\/post"}],"author":[{"embeddable":true,"href":"https:\/\/studia-wroclaw.pl\/en\/wp-json\/wp\/v2\/users\/36"}],"replies":[{"embeddable":true,"href":"https:\/\/studia-wroclaw.pl\/en\/wp-json\/wp\/v2\/comments?post=13033"}],"version-history":[{"count":1,"href":"https:\/\/studia-wroclaw.pl\/en\/wp-json\/wp\/v2\/posts\/13033\/revisions"}],"predecessor-version":[{"id":13035,"href":"https:\/\/studia-wroclaw.pl\/en\/wp-json\/wp\/v2\/posts\/13033\/revisions\/13035"}],"wp:featuredmedia":[{"embeddable":true,"href":"https:\/\/studia-wroclaw.pl\/en\/wp-json\/wp\/v2\/media\/13034"}],"wp:attachment":[{"href":"https:\/\/studia-wroclaw.pl\/en\/wp-json\/wp\/v2\/media?parent=13033"}],"wp:term":[{"taxonomy":"category","embeddable":true,"href":"https:\/\/studia-wroclaw.pl\/en\/wp-json\/wp\/v2\/categories?post=13033"},{"taxonomy":"post_tag","embeddable":true,"href":"https:\/\/studia-wroclaw.pl\/en\/wp-json\/wp\/v2\/tags?post=13033"}],"curies":[{"name":"wp","href":"https:\/\/api.w.org\/{rel}","templated":true}]}}