{"id":13036,"date":"2026-08-25T12:31:12","date_gmt":"2026-08-25T10:31:12","guid":{"rendered":"https:\/\/studia-wroclaw.pl\/?p=13036"},"modified":"2026-08-25T12:32:13","modified_gmt":"2026-08-25T10:32:13","slug":"bezpieczenstwo-zaczyna-sie-od-rozumienia-ludzi-i-kontekstu-wywiad-z-dr-magdalena-el-ghamari-ekspertka-wskz","status":"publish","type":"post","link":"https:\/\/studia-wroclaw.pl\/en\/bezpieczenstwo-zaczyna-sie-od-rozumienia-ludzi-i-kontekstu-wywiad-z-dr-magdalena-el-ghamari-ekspertka-wskz\/","title":{"rendered":"Bezpiecze\u0144stwo zaczyna si\u0119 od rozumienia ludzi i kontekstu. Wywiad z dr Magdalen\u0105 El Ghamari \u2013 ekspertk\u0105 WSKZ"},"content":{"rendered":"<p class=\"wp-block-paragraph\">Co sprawi\u0142o, \u017ce dr Magdalena El Ghamari zacz\u0119\u0142a patrze\u0107 na bezpiecze\u0144stwo szerzej ni\u017c tylko przez pryzmat dzia\u0142a\u0144 militarnych? Jak sama podkre\u015bla, <strong>wsp\u00f3\u0142czesnych zagro\u017ce\u0144 nie da si\u0119 zrozumie\u0107 bez uwzgl\u0119dnienia kultury, religii, to\u017csamo\u015bci, narracji i sposobu interpretowania rzeczywisto\u015bci przez ludzi<\/strong>. W naszym wywiadzie ekspertka WSKZ opowiada o swojej drodze zawodowej, badaniach nad radykalizacj\u0105 i dezinformacj\u0105 oraz kompetencjach, kt\u00f3re uwa\u017ca dzi\u015b za kluczowe dla os\u00f3b rozwijaj\u0105cych si\u0119 w obszarze bezpiecze\u0144stwa.<\/p>\n\n\n\n<h3 class=\"wp-block-heading\">Jak wygl\u0105da\u0142a Pani droga zawodowa i co sprawi\u0142o, \u017ce zainteresowa\u0142a si\u0119 Pani w\u0142a\u015bnie t\u0105 dziedzin\u0105? Czy by\u0142 moment, kt\u00f3ry mia\u0142 na to szczeg\u00f3lny wp\u0142yw?<\/h3>\n\n\n\n<p class=\"wp-block-paragraph\">Moja droga zawodowa od pocz\u0105tku rozwija\u0142a si\u0119 <strong>na styku nauki, bezpiecze\u0144stwa i praktyki<\/strong>. Jestem doktorem nauk spo\u0142ecznych w obszarze nauk o obronno\u015bci, ze specjalno\u015bci\u0105 w dziedzinie operacji i technik operacyjnych. R\u00f3wnolegle z dzia\u0142alno\u015bci\u0105 akademick\u0105 od 2009 roku prowadzi\u0142am szkolenia dla \u017co\u0142nierzy Polskich Kontyngent\u00f3w Wojskowych przygotowuj\u0105cych si\u0119 do misji w Afganistanie i Iraku.<\/p>\n\n\n\n<p class=\"wp-block-paragraph\">To w\u0142a\u015bnie tam, w pracy z lud\u017ami, kt\u00f3rzy za kilka tygodni mieli znale\u017a\u0107 si\u0119 w zupe\u0142nie odmiennym \u015brodowisku kulturowym, zrozumia\u0142am, \u017ce <strong>wsp\u00f3\u0142czesnych zagro\u017ce\u0144 nie da si\u0119 analizowa\u0107 wy\u0142\u0105cznie przez pryzmat dzia\u0142a\u0144 militarnych.<\/strong> R\u00f3wnie istotne s\u0105:<\/p>\n\n\n\n<ul class=\"wp-block-list\">\n<li>kultura;<\/li>\n\n\n\n<li>religia;<\/li>\n\n\n\n<li>to\u017csamo\u015b\u0107;<\/li>\n\n\n\n<li>narracje;<\/li>\n\n\n\n<li>spos\u00f3b, w jaki ludzie interpretuj\u0105 otaczaj\u0105c\u0105 ich rzeczywisto\u015b\u0107.<\/li>\n<\/ul>\n\n\n\n<p class=\"wp-block-paragraph\">Szczeg\u00f3lne znaczenie mia\u0142 dla mnie rok 2011 i szkolenia prowadzone dla si\u0142 NATO podczas planowania operacji libijskiej. Libia jest krajem moich korzeni, dlatego mog\u0142am po\u0142\u0105czy\u0107 wiedz\u0119 akademick\u0105 z autentycznym rozumieniem tego miejsca, jego historii i wewn\u0119trznej dynamiki. <strong>Wtedy ostatecznie przekona\u0142am si\u0119, \u017ce nauka ma najwi\u0119ksz\u0105 warto\u015b\u0107, gdy pomaga lepiej rozumie\u0107 rzeczywisto\u015b\u0107 i przek\u0142ada t\u0119 wiedz\u0119 na praktyczne rozwi\u0105zania dotycz\u0105ce bezpiecze\u0144stwa.<\/strong><\/p>\n\n\n\n<h3 class=\"wp-block-heading\">Jakimi zagadnieniami zajmuje si\u0119 Pani obecnie i kt\u00f3re z nich uwa\u017ca za najbardziej fascynuj\u0105ce?<\/h3>\n\n\n\n<p class=\"wp-block-paragraph\">Obecnie koncentruj\u0119 si\u0119 na bezpiecze\u0144stwie kulturowym \u2013 <strong>kieruj\u0119 Centrum Bada\u0144 nad Bezpiecze\u0144stwem Kulturowym w WSKZ \u2013 oraz na procesach radykalizacji i rekrutacji, terroryzmie, propagandzie i dezinformacji.<\/strong> Jako ekspertka EU Knowledge Hub on Prevention of Radicalisation przy Komisji Europejskiej oraz Akademickiego Centrum Analiz Strategicznych Akademii Sztuki Wojennej <strong>pracuj\u0119 na styku bada\u0144 i rekomendacji dla instytucji odpowiedzialnych za bezpiecze\u0144stwo \u2013 zar\u00f3wno polskich, jak i europejskich.<\/strong><\/p>\n\n\n\n<p class=\"wp-block-paragraph\">W ostatnich latach du\u017co miejsca po\u015bwi\u0119cam r\u00f3wnie\u017c dezinformacji. Przygotowywa\u0142am <strong>raporty dotycz\u0105ce rosyjskiej dezinformacji w Libii, Syrii i szerzej w regionie MENA<\/strong>, a tak\u017ce analizy po\u015bwi\u0119cone temu, jak Globalne Po\u0142udnie postrzega Polsk\u0119.<\/p>\n\n\n\n<p class=\"wp-block-paragraph\">Interesuje mnie r\u00f3wnie\u017c wp\u0142yw sztucznej inteligencji na bezpiecze\u0144stwo oraz rozw\u00f3j wojny kognitywnej. Najbardziej fascynuje mnie w\u0142a\u015bnie <strong>przestrze\u0144 pomi\u0119dzy kultur\u0105, technologi\u0105 i bezpiecze\u0144stwem<\/strong>. Coraz cz\u0119\u015bciej o skuteczno\u015bci oddzia\u0142ywania nie decyduje sama informacja, ale to, w jaki spos\u00f3b zostanie ona osadzona w emocjach, to\u017csamo\u015bci i istniej\u0105cych podzia\u0142ach spo\u0142ecznych.<\/p>\n\n\n\n<h3 class=\"wp-block-heading\">Czego studenci mog\u0105 nauczy\u0107 si\u0119 dzi\u0119ki Pani do\u015bwiadczeniu?<\/h3>\n\n\n\n<p class=\"wp-block-paragraph\">Przede wszystkim <strong>krytycznego i wielowymiarowego my\u015blenia oraz analizowania informacji w szerszym kontek\u015bcie<\/strong>. Od kilkunastu lat szkol\u0119:<\/p>\n\n\n\n<ul class=\"wp-block-list\">\n<li>funkcjonariuszy Stra\u017cy Granicznej, Policji i S\u0142u\u017cby Wi\u0119ziennej;<\/li>\n\n\n\n<li>\u017co\u0142nierzy Wojsk Obrony Terytorialnej;<\/li>\n\n\n\n<li>przedstawicieli struktur mi\u0119dzynarodowych, m.in. FRONTEX, CEPOL, KFOR, EULEX w Kosowie czy hiszpa\u0144skiej Guardia Civil.<\/li>\n<\/ul>\n\n\n\n<p class=\"wp-block-paragraph\">Na zaj\u0119cia przynosz\u0119 wi\u0119c nie tylko literatur\u0119, ale r\u00f3wnie\u017c realne studia przypadk\u00f3w. Analizujemy m.in. <strong>profilowanie powracaj\u0105cych bojownik\u00f3w, symbolik\u0119 werbunkow\u0105 organizacji terrorystycznych, radykalizacj\u0119 w zak\u0142adach karnych czy mechanizmy dezinformacji.<\/strong><\/p>\n\n\n\n<p class=\"wp-block-paragraph\">Chc\u0119 uczy\u0107 student\u00f3w <strong>analizy informacji, rozpoznawania manipulacji i pracy z r\u00f3\u017cnymi perspektywami kulturowymi.<\/strong> Wsp\u00f3\u0142czesny specjalista ds. bezpiecze\u0144stwa, administracji czy stosunk\u00f3w mi\u0119dzynarodowych musi potrafi\u0107 nie tylko zdobywa\u0107 informacje, ale przede wszystkim w\u0142a\u015bciwie je interpretowa\u0107.<\/p>\n\n\n\n<h3 class=\"wp-block-heading\">Z jakiego projektu, badania lub publikacji jest Pani najbardziej dumna i dlaczego?<\/h3>\n\n\n\n<p class=\"wp-block-paragraph\">Trudno wskaza\u0107 jedno przedsi\u0119wzi\u0119cie, poniewa\u017c ka\u017cdy etap mojej pracy by\u0142 cz\u0119\u015bci\u0105 wi\u0119kszej drogi naukowej. Szczeg\u00f3lne znaczenie maj\u0105 dla mnie <strong>monografie po\u015bwi\u0119cone radykalizacji i terroryzmowi<\/strong>, m.in. \u201eCool Jihad\u201d oraz \u201eMi\u0119dzy terroryzmem a radykalizacj\u0105. Specyfika dzia\u0142alno\u015bci organizacji Daesz\u201d. Wa\u017cna jest dla mnie r\u00f3wnie\u017c najnowsza praca nad raportem <strong>dotycz\u0105cym odporno\u015bci pa\u0144stwa na radykalizacj\u0119 i propagand\u0119 terrorystyczn\u0105<\/strong>, przygotowywanym z my\u015bl\u0105 o polskich s\u0142u\u017cbach, w szczeg\u00f3lno\u015bci S\u0142u\u017cbie Wi\u0119ziennej.<\/p>\n\n\n\n<p class=\"wp-block-paragraph\">Ceni\u0119 sobie r\u00f3wnie\u017c badania terenowe, kt\u00f3re pozwalaj\u0105 konfrontowa\u0107 teori\u0119 z rzeczywisto\u015bci\u0105 \u2013 <strong>jak analiza sytuacji kobiet powracaj\u0105cych z terytori\u00f3w Daesh, prowadzona m.in. podczas wizyt studyjnych w Kosowie, badania w libijskich obozach dla uchod\u017ac\u00f3w czy praca nad Libi\u0105 po Daesh.<\/strong> Wa\u017cnym do\u015bwiadczeniem jest tak\u017ce udzia\u0142 w mi\u0119dzynarodowych projektach badawczych \u2013 m.in. w programach Horyzont 2020 (DARE, INDEED, PARTICIPATION) \u2013 oraz publikacje w mi\u0119dzynarodowych wydawnictwach, takich jak Routledge, Palgrave Macmillan czy Springer. Rzeczywisto\u015b\u0107 niemal zawsze okazuje si\u0119 bardziej z\u0142o\u017cona ni\u017c modele opisuj\u0105ce j\u0105 w literaturze \u2013 i w\u0142a\u015bnie ta konfrontacja jest dla mnie najcenniejsza.<\/p>\n\n\n\n<h3 class=\"wp-block-heading\">Jakie wyzwania wyst\u0119puj\u0105 obecnie w Pani dziedzinie i kt\u00f3re z nich uwa\u017ca Pani za szczeg\u00f3lnie istotne?<\/h3>\n\n\n\n<p class=\"wp-block-paragraph\">Jednym z najwi\u0119kszych wyzwa\u0144 jest dzi\u015b tempo zmian. Technologie <strong>rozwijaj\u0105 si\u0119 szybciej ni\u017c mechanizmy, kt\u00f3re maj\u0105 s\u0142u\u017cy\u0107 ich regulowaniu i rozumieniu.<\/strong> Dotyczy to szczeg\u00f3lnie:<\/p>\n\n\n\n<ul class=\"wp-block-list\">\n<li>sztucznej inteligencji;<\/li>\n\n\n\n<li>dezinformacji;<\/li>\n\n\n\n<li>manipulacji informacyjnej;<\/li>\n\n\n\n<li>nowych sposob\u00f3w mobilizacji spo\u0142ecznej.\u00a0<\/li>\n<\/ul>\n\n\n\n<p class=\"wp-block-paragraph\">Widz\u0119 to bardzo wyra\u017anie w badaniach nad rosyjsk\u0105 dezinformacj\u0105 w regionie MENA \u2013 te same narracje, odpowiednio dostosowane kulturowo, potrafi\u0105 <strong>skutecznie kszta\u0142towa\u0107 postrzeganie Europy i Polski w zupe\u0142nie innych cz\u0119\u015bciach \u015bwiata.<\/strong><\/p>\n\n\n\n<p class=\"wp-block-paragraph\">Coraz wi\u0119kszym problemem jest r\u00f3wnie\u017c fragmentaryzacja przestrzeni informacyjnej. Ludzie mog\u0105 funkcjonowa\u0107 w zupe\u0142nie r\u00f3\u017cnych \u201eekosystemach informacyjnych\u201d i otrzymywa\u0107 odmienne wersje tych samych wydarze\u0144. W efekcie <strong>bezpiecze\u0144stwo coraz cz\u0119\u015bciej staje si\u0119 r\u00f3wnie\u017c kwesti\u0105 poznawcz\u0105<\/strong> \u2013 tego, komu wierzymy, jak interpretujemy rzeczywisto\u015b\u0107 i na podstawie jakich informacji podejmujemy decyzje. Dlatego coraz cz\u0119\u015bciej m\u00f3wimy dzi\u015b o bezpiecze\u0144stwie epistemicznym jako odr\u0119bnym wymiarze bezpiecze\u0144stwa pa\u0144stwa.<\/p>\n\n\n\n<h3 class=\"wp-block-heading\">Jakie kompetencje lub spos\u00f3b my\u015blenia s\u0105 dzi\u015b szczeg\u00f3lnie wa\u017cne dla os\u00f3b rozwijaj\u0105cych si\u0119 w tej dziedzinie?<\/h3>\n\n\n\n<p class=\"wp-block-paragraph\">Najwa\u017cniejsze s\u0105 ciekawo\u015b\u0107, krytyczne my\u015blenie i gotowo\u015b\u0107 do ci\u0105g\u0142ego uczenia si\u0119. W obszarze bezpiecze\u0144stwa nie <strong>mo\u017cna opiera\u0107 si\u0119 wy\u0142\u0105cznie na wiedzy zdobytej kilka czy kilkana\u015bcie lat temu.<\/strong><\/p>\n\n\n\n<p class=\"wp-block-paragraph\">Bardzo wa\u017cna jest r\u00f3wnie\u017c <strong>umiej\u0119tno\u015b\u0107 \u0142\u0105czenia perspektyw.<\/strong> Specjalista przysz\u0142o\u015bci powinien rozumie\u0107 nie tylko polityk\u0119 czy bezpiecze\u0144stwo, ale tak\u017ce:<\/p>\n\n\n\n<ul class=\"wp-block-list\">\n<li>kultur\u0119;<\/li>\n\n\n\n<li>psychologi\u0119 spo\u0142eczn\u0105;<\/li>\n\n\n\n<li>komunikacj\u0119;<\/li>\n\n\n\n<li>technologie;<\/li>\n\n\n\n<li>mechanizmy funkcjonowania wsp\u00f3\u0142czesnych spo\u0142ecze\u0144stw.\u00a0<\/li>\n<\/ul>\n\n\n\n<p class=\"wp-block-paragraph\">Szczeg\u00f3lnie istotna staje si\u0119 tak\u017ce kompetencja mi\u0119dzykulturowa \u2013 <strong>umiej\u0119tno\u015b\u0107 rozumienia innych system\u00f3w warto\u015bci bez upraszczania ich do w\u0142asnych kategorii.<\/strong> Wiem z do\u015bwiadczenia pracy w \u015brodowiskach wysokiego ryzyka, \u017ce to w\u0142a\u015bnie ta kompetencja cz\u0119sto <strong>decyduje o powodzeniu operacji, negocjacji czy zwyk\u0142ej wsp\u00f3\u0142pracy.<\/strong><\/p>\n\n\n\n<h3 class=\"wp-block-heading\">Dlaczego po\u0142\u0105czenie praktyki zawodowej z dzia\u0142alno\u015bci\u0105 naukow\u0105 jest wa\u017cne dla student\u00f3w?<\/h3>\n\n\n\n<p class=\"wp-block-paragraph\">Poniewa\u017c <strong>sama teoria nie zawsze wystarcza do zrozumienia rzeczywisto\u015bci<\/strong>. Praktyka pozwala zobaczy\u0107, jak modele, poj\u0119cia i mechanizmy opisane w literaturze dzia\u0142aj\u0105 w rzeczywistych warunkach oraz gdzie przestaj\u0105 by\u0107 wystarczaj\u0105ce. Przekona\u0142am si\u0119 o tym podczas szkole\u0144 kontyngent\u00f3w wojskowych, pracy z funkcjonariuszami s\u0142u\u017cb, misji w Kosowie czy bada\u0144 prowadzonych w regionie MENA. Jednocze\u015bnie sama praktyka, pozbawiona naukowej refleksji, <strong>mo\u017ce prowadzi\u0107 do zbyt daleko id\u0105cych uproszcze\u0144.<\/strong><\/p>\n\n\n\n<p class=\"wp-block-paragraph\">Dlatego najlepsze efekty daje <strong>po\u0142\u0105czenie perspektyw<\/strong>. Student powinien otrzyma\u0107 nie tylko wiedz\u0119, ale r\u00f3wnie\u017c narz\u0119dzia do jej samodzielnego weryfikowania i zastosowania \u2013 i dok\u0142adnie taki model pracy staram si\u0119 realizowa\u0107 na zaj\u0119ciach.<\/p>\n\n\n\n<h3 class=\"wp-block-heading\">Co poza dzia\u0142alno\u015bci\u0105 naukow\u0105 lub zawodow\u0105 inspiruje Pani\u0105 na co dzie\u0144?<\/h3>\n\n\n\n<p class=\"wp-block-paragraph\">Inspiruj\u0105 mnie przede wszystkim <strong>podr\u00f3\u017ce, spotkania z lud\u017ami i mo\u017cliwo\u015b\u0107 poznawania innych kultur<\/strong>. Wychowa\u0142am si\u0119 na styku dw\u00f3ch \u015bwiat\u00f3w \u2013 polskiego i libijskiego \u2013 dlatego szczeg\u00f3lnie interesuj\u0105 mnie miejsca, w kt\u00f3rych historia, religia, sztuka i wsp\u00f3\u0142czesno\u015b\u0107 funkcjonuj\u0105 obok siebie i wzajemnie na siebie oddzia\u0142uj\u0105.<\/p>\n\n\n\n<p class=\"wp-block-paragraph\">Du\u017co ucz\u0119 si\u0119 r\u00f3wnie\u017c poza akademi\u0105 \u2013 poprzez obserwowanie ludzi, rozmowy i sytuacje, kt\u00f3re pocz\u0105tkowo mog\u0105 wydawa\u0107 si\u0119 niezwi\u0105zane z moj\u0105 dzia\u0142alno\u015bci\u0105 naukow\u0105. Cz\u0119sto w\u0142a\u015bnie wtedy pojawiaj\u0105 si\u0119 pytania, kt\u00f3re p\u00f3\u017aniej <strong>staj\u0105 si\u0119 pocz\u0105tkiem nowych temat\u00f3w badawczych.<\/strong><\/p>\n\n\n\n<p class=\"wp-block-paragraph\">Wa\u017cnym \u017ar\u00f3d\u0142em inspiracji pozostaje r\u00f3wnie\u017c dzia\u0142alno\u015b\u0107 spo\u0142eczna w ramach Fundacji El Karama, kt\u00f3r\u0105 za\u0142o\u017cy\u0142am w 2016 roku. <strong>Przypomina mi ona, \u017ce za ka\u017cdym zjawiskiem, kt\u00f3re analizujemy naukowo, stoj\u0105 konkretni ludzie i ich historie.<\/strong><\/p>\n\n\n\n<h2 class=\"wp-block-heading\">Zag\u0142osuj na dr Magdalen\u0119 El Ghamari w plebiscycie Wyk\u0142adowca Roku<\/h2>\n\n\n\n<p class=\"wp-block-paragraph\">\u0141\u0105czenie wiedzy akademickiej z do\u015bwiadczeniem zdobywanym podczas pracy ze s\u0142u\u017cbami, organizacjami mi\u0119dzynarodowymi i w \u015brodowiskach wielokulturowych pozwala dr Magdalenie El Ghamari przedstawia\u0107 zagadnienia bezpiecze\u0144stwa z wielu perspektyw. W pracy ze studentami szczeg\u00f3ln\u0105 wag\u0119 przywi\u0105zuje do <strong>krytycznego my\u015blenia, \u015bwiadomej analizy informacji oraz rozumienia kulturowego kontekstu wsp\u00f3\u0142czesnych zagro\u017ce\u0144<\/strong>.<\/p>\n\n\n\n<p class=\"wp-block-paragraph\">Je\u015bli cenisz jej podej\u015bcie do nauczania, interdyscyplinarne spojrzenie na bezpiecze\u0144stwo oraz zaanga\u017cowanie w rozw\u00f3j student\u00f3w, <strong>oddaj sw\u00f3j g\u0142os na dr Magdalen\u0119 El Ghamari w plebiscycie <a href=\"https:\/\/wykladowcaroku.pl\/\"><mark style=\"background-color:rgba(0, 0, 0, 0)\" class=\"has-inline-color has-vivid-cyan-blue-color\">Wyk\u0142adowca Roku<\/mark><\/a><\/strong>.<\/p>\n\n\n\n<p class=\"wp-block-paragraph\"><\/p>","protected":false},"excerpt":{"rendered":"<p>Co sprawi\u0142o, \u017ce dr Magdalena El Ghamari zacz\u0119\u0142a patrze\u0107 na bezpiecze\u0144stwo szerzej ni\u017c tylko przez pryzmat dzia\u0142a\u0144 militarnych? Jak sama podkre\u015bla, wsp\u00f3\u0142czesnych zagro\u017ce\u0144 nie da si\u0119 zrozumie\u0107 bez uwzgl\u0119dnienia kultury, religii, to\u017csamo\u015bci, narracji i sposobu interpretowania rzeczywisto\u015bci przez ludzi. W naszym wywiadzie ekspertka WSKZ opowiada o swojej drodze zawodowej, badaniach nad radykalizacj\u0105 i dezinformacj\u0105 oraz [&hellip;]<\/p>\n","protected":false},"author":36,"featured_media":13037,"comment_status":"open","ping_status":"open","sticky":false,"template":"","format":"standard","meta":{"om_disable_all_campaigns":false,"footnotes":""},"categories":[50],"tags":[],"class_list":["post-13036","post","type-post","status-publish","format-standard","has-post-thumbnail","hentry","category-aktualnosci"],"yoast_head":"<!-- This site is optimized with the Yoast SEO plugin v28.1 - https:\/\/yoast.com\/product\/yoast-seo-wordpress\/ -->\n<title>Bezpiecze\u0144stwo zaczyna si\u0119 od rozumienia ludzi i kontekstu. Wywiad z dr Magdalen\u0105 El Ghamari \u2013 ekspertk\u0105 WSKZ - Studia Wroc\u0142aw<\/title>\n<meta name=\"robots\" content=\"index, follow, max-snippet:-1, max-image-preview:large, max-video-preview:-1\" \/>\n<link rel=\"canonical\" href=\"https:\/\/studia-wroclaw.pl\/en\/bezpieczenstwo-zaczyna-sie-od-rozumienia-ludzi-i-kontekstu-wywiad-z-dr-magdalena-el-ghamari-ekspertka-wskz\/\" \/>\n<meta property=\"og:locale\" content=\"en_GB\" \/>\n<meta property=\"og:type\" content=\"article\" \/>\n<meta property=\"og:title\" content=\"Bezpiecze\u0144stwo zaczyna si\u0119 od rozumienia ludzi i kontekstu. Wywiad z dr Magdalen\u0105 El Ghamari \u2013 ekspertk\u0105 WSKZ - Studia Wroc\u0142aw\" \/>\n<meta property=\"og:description\" content=\"Co sprawi\u0142o, \u017ce dr Magdalena El Ghamari zacz\u0119\u0142a patrze\u0107 na bezpiecze\u0144stwo szerzej ni\u017c tylko przez pryzmat dzia\u0142a\u0144 militarnych? Jak sama podkre\u015bla, wsp\u00f3\u0142czesnych zagro\u017ce\u0144 nie da si\u0119 zrozumie\u0107 bez uwzgl\u0119dnienia kultury, religii, to\u017csamo\u015bci, narracji i sposobu interpretowania rzeczywisto\u015bci przez ludzi. W naszym wywiadzie ekspertka WSKZ opowiada o swojej drodze zawodowej, badaniach nad radykalizacj\u0105 i dezinformacj\u0105 oraz [&hellip;]\" \/>\n<meta property=\"og:url\" content=\"https:\/\/studia-wroclaw.pl\/en\/bezpieczenstwo-zaczyna-sie-od-rozumienia-ludzi-i-kontekstu-wywiad-z-dr-magdalena-el-ghamari-ekspertka-wskz\/\" \/>\n<meta property=\"og:site_name\" content=\"Studia Wroc\u0142aw\" \/>\n<meta property=\"article:published_time\" content=\"2026-08-25T10:31:12+00:00\" \/>\n<meta property=\"article:modified_time\" content=\"2026-08-25T10:32:13+00:00\" \/>\n<meta property=\"og:image\" content=\"https:\/\/studia-wroclaw.pl\/wp-content\/uploads\/2026\/08\/Wykladowca-Roku-2026-El-Ghamari-e1787653921106.jpg\" \/>\n\t<meta property=\"og:image:width\" content=\"1814\" \/>\n\t<meta property=\"og:image:height\" content=\"900\" \/>\n\t<meta property=\"og:image:type\" content=\"image\/jpeg\" \/>\n<meta name=\"author\" content=\"Karina Dycha\u0142a\" \/>\n<meta name=\"twitter:card\" content=\"summary_large_image\" \/>\n<meta name=\"twitter:label1\" content=\"Written by\" \/>\n\t<meta name=\"twitter:data1\" content=\"Karina Dycha\u0142a\" \/>\n\t<meta name=\"twitter:label2\" content=\"Estimated reading time\" \/>\n\t<meta name=\"twitter:data2\" content=\"8 minutes\" \/>\n<script type=\"application\/ld+json\" class=\"yoast-schema-graph\">{\"@context\":\"https:\\\/\\\/schema.org\",\"@graph\":[{\"@type\":\"Article\",\"@id\":\"https:\\\/\\\/studia-wroclaw.pl\\\/bezpieczenstwo-zaczyna-sie-od-rozumienia-ludzi-i-kontekstu-wywiad-z-dr-magdalena-el-ghamari-ekspertka-wskz\\\/#article\",\"isPartOf\":{\"@id\":\"https:\\\/\\\/studia-wroclaw.pl\\\/bezpieczenstwo-zaczyna-sie-od-rozumienia-ludzi-i-kontekstu-wywiad-z-dr-magdalena-el-ghamari-ekspertka-wskz\\\/\"},\"author\":{\"name\":\"Karina Dycha\u0142a\",\"@id\":\"https:\\\/\\\/studia-wroclaw.pl\\\/#\\\/schema\\\/person\\\/50f212a057f8ab718194a85c9aecb4d5\"},\"headline\":\"Bezpiecze\u0144stwo zaczyna si\u0119 od rozumienia ludzi i kontekstu. Wywiad z dr Magdalen\u0105 El Ghamari \u2013 ekspertk\u0105 WSKZ\",\"datePublished\":\"2026-08-25T10:31:12+00:00\",\"dateModified\":\"2026-08-25T10:32:13+00:00\",\"mainEntityOfPage\":{\"@id\":\"https:\\\/\\\/studia-wroclaw.pl\\\/bezpieczenstwo-zaczyna-sie-od-rozumienia-ludzi-i-kontekstu-wywiad-z-dr-magdalena-el-ghamari-ekspertka-wskz\\\/\"},\"wordCount\":1560,\"commentCount\":0,\"image\":{\"@id\":\"https:\\\/\\\/studia-wroclaw.pl\\\/bezpieczenstwo-zaczyna-sie-od-rozumienia-ludzi-i-kontekstu-wywiad-z-dr-magdalena-el-ghamari-ekspertka-wskz\\\/#primaryimage\"},\"thumbnailUrl\":\"https:\\\/\\\/studia-wroclaw.pl\\\/wp-content\\\/uploads\\\/2026\\\/08\\\/Wykladowca-Roku-2026-El-Ghamari-e1787653921106.jpg\",\"articleSection\":[\"Aktualno\u015bci\"],\"inLanguage\":\"en-GB\",\"potentialAction\":[{\"@type\":\"CommentAction\",\"name\":\"Comment\",\"target\":[\"https:\\\/\\\/studia-wroclaw.pl\\\/bezpieczenstwo-zaczyna-sie-od-rozumienia-ludzi-i-kontekstu-wywiad-z-dr-magdalena-el-ghamari-ekspertka-wskz\\\/#respond\"]}]},{\"@type\":\"WebPage\",\"@id\":\"https:\\\/\\\/studia-wroclaw.pl\\\/bezpieczenstwo-zaczyna-sie-od-rozumienia-ludzi-i-kontekstu-wywiad-z-dr-magdalena-el-ghamari-ekspertka-wskz\\\/\",\"url\":\"https:\\\/\\\/studia-wroclaw.pl\\\/bezpieczenstwo-zaczyna-sie-od-rozumienia-ludzi-i-kontekstu-wywiad-z-dr-magdalena-el-ghamari-ekspertka-wskz\\\/\",\"name\":\"Bezpiecze\u0144stwo zaczyna si\u0119 od rozumienia ludzi i kontekstu. Wywiad z dr Magdalen\u0105 El Ghamari \u2013 ekspertk\u0105 WSKZ - Studia Wroc\u0142aw\",\"isPartOf\":{\"@id\":\"https:\\\/\\\/studia-wroclaw.pl\\\/#website\"},\"primaryImageOfPage\":{\"@id\":\"https:\\\/\\\/studia-wroclaw.pl\\\/bezpieczenstwo-zaczyna-sie-od-rozumienia-ludzi-i-kontekstu-wywiad-z-dr-magdalena-el-ghamari-ekspertka-wskz\\\/#primaryimage\"},\"image\":{\"@id\":\"https:\\\/\\\/studia-wroclaw.pl\\\/bezpieczenstwo-zaczyna-sie-od-rozumienia-ludzi-i-kontekstu-wywiad-z-dr-magdalena-el-ghamari-ekspertka-wskz\\\/#primaryimage\"},\"thumbnailUrl\":\"https:\\\/\\\/studia-wroclaw.pl\\\/wp-content\\\/uploads\\\/2026\\\/08\\\/Wykladowca-Roku-2026-El-Ghamari-e1787653921106.jpg\",\"datePublished\":\"2026-08-25T10:31:12+00:00\",\"dateModified\":\"2026-08-25T10:32:13+00:00\",\"author\":{\"@id\":\"https:\\\/\\\/studia-wroclaw.pl\\\/#\\\/schema\\\/person\\\/50f212a057f8ab718194a85c9aecb4d5\"},\"breadcrumb\":{\"@id\":\"https:\\\/\\\/studia-wroclaw.pl\\\/bezpieczenstwo-zaczyna-sie-od-rozumienia-ludzi-i-kontekstu-wywiad-z-dr-magdalena-el-ghamari-ekspertka-wskz\\\/#breadcrumb\"},\"inLanguage\":\"en-GB\",\"potentialAction\":[{\"@type\":\"ReadAction\",\"target\":[\"https:\\\/\\\/studia-wroclaw.pl\\\/bezpieczenstwo-zaczyna-sie-od-rozumienia-ludzi-i-kontekstu-wywiad-z-dr-magdalena-el-ghamari-ekspertka-wskz\\\/\"]}]},{\"@type\":\"ImageObject\",\"inLanguage\":\"en-GB\",\"@id\":\"https:\\\/\\\/studia-wroclaw.pl\\\/bezpieczenstwo-zaczyna-sie-od-rozumienia-ludzi-i-kontekstu-wywiad-z-dr-magdalena-el-ghamari-ekspertka-wskz\\\/#primaryimage\",\"url\":\"https:\\\/\\\/studia-wroclaw.pl\\\/wp-content\\\/uploads\\\/2026\\\/08\\\/Wykladowca-Roku-2026-El-Ghamari-e1787653921106.jpg\",\"contentUrl\":\"https:\\\/\\\/studia-wroclaw.pl\\\/wp-content\\\/uploads\\\/2026\\\/08\\\/Wykladowca-Roku-2026-El-Ghamari-e1787653921106.jpg\",\"width\":1814,\"height\":900,\"caption\":\"Wyk\u0142adowca Roku 2026 El Ghamari\"},{\"@type\":\"BreadcrumbList\",\"@id\":\"https:\\\/\\\/studia-wroclaw.pl\\\/bezpieczenstwo-zaczyna-sie-od-rozumienia-ludzi-i-kontekstu-wywiad-z-dr-magdalena-el-ghamari-ekspertka-wskz\\\/#breadcrumb\",\"itemListElement\":[{\"@type\":\"ListItem\",\"position\":1,\"name\":\"Strona g\u0142\u00f3wna\",\"item\":\"https:\\\/\\\/studia-wroclaw.pl\\\/\"},{\"@type\":\"ListItem\",\"position\":2,\"name\":\"Bezpiecze\u0144stwo zaczyna si\u0119 od rozumienia ludzi i kontekstu. Wywiad z dr Magdalen\u0105 El Ghamari \u2013 ekspertk\u0105 WSKZ\"}]},{\"@type\":\"WebSite\",\"@id\":\"https:\\\/\\\/studia-wroclaw.pl\\\/#website\",\"url\":\"https:\\\/\\\/studia-wroclaw.pl\\\/\",\"name\":\"Studia Wroc\u0142aw\",\"description\":\"\",\"potentialAction\":[{\"@type\":\"SearchAction\",\"target\":{\"@type\":\"EntryPoint\",\"urlTemplate\":\"https:\\\/\\\/studia-wroclaw.pl\\\/?s={search_term_string}\"},\"query-input\":{\"@type\":\"PropertyValueSpecification\",\"valueRequired\":true,\"valueName\":\"search_term_string\"}}],\"inLanguage\":\"en-GB\"},{\"@type\":\"Person\",\"@id\":\"https:\\\/\\\/studia-wroclaw.pl\\\/#\\\/schema\\\/person\\\/50f212a057f8ab718194a85c9aecb4d5\",\"name\":\"Karina Dycha\u0142a\",\"image\":{\"@type\":\"ImageObject\",\"inLanguage\":\"en-GB\",\"@id\":\"https:\\\/\\\/secure.gravatar.com\\\/avatar\\\/09b8a8541625e267cf808bd7db9d6075406c3094f3ef7dd4a936673e9d896f6d?s=96&d=mm&r=g\",\"url\":\"https:\\\/\\\/secure.gravatar.com\\\/avatar\\\/09b8a8541625e267cf808bd7db9d6075406c3094f3ef7dd4a936673e9d896f6d?s=96&d=mm&r=g\",\"contentUrl\":\"https:\\\/\\\/secure.gravatar.com\\\/avatar\\\/09b8a8541625e267cf808bd7db9d6075406c3094f3ef7dd4a936673e9d896f6d?s=96&d=mm&r=g\",\"caption\":\"Karina Dycha\u0142a\"},\"url\":\"https:\\\/\\\/studia-wroclaw.pl\\\/en\\\/author\\\/karina\\\/\"}]}<\/script>\n<!-- \/ Yoast SEO plugin. -->","yoast_head_json":{"title":"Bezpiecze\u0144stwo zaczyna si\u0119 od rozumienia ludzi i kontekstu. Wywiad z dr Magdalen\u0105 El Ghamari \u2013 ekspertk\u0105 WSKZ - Studia Wroc\u0142aw","robots":{"index":"index","follow":"follow","max-snippet":"max-snippet:-1","max-image-preview":"max-image-preview:large","max-video-preview":"max-video-preview:-1"},"canonical":"https:\/\/studia-wroclaw.pl\/en\/bezpieczenstwo-zaczyna-sie-od-rozumienia-ludzi-i-kontekstu-wywiad-z-dr-magdalena-el-ghamari-ekspertka-wskz\/","og_locale":"en_GB","og_type":"article","og_title":"Bezpiecze\u0144stwo zaczyna si\u0119 od rozumienia ludzi i kontekstu. Wywiad z dr Magdalen\u0105 El Ghamari \u2013 ekspertk\u0105 WSKZ - Studia Wroc\u0142aw","og_description":"Co sprawi\u0142o, \u017ce dr Magdalena El Ghamari zacz\u0119\u0142a patrze\u0107 na bezpiecze\u0144stwo szerzej ni\u017c tylko przez pryzmat dzia\u0142a\u0144 militarnych? Jak sama podkre\u015bla, wsp\u00f3\u0142czesnych zagro\u017ce\u0144 nie da si\u0119 zrozumie\u0107 bez uwzgl\u0119dnienia kultury, religii, to\u017csamo\u015bci, narracji i sposobu interpretowania rzeczywisto\u015bci przez ludzi. W naszym wywiadzie ekspertka WSKZ opowiada o swojej drodze zawodowej, badaniach nad radykalizacj\u0105 i dezinformacj\u0105 oraz [&hellip;]","og_url":"https:\/\/studia-wroclaw.pl\/en\/bezpieczenstwo-zaczyna-sie-od-rozumienia-ludzi-i-kontekstu-wywiad-z-dr-magdalena-el-ghamari-ekspertka-wskz\/","og_site_name":"Studia Wroc\u0142aw","article_published_time":"2026-08-25T10:31:12+00:00","article_modified_time":"2026-08-25T10:32:13+00:00","og_image":[{"width":1814,"height":900,"url":"https:\/\/studia-wroclaw.pl\/wp-content\/uploads\/2026\/08\/Wykladowca-Roku-2026-El-Ghamari-e1787653921106.jpg","type":"image\/jpeg"}],"author":"Karina Dycha\u0142a","twitter_card":"summary_large_image","twitter_misc":{"Written by":"Karina Dycha\u0142a","Estimated reading time":"8 minutes"},"schema":{"@context":"https:\/\/schema.org","@graph":[{"@type":"Article","@id":"https:\/\/studia-wroclaw.pl\/bezpieczenstwo-zaczyna-sie-od-rozumienia-ludzi-i-kontekstu-wywiad-z-dr-magdalena-el-ghamari-ekspertka-wskz\/#article","isPartOf":{"@id":"https:\/\/studia-wroclaw.pl\/bezpieczenstwo-zaczyna-sie-od-rozumienia-ludzi-i-kontekstu-wywiad-z-dr-magdalena-el-ghamari-ekspertka-wskz\/"},"author":{"name":"Karina Dycha\u0142a","@id":"https:\/\/studia-wroclaw.pl\/#\/schema\/person\/50f212a057f8ab718194a85c9aecb4d5"},"headline":"Bezpiecze\u0144stwo zaczyna si\u0119 od rozumienia ludzi i kontekstu. Wywiad z dr Magdalen\u0105 El Ghamari \u2013 ekspertk\u0105 WSKZ","datePublished":"2026-08-25T10:31:12+00:00","dateModified":"2026-08-25T10:32:13+00:00","mainEntityOfPage":{"@id":"https:\/\/studia-wroclaw.pl\/bezpieczenstwo-zaczyna-sie-od-rozumienia-ludzi-i-kontekstu-wywiad-z-dr-magdalena-el-ghamari-ekspertka-wskz\/"},"wordCount":1560,"commentCount":0,"image":{"@id":"https:\/\/studia-wroclaw.pl\/bezpieczenstwo-zaczyna-sie-od-rozumienia-ludzi-i-kontekstu-wywiad-z-dr-magdalena-el-ghamari-ekspertka-wskz\/#primaryimage"},"thumbnailUrl":"https:\/\/studia-wroclaw.pl\/wp-content\/uploads\/2026\/08\/Wykladowca-Roku-2026-El-Ghamari-e1787653921106.jpg","articleSection":["Aktualno\u015bci"],"inLanguage":"en-GB","potentialAction":[{"@type":"CommentAction","name":"Comment","target":["https:\/\/studia-wroclaw.pl\/bezpieczenstwo-zaczyna-sie-od-rozumienia-ludzi-i-kontekstu-wywiad-z-dr-magdalena-el-ghamari-ekspertka-wskz\/#respond"]}]},{"@type":"WebPage","@id":"https:\/\/studia-wroclaw.pl\/bezpieczenstwo-zaczyna-sie-od-rozumienia-ludzi-i-kontekstu-wywiad-z-dr-magdalena-el-ghamari-ekspertka-wskz\/","url":"https:\/\/studia-wroclaw.pl\/bezpieczenstwo-zaczyna-sie-od-rozumienia-ludzi-i-kontekstu-wywiad-z-dr-magdalena-el-ghamari-ekspertka-wskz\/","name":"Bezpiecze\u0144stwo zaczyna si\u0119 od rozumienia ludzi i kontekstu. Wywiad z dr Magdalen\u0105 El Ghamari \u2013 ekspertk\u0105 WSKZ - Studia Wroc\u0142aw","isPartOf":{"@id":"https:\/\/studia-wroclaw.pl\/#website"},"primaryImageOfPage":{"@id":"https:\/\/studia-wroclaw.pl\/bezpieczenstwo-zaczyna-sie-od-rozumienia-ludzi-i-kontekstu-wywiad-z-dr-magdalena-el-ghamari-ekspertka-wskz\/#primaryimage"},"image":{"@id":"https:\/\/studia-wroclaw.pl\/bezpieczenstwo-zaczyna-sie-od-rozumienia-ludzi-i-kontekstu-wywiad-z-dr-magdalena-el-ghamari-ekspertka-wskz\/#primaryimage"},"thumbnailUrl":"https:\/\/studia-wroclaw.pl\/wp-content\/uploads\/2026\/08\/Wykladowca-Roku-2026-El-Ghamari-e1787653921106.jpg","datePublished":"2026-08-25T10:31:12+00:00","dateModified":"2026-08-25T10:32:13+00:00","author":{"@id":"https:\/\/studia-wroclaw.pl\/#\/schema\/person\/50f212a057f8ab718194a85c9aecb4d5"},"breadcrumb":{"@id":"https:\/\/studia-wroclaw.pl\/bezpieczenstwo-zaczyna-sie-od-rozumienia-ludzi-i-kontekstu-wywiad-z-dr-magdalena-el-ghamari-ekspertka-wskz\/#breadcrumb"},"inLanguage":"en-GB","potentialAction":[{"@type":"ReadAction","target":["https:\/\/studia-wroclaw.pl\/bezpieczenstwo-zaczyna-sie-od-rozumienia-ludzi-i-kontekstu-wywiad-z-dr-magdalena-el-ghamari-ekspertka-wskz\/"]}]},{"@type":"ImageObject","inLanguage":"en-GB","@id":"https:\/\/studia-wroclaw.pl\/bezpieczenstwo-zaczyna-sie-od-rozumienia-ludzi-i-kontekstu-wywiad-z-dr-magdalena-el-ghamari-ekspertka-wskz\/#primaryimage","url":"https:\/\/studia-wroclaw.pl\/wp-content\/uploads\/2026\/08\/Wykladowca-Roku-2026-El-Ghamari-e1787653921106.jpg","contentUrl":"https:\/\/studia-wroclaw.pl\/wp-content\/uploads\/2026\/08\/Wykladowca-Roku-2026-El-Ghamari-e1787653921106.jpg","width":1814,"height":900,"caption":"Wyk\u0142adowca Roku 2026 El Ghamari"},{"@type":"BreadcrumbList","@id":"https:\/\/studia-wroclaw.pl\/bezpieczenstwo-zaczyna-sie-od-rozumienia-ludzi-i-kontekstu-wywiad-z-dr-magdalena-el-ghamari-ekspertka-wskz\/#breadcrumb","itemListElement":[{"@type":"ListItem","position":1,"name":"Strona g\u0142\u00f3wna","item":"https:\/\/studia-wroclaw.pl\/"},{"@type":"ListItem","position":2,"name":"Bezpiecze\u0144stwo zaczyna si\u0119 od rozumienia ludzi i kontekstu. Wywiad z dr Magdalen\u0105 El Ghamari \u2013 ekspertk\u0105 WSKZ"}]},{"@type":"WebSite","@id":"https:\/\/studia-wroclaw.pl\/#website","url":"https:\/\/studia-wroclaw.pl\/","name":"Studies Wroclaw","description":"","potentialAction":[{"@type":"SearchAction","target":{"@type":"EntryPoint","urlTemplate":"https:\/\/studia-wroclaw.pl\/?s={search_term_string}"},"query-input":{"@type":"PropertyValueSpecification","valueRequired":true,"valueName":"search_term_string"}}],"inLanguage":"en-GB"},{"@type":"Person","@id":"https:\/\/studia-wroclaw.pl\/#\/schema\/person\/50f212a057f8ab718194a85c9aecb4d5","name":"Karina Dycha\u0142a","image":{"@type":"ImageObject","inLanguage":"en-GB","@id":"https:\/\/secure.gravatar.com\/avatar\/09b8a8541625e267cf808bd7db9d6075406c3094f3ef7dd4a936673e9d896f6d?s=96&d=mm&r=g","url":"https:\/\/secure.gravatar.com\/avatar\/09b8a8541625e267cf808bd7db9d6075406c3094f3ef7dd4a936673e9d896f6d?s=96&d=mm&r=g","contentUrl":"https:\/\/secure.gravatar.com\/avatar\/09b8a8541625e267cf808bd7db9d6075406c3094f3ef7dd4a936673e9d896f6d?s=96&d=mm&r=g","caption":"Karina Dycha\u0142a"},"url":"https:\/\/studia-wroclaw.pl\/en\/author\/karina\/"}]}},"_links":{"self":[{"href":"https:\/\/studia-wroclaw.pl\/en\/wp-json\/wp\/v2\/posts\/13036","targetHints":{"allow":["GET"]}}],"collection":[{"href":"https:\/\/studia-wroclaw.pl\/en\/wp-json\/wp\/v2\/posts"}],"about":[{"href":"https:\/\/studia-wroclaw.pl\/en\/wp-json\/wp\/v2\/types\/post"}],"author":[{"embeddable":true,"href":"https:\/\/studia-wroclaw.pl\/en\/wp-json\/wp\/v2\/users\/36"}],"replies":[{"embeddable":true,"href":"https:\/\/studia-wroclaw.pl\/en\/wp-json\/wp\/v2\/comments?post=13036"}],"version-history":[{"count":1,"href":"https:\/\/studia-wroclaw.pl\/en\/wp-json\/wp\/v2\/posts\/13036\/revisions"}],"predecessor-version":[{"id":13038,"href":"https:\/\/studia-wroclaw.pl\/en\/wp-json\/wp\/v2\/posts\/13036\/revisions\/13038"}],"wp:featuredmedia":[{"embeddable":true,"href":"https:\/\/studia-wroclaw.pl\/en\/wp-json\/wp\/v2\/media\/13037"}],"wp:attachment":[{"href":"https:\/\/studia-wroclaw.pl\/en\/wp-json\/wp\/v2\/media?parent=13036"}],"wp:term":[{"taxonomy":"category","embeddable":true,"href":"https:\/\/studia-wroclaw.pl\/en\/wp-json\/wp\/v2\/categories?post=13036"},{"taxonomy":"post_tag","embeddable":true,"href":"https:\/\/studia-wroclaw.pl\/en\/wp-json\/wp\/v2\/tags?post=13036"}],"curies":[{"name":"wp","href":"https:\/\/api.w.org\/{rel}","templated":true}]}}