{"id":13039,"date":"2026-08-25T12:52:54","date_gmt":"2026-08-25T10:52:54","guid":{"rendered":"https:\/\/studia-wroclaw.pl\/?p=13039"},"modified":"2026-08-25T12:52:56","modified_gmt":"2026-08-25T10:52:56","slug":"miedzy-empatia-a-krytycznym-mysleniem-wywiad-z-mgr-marta-swiatek-prycik-ekspertka-wskz","status":"publish","type":"post","link":"https:\/\/studia-wroclaw.pl\/en\/miedzy-empatia-a-krytycznym-mysleniem-wywiad-z-mgr-marta-swiatek-prycik-ekspertka-wskz\/","title":{"rendered":"Mi\u0119dzy empati\u0105 a krytycznym my\u015bleniem. Wywiad z mgr Mart\u0105 \u015awi\u0105tek-Prycik \u2013 ekspertk\u0105 WSKZ"},"content":{"rendered":"<p class=\"wp-block-paragraph\">Co sprawi\u0142o, \u017ce mgr Marta \u015awi\u0105tek-Prycik zwi\u0105za\u0142a swoj\u0105 drog\u0119 zawodow\u0105 z psychologi\u0105 i prac\u0105 z osobami w kryzysie? Jak sama podkre\u015bla, <strong>najwa\u017cniejsze pytania pojawiaj\u0105 si\u0119 w bezpo\u015brednim kontakcie z cz\u0142owiekiem, jego emocjami, do\u015bwiadczeniami i sposobem radzenia sobie z trudno\u015bciami<\/strong>. Zapraszamy do lektury rozmowy, w kt\u00f3rej ekspertka WSKZ opowiada o psychologii s\u0105dowej, pracy z osobami do\u015bwiadczaj\u0105cymi przemocy oraz kompetencjach, kt\u00f3re uwa\u017ca za szczeg\u00f3lnie wa\u017cne w zawodzie psychologa.<\/p>\n\n\n\n<h3 class=\"wp-block-heading\">Jak wygl\u0105da\u0142a Pani droga zawodowa i co sprawi\u0142o, \u017ce zainteresowa\u0142a si\u0119 Pani w\u0142a\u015bnie t\u0105 dziedzin\u0105? Czy by\u0142 moment, kt\u00f3ry mia\u0142 na to szczeg\u00f3lny wp\u0142yw?<\/h3>\n\n\n\n<p class=\"wp-block-paragraph\">Moja droga zawodowa od pocz\u0105tku by\u0142a zwi\u0105zana z <strong>cz\u0142owiekiem \u2013 jego emocjami, relacjami, sposobami radzenia sobie z kryzysem i konsekwencjami trudnych do\u015bwiadcze\u0144<\/strong>. Jestem absolwentk\u0105 psychologii Uniwersytetu Wroc\u0142awskiego, a swoj\u0105 wiedz\u0119 rozwija\u0142am nast\u0119pnie w obszarze psychologii s\u0105dowej oraz psychoterapii, m.in. w Polskim Instytucie Ericksonowskim w Poznaniu i Polskim Instytucie Psychoterapii Integratywnej w Krakowie.<\/p>\n\n\n\n<p class=\"wp-block-paragraph\">Bardzo szybko przekona\u0142am si\u0119, \u017ce psychologia nie jest dla mnie wy\u0142\u0105cznie dziedzin\u0105 akademick\u0105. Najwa\u017cniejsze pytania pojawia\u0142y si\u0119 w bezpo\u015brednim kontakcie z cz\u0142owiekiem \u2013 z osob\u0105 do\u015bwiadczaj\u0105c\u0105 przemocy, kryzysu, straty czy trudno\u015bci w relacjach. <strong>To w\u0142a\u015bnie praktyka nauczy\u0142a mnie, \u017ce za ka\u017cdym zachowaniem stoi okre\u015blona historia, emocje i mechanizmy psychologiczne.<\/strong><\/p>\n\n\n\n<p class=\"wp-block-paragraph\">Szczeg\u00f3lne znaczenie mia\u0142a dla mnie praca z osobami do\u015bwiadczaj\u0105cymi przemocy oraz z dzie\u0107mi i m\u0142odzie\u017c\u0105. To do\u015bwiadczenie <strong>ukszta\u0142towa\u0142o moje zainteresowanie psychologi\u0105 kryzysu, emocji, diagnoz\u0105 psychologiczn\u0105 i psychologi\u0105 s\u0105dow\u0105.<\/strong> Z czasem naturalnym krokiem sta\u0142o si\u0119 dla mnie tak\u017ce \u0142\u0105czenie pracy praktycznej z dzia\u0142alno\u015bci\u0105 dydaktyczn\u0105 i eksperck\u0105.<\/p>\n\n\n\n<h3 class=\"wp-block-heading\">Jakimi zagadnieniami zajmuje si\u0119 Pani obecnie i kt\u00f3re z nich uwa\u017ca za najbardziej fascynuj\u0105ce?<\/h3>\n\n\n\n<p class=\"wp-block-paragraph\">Obecnie zajmuj\u0119 si\u0119 przede wszystkim <strong>psychologi\u0105 w sytuacjach kryzysowych, psychologi\u0105 emocji, diagnoz\u0105 psychologiczn\u0105, psychologi\u0105 s\u0105dow\u0105 oraz zagadnieniami zwi\u0105zanymi z przemoc\u0105 i jej konsekwencjami<\/strong>.<\/p>\n\n\n\n<p class=\"wp-block-paragraph\">Szczeg\u00f3lnie interesuje mnie to, <strong>w jaki spos\u00f3b cz\u0142owiek funkcjonuje w sytuacji silnego stresu i zagro\u017cenia<\/strong> oraz jak do\u015bwiadczenia kryzysowe wp\u0142ywaj\u0105 na spos\u00f3b postrzegania:<\/p>\n\n\n\n<ul class=\"wp-block-list\">\n<li>siebie;<\/li>\n\n\n\n<li>innych ludzi;<\/li>\n\n\n\n<li>otaczaj\u0105cej rzeczywisto\u015bci.<\/li>\n<\/ul>\n\n\n\n<p class=\"wp-block-paragraph\">Fascynuje mnie r\u00f3wnie\u017c obszar psychologii s\u0105dowej, a zw\u0142aszcza relacja pomi\u0119dzy psychologi\u0105 a prawem. Pytania dotycz\u0105ce wiarygodno\u015bci pami\u0119ci, funkcjonowania \u015bwiadka, mechanizm\u00f3w podejmowania decyzji czy wp\u0142ywu emocji na zachowanie pokazuj\u0105, <strong>jak szerokie zastosowanie mo\u017ce mie\u0107 wiedza psychologiczna poza gabinetem terapeutycznym.<\/strong><\/p>\n\n\n\n<h3 class=\"wp-block-heading\">Czego studenci mog\u0105 nauczy\u0107 si\u0119 dzi\u0119ki Pani do\u015bwiadczeniu?<\/h3>\n\n\n\n<p class=\"wp-block-paragraph\">Przede wszystkim tego, \u017ce <strong>psychologia nie ko\u0144czy si\u0119 na znajomo\u015bci teorii<\/strong>. Wiedza akademicka jest fundamentem, ale dopiero praktyka pozwala zobaczy\u0107, jak z\u0142o\u017cone i niejednoznaczne mo\u017ce by\u0107 ludzkie zachowanie.<\/p>\n\n\n\n<p class=\"wp-block-paragraph\">Chcia\u0142abym, aby studenci rozwijali przede wszystkim krytyczne my\u015blenie \u2013 umiej\u0119tno\u015b\u0107 zadawania pyta\u0144, weryfikowania informacji i unikania zbyt szybkich ocen. W psychologii bardzo cz\u0119sto nie ma prostych odpowiedzi.<\/p>\n\n\n\n<p class=\"wp-block-paragraph\">Moje do\u015bwiadczenie zawodowe pozwala mi r\u00f3wnie\u017c <strong>pokazywa\u0107 studentom, jak wiedz\u0119 psychologiczn\u0105 wykorzystywa\u0107 w realnych sytuacjach<\/strong>:<\/p>\n\n\n\n<ul class=\"wp-block-list\">\n<li>w pracy z osob\u0105 w kryzysie;<\/li>\n\n\n\n<li>podczas rozmowy, mediacji, negocjacji, diagnozy;<\/li>\n\n\n\n<li>w kontakcie z osobami uczestnicz\u0105cymi w post\u0119powaniu s\u0105dowym.<\/li>\n<\/ul>\n\n\n\n<p class=\"wp-block-paragraph\">Chcia\u0142abym tak\u017ce przekazywa\u0107 im przekonanie, \u017ce <strong>dobry psycholog powinien \u0142\u0105czy\u0107 kompetencje zawodowe z empati\u0105, odpowiedzialno\u015bci\u0105 i \u015bwiadomo\u015bci\u0105 granic w\u0142asnych kompetencji.<\/strong><\/p>\n\n\n\n<h3 class=\"wp-block-heading\">Z jakiego projektu, badania lub publikacji jest Pani najbardziej dumna i dlaczego?<\/h3>\n\n\n\n<p class=\"wp-block-paragraph\">Najwi\u0119ksz\u0105 warto\u015b\u0107 maj\u0105 dla mnie te przedsi\u0119wzi\u0119cia, w kt\u00f3rych <strong>wiedza psychologiczna przek\u0142ada si\u0119 na konkretn\u0105 zmian\u0119 w \u017cyciu cz\u0142owieka<\/strong>. Dlatego trudno by\u0142oby mi wskaza\u0107 jeden projekt czy jedn\u0105 publikacj\u0119 jako najwa\u017cniejsze osi\u0105gni\u0119cie.<\/p>\n\n\n\n<p class=\"wp-block-paragraph\">Szczeg\u00f3lnie ceni\u0119 sobie <strong>wieloletni\u0105 dzia\u0142alno\u015b\u0107 zwi\u0105zan\u0105 z profilaktyk\u0105 agresji i przemocy oraz prac\u0119 na rzecz os\u00f3b do\u015bwiadczaj\u0105cych przemocy.<\/strong> Wa\u017cne s\u0105 dla mnie tak\u017ce dzia\u0142ania realizowane we wsp\u00f3\u0142pracy z:<\/p>\n\n\n\n<ul class=\"wp-block-list\">\n<li>instytucjami publicznymi;<\/li>\n\n\n\n<li>wymiarem sprawiedliwo\u015bci;<\/li>\n\n\n\n<li>Policj\u0105;<\/li>\n\n\n\n<li>pomoc\u0105 spo\u0142eczn\u0105;<\/li>\n\n\n\n<li>organizacjami spo\u0142ecznymi.<\/li>\n<\/ul>\n\n\n\n<p class=\"wp-block-paragraph\">Jestem r\u00f3wnie\u017c dumna z mo\u017cliwo\u015bci \u0142\u0105czenia tych do\u015bwiadcze\u0144 z dydaktyk\u0105. Dzi\u0119ki temu mog\u0119 przekazywa\u0107 studentom wiedz\u0119, kt\u00f3ra <strong>nie jest wy\u0142\u0105cznie podr\u0119cznikowa, lecz wynika z rzeczywistych sytuacji zawodowych<\/strong>.<\/p>\n\n\n\n<h3 class=\"wp-block-heading\">Jakie wyzwania wyst\u0119puj\u0105 obecnie w Pani dziedzinie i kt\u00f3re z nich uwa\u017ca Pani za szczeg\u00f3lnie istotne?<\/h3>\n\n\n\n<p class=\"wp-block-paragraph\">Jednym z najwi\u0119kszych wyzwa\u0144 jest <strong>rosn\u0105ca z\u0142o\u017cono\u015b\u0107 problem\u00f3w, z kt\u00f3rymi spotykaj\u0105 si\u0119 psychologowie<\/strong>. Coraz cz\u0119\u015bciej pracujemy z osobami do\u015bwiadczaj\u0105cymi wielu nak\u0142adaj\u0105cych si\u0119 trudno\u015bci:<\/p>\n\n\n\n<ul class=\"wp-block-list\">\n<li>kryzys\u00f3w rodzinnych;<\/li>\n\n\n\n<li>przemocy;<\/li>\n\n\n\n<li>problem\u00f3w emocjonalnych;<\/li>\n\n\n\n<li>przeci\u0105\u017cenia;<\/li>\n\n\n\n<li>trudno\u015bci spo\u0142ecznych.<\/li>\n<\/ul>\n\n\n\n<p class=\"wp-block-paragraph\">Bardzo wa\u017cnym wyzwaniem jest r\u00f3wnie\u017c odpowiedzialne wykorzystywanie wiedzy psychologicznej. W czasach ogromnej ilo\u015bci informacji, tak\u017ce tych dost\u0119pnych w mediach spo\u0142eczno\u015bciowych, szczeg\u00f3lnie potrzebna jest umiej\u0119tno\u015b\u0107 <strong>odr\u00f3\u017cniania wiedzy naukowej od uproszcze\u0144, pseudopsychologii i popularnych mit\u00f3w<\/strong>.<\/p>\n\n\n\n<p class=\"wp-block-paragraph\">W psychologii s\u0105dowej dodatkowym wyzwaniem jest zachowanie r\u00f3wnowagi pomi\u0119dzy potrzeb\u0105 dostarczenia u\u017cytecznej opinii a \u015bwiadomo\u015bci\u0105 ogranicze\u0144 metod psychologicznych. Psycholog powinien mie\u0107 odwag\u0119 powiedzie\u0107 \u201etego nie wiemy\u201d, je\u015bli materia\u0142 nie pozwala na wyci\u0105gni\u0119cie jednoznacznych wniosk\u00f3w.<\/p>\n\n\n\n<h3 class=\"wp-block-heading\">Jakie kompetencje lub spos\u00f3b my\u015blenia s\u0105 dzi\u015b szczeg\u00f3lnie wa\u017cne dla os\u00f3b rozwijaj\u0105cych si\u0119 w tej dziedzinie?<\/h3>\n\n\n\n<p class=\"wp-block-paragraph\">Najwa\u017cniejsze s\u0105 dla mnie <strong>ciekawo\u015b\u0107 poznawcza, krytyczne my\u015blenie, empatia i gotowo\u015b\u0107 do ci\u0105g\u0142ego uczenia si\u0119<\/strong>. Dobry psycholog nie mo\u017ce przesta\u0107 zadawa\u0107 pyta\u0144. Powinien by\u0107 otwarty na nowe badania, ale jednocze\u015bnie ostro\u017cny wobec \u0142atwych i efektownych odpowiedzi.<\/p>\n\n\n\n<p class=\"wp-block-paragraph\">Bardzo wa\u017cna jest tak\u017ce umiej\u0119tno\u015b\u0107 s\u0142uchania. W pracy psychologa cz\u0119sto <strong>najwa\u017cniejsze informacje pojawiaj\u0105 si\u0119 nie wtedy, kiedy sami m\u00f3wimy, ale wtedy, kiedy potrafimy naprawd\u0119 us\u0142ysze\u0107 drugiego cz\u0142owieka.<\/strong><\/p>\n\n\n\n<h3 class=\"wp-block-heading\">Dlaczego po\u0142\u0105czenie praktyki zawodowej z dzia\u0142alno\u015bci\u0105 naukow\u0105 jest wa\u017cne dla student\u00f3w?<\/h3>\n\n\n\n<p class=\"wp-block-paragraph\">Poniewa\u017c pozwala zobaczy\u0107, \u017ce <strong>wiedza psychologiczna ma zastosowanie w rzeczywistym \u015bwiecie<\/strong>. Praktyka bez refleksji naukowej mo\u017ce prowadzi\u0107 do powielania schemat\u00f3w, natomiast sama teoria bez kontaktu z rzeczywisto\u015bci\u0105 mo\u017ce pozosta\u0107 bardzo abstrakcyjna.<\/p>\n\n\n\n<p class=\"wp-block-paragraph\">Po\u0142\u0105czenie obu perspektyw pomaga zachowa\u0107 r\u00f3wnowag\u0119. Nauka daje narz\u0119dzia do rozumienia zjawisk, a <strong>praktyka pokazuje ich prawdziw\u0105 z\u0142o\u017cono\u015b\u0107.<\/strong><\/p>\n\n\n\n<p class=\"wp-block-paragraph\">W pracy ze studentami staram si\u0119 w\u0142a\u015bnie t\u0119 perspektyw\u0119 \u0142\u0105czy\u0107 \u2013 pokazuj\u0105c nie tylko \u201eco wiemy\u201d, ale r\u00f3wnie\u017c \u201esk\u0105d to wiemy\u201d, <strong>jakie s\u0105 ograniczenia tej wiedzy i jak mo\u017cna j\u0105 odpowiedzialnie wykorzysta\u0107 w praktyce.<\/strong><\/p>\n\n\n\n<h3 class=\"wp-block-heading\">Co poza dzia\u0142alno\u015bci\u0105 naukow\u0105 lub zawodow\u0105 inspiruje Pani\u0105 na co dzie\u0144?<\/h3>\n\n\n\n<p class=\"wp-block-paragraph\">Inspiruj\u0105 mnie przede wszystkim <strong>ludzie i ich historie<\/strong>. Kontakt z drugim cz\u0142owiekiem nieustannie przypomina mi, \u017ce nawet je\u015bli pewne mechanizmy psychologiczne s\u0105 uniwersalne, ka\u017cda osoba jest wyj\u0105tkowa.<\/p>\n\n\n\n<p class=\"wp-block-paragraph\">Inspiruj\u0105 mnie r\u00f3wnie\u017c <strong>podr\u00f3\u017ce, literatura, obserwowanie \u015bwiata i codziennych relacji mi\u0119dzy lud\u017ami.<\/strong> Lubi\u0119 przygl\u0105da\u0107 si\u0119 temu, jak:<\/p>\n\n\n\n<ul class=\"wp-block-list\">\n<li>podejmujemy decyzje;<\/li>\n\n\n\n<li>budujemy relacje;<\/li>\n\n\n\n<li>reagujemy na zmian\u0119;<\/li>\n\n\n\n<li>radzimy sobie z trudno\u015bciami.<\/li>\n<\/ul>\n\n\n\n<p class=\"wp-block-paragraph\">My\u015bl\u0119, \u017ce w zawodzie psychologa szczeg\u00f3lnie wa\u017cne jest <strong>zachowanie ciekawo\u015bci \u015bwiata<\/strong>. Im wi\u0119cej potrafimy zobaczy\u0107 i zrozumie\u0107, tym lepiej mo\u017cemy rozumie\u0107 innych.<\/p>\n\n\n\n<h2 class=\"wp-block-heading\">Zag\u0142osuj na mgr Mart\u0119 \u015awi\u0105tek-Prycik w Plebiscycie Wyk\u0142adowca Roku 2026<\/h2>\n\n\n\n<p class=\"wp-block-paragraph\">\u0141\u0105czenie wiedzy psychologicznej z do\u015bwiadczeniem zdobywanym w pracy z osobami w kryzysie, to warto\u015bci, kt\u00f3re <strong>mgr Marta \u015awi\u0105tek-Prycik przek\u0142ada tak\u017ce na prac\u0119 ze studentami.<\/strong> Szczeg\u00f3ln\u0105 wag\u0119 przywi\u0105zuje do:<\/p>\n\n\n\n<ul class=\"wp-block-list\">\n<li>krytycznego my\u015blenia;<\/li>\n\n\n\n<li>uwa\u017cnego s\u0142uchania;<\/li>\n\n\n\n<li>pokazywania praktycznego wymiaru psychologii.<\/li>\n<\/ul>\n\n\n\n<p class=\"wp-block-paragraph\">Je\u015bli cenisz jej spos\u00f3b nauczania, zaanga\u017cowanie oraz umiej\u0119tno\u015b\u0107 \u0142\u0105czenia teorii z do\u015bwiadczeniem zawodowym, <strong>oddaj sw\u00f3j g\u0142os w Plebiscycie<\/strong> <a href=\"https:\/\/wykladowcaroku.pl\/\"><strong>Wyk\u0142adowca Roku 2026<\/strong><\/a>.<\/p>\n\n\n\n<p class=\"wp-block-paragraph\"><\/p>","protected":false},"excerpt":{"rendered":"<p>Co sprawi\u0142o, \u017ce mgr Marta \u015awi\u0105tek-Prycik zwi\u0105za\u0142a swoj\u0105 drog\u0119 zawodow\u0105 z psychologi\u0105 i prac\u0105 z osobami w kryzysie? Jak sama podkre\u015bla, najwa\u017cniejsze pytania pojawiaj\u0105 si\u0119 w bezpo\u015brednim kontakcie z cz\u0142owiekiem, jego emocjami, do\u015bwiadczeniami i sposobem radzenia sobie z trudno\u015bciami. Zapraszamy do lektury rozmowy, w kt\u00f3rej ekspertka WSKZ opowiada o psychologii s\u0105dowej, pracy z osobami do\u015bwiadczaj\u0105cymi [&hellip;]<\/p>\n","protected":false},"author":36,"featured_media":13040,"comment_status":"open","ping_status":"open","sticky":false,"template":"","format":"standard","meta":{"om_disable_all_campaigns":false,"footnotes":""},"categories":[50],"tags":[],"class_list":["post-13039","post","type-post","status-publish","format-standard","has-post-thumbnail","hentry","category-aktualnosci"],"yoast_head":"<!-- This site is optimized with the Yoast SEO plugin v28.1 - https:\/\/yoast.com\/product\/yoast-seo-wordpress\/ -->\n<title>Mi\u0119dzy empati\u0105 a krytycznym my\u015bleniem. Wywiad z mgr Mart\u0105 \u015awi\u0105tek-Prycik \u2013 ekspertk\u0105 WSKZ - Studia Wroc\u0142aw<\/title>\n<meta name=\"robots\" content=\"index, follow, max-snippet:-1, max-image-preview:large, max-video-preview:-1\" \/>\n<link rel=\"canonical\" href=\"https:\/\/studia-wroclaw.pl\/en\/miedzy-empatia-a-krytycznym-mysleniem-wywiad-z-mgr-marta-swiatek-prycik-ekspertka-wskz\/\" \/>\n<meta property=\"og:locale\" content=\"en_GB\" \/>\n<meta property=\"og:type\" content=\"article\" \/>\n<meta property=\"og:title\" content=\"Mi\u0119dzy empati\u0105 a krytycznym my\u015bleniem. Wywiad z mgr Mart\u0105 \u015awi\u0105tek-Prycik \u2013 ekspertk\u0105 WSKZ - Studia Wroc\u0142aw\" \/>\n<meta property=\"og:description\" content=\"Co sprawi\u0142o, \u017ce mgr Marta \u015awi\u0105tek-Prycik zwi\u0105za\u0142a swoj\u0105 drog\u0119 zawodow\u0105 z psychologi\u0105 i prac\u0105 z osobami w kryzysie? Jak sama podkre\u015bla, najwa\u017cniejsze pytania pojawiaj\u0105 si\u0119 w bezpo\u015brednim kontakcie z cz\u0142owiekiem, jego emocjami, do\u015bwiadczeniami i sposobem radzenia sobie z trudno\u015bciami. Zapraszamy do lektury rozmowy, w kt\u00f3rej ekspertka WSKZ opowiada o psychologii s\u0105dowej, pracy z osobami do\u015bwiadczaj\u0105cymi [&hellip;]\" \/>\n<meta property=\"og:url\" content=\"https:\/\/studia-wroclaw.pl\/en\/miedzy-empatia-a-krytycznym-mysleniem-wywiad-z-mgr-marta-swiatek-prycik-ekspertka-wskz\/\" \/>\n<meta property=\"og:site_name\" content=\"Studia Wroc\u0142aw\" \/>\n<meta property=\"article:published_time\" content=\"2026-08-25T10:52:54+00:00\" \/>\n<meta property=\"article:modified_time\" content=\"2026-08-25T10:52:56+00:00\" \/>\n<meta property=\"og:image\" content=\"https:\/\/studia-wroclaw.pl\/wp-content\/uploads\/2026\/08\/Marta-Swiatek-Prycik.jpg\" \/>\n\t<meta property=\"og:image:width\" content=\"1920\" \/>\n\t<meta property=\"og:image:height\" content=\"1080\" \/>\n\t<meta property=\"og:image:type\" content=\"image\/jpeg\" \/>\n<meta name=\"author\" content=\"Karina Dycha\u0142a\" \/>\n<meta name=\"twitter:card\" content=\"summary_large_image\" \/>\n<meta name=\"twitter:label1\" content=\"Written by\" \/>\n\t<meta name=\"twitter:data1\" content=\"Karina Dycha\u0142a\" \/>\n\t<meta name=\"twitter:label2\" content=\"Estimated reading time\" \/>\n\t<meta name=\"twitter:data2\" content=\"7 minutes\" \/>\n<script type=\"application\/ld+json\" class=\"yoast-schema-graph\">{\"@context\":\"https:\\\/\\\/schema.org\",\"@graph\":[{\"@type\":\"Article\",\"@id\":\"https:\\\/\\\/studia-wroclaw.pl\\\/miedzy-empatia-a-krytycznym-mysleniem-wywiad-z-mgr-marta-swiatek-prycik-ekspertka-wskz\\\/#article\",\"isPartOf\":{\"@id\":\"https:\\\/\\\/studia-wroclaw.pl\\\/miedzy-empatia-a-krytycznym-mysleniem-wywiad-z-mgr-marta-swiatek-prycik-ekspertka-wskz\\\/\"},\"author\":{\"name\":\"Karina Dycha\u0142a\",\"@id\":\"https:\\\/\\\/studia-wroclaw.pl\\\/#\\\/schema\\\/person\\\/50f212a057f8ab718194a85c9aecb4d5\"},\"headline\":\"Mi\u0119dzy empati\u0105 a krytycznym my\u015bleniem. Wywiad z mgr Mart\u0105 \u015awi\u0105tek-Prycik \u2013 ekspertk\u0105 WSKZ\",\"datePublished\":\"2026-08-25T10:52:54+00:00\",\"dateModified\":\"2026-08-25T10:52:56+00:00\",\"mainEntityOfPage\":{\"@id\":\"https:\\\/\\\/studia-wroclaw.pl\\\/miedzy-empatia-a-krytycznym-mysleniem-wywiad-z-mgr-marta-swiatek-prycik-ekspertka-wskz\\\/\"},\"wordCount\":1279,\"commentCount\":0,\"image\":{\"@id\":\"https:\\\/\\\/studia-wroclaw.pl\\\/miedzy-empatia-a-krytycznym-mysleniem-wywiad-z-mgr-marta-swiatek-prycik-ekspertka-wskz\\\/#primaryimage\"},\"thumbnailUrl\":\"https:\\\/\\\/studia-wroclaw.pl\\\/wp-content\\\/uploads\\\/2026\\\/08\\\/Marta-Swiatek-Prycik.jpg\",\"articleSection\":[\"Aktualno\u015bci\"],\"inLanguage\":\"en-GB\",\"potentialAction\":[{\"@type\":\"CommentAction\",\"name\":\"Comment\",\"target\":[\"https:\\\/\\\/studia-wroclaw.pl\\\/miedzy-empatia-a-krytycznym-mysleniem-wywiad-z-mgr-marta-swiatek-prycik-ekspertka-wskz\\\/#respond\"]}]},{\"@type\":\"WebPage\",\"@id\":\"https:\\\/\\\/studia-wroclaw.pl\\\/miedzy-empatia-a-krytycznym-mysleniem-wywiad-z-mgr-marta-swiatek-prycik-ekspertka-wskz\\\/\",\"url\":\"https:\\\/\\\/studia-wroclaw.pl\\\/miedzy-empatia-a-krytycznym-mysleniem-wywiad-z-mgr-marta-swiatek-prycik-ekspertka-wskz\\\/\",\"name\":\"Mi\u0119dzy empati\u0105 a krytycznym my\u015bleniem. Wywiad z mgr Mart\u0105 \u015awi\u0105tek-Prycik \u2013 ekspertk\u0105 WSKZ - Studia Wroc\u0142aw\",\"isPartOf\":{\"@id\":\"https:\\\/\\\/studia-wroclaw.pl\\\/#website\"},\"primaryImageOfPage\":{\"@id\":\"https:\\\/\\\/studia-wroclaw.pl\\\/miedzy-empatia-a-krytycznym-mysleniem-wywiad-z-mgr-marta-swiatek-prycik-ekspertka-wskz\\\/#primaryimage\"},\"image\":{\"@id\":\"https:\\\/\\\/studia-wroclaw.pl\\\/miedzy-empatia-a-krytycznym-mysleniem-wywiad-z-mgr-marta-swiatek-prycik-ekspertka-wskz\\\/#primaryimage\"},\"thumbnailUrl\":\"https:\\\/\\\/studia-wroclaw.pl\\\/wp-content\\\/uploads\\\/2026\\\/08\\\/Marta-Swiatek-Prycik.jpg\",\"datePublished\":\"2026-08-25T10:52:54+00:00\",\"dateModified\":\"2026-08-25T10:52:56+00:00\",\"author\":{\"@id\":\"https:\\\/\\\/studia-wroclaw.pl\\\/#\\\/schema\\\/person\\\/50f212a057f8ab718194a85c9aecb4d5\"},\"breadcrumb\":{\"@id\":\"https:\\\/\\\/studia-wroclaw.pl\\\/miedzy-empatia-a-krytycznym-mysleniem-wywiad-z-mgr-marta-swiatek-prycik-ekspertka-wskz\\\/#breadcrumb\"},\"inLanguage\":\"en-GB\",\"potentialAction\":[{\"@type\":\"ReadAction\",\"target\":[\"https:\\\/\\\/studia-wroclaw.pl\\\/miedzy-empatia-a-krytycznym-mysleniem-wywiad-z-mgr-marta-swiatek-prycik-ekspertka-wskz\\\/\"]}]},{\"@type\":\"ImageObject\",\"inLanguage\":\"en-GB\",\"@id\":\"https:\\\/\\\/studia-wroclaw.pl\\\/miedzy-empatia-a-krytycznym-mysleniem-wywiad-z-mgr-marta-swiatek-prycik-ekspertka-wskz\\\/#primaryimage\",\"url\":\"https:\\\/\\\/studia-wroclaw.pl\\\/wp-content\\\/uploads\\\/2026\\\/08\\\/Marta-Swiatek-Prycik.jpg\",\"contentUrl\":\"https:\\\/\\\/studia-wroclaw.pl\\\/wp-content\\\/uploads\\\/2026\\\/08\\\/Marta-Swiatek-Prycik.jpg\",\"width\":1920,\"height\":1080,\"caption\":\"Marta \u015awi\u0105tek-Prycik\"},{\"@type\":\"BreadcrumbList\",\"@id\":\"https:\\\/\\\/studia-wroclaw.pl\\\/miedzy-empatia-a-krytycznym-mysleniem-wywiad-z-mgr-marta-swiatek-prycik-ekspertka-wskz\\\/#breadcrumb\",\"itemListElement\":[{\"@type\":\"ListItem\",\"position\":1,\"name\":\"Strona g\u0142\u00f3wna\",\"item\":\"https:\\\/\\\/studia-wroclaw.pl\\\/\"},{\"@type\":\"ListItem\",\"position\":2,\"name\":\"Mi\u0119dzy empati\u0105 a krytycznym my\u015bleniem. Wywiad z mgr Mart\u0105 \u015awi\u0105tek-Prycik \u2013 ekspertk\u0105 WSKZ\"}]},{\"@type\":\"WebSite\",\"@id\":\"https:\\\/\\\/studia-wroclaw.pl\\\/#website\",\"url\":\"https:\\\/\\\/studia-wroclaw.pl\\\/\",\"name\":\"Studia Wroc\u0142aw\",\"description\":\"\",\"potentialAction\":[{\"@type\":\"SearchAction\",\"target\":{\"@type\":\"EntryPoint\",\"urlTemplate\":\"https:\\\/\\\/studia-wroclaw.pl\\\/?s={search_term_string}\"},\"query-input\":{\"@type\":\"PropertyValueSpecification\",\"valueRequired\":true,\"valueName\":\"search_term_string\"}}],\"inLanguage\":\"en-GB\"},{\"@type\":\"Person\",\"@id\":\"https:\\\/\\\/studia-wroclaw.pl\\\/#\\\/schema\\\/person\\\/50f212a057f8ab718194a85c9aecb4d5\",\"name\":\"Karina Dycha\u0142a\",\"image\":{\"@type\":\"ImageObject\",\"inLanguage\":\"en-GB\",\"@id\":\"https:\\\/\\\/secure.gravatar.com\\\/avatar\\\/09b8a8541625e267cf808bd7db9d6075406c3094f3ef7dd4a936673e9d896f6d?s=96&d=mm&r=g\",\"url\":\"https:\\\/\\\/secure.gravatar.com\\\/avatar\\\/09b8a8541625e267cf808bd7db9d6075406c3094f3ef7dd4a936673e9d896f6d?s=96&d=mm&r=g\",\"contentUrl\":\"https:\\\/\\\/secure.gravatar.com\\\/avatar\\\/09b8a8541625e267cf808bd7db9d6075406c3094f3ef7dd4a936673e9d896f6d?s=96&d=mm&r=g\",\"caption\":\"Karina Dycha\u0142a\"},\"url\":\"https:\\\/\\\/studia-wroclaw.pl\\\/en\\\/author\\\/karina\\\/\"}]}<\/script>\n<!-- \/ Yoast SEO plugin. -->","yoast_head_json":{"title":"Mi\u0119dzy empati\u0105 a krytycznym my\u015bleniem. Wywiad z mgr Mart\u0105 \u015awi\u0105tek-Prycik \u2013 ekspertk\u0105 WSKZ - Studia Wroc\u0142aw","robots":{"index":"index","follow":"follow","max-snippet":"max-snippet:-1","max-image-preview":"max-image-preview:large","max-video-preview":"max-video-preview:-1"},"canonical":"https:\/\/studia-wroclaw.pl\/en\/miedzy-empatia-a-krytycznym-mysleniem-wywiad-z-mgr-marta-swiatek-prycik-ekspertka-wskz\/","og_locale":"en_GB","og_type":"article","og_title":"Mi\u0119dzy empati\u0105 a krytycznym my\u015bleniem. Wywiad z mgr Mart\u0105 \u015awi\u0105tek-Prycik \u2013 ekspertk\u0105 WSKZ - Studia Wroc\u0142aw","og_description":"Co sprawi\u0142o, \u017ce mgr Marta \u015awi\u0105tek-Prycik zwi\u0105za\u0142a swoj\u0105 drog\u0119 zawodow\u0105 z psychologi\u0105 i prac\u0105 z osobami w kryzysie? Jak sama podkre\u015bla, najwa\u017cniejsze pytania pojawiaj\u0105 si\u0119 w bezpo\u015brednim kontakcie z cz\u0142owiekiem, jego emocjami, do\u015bwiadczeniami i sposobem radzenia sobie z trudno\u015bciami. Zapraszamy do lektury rozmowy, w kt\u00f3rej ekspertka WSKZ opowiada o psychologii s\u0105dowej, pracy z osobami do\u015bwiadczaj\u0105cymi [&hellip;]","og_url":"https:\/\/studia-wroclaw.pl\/en\/miedzy-empatia-a-krytycznym-mysleniem-wywiad-z-mgr-marta-swiatek-prycik-ekspertka-wskz\/","og_site_name":"Studia Wroc\u0142aw","article_published_time":"2026-08-25T10:52:54+00:00","article_modified_time":"2026-08-25T10:52:56+00:00","og_image":[{"width":1920,"height":1080,"url":"https:\/\/studia-wroclaw.pl\/wp-content\/uploads\/2026\/08\/Marta-Swiatek-Prycik.jpg","type":"image\/jpeg"}],"author":"Karina Dycha\u0142a","twitter_card":"summary_large_image","twitter_misc":{"Written by":"Karina Dycha\u0142a","Estimated reading time":"7 minutes"},"schema":{"@context":"https:\/\/schema.org","@graph":[{"@type":"Article","@id":"https:\/\/studia-wroclaw.pl\/miedzy-empatia-a-krytycznym-mysleniem-wywiad-z-mgr-marta-swiatek-prycik-ekspertka-wskz\/#article","isPartOf":{"@id":"https:\/\/studia-wroclaw.pl\/miedzy-empatia-a-krytycznym-mysleniem-wywiad-z-mgr-marta-swiatek-prycik-ekspertka-wskz\/"},"author":{"name":"Karina Dycha\u0142a","@id":"https:\/\/studia-wroclaw.pl\/#\/schema\/person\/50f212a057f8ab718194a85c9aecb4d5"},"headline":"Mi\u0119dzy empati\u0105 a krytycznym my\u015bleniem. Wywiad z mgr Mart\u0105 \u015awi\u0105tek-Prycik \u2013 ekspertk\u0105 WSKZ","datePublished":"2026-08-25T10:52:54+00:00","dateModified":"2026-08-25T10:52:56+00:00","mainEntityOfPage":{"@id":"https:\/\/studia-wroclaw.pl\/miedzy-empatia-a-krytycznym-mysleniem-wywiad-z-mgr-marta-swiatek-prycik-ekspertka-wskz\/"},"wordCount":1279,"commentCount":0,"image":{"@id":"https:\/\/studia-wroclaw.pl\/miedzy-empatia-a-krytycznym-mysleniem-wywiad-z-mgr-marta-swiatek-prycik-ekspertka-wskz\/#primaryimage"},"thumbnailUrl":"https:\/\/studia-wroclaw.pl\/wp-content\/uploads\/2026\/08\/Marta-Swiatek-Prycik.jpg","articleSection":["Aktualno\u015bci"],"inLanguage":"en-GB","potentialAction":[{"@type":"CommentAction","name":"Comment","target":["https:\/\/studia-wroclaw.pl\/miedzy-empatia-a-krytycznym-mysleniem-wywiad-z-mgr-marta-swiatek-prycik-ekspertka-wskz\/#respond"]}]},{"@type":"WebPage","@id":"https:\/\/studia-wroclaw.pl\/miedzy-empatia-a-krytycznym-mysleniem-wywiad-z-mgr-marta-swiatek-prycik-ekspertka-wskz\/","url":"https:\/\/studia-wroclaw.pl\/miedzy-empatia-a-krytycznym-mysleniem-wywiad-z-mgr-marta-swiatek-prycik-ekspertka-wskz\/","name":"Mi\u0119dzy empati\u0105 a krytycznym my\u015bleniem. Wywiad z mgr Mart\u0105 \u015awi\u0105tek-Prycik \u2013 ekspertk\u0105 WSKZ - Studia Wroc\u0142aw","isPartOf":{"@id":"https:\/\/studia-wroclaw.pl\/#website"},"primaryImageOfPage":{"@id":"https:\/\/studia-wroclaw.pl\/miedzy-empatia-a-krytycznym-mysleniem-wywiad-z-mgr-marta-swiatek-prycik-ekspertka-wskz\/#primaryimage"},"image":{"@id":"https:\/\/studia-wroclaw.pl\/miedzy-empatia-a-krytycznym-mysleniem-wywiad-z-mgr-marta-swiatek-prycik-ekspertka-wskz\/#primaryimage"},"thumbnailUrl":"https:\/\/studia-wroclaw.pl\/wp-content\/uploads\/2026\/08\/Marta-Swiatek-Prycik.jpg","datePublished":"2026-08-25T10:52:54+00:00","dateModified":"2026-08-25T10:52:56+00:00","author":{"@id":"https:\/\/studia-wroclaw.pl\/#\/schema\/person\/50f212a057f8ab718194a85c9aecb4d5"},"breadcrumb":{"@id":"https:\/\/studia-wroclaw.pl\/miedzy-empatia-a-krytycznym-mysleniem-wywiad-z-mgr-marta-swiatek-prycik-ekspertka-wskz\/#breadcrumb"},"inLanguage":"en-GB","potentialAction":[{"@type":"ReadAction","target":["https:\/\/studia-wroclaw.pl\/miedzy-empatia-a-krytycznym-mysleniem-wywiad-z-mgr-marta-swiatek-prycik-ekspertka-wskz\/"]}]},{"@type":"ImageObject","inLanguage":"en-GB","@id":"https:\/\/studia-wroclaw.pl\/miedzy-empatia-a-krytycznym-mysleniem-wywiad-z-mgr-marta-swiatek-prycik-ekspertka-wskz\/#primaryimage","url":"https:\/\/studia-wroclaw.pl\/wp-content\/uploads\/2026\/08\/Marta-Swiatek-Prycik.jpg","contentUrl":"https:\/\/studia-wroclaw.pl\/wp-content\/uploads\/2026\/08\/Marta-Swiatek-Prycik.jpg","width":1920,"height":1080,"caption":"Marta \u015awi\u0105tek-Prycik"},{"@type":"BreadcrumbList","@id":"https:\/\/studia-wroclaw.pl\/miedzy-empatia-a-krytycznym-mysleniem-wywiad-z-mgr-marta-swiatek-prycik-ekspertka-wskz\/#breadcrumb","itemListElement":[{"@type":"ListItem","position":1,"name":"Strona g\u0142\u00f3wna","item":"https:\/\/studia-wroclaw.pl\/"},{"@type":"ListItem","position":2,"name":"Mi\u0119dzy empati\u0105 a krytycznym my\u015bleniem. Wywiad z mgr Mart\u0105 \u015awi\u0105tek-Prycik \u2013 ekspertk\u0105 WSKZ"}]},{"@type":"WebSite","@id":"https:\/\/studia-wroclaw.pl\/#website","url":"https:\/\/studia-wroclaw.pl\/","name":"Studies Wroclaw","description":"","potentialAction":[{"@type":"SearchAction","target":{"@type":"EntryPoint","urlTemplate":"https:\/\/studia-wroclaw.pl\/?s={search_term_string}"},"query-input":{"@type":"PropertyValueSpecification","valueRequired":true,"valueName":"search_term_string"}}],"inLanguage":"en-GB"},{"@type":"Person","@id":"https:\/\/studia-wroclaw.pl\/#\/schema\/person\/50f212a057f8ab718194a85c9aecb4d5","name":"Karina Dycha\u0142a","image":{"@type":"ImageObject","inLanguage":"en-GB","@id":"https:\/\/secure.gravatar.com\/avatar\/09b8a8541625e267cf808bd7db9d6075406c3094f3ef7dd4a936673e9d896f6d?s=96&d=mm&r=g","url":"https:\/\/secure.gravatar.com\/avatar\/09b8a8541625e267cf808bd7db9d6075406c3094f3ef7dd4a936673e9d896f6d?s=96&d=mm&r=g","contentUrl":"https:\/\/secure.gravatar.com\/avatar\/09b8a8541625e267cf808bd7db9d6075406c3094f3ef7dd4a936673e9d896f6d?s=96&d=mm&r=g","caption":"Karina Dycha\u0142a"},"url":"https:\/\/studia-wroclaw.pl\/en\/author\/karina\/"}]}},"_links":{"self":[{"href":"https:\/\/studia-wroclaw.pl\/en\/wp-json\/wp\/v2\/posts\/13039","targetHints":{"allow":["GET"]}}],"collection":[{"href":"https:\/\/studia-wroclaw.pl\/en\/wp-json\/wp\/v2\/posts"}],"about":[{"href":"https:\/\/studia-wroclaw.pl\/en\/wp-json\/wp\/v2\/types\/post"}],"author":[{"embeddable":true,"href":"https:\/\/studia-wroclaw.pl\/en\/wp-json\/wp\/v2\/users\/36"}],"replies":[{"embeddable":true,"href":"https:\/\/studia-wroclaw.pl\/en\/wp-json\/wp\/v2\/comments?post=13039"}],"version-history":[{"count":1,"href":"https:\/\/studia-wroclaw.pl\/en\/wp-json\/wp\/v2\/posts\/13039\/revisions"}],"predecessor-version":[{"id":13041,"href":"https:\/\/studia-wroclaw.pl\/en\/wp-json\/wp\/v2\/posts\/13039\/revisions\/13041"}],"wp:featuredmedia":[{"embeddable":true,"href":"https:\/\/studia-wroclaw.pl\/en\/wp-json\/wp\/v2\/media\/13040"}],"wp:attachment":[{"href":"https:\/\/studia-wroclaw.pl\/en\/wp-json\/wp\/v2\/media?parent=13039"}],"wp:term":[{"taxonomy":"category","embeddable":true,"href":"https:\/\/studia-wroclaw.pl\/en\/wp-json\/wp\/v2\/categories?post=13039"},{"taxonomy":"post_tag","embeddable":true,"href":"https:\/\/studia-wroclaw.pl\/en\/wp-json\/wp\/v2\/tags?post=13039"}],"curies":[{"name":"wp","href":"https:\/\/api.w.org\/{rel}","templated":true}]}}