{"id":13072,"date":"2026-08-25T14:54:53","date_gmt":"2026-08-25T12:54:53","guid":{"rendered":"https:\/\/studia-wroclaw.pl\/?p=13072"},"modified":"2026-09-01T10:34:18","modified_gmt":"2026-09-01T08:34:18","slug":"prawo-to-nie-tylko-kodeksy-to-swiat-pelen-mozliwosci-wywiad-z-dr-barbara-jelonek-zacha","status":"publish","type":"post","link":"https:\/\/studia-wroclaw.pl\/en\/prawo-to-nie-tylko-kodeksy-to-swiat-pelen-mozliwosci-wywiad-z-dr-barbara-jelonek-zacha\/","title":{"rendered":"\u201ePrawo to nie tylko kodeksy. To \u015bwiat pe\u0142en mo\u017cliwo\u015bci\u201d. Wywiad z dr Barbar\u0105 Jelonek-Zach\u0105"},"content":{"rendered":"<p class=\"wp-block-paragraph\">Czy prawnik musi ju\u017c na pocz\u0105tku studi\u00f3w wiedzie\u0107, jak\u0105 drog\u0105 zawodow\u0105 chce pod\u0105\u017ca\u0107? <strong>Dr Barbara Jelonek-Zacha pokazuje, \u017ce poszukiwanie w\u0142asnej \u015bcie\u017cki mo\u017ce by\u0107 r\u00f3wnie wa\u017cne jak jej odnalezienie<\/strong>. W swojej dzia\u0142alno\u015bci \u0142\u0105czy prawo karne, kryminologi\u0119, cyberbezpiecze\u0144stwo i badania nad dezinformacj\u0105.&nbsp;<\/p>\n\n\n\n<p class=\"wp-block-paragraph\">O swojej drodze zawodowej, zainteresowaniach naukowych i do\u015bwiadczeniach dydaktycznych, a tak\u017ce o mo\u017cliwo\u015bciach, jakie daje wsp\u00f3\u0142czesne wykszta\u0142cenie prawnicze, <strong>dr Barbara Jelonek-Zacha opowiada w wywiadzie, do kt\u00f3rego lektury serdecznie zapraszamy<\/strong>.<\/p>\n\n\n\n<h3 class=\"wp-block-heading\">Jak wygl\u0105da\u0142a Pani droga zawodowa i co sprawi\u0142o, \u017ce zainteresowa\u0142a si\u0119 Pani w\u0142a\u015bnie t\u0105 dziedzin\u0105? Czy by\u0142 moment, kt\u00f3ry mia\u0142 na to szczeg\u00f3lny wp\u0142yw?<\/h3>\n\n\n\n<p class=\"wp-block-paragraph\">Moja droga zawodowa nie by\u0142a prosta ani oczywista. By\u0142a d\u0142ugim procesem poszukiwania w\u0142asnych umiej\u0119tno\u015bci i pasji. <strong>Zaczyna\u0142am od marze\u0144 o karierze w dyplomacji i studi\u00f3w na kierunku europeistyka<\/strong>. W ich trakcie poczu\u0142am jednak, \u017ce chc\u0119 i\u015b\u0107 dalej, dlatego rozpocz\u0119\u0142am drugi kierunek \u2013 prawo.<\/p>\n\n\n\n<p class=\"wp-block-paragraph\">Ju\u017c podczas studi\u00f3w pr\u00f3bowa\u0142am r\u00f3\u017cnych \u015bcie\u017cek: dzia\u0142a\u0142am w organizacjach studenckich, zdobywa\u0142am do\u015bwiadczenie w prokuraturze, m.in. przy sprawach finansowych i dotycz\u0105cych cyberprzest\u0119pczo\u015bci, w administracji publicznej oraz w ramach praktyki adwokackiej. <strong>Prze\u0142omem by\u0142o dla mnie zetkni\u0119cie si\u0119 z cyberprzest\u0119pczo\u015bci\u0105 i nowymi technologiami<\/strong>.<\/p>\n\n\n\n<p class=\"wp-block-paragraph\">Dzi\u015b <strong>chc\u0119 pokazywa\u0107 studentom, \u017ce poszukiwanie w\u0142asnej drogi to \u015bwietna przygoda<\/strong>. Nie trzeba ju\u017c na pierwszym roku mie\u0107 sztywnego planu na ca\u0142e \u017cycie.<\/p>\n\n\n\n<h3 class=\"wp-block-heading\">Jakimi zagadnieniami zajmuje si\u0119 Pani obecnie i kt\u00f3re z nich uwa\u017ca za najbardziej fascynuj\u0105ce?<\/h3>\n\n\n\n<p class=\"wp-block-paragraph\">Na co dzie\u0144 zajmuj\u0119 si\u0119 prawem i post\u0119powaniem karnym, kryminologi\u0105, cyberbezpiecze\u0144stwem oraz dezinformacj\u0105. <strong>Badam m.in. takie cyberzagro\u017cenia jak sharenting, spoofing czy smishing<\/strong>.<\/p>\n\n\n\n<p class=\"wp-block-paragraph\">Jestem cz\u0142onkini\u0105 Centrum Bada\u0144 nad Dezinformacj\u0105, Prawem i Demokracj\u0105, gdzie <strong>zajmuj\u0119 si\u0119 wp\u0142ywem dezinformacji na system prawny i procesy demokratyczne<\/strong>. Cieszy mnie tak\u017ce udzia\u0142 w Projekcie MAK realizowanym przez NASK \u2013 Pa\u0144stwowy Instytut Badawczy, w kt\u00f3rym znalaz\u0142am si\u0119 w gronie 15 ekspertek z ca\u0142ej Polski. Jednak <strong>najwi\u0119ksz\u0105 satysfakcj\u0119 daje mi obecnie dzielenie si\u0119 wiedz\u0105 ze studentami<\/strong>.<\/p>\n\n\n\n<h3 class=\"wp-block-heading\">Czego studenci mog\u0105 nauczy\u0107 si\u0119 dzi\u0119ki Pani do\u015bwiadczeniu?<\/h3>\n\n\n\n<p class=\"wp-block-paragraph\">Przede wszystkim tego, <strong>jak prawo funkcjonuje w realnym \u015bwiecie i dlaczego warto ju\u017c podczas studi\u00f3w sprawdza\u0107 r\u00f3\u017cne mo\u017cliwo\u015bci<\/strong>.<\/p>\n\n\n\n<p class=\"wp-block-paragraph\">Nie przepadam za \u201esuchymi\u201d wyk\u0142adami. <strong>Ceni\u0119 \u017cyw\u0105 dyskusj\u0119 i interakcj\u0119, poniewa\u017c ka\u017cdy student wnosi w\u0142asn\u0105 perspektyw\u0119<\/strong>. Zale\u017cy mi r\u00f3wnie\u017c na prze\u0142amywaniu barier \u2013 studenci wiedz\u0105, \u017ce po zaj\u0119ciach zawsze mog\u0105 podej\u015b\u0107, porozmawia\u0107 i dopyta\u0107.<\/p>\n\n\n\n<p class=\"wp-block-paragraph\"><strong>Zach\u0119cam ich te\u017c do korzystania z mo\u017cliwo\u015bci oferowanych przez WSKZ \u2013 spotka\u0144, konferencji czy podcast\u00f3w<\/strong>. Warto pr\u00f3bowa\u0107: albo co\u015b nas zainspiruje, albo odkryjemy, \u017ce to nie nasza droga. Jedno i drugie jest warto\u015bciowe.<\/p>\n\n\n\n<h3 class=\"wp-block-heading\">Z jakiego projektu, badania lub publikacji jest Pani najbardziej dumna w swojej dzia\u0142alno\u015bci i dlaczego?<\/h3>\n\n\n\n<p class=\"wp-block-paragraph\">Bardzo <strong>dumna jestem z monografii \u201eInstytucja ma\u0142\u017ce\u0144stwa w prawie japo\u0144skim\u2026\u201d, wydanej przez C.H. Beck<\/strong>, kt\u00f3ra by\u0142a efektem moich wieloletnich bada\u0144. Wa\u017cne jest dla mnie r\u00f3wnie\u017c do\u0142\u0105czenie do Projektu MAK NASK oraz do\u015bwiadczenia zdobyte w mi\u0119dzynarodowej spo\u0142eczno\u015bci naukowej Nordic Summer University.<\/p>\n\n\n\n<p class=\"wp-block-paragraph\">Jednak <strong>najwi\u0119ksz\u0105 dum\u0119 przynosz\u0105 mi projekty dydaktyczne tworzone dla student\u00f3w<\/strong>. Kiedy widz\u0119 ich zainteresowanie podczas wizyty w s\u0105dzie albo gdy po zaj\u0119ciach zostaj\u0105, aby porozmawia\u0107 o swoich planach, czuj\u0119, \u017ce moja praca ma prawdziwy sens.<\/p>\n\n\n\n<h3 class=\"wp-block-heading\">Jakie wyzwania wyst\u0119puj\u0105 obecnie w Pani dziedzinie i kt\u00f3re z nich uwa\u017ca Pani za szczeg\u00f3lnie istotne?&nbsp;<\/h3>\n\n\n\n<p class=\"wp-block-paragraph\">Jednym z najwi\u0119kszych jest <strong>tempo rozwoju technologii oraz transgraniczny charakter cyberprzest\u0119pczo\u015bci<\/strong>. Prawo musi mierzy\u0107 si\u0119 z rzeczywisto\u015bci\u0105, kt\u00f3ra zmienia si\u0119 niezwykle szybko. Wyzwaniem dydaktycznym jest natomiast <strong>pokazanie m\u0142odym ludziom, jak wiele mo\u017cliwo\u015bci daje wykszta\u0142cenie prawnicze<\/strong>.<\/p>\n\n\n\n<h3 class=\"wp-block-heading\">Jakie kompetencje lub spos\u00f3b my\u015blenia s\u0105 dzi\u015b, Pani zdaniem, szczeg\u00f3lnie wa\u017cne dla os\u00f3b rozwijaj\u0105cych si\u0119 w tej dziedzinie?<\/h3>\n\n\n\n<p class=\"wp-block-paragraph\">Przede wszystkim <strong>otwarto\u015b\u0107, elastyczno\u015b\u0107 i gotowo\u015b\u0107 do ci\u0105g\u0142ego rozwoju<\/strong>. Wsp\u00f3\u0142czesne prawo bardzo szybko si\u0119 zmienia, mi\u0119dzy innymi pod wp\u0142ywem nowych technologii, dlatego warto interesowa\u0107 si\u0119 r\u00f3\u017cnymi dziedzinami, zdobywa\u0107 praktyczne do\u015bwiadczenie i nie zamyka\u0107 si\u0119 na jedn\u0105, z g\u00f3ry wybran\u0105 \u015bcie\u017ck\u0119 zawodow\u0105.<\/p>\n\n\n\n<p class=\"wp-block-paragraph\">Bardzo wa\u017cne s\u0105 r\u00f3wnie\u017c umiej\u0119tno\u015b\u0107 budowania relacji, komunikacja i otwarto\u015b\u0107 na drugiego cz\u0142owieka. Zawsze przypominam studentom, \u017ce studia to nie tylko oceny i podr\u0119czniki. <strong>To tak\u017ce ludzie, kontakty, wymiana do\u015bwiadcze\u0144 i tworzenie sieci wsparcia<\/strong>. Moje w\u0142asne przyja\u017anie ze studi\u00f3w do dzi\u015b procentuj\u0105 zar\u00f3wno w \u017cyciu prywatnym, jak i zawodowym.<\/p>\n\n\n\n<h3 class=\"wp-block-heading\">Dlaczego warto \u0142\u0105czy\u0107 praktyk\u0119 zawodow\u0105 z dzia\u0142alno\u015bci\u0105 naukow\u0105?<\/h3>\n\n\n\n<p class=\"wp-block-paragraph\"><strong>Teoria daje fundamenty, ale praktyka nadaje im prawdziwy sens<\/strong>. Podczas zaj\u0119\u0107 mog\u0119 odwo\u0142ywa\u0107 si\u0119 do realnych spraw i do\u015bwiadcze\u0144 zawodowych. Chc\u0119 pokazywa\u0107 studentom, \u017ce <strong>prawo to nie tylko lokalne kodeksy, ale globalny i dynamiczny \u015bwiat pe\u0142en mo\u017cliwo\u015bci rozwoju<\/strong>.<\/p>\n\n\n\n<h3 class=\"wp-block-heading\">Co poza dzia\u0142alno\u015bci\u0105 naukow\u0105 lub zawodow\u0105 inspiruje Pani\u0105 na co dzie\u0144?&nbsp;<\/h3>\n\n\n\n<p class=\"wp-block-paragraph\"><strong>Moj\u0105 wielk\u0105 mi\u0142o\u015bci\u0105 s\u0105 podr\u00f3\u017ce z plecakiem<\/strong>. Razem z m\u0119\u017cem odwiedzili\u015bmy ponad 50 kraj\u00f3w \u2013 od Europy po Azj\u0119 i USA. Z podr\u00f3\u017cy przywozi\u0142am te\u017c kolekcjonerskie kubki ze Starbucksa.<\/p>\n\n\n\n<p class=\"wp-block-paragraph\">Obserwowanie \u017cycia ludzi w r\u00f3\u017cnych cz\u0119\u015bciach \u015bwiata pokazuje mi, jak r\u00f3\u017cnorodne s\u0105 kultury, zwyczaje i podej\u015bcie do prawa. <strong>Te do\u015bwiadczenia p\u00f3\u017aniej ch\u0119tnie wykorzystuj\u0119 podczas zaj\u0119\u0107<\/strong>. <strong><\/strong>Podr\u00f3\u017ce ucz\u0105 mnie elastyczno\u015bci, u\u015bmiechu i otwarto\u015bci na drugiego cz\u0142owieka. Dok\u0142adnie tak\u0105 energi\u0119 staram si\u0119 wnosi\u0107 na wyk\u0142ady.<\/p>\n\n\n\n<h2 class=\"wp-block-heading\">Zag\u0142osuj na dr Barbar\u0119 Jelonek-Zach\u0119 w plebiscycie Wyk\u0142adowca Roku<\/h2>\n\n\n\n<p class=\"wp-block-paragraph\">Dla dr Barbary Jelonek-Zachy studia prawnicze to nie tylko zdobywanie wiedzy, ale r\u00f3wnie\u017c czas odkrywania w\u0142asnych zainteresowa\u0144, zdobywania praktycznych do\u015bwiadcze\u0144 i \u015bwiadomego poszukiwania swojej drogi zawodowej. <strong>W pracy ze studentami \u0142\u0105czy teori\u0119 z praktyk\u0105, pokazuj\u0105c im r\u00f3\u017cnorodne mo\u017cliwo\u015bci rozwoju<\/strong> \u2013 od klasycznych zawod\u00f3w prawniczych po cyberbezpiecze\u0144stwo, nowe technologie, administracj\u0119 czy prac\u0119 w s\u0142u\u017cbach.<\/p>\n\n\n\n<p class=\"wp-block-paragraph\">Je\u015bli cenisz spos\u00f3b, w jaki ekspertka dzieli si\u0119 do\u015bwiadczeniem, otwiera przed studentami nowe perspektywy i pokazuje praktyczny wymiar prawa, <strong>oddaj na ni\u0105 g\u0142os w<\/strong> <a href=\"https:\/\/wykladowcaroku.pl\/\"><strong>plebiscycie na Wyk\u0142adowc\u0119 Roku<\/strong><\/a>.<\/p>\n\n\n\n<p class=\"wp-block-paragraph\"><\/p>","protected":false},"excerpt":{"rendered":"<p>Czy prawnik musi ju\u017c na pocz\u0105tku studi\u00f3w wiedzie\u0107, jak\u0105 drog\u0105 zawodow\u0105 chce pod\u0105\u017ca\u0107? Dr Barbara Jelonek-Zacha pokazuje, \u017ce poszukiwanie w\u0142asnej \u015bcie\u017cki mo\u017ce by\u0107 r\u00f3wnie wa\u017cne jak jej odnalezienie. W swojej dzia\u0142alno\u015bci \u0142\u0105czy prawo karne, kryminologi\u0119, cyberbezpiecze\u0144stwo i badania nad dezinformacj\u0105.&nbsp; O swojej drodze zawodowej, zainteresowaniach naukowych i do\u015bwiadczeniach dydaktycznych, a tak\u017ce o mo\u017cliwo\u015bciach, jakie daje [&hellip;]<\/p>\n","protected":false},"author":57,"featured_media":13063,"comment_status":"open","ping_status":"open","sticky":false,"template":"","format":"standard","meta":{"om_disable_all_campaigns":false,"footnotes":""},"categories":[50],"tags":[],"class_list":["post-13072","post","type-post","status-publish","format-standard","has-post-thumbnail","hentry","category-aktualnosci"],"yoast_head":"<!-- This site is optimized with the Yoast SEO plugin v28.1 - https:\/\/yoast.com\/product\/yoast-seo-wordpress\/ -->\n<title>\u201ePrawo to nie tylko kodeksy. To \u015bwiat pe\u0142en mo\u017cliwo\u015bci\u201d. Wywiad z dr Barbar\u0105 Jelonek-Zach\u0105 - Studia Wroc\u0142aw<\/title>\n<meta name=\"description\" content=\"Dr Barbara Jelonek-Zacha opowiada o swojej drodze zawodowej, pracy akademickiej i mo\u017cliwo\u015bciach, jakie daje wykszta\u0142cenie prawnicze. Przeczytaj wywiad.\" \/>\n<meta name=\"robots\" content=\"index, follow, max-snippet:-1, max-image-preview:large, max-video-preview:-1\" \/>\n<link rel=\"canonical\" href=\"https:\/\/studia-wroclaw.pl\/en\/prawo-to-nie-tylko-kodeksy-to-swiat-pelen-mozliwosci-wywiad-z-dr-barbara-jelonek-zacha\/\" \/>\n<meta property=\"og:locale\" content=\"en_GB\" \/>\n<meta property=\"og:type\" content=\"article\" \/>\n<meta property=\"og:title\" content=\"\u201ePrawo to nie tylko kodeksy. To \u015bwiat pe\u0142en mo\u017cliwo\u015bci\u201d. Wywiad z dr Barbar\u0105 Jelonek-Zach\u0105 - Studia Wroc\u0142aw\" \/>\n<meta property=\"og:description\" content=\"Dr Barbara Jelonek-Zacha opowiada o swojej drodze zawodowej, pracy akademickiej i mo\u017cliwo\u015bciach, jakie daje wykszta\u0142cenie prawnicze. Przeczytaj wywiad.\" \/>\n<meta property=\"og:url\" content=\"https:\/\/studia-wroclaw.pl\/en\/prawo-to-nie-tylko-kodeksy-to-swiat-pelen-mozliwosci-wywiad-z-dr-barbara-jelonek-zacha\/\" \/>\n<meta property=\"og:site_name\" content=\"Studia Wroc\u0142aw\" \/>\n<meta property=\"article:published_time\" content=\"2026-08-25T12:54:53+00:00\" \/>\n<meta property=\"article:modified_time\" content=\"2026-09-01T08:34:18+00:00\" \/>\n<meta property=\"og:image\" content=\"https:\/\/studia-wroclaw.pl\/wp-content\/uploads\/2026\/08\/Projekt-bez-nazwy.jpg\" \/>\n\t<meta property=\"og:image:width\" content=\"1920\" \/>\n\t<meta property=\"og:image:height\" content=\"1080\" \/>\n\t<meta property=\"og:image:type\" content=\"image\/jpeg\" \/>\n<meta name=\"author\" content=\"Joanna Grabowska\" \/>\n<meta name=\"twitter:card\" content=\"summary_large_image\" \/>\n<meta name=\"twitter:label1\" content=\"Written by\" \/>\n\t<meta name=\"twitter:data1\" content=\"Joanna Grabowska\" \/>\n\t<meta name=\"twitter:label2\" content=\"Estimated reading time\" \/>\n\t<meta name=\"twitter:data2\" content=\"6 minutes\" \/>\n<script type=\"application\/ld+json\" class=\"yoast-schema-graph\">{\"@context\":\"https:\\\/\\\/schema.org\",\"@graph\":[{\"@type\":\"Article\",\"@id\":\"https:\\\/\\\/studia-wroclaw.pl\\\/prawo-to-nie-tylko-kodeksy-to-swiat-pelen-mozliwosci-wywiad-z-dr-barbara-jelonek-zacha\\\/#article\",\"isPartOf\":{\"@id\":\"https:\\\/\\\/studia-wroclaw.pl\\\/prawo-to-nie-tylko-kodeksy-to-swiat-pelen-mozliwosci-wywiad-z-dr-barbara-jelonek-zacha\\\/\"},\"author\":{\"name\":\"Joanna Grabowska\",\"@id\":\"https:\\\/\\\/studia-wroclaw.pl\\\/#\\\/schema\\\/person\\\/40289ee1c6a19ef6e894536db2fd83d6\"},\"headline\":\"\u201ePrawo to nie tylko kodeksy. To \u015bwiat pe\u0142en mo\u017cliwo\u015bci\u201d. Wywiad z dr Barbar\u0105 Jelonek-Zach\u0105\",\"datePublished\":\"2026-08-25T12:54:53+00:00\",\"dateModified\":\"2026-09-01T08:34:18+00:00\",\"mainEntityOfPage\":{\"@id\":\"https:\\\/\\\/studia-wroclaw.pl\\\/prawo-to-nie-tylko-kodeksy-to-swiat-pelen-mozliwosci-wywiad-z-dr-barbara-jelonek-zacha\\\/\"},\"wordCount\":1062,\"commentCount\":0,\"image\":{\"@id\":\"https:\\\/\\\/studia-wroclaw.pl\\\/prawo-to-nie-tylko-kodeksy-to-swiat-pelen-mozliwosci-wywiad-z-dr-barbara-jelonek-zacha\\\/#primaryimage\"},\"thumbnailUrl\":\"https:\\\/\\\/studia-wroclaw.pl\\\/wp-content\\\/uploads\\\/2026\\\/08\\\/Projekt-bez-nazwy.jpg\",\"articleSection\":[\"Aktualno\u015bci\"],\"inLanguage\":\"en-GB\",\"potentialAction\":[{\"@type\":\"CommentAction\",\"name\":\"Comment\",\"target\":[\"https:\\\/\\\/studia-wroclaw.pl\\\/prawo-to-nie-tylko-kodeksy-to-swiat-pelen-mozliwosci-wywiad-z-dr-barbara-jelonek-zacha\\\/#respond\"]}]},{\"@type\":\"WebPage\",\"@id\":\"https:\\\/\\\/studia-wroclaw.pl\\\/prawo-to-nie-tylko-kodeksy-to-swiat-pelen-mozliwosci-wywiad-z-dr-barbara-jelonek-zacha\\\/\",\"url\":\"https:\\\/\\\/studia-wroclaw.pl\\\/prawo-to-nie-tylko-kodeksy-to-swiat-pelen-mozliwosci-wywiad-z-dr-barbara-jelonek-zacha\\\/\",\"name\":\"\u201ePrawo to nie tylko kodeksy. To \u015bwiat pe\u0142en mo\u017cliwo\u015bci\u201d. Wywiad z dr Barbar\u0105 Jelonek-Zach\u0105 - Studia Wroc\u0142aw\",\"isPartOf\":{\"@id\":\"https:\\\/\\\/studia-wroclaw.pl\\\/#website\"},\"primaryImageOfPage\":{\"@id\":\"https:\\\/\\\/studia-wroclaw.pl\\\/prawo-to-nie-tylko-kodeksy-to-swiat-pelen-mozliwosci-wywiad-z-dr-barbara-jelonek-zacha\\\/#primaryimage\"},\"image\":{\"@id\":\"https:\\\/\\\/studia-wroclaw.pl\\\/prawo-to-nie-tylko-kodeksy-to-swiat-pelen-mozliwosci-wywiad-z-dr-barbara-jelonek-zacha\\\/#primaryimage\"},\"thumbnailUrl\":\"https:\\\/\\\/studia-wroclaw.pl\\\/wp-content\\\/uploads\\\/2026\\\/08\\\/Projekt-bez-nazwy.jpg\",\"datePublished\":\"2026-08-25T12:54:53+00:00\",\"dateModified\":\"2026-09-01T08:34:18+00:00\",\"author\":{\"@id\":\"https:\\\/\\\/studia-wroclaw.pl\\\/#\\\/schema\\\/person\\\/40289ee1c6a19ef6e894536db2fd83d6\"},\"description\":\"Dr Barbara Jelonek-Zacha opowiada o swojej drodze zawodowej, pracy akademickiej i mo\u017cliwo\u015bciach, jakie daje wykszta\u0142cenie prawnicze. Przeczytaj wywiad.\",\"breadcrumb\":{\"@id\":\"https:\\\/\\\/studia-wroclaw.pl\\\/prawo-to-nie-tylko-kodeksy-to-swiat-pelen-mozliwosci-wywiad-z-dr-barbara-jelonek-zacha\\\/#breadcrumb\"},\"inLanguage\":\"en-GB\",\"potentialAction\":[{\"@type\":\"ReadAction\",\"target\":[\"https:\\\/\\\/studia-wroclaw.pl\\\/prawo-to-nie-tylko-kodeksy-to-swiat-pelen-mozliwosci-wywiad-z-dr-barbara-jelonek-zacha\\\/\"]}]},{\"@type\":\"ImageObject\",\"inLanguage\":\"en-GB\",\"@id\":\"https:\\\/\\\/studia-wroclaw.pl\\\/prawo-to-nie-tylko-kodeksy-to-swiat-pelen-mozliwosci-wywiad-z-dr-barbara-jelonek-zacha\\\/#primaryimage\",\"url\":\"https:\\\/\\\/studia-wroclaw.pl\\\/wp-content\\\/uploads\\\/2026\\\/08\\\/Projekt-bez-nazwy.jpg\",\"contentUrl\":\"https:\\\/\\\/studia-wroclaw.pl\\\/wp-content\\\/uploads\\\/2026\\\/08\\\/Projekt-bez-nazwy.jpg\",\"width\":1920,\"height\":1080,\"caption\":\"\u201ePrawo to nie tylko kodeksy. To \u015bwiat pe\u0142en mo\u017cliwo\u015bci\u201d. Wywiad z dr Barbar\u0105 Jelonek-Zach\u0105\"},{\"@type\":\"BreadcrumbList\",\"@id\":\"https:\\\/\\\/studia-wroclaw.pl\\\/prawo-to-nie-tylko-kodeksy-to-swiat-pelen-mozliwosci-wywiad-z-dr-barbara-jelonek-zacha\\\/#breadcrumb\",\"itemListElement\":[{\"@type\":\"ListItem\",\"position\":1,\"name\":\"Strona g\u0142\u00f3wna\",\"item\":\"https:\\\/\\\/studia-wroclaw.pl\\\/\"},{\"@type\":\"ListItem\",\"position\":2,\"name\":\"\u201ePrawo to nie tylko kodeksy. To \u015bwiat pe\u0142en mo\u017cliwo\u015bci\u201d. Wywiad z dr Barbar\u0105 Jelonek-Zach\u0105\"}]},{\"@type\":\"WebSite\",\"@id\":\"https:\\\/\\\/studia-wroclaw.pl\\\/#website\",\"url\":\"https:\\\/\\\/studia-wroclaw.pl\\\/\",\"name\":\"Studia Wroc\u0142aw\",\"description\":\"\",\"potentialAction\":[{\"@type\":\"SearchAction\",\"target\":{\"@type\":\"EntryPoint\",\"urlTemplate\":\"https:\\\/\\\/studia-wroclaw.pl\\\/?s={search_term_string}\"},\"query-input\":{\"@type\":\"PropertyValueSpecification\",\"valueRequired\":true,\"valueName\":\"search_term_string\"}}],\"inLanguage\":\"en-GB\"},{\"@type\":\"Person\",\"@id\":\"https:\\\/\\\/studia-wroclaw.pl\\\/#\\\/schema\\\/person\\\/40289ee1c6a19ef6e894536db2fd83d6\",\"name\":\"Joanna Grabowska\",\"image\":{\"@type\":\"ImageObject\",\"inLanguage\":\"en-GB\",\"@id\":\"https:\\\/\\\/secure.gravatar.com\\\/avatar\\\/7aa4a6237f6d29b138d48a326a7a755e3053a93eebad2fd6130b411361f2e1d7?s=96&d=mm&r=g\",\"url\":\"https:\\\/\\\/secure.gravatar.com\\\/avatar\\\/7aa4a6237f6d29b138d48a326a7a755e3053a93eebad2fd6130b411361f2e1d7?s=96&d=mm&r=g\",\"contentUrl\":\"https:\\\/\\\/secure.gravatar.com\\\/avatar\\\/7aa4a6237f6d29b138d48a326a7a755e3053a93eebad2fd6130b411361f2e1d7?s=96&d=mm&r=g\",\"caption\":\"Joanna Grabowska\"},\"url\":\"https:\\\/\\\/studia-wroclaw.pl\\\/en\\\/author\\\/joanna-grabowska\\\/\"}]}<\/script>\n<!-- \/ Yoast SEO plugin. -->","yoast_head_json":{"title":"\u201ePrawo to nie tylko kodeksy. To \u015bwiat pe\u0142en mo\u017cliwo\u015bci\u201d. Wywiad z dr Barbar\u0105 Jelonek-Zach\u0105 - Studia Wroc\u0142aw","description":"Dr Barbara Jelonek-Zacha opowiada o swojej drodze zawodowej, pracy akademickiej i mo\u017cliwo\u015bciach, jakie daje wykszta\u0142cenie prawnicze. Przeczytaj wywiad.","robots":{"index":"index","follow":"follow","max-snippet":"max-snippet:-1","max-image-preview":"max-image-preview:large","max-video-preview":"max-video-preview:-1"},"canonical":"https:\/\/studia-wroclaw.pl\/en\/prawo-to-nie-tylko-kodeksy-to-swiat-pelen-mozliwosci-wywiad-z-dr-barbara-jelonek-zacha\/","og_locale":"en_GB","og_type":"article","og_title":"\u201ePrawo to nie tylko kodeksy. To \u015bwiat pe\u0142en mo\u017cliwo\u015bci\u201d. Wywiad z dr Barbar\u0105 Jelonek-Zach\u0105 - Studia Wroc\u0142aw","og_description":"Dr Barbara Jelonek-Zacha opowiada o swojej drodze zawodowej, pracy akademickiej i mo\u017cliwo\u015bciach, jakie daje wykszta\u0142cenie prawnicze. Przeczytaj wywiad.","og_url":"https:\/\/studia-wroclaw.pl\/en\/prawo-to-nie-tylko-kodeksy-to-swiat-pelen-mozliwosci-wywiad-z-dr-barbara-jelonek-zacha\/","og_site_name":"Studia Wroc\u0142aw","article_published_time":"2026-08-25T12:54:53+00:00","article_modified_time":"2026-09-01T08:34:18+00:00","og_image":[{"width":1920,"height":1080,"url":"https:\/\/studia-wroclaw.pl\/wp-content\/uploads\/2026\/08\/Projekt-bez-nazwy.jpg","type":"image\/jpeg"}],"author":"Joanna Grabowska","twitter_card":"summary_large_image","twitter_misc":{"Written by":"Joanna Grabowska","Estimated reading time":"6 minutes"},"schema":{"@context":"https:\/\/schema.org","@graph":[{"@type":"Article","@id":"https:\/\/studia-wroclaw.pl\/prawo-to-nie-tylko-kodeksy-to-swiat-pelen-mozliwosci-wywiad-z-dr-barbara-jelonek-zacha\/#article","isPartOf":{"@id":"https:\/\/studia-wroclaw.pl\/prawo-to-nie-tylko-kodeksy-to-swiat-pelen-mozliwosci-wywiad-z-dr-barbara-jelonek-zacha\/"},"author":{"name":"Joanna Grabowska","@id":"https:\/\/studia-wroclaw.pl\/#\/schema\/person\/40289ee1c6a19ef6e894536db2fd83d6"},"headline":"\u201ePrawo to nie tylko kodeksy. To \u015bwiat pe\u0142en mo\u017cliwo\u015bci\u201d. Wywiad z dr Barbar\u0105 Jelonek-Zach\u0105","datePublished":"2026-08-25T12:54:53+00:00","dateModified":"2026-09-01T08:34:18+00:00","mainEntityOfPage":{"@id":"https:\/\/studia-wroclaw.pl\/prawo-to-nie-tylko-kodeksy-to-swiat-pelen-mozliwosci-wywiad-z-dr-barbara-jelonek-zacha\/"},"wordCount":1062,"commentCount":0,"image":{"@id":"https:\/\/studia-wroclaw.pl\/prawo-to-nie-tylko-kodeksy-to-swiat-pelen-mozliwosci-wywiad-z-dr-barbara-jelonek-zacha\/#primaryimage"},"thumbnailUrl":"https:\/\/studia-wroclaw.pl\/wp-content\/uploads\/2026\/08\/Projekt-bez-nazwy.jpg","articleSection":["Aktualno\u015bci"],"inLanguage":"en-GB","potentialAction":[{"@type":"CommentAction","name":"Comment","target":["https:\/\/studia-wroclaw.pl\/prawo-to-nie-tylko-kodeksy-to-swiat-pelen-mozliwosci-wywiad-z-dr-barbara-jelonek-zacha\/#respond"]}]},{"@type":"WebPage","@id":"https:\/\/studia-wroclaw.pl\/prawo-to-nie-tylko-kodeksy-to-swiat-pelen-mozliwosci-wywiad-z-dr-barbara-jelonek-zacha\/","url":"https:\/\/studia-wroclaw.pl\/prawo-to-nie-tylko-kodeksy-to-swiat-pelen-mozliwosci-wywiad-z-dr-barbara-jelonek-zacha\/","name":"\u201ePrawo to nie tylko kodeksy. To \u015bwiat pe\u0142en mo\u017cliwo\u015bci\u201d. Wywiad z dr Barbar\u0105 Jelonek-Zach\u0105 - Studia Wroc\u0142aw","isPartOf":{"@id":"https:\/\/studia-wroclaw.pl\/#website"},"primaryImageOfPage":{"@id":"https:\/\/studia-wroclaw.pl\/prawo-to-nie-tylko-kodeksy-to-swiat-pelen-mozliwosci-wywiad-z-dr-barbara-jelonek-zacha\/#primaryimage"},"image":{"@id":"https:\/\/studia-wroclaw.pl\/prawo-to-nie-tylko-kodeksy-to-swiat-pelen-mozliwosci-wywiad-z-dr-barbara-jelonek-zacha\/#primaryimage"},"thumbnailUrl":"https:\/\/studia-wroclaw.pl\/wp-content\/uploads\/2026\/08\/Projekt-bez-nazwy.jpg","datePublished":"2026-08-25T12:54:53+00:00","dateModified":"2026-09-01T08:34:18+00:00","author":{"@id":"https:\/\/studia-wroclaw.pl\/#\/schema\/person\/40289ee1c6a19ef6e894536db2fd83d6"},"description":"Dr Barbara Jelonek-Zacha opowiada o swojej drodze zawodowej, pracy akademickiej i mo\u017cliwo\u015bciach, jakie daje wykszta\u0142cenie prawnicze. Przeczytaj wywiad.","breadcrumb":{"@id":"https:\/\/studia-wroclaw.pl\/prawo-to-nie-tylko-kodeksy-to-swiat-pelen-mozliwosci-wywiad-z-dr-barbara-jelonek-zacha\/#breadcrumb"},"inLanguage":"en-GB","potentialAction":[{"@type":"ReadAction","target":["https:\/\/studia-wroclaw.pl\/prawo-to-nie-tylko-kodeksy-to-swiat-pelen-mozliwosci-wywiad-z-dr-barbara-jelonek-zacha\/"]}]},{"@type":"ImageObject","inLanguage":"en-GB","@id":"https:\/\/studia-wroclaw.pl\/prawo-to-nie-tylko-kodeksy-to-swiat-pelen-mozliwosci-wywiad-z-dr-barbara-jelonek-zacha\/#primaryimage","url":"https:\/\/studia-wroclaw.pl\/wp-content\/uploads\/2026\/08\/Projekt-bez-nazwy.jpg","contentUrl":"https:\/\/studia-wroclaw.pl\/wp-content\/uploads\/2026\/08\/Projekt-bez-nazwy.jpg","width":1920,"height":1080,"caption":"\u201ePrawo to nie tylko kodeksy. To \u015bwiat pe\u0142en mo\u017cliwo\u015bci\u201d. Wywiad z dr Barbar\u0105 Jelonek-Zach\u0105"},{"@type":"BreadcrumbList","@id":"https:\/\/studia-wroclaw.pl\/prawo-to-nie-tylko-kodeksy-to-swiat-pelen-mozliwosci-wywiad-z-dr-barbara-jelonek-zacha\/#breadcrumb","itemListElement":[{"@type":"ListItem","position":1,"name":"Strona g\u0142\u00f3wna","item":"https:\/\/studia-wroclaw.pl\/"},{"@type":"ListItem","position":2,"name":"\u201ePrawo to nie tylko kodeksy. To \u015bwiat pe\u0142en mo\u017cliwo\u015bci\u201d. Wywiad z dr Barbar\u0105 Jelonek-Zach\u0105"}]},{"@type":"WebSite","@id":"https:\/\/studia-wroclaw.pl\/#website","url":"https:\/\/studia-wroclaw.pl\/","name":"Studies Wroclaw","description":"","potentialAction":[{"@type":"SearchAction","target":{"@type":"EntryPoint","urlTemplate":"https:\/\/studia-wroclaw.pl\/?s={search_term_string}"},"query-input":{"@type":"PropertyValueSpecification","valueRequired":true,"valueName":"search_term_string"}}],"inLanguage":"en-GB"},{"@type":"Person","@id":"https:\/\/studia-wroclaw.pl\/#\/schema\/person\/40289ee1c6a19ef6e894536db2fd83d6","name":"Joanna Grabowska","image":{"@type":"ImageObject","inLanguage":"en-GB","@id":"https:\/\/secure.gravatar.com\/avatar\/7aa4a6237f6d29b138d48a326a7a755e3053a93eebad2fd6130b411361f2e1d7?s=96&d=mm&r=g","url":"https:\/\/secure.gravatar.com\/avatar\/7aa4a6237f6d29b138d48a326a7a755e3053a93eebad2fd6130b411361f2e1d7?s=96&d=mm&r=g","contentUrl":"https:\/\/secure.gravatar.com\/avatar\/7aa4a6237f6d29b138d48a326a7a755e3053a93eebad2fd6130b411361f2e1d7?s=96&d=mm&r=g","caption":"Joanna Grabowska"},"url":"https:\/\/studia-wroclaw.pl\/en\/author\/joanna-grabowska\/"}]}},"_links":{"self":[{"href":"https:\/\/studia-wroclaw.pl\/en\/wp-json\/wp\/v2\/posts\/13072","targetHints":{"allow":["GET"]}}],"collection":[{"href":"https:\/\/studia-wroclaw.pl\/en\/wp-json\/wp\/v2\/posts"}],"about":[{"href":"https:\/\/studia-wroclaw.pl\/en\/wp-json\/wp\/v2\/types\/post"}],"author":[{"embeddable":true,"href":"https:\/\/studia-wroclaw.pl\/en\/wp-json\/wp\/v2\/users\/57"}],"replies":[{"embeddable":true,"href":"https:\/\/studia-wroclaw.pl\/en\/wp-json\/wp\/v2\/comments?post=13072"}],"version-history":[{"count":1,"href":"https:\/\/studia-wroclaw.pl\/en\/wp-json\/wp\/v2\/posts\/13072\/revisions"}],"predecessor-version":[{"id":13073,"href":"https:\/\/studia-wroclaw.pl\/en\/wp-json\/wp\/v2\/posts\/13072\/revisions\/13073"}],"wp:featuredmedia":[{"embeddable":true,"href":"https:\/\/studia-wroclaw.pl\/en\/wp-json\/wp\/v2\/media\/13063"}],"wp:attachment":[{"href":"https:\/\/studia-wroclaw.pl\/en\/wp-json\/wp\/v2\/media?parent=13072"}],"wp:term":[{"taxonomy":"category","embeddable":true,"href":"https:\/\/studia-wroclaw.pl\/en\/wp-json\/wp\/v2\/categories?post=13072"},{"taxonomy":"post_tag","embeddable":true,"href":"https:\/\/studia-wroclaw.pl\/en\/wp-json\/wp\/v2\/tags?post=13072"}],"curies":[{"name":"wp","href":"https:\/\/api.w.org\/{rel}","templated":true}]}}