{"id":13074,"date":"2026-08-25T15:03:47","date_gmt":"2026-08-25T13:03:47","guid":{"rendered":"https:\/\/studia-wroclaw.pl\/?p=13074"},"modified":"2026-09-01T10:34:55","modified_gmt":"2026-09-01T08:34:55","slug":"kim-jest-mgr-mehmet-omurlu-poznaj-zastepce-dyrektora-instytutu-zarzadzania-i-nauk-o-jakosci-naszej-uczelni","status":"publish","type":"post","link":"https:\/\/studia-wroclaw.pl\/en\/kim-jest-mgr-mehmet-omurlu-poznaj-zastepce-dyrektora-instytutu-zarzadzania-i-nauk-o-jakosci-naszej-uczelni\/","title":{"rendered":"Kim jest mgr Mehmet \u00d6m\u00fcrl\u00fc? Poznaj Zast\u0119pc\u0119 Dyrektora Instytutu Zarz\u0105dzania i Nauk o Jako\u015bci naszej Uczelni"},"content":{"rendered":"<p class=\"wp-block-paragraph\">Jak mgr Mehmet \u00d6m\u00fcrl\u00fc \u0142\u0105czy dzia\u0142alno\u015b\u0107 akademick\u0105 z praktyk\u0105 biznesow\u0105? Podczas zaj\u0119\u0107 <strong>wykorzystuje wieloletnie do\u015bwiadczenie zawodowe, pokazuj\u0105c studentom, jak wiedza z zakresu zarz\u0105dzania i marketingu przek\u0142ada si\u0119 na funkcjonowanie przedsi\u0119biorstw<\/strong>. Poznaj bli\u017cej sylwetk\u0119 wyk\u0142adowcy Wy\u017cszej Szko\u0142y Kszta\u0142cenia Zawodowego.<\/p>\n\n\n\n<h2 class=\"wp-block-heading\">Kim jest mgr Mehmet \u00d6m\u00fcrl\u00fc?<\/h2>\n\n\n\n<p class=\"wp-block-paragraph\">Mgr Mehmet \u00d6m\u00fcrl\u00fc jest <strong>Zast\u0119pc\u0105 Dyrektora Instytutu Zarz\u0105dzania i Nauk o Jako\u015bci WSKZ, wyk\u0142adowc\u0105 akademickim oraz praktykiem biznesu<\/strong>. Od ponad 15 lat z powodzeniem \u0142\u0105czy prac\u0119 dydaktyczn\u0105 z do\u015bwiadczeniem zdobywanym we wsp\u00f3\u0142pracy z przedsi\u0119biorstwami z Polski, Niemiec, Austrii i Szwajcarii.<\/p>\n\n\n\n<p class=\"wp-block-paragraph\">Jego dzia\u0142alno\u015b\u0107 dydaktyczna i zawodowa koncentruje si\u0119 na obszarach zwi\u0105zanych z biznesem i rozwojem kompetencji. <strong>Mgr Mehmet \u00d6m\u00fcrl\u00fc specjalizuje si\u0119 przede wszystkim w:<\/strong><\/p>\n\n\n\n<ul class=\"wp-block-list\">\n<li>zarz\u0105dzaniu;<\/li>\n\n\n\n<li>marketingu;<\/li>\n\n\n\n<li>przedsi\u0119biorczo\u015bci;<\/li>\n\n\n\n<li>rozwoju kompetencji mened\u017cerskich.<\/li>\n<\/ul>\n\n\n\n<p class=\"wp-block-paragraph\">W swojej pracy kieruje si\u0119 przekonaniem, \u017ce <strong>szczeg\u00f3ln\u0105 warto\u015b\u0107 ma edukacja, w kt\u00f3rej wiedza teoretyczna spotyka si\u0119 z praktycznym do\u015bwiadczeniem.&nbsp;<\/strong><\/p>\n\n\n\n<h2 class=\"wp-block-heading\">Co wyr\u00f3\u017cnia dzia\u0142alno\u015b\u0107 dydaktyczn\u0105 mgr. Mehmeta \u00d6m\u00fcrl\u00fc?<\/h2>\n\n\n\n<p class=\"wp-block-paragraph\">W podej\u015bciu dydaktycznym mgr. Mehmeta \u00d6m\u00fcrl\u00fc <strong>wa\u017cne miejsce zajmuje przygotowanie student\u00f3w do \u015bwiadomego wykorzystywania zdobywanej wiedzy w przysz\u0142ej pracy zawodowej<\/strong>. Kszta\u0142cenie traktuje nie tylko jako przekazywanie informacji, ale r\u00f3wnie\u017c jako przestrze\u0144 do zdobywania nowych umiej\u0119tno\u015bci i poznawania r\u00f3\u017cnych perspektyw zwi\u0105zanych ze \u015bwiatem biznesu.<\/p>\n\n\n\n<h2 class=\"wp-block-heading\">Jak mgr Mehmet \u00d6m\u00fcrl\u00fc anga\u017cuje si\u0119 w rozw\u00f3j student\u00f3w w WSKZ?<\/h2>\n\n\n\n<p class=\"wp-block-paragraph\">Mgr Mehmet \u00d6m\u00fcrl\u00fc wspiera rozw\u00f3j student\u00f3w poprzez inicjatywy, kt\u00f3re pozwalaj\u0105 im zdobywa\u0107 dodatkow\u0105 wiedz\u0119, do\u015bwiadczenie i kompetencje poza standardowym programem kszta\u0142cenia.&nbsp;<\/p>\n\n\n\n<p class=\"wp-block-paragraph\"><strong>W\u015br\u00f3d dzia\u0142a\u0144 podejmowanych przez wyk\u0142adowc\u0119 WSKZ mgr. Mehmeta \u00d6m\u00fcrl\u00fc znajduj\u0105 si\u0119:&nbsp;<\/strong><\/p>\n\n\n\n<ul class=\"wp-block-list\">\n<li><strong>warsztaty i projekty<\/strong> pozwalaj\u0105ce zdobywa\u0107 praktyczne umiej\u0119tno\u015bci;<\/li>\n\n\n\n<li><strong>wizyty studyjne<\/strong>, przybli\u017caj\u0105ce realia funkcjonowania organizacji;<\/li>\n\n\n\n<li><strong>spotkania z przedstawicielami biznesu<\/strong>, umo\u017cliwiaj\u0105ce poznanie do\u015bwiadcze\u0144 praktyk\u00f3w;<\/li>\n\n\n\n<li><strong>opieka nad ko\u0142ami naukowymi<\/strong> \u2013 Ko\u0142em Reklamy, Marketingu i Public Relations oraz Ko\u0142em Nowoczesnego Zarz\u0105dzania i Start-up\u00f3w;<\/li>\n\n\n\n<li><strong>dodatkowe wyk\u0142ady i wydarzenia z ekspertami z Polski i zagranicy<\/strong>, prezentuj\u0105ce r\u00f3\u017cne perspektywy ze \u015bwiata biznesu.<\/li>\n<\/ul>\n\n\n\n<p class=\"wp-block-paragraph\">Jednym z takich wydarze\u0144 by\u0142y <strong>warsztaty z Nicole Alexander \u2013 by\u0142\u0105 Dyrektor Marketingu Facebooka<\/strong>. Dla student\u00f3w WSKZ by\u0142a to okazja do zdobycia wiedzy i poznania perspektywy osoby z do\u015bwiadczeniem w mi\u0119dzynarodowym biznesie i marketingu.<\/p>\n\n\n\n<h3 class=\"wp-block-heading\">Nagroda za wybitne osi\u0105gni\u0119cia dydaktyczne<\/h3>\n\n\n\n<p class=\"wp-block-paragraph\">Za dzia\u0142alno\u015b\u0107 dydaktyczn\u0105 oraz zaanga\u017cowanie w rozw\u00f3j student\u00f3w mgr Mehmet \u00d6m\u00fcrl\u00fc zosta\u0142 <strong>w roku akademickim 2024\/2025 uhonorowany Nagrod\u0105 Wydzia\u0142u Nauk Spo\u0142ecznych<\/strong> za wybitne osi\u0105gni\u0119cia dydaktyczne.<\/p>\n\n\n\n<p class=\"wp-block-paragraph\">Wyr\u00f3\u017cnienie <strong>podkre\u015bla jego wk\u0142ad w tworzenie \u015brodowiska akademickiego sprzyjaj\u0105cego zdobywaniu wiedzy i rozwijaniu umiej\u0119tno\u015bci<\/strong> potrzebnych do realizacji cel\u00f3w zawodowych.&nbsp;<\/p>\n\n\n\n<h2 class=\"wp-block-heading\">Dlaczego warto zag\u0142osowa\u0107 na mgr. Mehmeta \u00d6m\u00fcrl\u00fc w plebiscycie na Wyk\u0142adowc\u0119 Roku?<\/h2>\n\n\n\n<p class=\"wp-block-paragraph\">Wyk\u0142adowca WSKZ mgr Mehmet \u00d6m\u00fcrl\u00fc \u0142\u0105czy do\u015bwiadczenie biznesowe z praktyczn\u0105 dydaktyk\u0105, anga\u017cuj\u0105c student\u00f3w w projekty i warsztaty przybli\u017caj\u0105ce realia biznesu. Je\u015bli cenisz jego aktywno\u015b\u0107 zawodow\u0105, tworzenie mo\u017cliwo\u015bci kontaktu z praktykami biznesu oraz wspieranie student\u00f3w w rozwijaniu kompetencji zawodowych, <strong>oddaj sw\u00f3j g\u0142os na mgr. Mehmeta \u00d6m\u00fcrl\u00fc w<\/strong> <a href=\"https:\/\/wykladowcaroku.pl\/\"><strong>plebiscycie na Wyk\u0142adowc\u0119 Roku<\/strong><\/a>.<\/p>\n\n\n\n<h2 class=\"wp-block-heading\">FAQ<\/h2>\n\n\n\n<h3 class=\"wp-block-heading\">Kim jest mgr Mehmet \u00d6m\u00fcrl\u00fc?<\/h3>\n\n\n\n<p class=\"wp-block-paragraph\">Mgr Mehmet \u00d6m\u00fcrl\u00fc jest Zast\u0119pc\u0105 Dyrektora Instytutu Zarz\u0105dzania i Nauk o Jako\u015bci WSKZ, wyk\u0142adowc\u0105 akademickim oraz praktykiem biznesu z ponad 15-letnim do\u015bwiadczeniem. Specjalizuje si\u0119 w zarz\u0105dzaniu, marketingu, przedsi\u0119biorczo\u015bci i rozwoju kompetencji mened\u017cerskich.<\/p>\n\n\n\n<h3 class=\"wp-block-heading\">Jakimi ko\u0142ami naukowymi opiekuje si\u0119 mgr Mehmet \u00d6m\u00fcrl\u00fc?&nbsp;<\/h3>\n\n\n\n<p class=\"wp-block-paragraph\">Mgr Mehmet \u00d6m\u00fcrl\u00fc pe\u0142ni funkcj\u0119 opiekuna Ko\u0142a Reklamy, Marketingu i Public Relations oraz Ko\u0142a Nowoczesnego Zarz\u0105dzania i Start-up\u00f3w. W ramach ich dzia\u0142alno\u015bci inicjuje warsztaty, projekty, wizyty studyjne i spotkania z praktykami biznesu.&nbsp;<\/p>\n\n\n\n<h3 class=\"wp-block-heading\">Jak\u0105 nagrod\u0119 otrzyma\u0142 mgr Mehmet \u00d6m\u00fcrl\u00fc?<\/h3>\n\n\n\n<p class=\"wp-block-paragraph\">W roku akademickim 2024\/2025 mgr Mehmet \u00d6m\u00fcrl\u00fc zosta\u0142 uhonorowany Nagrod\u0105 Wydzia\u0142u Nauk Spo\u0142ecznych za wybitne osi\u0105gni\u0119cia dydaktyczne. Wyr\u00f3\u017cnienie stanowi wyraz uznania dla jego pracy dydaktycznej oraz zaanga\u017cowania w rozw\u00f3j student\u00f3w.&nbsp;<\/p>\n\n\n\n<p class=\"wp-block-paragraph\"><\/p>","protected":false},"excerpt":{"rendered":"<p>Jak mgr Mehmet \u00d6m\u00fcrl\u00fc \u0142\u0105czy dzia\u0142alno\u015b\u0107 akademick\u0105 z praktyk\u0105 biznesow\u0105? Podczas zaj\u0119\u0107 wykorzystuje wieloletnie do\u015bwiadczenie zawodowe, pokazuj\u0105c studentom, jak wiedza z zakresu zarz\u0105dzania i marketingu przek\u0142ada si\u0119 na funkcjonowanie przedsi\u0119biorstw. Poznaj bli\u017cej sylwetk\u0119 wyk\u0142adowcy Wy\u017cszej Szko\u0142y Kszta\u0142cenia Zawodowego. Kim jest mgr Mehmet \u00d6m\u00fcrl\u00fc? Mgr Mehmet \u00d6m\u00fcrl\u00fc jest Zast\u0119pc\u0105 Dyrektora Instytutu Zarz\u0105dzania i Nauk o Jako\u015bci [&hellip;]<\/p>\n","protected":false},"author":57,"featured_media":13075,"comment_status":"open","ping_status":"open","sticky":false,"template":"","format":"standard","meta":{"om_disable_all_campaigns":false,"footnotes":""},"categories":[50],"tags":[],"class_list":["post-13074","post","type-post","status-publish","format-standard","has-post-thumbnail","hentry","category-aktualnosci"],"yoast_head":"<!-- This site is optimized with the Yoast SEO plugin v28.1 - https:\/\/yoast.com\/product\/yoast-seo-wordpress\/ -->\n<title>Kim jest mgr Mehmet \u00d6m\u00fcrl\u00fc? Poznaj Zast\u0119pc\u0119 Dyrektora Instytutu Zarz\u0105dzania i Nauk o Jako\u015bci naszej Uczelni - Studia Wroc\u0142aw<\/title>\n<meta name=\"description\" content=\"Poznaj mgr. Mehmeta \u00d6m\u00fcrl\u00fc, wyk\u0142adowc\u0119 WSKZ, kt\u00f3ry \u0142\u0105czy wieloletnie do\u015bwiadczenie biznesowe z praktycznym podej\u015bciem do zarz\u0105dzania i marketingu.\" \/>\n<meta name=\"robots\" content=\"index, follow, max-snippet:-1, max-image-preview:large, max-video-preview:-1\" \/>\n<link rel=\"canonical\" href=\"https:\/\/studia-wroclaw.pl\/en\/kim-jest-mgr-mehmet-omurlu-poznaj-zastepce-dyrektora-instytutu-zarzadzania-i-nauk-o-jakosci-naszej-uczelni\/\" \/>\n<meta property=\"og:locale\" content=\"en_GB\" \/>\n<meta property=\"og:type\" content=\"article\" \/>\n<meta property=\"og:title\" content=\"Kim jest mgr Mehmet \u00d6m\u00fcrl\u00fc? Poznaj Zast\u0119pc\u0119 Dyrektora Instytutu Zarz\u0105dzania i Nauk o Jako\u015bci naszej Uczelni - Studia Wroc\u0142aw\" \/>\n<meta property=\"og:description\" content=\"Poznaj mgr. Mehmeta \u00d6m\u00fcrl\u00fc, wyk\u0142adowc\u0119 WSKZ, kt\u00f3ry \u0142\u0105czy wieloletnie do\u015bwiadczenie biznesowe z praktycznym podej\u015bciem do zarz\u0105dzania i marketingu.\" \/>\n<meta property=\"og:url\" content=\"https:\/\/studia-wroclaw.pl\/en\/kim-jest-mgr-mehmet-omurlu-poznaj-zastepce-dyrektora-instytutu-zarzadzania-i-nauk-o-jakosci-naszej-uczelni\/\" \/>\n<meta property=\"og:site_name\" content=\"Studia Wroc\u0142aw\" \/>\n<meta property=\"article:published_time\" content=\"2026-08-25T13:03:47+00:00\" \/>\n<meta property=\"article:modified_time\" content=\"2026-09-01T08:34:55+00:00\" \/>\n<meta property=\"og:image\" content=\"https:\/\/studia-wroclaw.pl\/wp-content\/uploads\/2026\/08\/Projekt-bez-nazwy-1.jpg\" \/>\n\t<meta property=\"og:image:width\" content=\"1920\" \/>\n\t<meta property=\"og:image:height\" content=\"1080\" \/>\n\t<meta property=\"og:image:type\" content=\"image\/jpeg\" \/>\n<meta name=\"author\" content=\"Joanna Grabowska\" \/>\n<meta name=\"twitter:card\" content=\"summary_large_image\" \/>\n<meta name=\"twitter:label1\" content=\"Written by\" \/>\n\t<meta name=\"twitter:data1\" content=\"Joanna Grabowska\" \/>\n\t<meta name=\"twitter:label2\" content=\"Estimated reading time\" \/>\n\t<meta name=\"twitter:data2\" content=\"4 minutes\" \/>\n<script type=\"application\/ld+json\" class=\"yoast-schema-graph\">{\"@context\":\"https:\\\/\\\/schema.org\",\"@graph\":[{\"@type\":\"Article\",\"@id\":\"https:\\\/\\\/studia-wroclaw.pl\\\/kim-jest-mgr-mehmet-omurlu-poznaj-zastepce-dyrektora-instytutu-zarzadzania-i-nauk-o-jakosci-naszej-uczelni\\\/#article\",\"isPartOf\":{\"@id\":\"https:\\\/\\\/studia-wroclaw.pl\\\/kim-jest-mgr-mehmet-omurlu-poznaj-zastepce-dyrektora-instytutu-zarzadzania-i-nauk-o-jakosci-naszej-uczelni\\\/\"},\"author\":{\"name\":\"Joanna Grabowska\",\"@id\":\"https:\\\/\\\/studia-wroclaw.pl\\\/#\\\/schema\\\/person\\\/40289ee1c6a19ef6e894536db2fd83d6\"},\"headline\":\"Kim jest mgr Mehmet \u00d6m\u00fcrl\u00fc? Poznaj Zast\u0119pc\u0119 Dyrektora Instytutu Zarz\u0105dzania i Nauk o Jako\u015bci naszej Uczelni\",\"datePublished\":\"2026-08-25T13:03:47+00:00\",\"dateModified\":\"2026-09-01T08:34:55+00:00\",\"mainEntityOfPage\":{\"@id\":\"https:\\\/\\\/studia-wroclaw.pl\\\/kim-jest-mgr-mehmet-omurlu-poznaj-zastepce-dyrektora-instytutu-zarzadzania-i-nauk-o-jakosci-naszej-uczelni\\\/\"},\"wordCount\":710,\"commentCount\":0,\"image\":{\"@id\":\"https:\\\/\\\/studia-wroclaw.pl\\\/kim-jest-mgr-mehmet-omurlu-poznaj-zastepce-dyrektora-instytutu-zarzadzania-i-nauk-o-jakosci-naszej-uczelni\\\/#primaryimage\"},\"thumbnailUrl\":\"https:\\\/\\\/studia-wroclaw.pl\\\/wp-content\\\/uploads\\\/2026\\\/08\\\/Projekt-bez-nazwy-1.jpg\",\"articleSection\":[\"Aktualno\u015bci\"],\"inLanguage\":\"en-GB\",\"potentialAction\":[{\"@type\":\"CommentAction\",\"name\":\"Comment\",\"target\":[\"https:\\\/\\\/studia-wroclaw.pl\\\/kim-jest-mgr-mehmet-omurlu-poznaj-zastepce-dyrektora-instytutu-zarzadzania-i-nauk-o-jakosci-naszej-uczelni\\\/#respond\"]}]},{\"@type\":\"WebPage\",\"@id\":\"https:\\\/\\\/studia-wroclaw.pl\\\/kim-jest-mgr-mehmet-omurlu-poznaj-zastepce-dyrektora-instytutu-zarzadzania-i-nauk-o-jakosci-naszej-uczelni\\\/\",\"url\":\"https:\\\/\\\/studia-wroclaw.pl\\\/kim-jest-mgr-mehmet-omurlu-poznaj-zastepce-dyrektora-instytutu-zarzadzania-i-nauk-o-jakosci-naszej-uczelni\\\/\",\"name\":\"Kim jest mgr Mehmet \u00d6m\u00fcrl\u00fc? Poznaj Zast\u0119pc\u0119 Dyrektora Instytutu Zarz\u0105dzania i Nauk o Jako\u015bci naszej Uczelni - Studia Wroc\u0142aw\",\"isPartOf\":{\"@id\":\"https:\\\/\\\/studia-wroclaw.pl\\\/#website\"},\"primaryImageOfPage\":{\"@id\":\"https:\\\/\\\/studia-wroclaw.pl\\\/kim-jest-mgr-mehmet-omurlu-poznaj-zastepce-dyrektora-instytutu-zarzadzania-i-nauk-o-jakosci-naszej-uczelni\\\/#primaryimage\"},\"image\":{\"@id\":\"https:\\\/\\\/studia-wroclaw.pl\\\/kim-jest-mgr-mehmet-omurlu-poznaj-zastepce-dyrektora-instytutu-zarzadzania-i-nauk-o-jakosci-naszej-uczelni\\\/#primaryimage\"},\"thumbnailUrl\":\"https:\\\/\\\/studia-wroclaw.pl\\\/wp-content\\\/uploads\\\/2026\\\/08\\\/Projekt-bez-nazwy-1.jpg\",\"datePublished\":\"2026-08-25T13:03:47+00:00\",\"dateModified\":\"2026-09-01T08:34:55+00:00\",\"author\":{\"@id\":\"https:\\\/\\\/studia-wroclaw.pl\\\/#\\\/schema\\\/person\\\/40289ee1c6a19ef6e894536db2fd83d6\"},\"description\":\"Poznaj mgr. Mehmeta \u00d6m\u00fcrl\u00fc, wyk\u0142adowc\u0119 WSKZ, kt\u00f3ry \u0142\u0105czy wieloletnie do\u015bwiadczenie biznesowe z praktycznym podej\u015bciem do zarz\u0105dzania i marketingu.\",\"breadcrumb\":{\"@id\":\"https:\\\/\\\/studia-wroclaw.pl\\\/kim-jest-mgr-mehmet-omurlu-poznaj-zastepce-dyrektora-instytutu-zarzadzania-i-nauk-o-jakosci-naszej-uczelni\\\/#breadcrumb\"},\"inLanguage\":\"en-GB\",\"potentialAction\":[{\"@type\":\"ReadAction\",\"target\":[\"https:\\\/\\\/studia-wroclaw.pl\\\/kim-jest-mgr-mehmet-omurlu-poznaj-zastepce-dyrektora-instytutu-zarzadzania-i-nauk-o-jakosci-naszej-uczelni\\\/\"]}]},{\"@type\":\"ImageObject\",\"inLanguage\":\"en-GB\",\"@id\":\"https:\\\/\\\/studia-wroclaw.pl\\\/kim-jest-mgr-mehmet-omurlu-poznaj-zastepce-dyrektora-instytutu-zarzadzania-i-nauk-o-jakosci-naszej-uczelni\\\/#primaryimage\",\"url\":\"https:\\\/\\\/studia-wroclaw.pl\\\/wp-content\\\/uploads\\\/2026\\\/08\\\/Projekt-bez-nazwy-1.jpg\",\"contentUrl\":\"https:\\\/\\\/studia-wroclaw.pl\\\/wp-content\\\/uploads\\\/2026\\\/08\\\/Projekt-bez-nazwy-1.jpg\",\"width\":1920,\"height\":1080,\"caption\":\"Kim jest mgr Mehmet \u00d6m\u00fcrl\u00fc? Poznaj Zast\u0119pc\u0119 Dyrektora Instytutu Zarz\u0105dzania i Nauk o Jako\u015bci naszej Uczelni\"},{\"@type\":\"BreadcrumbList\",\"@id\":\"https:\\\/\\\/studia-wroclaw.pl\\\/kim-jest-mgr-mehmet-omurlu-poznaj-zastepce-dyrektora-instytutu-zarzadzania-i-nauk-o-jakosci-naszej-uczelni\\\/#breadcrumb\",\"itemListElement\":[{\"@type\":\"ListItem\",\"position\":1,\"name\":\"Strona g\u0142\u00f3wna\",\"item\":\"https:\\\/\\\/studia-wroclaw.pl\\\/\"},{\"@type\":\"ListItem\",\"position\":2,\"name\":\"Kim jest mgr Mehmet \u00d6m\u00fcrl\u00fc? Poznaj Zast\u0119pc\u0119 Dyrektora Instytutu Zarz\u0105dzania i Nauk o Jako\u015bci naszej Uczelni\"}]},{\"@type\":\"WebSite\",\"@id\":\"https:\\\/\\\/studia-wroclaw.pl\\\/#website\",\"url\":\"https:\\\/\\\/studia-wroclaw.pl\\\/\",\"name\":\"Studia Wroc\u0142aw\",\"description\":\"\",\"potentialAction\":[{\"@type\":\"SearchAction\",\"target\":{\"@type\":\"EntryPoint\",\"urlTemplate\":\"https:\\\/\\\/studia-wroclaw.pl\\\/?s={search_term_string}\"},\"query-input\":{\"@type\":\"PropertyValueSpecification\",\"valueRequired\":true,\"valueName\":\"search_term_string\"}}],\"inLanguage\":\"en-GB\"},{\"@type\":\"Person\",\"@id\":\"https:\\\/\\\/studia-wroclaw.pl\\\/#\\\/schema\\\/person\\\/40289ee1c6a19ef6e894536db2fd83d6\",\"name\":\"Joanna Grabowska\",\"image\":{\"@type\":\"ImageObject\",\"inLanguage\":\"en-GB\",\"@id\":\"https:\\\/\\\/secure.gravatar.com\\\/avatar\\\/7aa4a6237f6d29b138d48a326a7a755e3053a93eebad2fd6130b411361f2e1d7?s=96&d=mm&r=g\",\"url\":\"https:\\\/\\\/secure.gravatar.com\\\/avatar\\\/7aa4a6237f6d29b138d48a326a7a755e3053a93eebad2fd6130b411361f2e1d7?s=96&d=mm&r=g\",\"contentUrl\":\"https:\\\/\\\/secure.gravatar.com\\\/avatar\\\/7aa4a6237f6d29b138d48a326a7a755e3053a93eebad2fd6130b411361f2e1d7?s=96&d=mm&r=g\",\"caption\":\"Joanna Grabowska\"},\"url\":\"https:\\\/\\\/studia-wroclaw.pl\\\/en\\\/author\\\/joanna-grabowska\\\/\"}]}<\/script>\n<!-- \/ Yoast SEO plugin. -->","yoast_head_json":{"title":"Kim jest mgr Mehmet \u00d6m\u00fcrl\u00fc? Poznaj Zast\u0119pc\u0119 Dyrektora Instytutu Zarz\u0105dzania i Nauk o Jako\u015bci naszej Uczelni - Studia Wroc\u0142aw","description":"Poznaj mgr. Mehmeta \u00d6m\u00fcrl\u00fc, wyk\u0142adowc\u0119 WSKZ, kt\u00f3ry \u0142\u0105czy wieloletnie do\u015bwiadczenie biznesowe z praktycznym podej\u015bciem do zarz\u0105dzania i marketingu.","robots":{"index":"index","follow":"follow","max-snippet":"max-snippet:-1","max-image-preview":"max-image-preview:large","max-video-preview":"max-video-preview:-1"},"canonical":"https:\/\/studia-wroclaw.pl\/en\/kim-jest-mgr-mehmet-omurlu-poznaj-zastepce-dyrektora-instytutu-zarzadzania-i-nauk-o-jakosci-naszej-uczelni\/","og_locale":"en_GB","og_type":"article","og_title":"Kim jest mgr Mehmet \u00d6m\u00fcrl\u00fc? Poznaj Zast\u0119pc\u0119 Dyrektora Instytutu Zarz\u0105dzania i Nauk o Jako\u015bci naszej Uczelni - Studia Wroc\u0142aw","og_description":"Poznaj mgr. Mehmeta \u00d6m\u00fcrl\u00fc, wyk\u0142adowc\u0119 WSKZ, kt\u00f3ry \u0142\u0105czy wieloletnie do\u015bwiadczenie biznesowe z praktycznym podej\u015bciem do zarz\u0105dzania i marketingu.","og_url":"https:\/\/studia-wroclaw.pl\/en\/kim-jest-mgr-mehmet-omurlu-poznaj-zastepce-dyrektora-instytutu-zarzadzania-i-nauk-o-jakosci-naszej-uczelni\/","og_site_name":"Studia Wroc\u0142aw","article_published_time":"2026-08-25T13:03:47+00:00","article_modified_time":"2026-09-01T08:34:55+00:00","og_image":[{"width":1920,"height":1080,"url":"https:\/\/studia-wroclaw.pl\/wp-content\/uploads\/2026\/08\/Projekt-bez-nazwy-1.jpg","type":"image\/jpeg"}],"author":"Joanna Grabowska","twitter_card":"summary_large_image","twitter_misc":{"Written by":"Joanna Grabowska","Estimated reading time":"4 minutes"},"schema":{"@context":"https:\/\/schema.org","@graph":[{"@type":"Article","@id":"https:\/\/studia-wroclaw.pl\/kim-jest-mgr-mehmet-omurlu-poznaj-zastepce-dyrektora-instytutu-zarzadzania-i-nauk-o-jakosci-naszej-uczelni\/#article","isPartOf":{"@id":"https:\/\/studia-wroclaw.pl\/kim-jest-mgr-mehmet-omurlu-poznaj-zastepce-dyrektora-instytutu-zarzadzania-i-nauk-o-jakosci-naszej-uczelni\/"},"author":{"name":"Joanna Grabowska","@id":"https:\/\/studia-wroclaw.pl\/#\/schema\/person\/40289ee1c6a19ef6e894536db2fd83d6"},"headline":"Kim jest mgr Mehmet \u00d6m\u00fcrl\u00fc? Poznaj Zast\u0119pc\u0119 Dyrektora Instytutu Zarz\u0105dzania i Nauk o Jako\u015bci naszej Uczelni","datePublished":"2026-08-25T13:03:47+00:00","dateModified":"2026-09-01T08:34:55+00:00","mainEntityOfPage":{"@id":"https:\/\/studia-wroclaw.pl\/kim-jest-mgr-mehmet-omurlu-poznaj-zastepce-dyrektora-instytutu-zarzadzania-i-nauk-o-jakosci-naszej-uczelni\/"},"wordCount":710,"commentCount":0,"image":{"@id":"https:\/\/studia-wroclaw.pl\/kim-jest-mgr-mehmet-omurlu-poznaj-zastepce-dyrektora-instytutu-zarzadzania-i-nauk-o-jakosci-naszej-uczelni\/#primaryimage"},"thumbnailUrl":"https:\/\/studia-wroclaw.pl\/wp-content\/uploads\/2026\/08\/Projekt-bez-nazwy-1.jpg","articleSection":["Aktualno\u015bci"],"inLanguage":"en-GB","potentialAction":[{"@type":"CommentAction","name":"Comment","target":["https:\/\/studia-wroclaw.pl\/kim-jest-mgr-mehmet-omurlu-poznaj-zastepce-dyrektora-instytutu-zarzadzania-i-nauk-o-jakosci-naszej-uczelni\/#respond"]}]},{"@type":"WebPage","@id":"https:\/\/studia-wroclaw.pl\/kim-jest-mgr-mehmet-omurlu-poznaj-zastepce-dyrektora-instytutu-zarzadzania-i-nauk-o-jakosci-naszej-uczelni\/","url":"https:\/\/studia-wroclaw.pl\/kim-jest-mgr-mehmet-omurlu-poznaj-zastepce-dyrektora-instytutu-zarzadzania-i-nauk-o-jakosci-naszej-uczelni\/","name":"Kim jest mgr Mehmet \u00d6m\u00fcrl\u00fc? Poznaj Zast\u0119pc\u0119 Dyrektora Instytutu Zarz\u0105dzania i Nauk o Jako\u015bci naszej Uczelni - Studia Wroc\u0142aw","isPartOf":{"@id":"https:\/\/studia-wroclaw.pl\/#website"},"primaryImageOfPage":{"@id":"https:\/\/studia-wroclaw.pl\/kim-jest-mgr-mehmet-omurlu-poznaj-zastepce-dyrektora-instytutu-zarzadzania-i-nauk-o-jakosci-naszej-uczelni\/#primaryimage"},"image":{"@id":"https:\/\/studia-wroclaw.pl\/kim-jest-mgr-mehmet-omurlu-poznaj-zastepce-dyrektora-instytutu-zarzadzania-i-nauk-o-jakosci-naszej-uczelni\/#primaryimage"},"thumbnailUrl":"https:\/\/studia-wroclaw.pl\/wp-content\/uploads\/2026\/08\/Projekt-bez-nazwy-1.jpg","datePublished":"2026-08-25T13:03:47+00:00","dateModified":"2026-09-01T08:34:55+00:00","author":{"@id":"https:\/\/studia-wroclaw.pl\/#\/schema\/person\/40289ee1c6a19ef6e894536db2fd83d6"},"description":"Poznaj mgr. Mehmeta \u00d6m\u00fcrl\u00fc, wyk\u0142adowc\u0119 WSKZ, kt\u00f3ry \u0142\u0105czy wieloletnie do\u015bwiadczenie biznesowe z praktycznym podej\u015bciem do zarz\u0105dzania i marketingu.","breadcrumb":{"@id":"https:\/\/studia-wroclaw.pl\/kim-jest-mgr-mehmet-omurlu-poznaj-zastepce-dyrektora-instytutu-zarzadzania-i-nauk-o-jakosci-naszej-uczelni\/#breadcrumb"},"inLanguage":"en-GB","potentialAction":[{"@type":"ReadAction","target":["https:\/\/studia-wroclaw.pl\/kim-jest-mgr-mehmet-omurlu-poznaj-zastepce-dyrektora-instytutu-zarzadzania-i-nauk-o-jakosci-naszej-uczelni\/"]}]},{"@type":"ImageObject","inLanguage":"en-GB","@id":"https:\/\/studia-wroclaw.pl\/kim-jest-mgr-mehmet-omurlu-poznaj-zastepce-dyrektora-instytutu-zarzadzania-i-nauk-o-jakosci-naszej-uczelni\/#primaryimage","url":"https:\/\/studia-wroclaw.pl\/wp-content\/uploads\/2026\/08\/Projekt-bez-nazwy-1.jpg","contentUrl":"https:\/\/studia-wroclaw.pl\/wp-content\/uploads\/2026\/08\/Projekt-bez-nazwy-1.jpg","width":1920,"height":1080,"caption":"Kim jest mgr Mehmet \u00d6m\u00fcrl\u00fc? Poznaj Zast\u0119pc\u0119 Dyrektora Instytutu Zarz\u0105dzania i Nauk o Jako\u015bci naszej Uczelni"},{"@type":"BreadcrumbList","@id":"https:\/\/studia-wroclaw.pl\/kim-jest-mgr-mehmet-omurlu-poznaj-zastepce-dyrektora-instytutu-zarzadzania-i-nauk-o-jakosci-naszej-uczelni\/#breadcrumb","itemListElement":[{"@type":"ListItem","position":1,"name":"Strona g\u0142\u00f3wna","item":"https:\/\/studia-wroclaw.pl\/"},{"@type":"ListItem","position":2,"name":"Kim jest mgr Mehmet \u00d6m\u00fcrl\u00fc? Poznaj Zast\u0119pc\u0119 Dyrektora Instytutu Zarz\u0105dzania i Nauk o Jako\u015bci naszej Uczelni"}]},{"@type":"WebSite","@id":"https:\/\/studia-wroclaw.pl\/#website","url":"https:\/\/studia-wroclaw.pl\/","name":"Studies Wroclaw","description":"","potentialAction":[{"@type":"SearchAction","target":{"@type":"EntryPoint","urlTemplate":"https:\/\/studia-wroclaw.pl\/?s={search_term_string}"},"query-input":{"@type":"PropertyValueSpecification","valueRequired":true,"valueName":"search_term_string"}}],"inLanguage":"en-GB"},{"@type":"Person","@id":"https:\/\/studia-wroclaw.pl\/#\/schema\/person\/40289ee1c6a19ef6e894536db2fd83d6","name":"Joanna Grabowska","image":{"@type":"ImageObject","inLanguage":"en-GB","@id":"https:\/\/secure.gravatar.com\/avatar\/7aa4a6237f6d29b138d48a326a7a755e3053a93eebad2fd6130b411361f2e1d7?s=96&d=mm&r=g","url":"https:\/\/secure.gravatar.com\/avatar\/7aa4a6237f6d29b138d48a326a7a755e3053a93eebad2fd6130b411361f2e1d7?s=96&d=mm&r=g","contentUrl":"https:\/\/secure.gravatar.com\/avatar\/7aa4a6237f6d29b138d48a326a7a755e3053a93eebad2fd6130b411361f2e1d7?s=96&d=mm&r=g","caption":"Joanna Grabowska"},"url":"https:\/\/studia-wroclaw.pl\/en\/author\/joanna-grabowska\/"}]}},"_links":{"self":[{"href":"https:\/\/studia-wroclaw.pl\/en\/wp-json\/wp\/v2\/posts\/13074","targetHints":{"allow":["GET"]}}],"collection":[{"href":"https:\/\/studia-wroclaw.pl\/en\/wp-json\/wp\/v2\/posts"}],"about":[{"href":"https:\/\/studia-wroclaw.pl\/en\/wp-json\/wp\/v2\/types\/post"}],"author":[{"embeddable":true,"href":"https:\/\/studia-wroclaw.pl\/en\/wp-json\/wp\/v2\/users\/57"}],"replies":[{"embeddable":true,"href":"https:\/\/studia-wroclaw.pl\/en\/wp-json\/wp\/v2\/comments?post=13074"}],"version-history":[{"count":1,"href":"https:\/\/studia-wroclaw.pl\/en\/wp-json\/wp\/v2\/posts\/13074\/revisions"}],"predecessor-version":[{"id":13076,"href":"https:\/\/studia-wroclaw.pl\/en\/wp-json\/wp\/v2\/posts\/13074\/revisions\/13076"}],"wp:featuredmedia":[{"embeddable":true,"href":"https:\/\/studia-wroclaw.pl\/en\/wp-json\/wp\/v2\/media\/13075"}],"wp:attachment":[{"href":"https:\/\/studia-wroclaw.pl\/en\/wp-json\/wp\/v2\/media?parent=13074"}],"wp:term":[{"taxonomy":"category","embeddable":true,"href":"https:\/\/studia-wroclaw.pl\/en\/wp-json\/wp\/v2\/categories?post=13074"},{"taxonomy":"post_tag","embeddable":true,"href":"https:\/\/studia-wroclaw.pl\/en\/wp-json\/wp\/v2\/tags?post=13074"}],"curies":[{"name":"wp","href":"https:\/\/api.w.org\/{rel}","templated":true}]}}