{"id":13098,"date":"2026-08-27T15:45:02","date_gmt":"2026-08-27T13:45:02","guid":{"rendered":"https:\/\/studia-wroclaw.pl\/?p=13098"},"modified":"2026-08-28T07:07:23","modified_gmt":"2026-08-28T05:07:23","slug":"biznes-bez-lukrowania-wywiad-z-mehmetem-omurlu-ekspertem-wskz-o-zarzadzaniu-ai-i-odwadze-w-podejmowaniu-decyzji","status":"publish","type":"post","link":"https:\/\/studia-wroclaw.pl\/en\/biznes-bez-lukrowania-wywiad-z-mehmetem-omurlu-ekspertem-wskz-o-zarzadzaniu-ai-i-odwadze-w-podejmowaniu-decyzji\/","title":{"rendered":"Biznes bez lukrowania. Wywiad z Mehmetem Omurlu \u2013 ekspertem WSKZ o zarz\u0105dzaniu, AI i odwadze w podejmowaniu decyzji"},"content":{"rendered":"<p class=\"wp-block-paragraph\">Jak przygotowa\u0107 student\u00f3w do \u015bwiata biznesu, w kt\u00f3rym nie zawsze istnieje jedna w\u0142a\u015bciwa odpowied\u017a? Zdaniem eksperta WSKZ, mgr Mehmeta Omurlu, kluczowe jest <strong>\u0142\u0105czenie wiedzy akademickiej z do\u015bwiadczeniami, podejmowaniem decyzji i wyci\u0105ganiem wniosk\u00f3w tak\u017ce z pope\u0142nianych b\u0142\u0119d\u00f3w<\/strong>. Zapraszamy do lektury rozmowy, w kt\u00f3rej ekspertka opowiada o swojej drodze zawodowej, wykorzystaniu AI i nowych technologii, mi\u0119dzynarodowych projektach oraz kompetencjach, kt\u00f3re mog\u0105 mie\u0107 szczeg\u00f3lne znaczenie na przysz\u0142ym rynku pracy.<\/p>\n\n\n\n<h3 class=\"wp-block-heading\">Jak wygl\u0105da\u0142a Pana droga zawodowa i co sprawi\u0142o, \u017ce zainteresowa\u0142 si\u0119 Pan w\u0142a\u015bnie t\u0105 dziedzin\u0105? Czy by\u0142 moment, kt\u00f3ry mia\u0142 na to szczeg\u00f3lny wp\u0142yw?<\/h3>\n\n\n\n<p class=\"wp-block-paragraph\">Moja droga zawodowa od pocz\u0105tku by\u0142a mocno zwi\u0105zana z <strong>biznesem, zarz\u0105dzaniem i prac\u0105 w \u015brodowisku mi\u0119dzynarodowym<\/strong>. Przez lata zdobywa\u0142em do\u015bwiadczenie, wsp\u00f3\u0142pracuj\u0105c z firmami i partnerami z r\u00f3\u017cnych kraj\u00f3w, a jednocze\u015bnie rozwija\u0142em w\u0142asn\u0105 dzia\u0142alno\u015b\u0107 gospodarcz\u0105. Dzi\u0119ki temu mog\u0142em poznawa\u0107 zarz\u0105dzanie nie tylko od strony teorii, ale przede wszystkim poprzez:<\/p>\n\n\n\n<ul class=\"wp-block-list\">\n<li>codzienne decyzje;<\/li>\n\n\n\n<li>odpowiedzialno\u015b\u0107;<\/li>\n\n\n\n<li>sukcesy;<\/li>\n\n\n\n<li>b\u0142\u0119dy;<\/li>\n\n\n\n<li>sytuacje kryzysowe.<\/li>\n<\/ul>\n\n\n\n<p class=\"wp-block-paragraph\">Kolejnym wa\u017cnym etapem by\u0142o wej\u015bcie do \u015bwiata akademickiego i rozpocz\u0119cie pracy ze studentami. Szybko odkry\u0142em, \u017ce ogromn\u0105 satysfakcj\u0119 daje mi mo\u017cliwo\u015b\u0107 dzielenia si\u0119 w\u0142asnymi do\u015bwiadczeniami. <strong>Nie chcia\u0142em jednak uczy\u0107 zarz\u0105dzania wy\u0142\u0105cznie poprzez teori\u0119.<\/strong> Zacz\u0105\u0142em wykorzystywa\u0107 case studies, grywalizacj\u0119, symulacje biznesowe i negocjacje, pokazuj\u0105c studentom biznes r\u00f3wnie\u017c od tej trudniejszej strony.<\/p>\n\n\n\n<p class=\"wp-block-paragraph\">Z czasem dzia\u0142alno\u015b\u0107 dydaktyczna zacz\u0119\u0142a \u0142\u0105czy\u0107 si\u0119 z projektami mi\u0119dzynarodowymi, konferencjami i wsp\u00f3\u0142prac\u0105 z ekspertami z r\u00f3\u017cnych kraj\u00f3w. Dzisiaj w\u0142a\u015bnie to <strong>po\u0142\u0105czenie biznesu, edukacji i \u015brodowiska mi\u0119dzynarodowego jest dla mnie najbardziej interesuj\u0105ce i daje mi najwi\u0119ksz\u0105 satysfakcj\u0119.<\/strong><\/p>\n\n\n\n<p class=\"wp-block-paragraph\">Nie potrafi\u0119 wskaza\u0107 jednego momentu, w kt\u00f3rym zdecydowa\u0142em: \u201eto w\u0142a\u015bnie chc\u0119 robi\u0107\u201d. To by\u0142 proces. Kolejne do\u015bwiadczenia pokazywa\u0142y mi, \u017ce najlepiej odnajduj\u0119 si\u0119 <strong>tam, gdzie spotykaj\u0105 si\u0119 biznes, edukacja, ludzie i wsp\u00f3\u0142praca mi\u0119dzynarodowa<\/strong>. Dzisiaj w\u0142a\u015bnie mo\u017cliwo\u015b\u0107 \u0142\u0105czenia tych \u015bwiat\u00f3w uwa\u017cam za najwi\u0119ksz\u0105 warto\u015b\u0107 mojej drogi zawodowej.<\/p>\n\n\n\n<h3 class=\"wp-block-heading\">Jakimi zagadnieniami zajmuje si\u0119 Pan obecnie i kt\u00f3re z nich uwa\u017ca za najbardziej fascynuj\u0105ce?<\/h3>\n\n\n\n<p class=\"wp-block-paragraph\">Obecnie najbardziej interesuj\u0105 mnie zagadnienia zwi\u0105zane z <strong>nowoczesnym zarz\u0105dzaniem, marketingiem, sztuczn\u0105 inteligencj\u0105 oraz wykorzystaniem nowych technologii w biznesie i edukacji<\/strong>. Szczeg\u00f3lnie fascynuje mnie to, jak AI zmienia:<\/p>\n\n\n\n<ul class=\"wp-block-list\">\n<li>spos\u00f3b podejmowania decyzji;<\/li>\n\n\n\n<li>komunikacj\u0119 z klientami;<\/li>\n\n\n\n<li>marketing;<\/li>\n\n\n\n<li>spos\u00f3b, w jaki uczymy i przygotowujemy student\u00f3w do przysz\u0142ego rynku pracy.<\/li>\n<\/ul>\n\n\n\n<p class=\"wp-block-paragraph\">Du\u017co uwagi po\u015bwi\u0119cam tak\u017ce grywalizacji i nowoczesnym metodom dydaktycznym. Interesuje mnie, jak poprzez symulacje, gry decyzyjne i rzeczywiste case studies mo\u017cna <strong>uczy\u0107 zarz\u0105dzania w spos\u00f3b bardziej praktyczny i anga\u017cuj\u0105cy<\/strong>.<\/p>\n\n\n\n<p class=\"wp-block-paragraph\">Kolejnym wa\u017cnym dla mnie obszarem jest <strong>wsp\u00f3\u0142praca mi\u0119dzynarodowa i udzia\u0142 w projektach europejskich, szczeg\u00f3lnie tych \u0142\u0105cz\u0105cych edukacj\u0119, biznes i sport.<\/strong> Fascynuje mnie mo\u017cliwo\u015b\u0107 obserwowania rozwi\u0105za\u0144 stosowanych w r\u00f3\u017cnych krajach i kulturach, a nast\u0119pnie wykorzystywania tych do\u015bwiadcze\u0144 do tworzenia nowych mo\u017cliwo\u015bci dla student\u00f3w.<\/p>\n\n\n\n<h3 class=\"wp-block-heading\">Czego studenci mog\u0105 nauczy\u0107 si\u0119 dzi\u0119ki Pana do\u015bwiadczeniu?<\/h3>\n\n\n\n<p class=\"wp-block-paragraph\">My\u015bl\u0119, \u017ce przede wszystkim mog\u0105 zobaczy\u0107 <strong>biznes i zarz\u0105dzanie bez lukrowania \u2013 takie, jakie s\u0105 w rzeczywisto\u015bci<\/strong>. Z sukcesami, ale r\u00f3wnie\u017c b\u0142\u0119dami, ryzykiem, trudnymi decyzjami i ich konsekwencjami. Jako praktyk staram si\u0119 pokazywa\u0107 konkretne sytuacje, z kt\u00f3rymi sam spotykam si\u0119 w dzia\u0142alno\u015bci zawodowej.<\/p>\n\n\n\n<p class=\"wp-block-paragraph\">Wa\u017cnym elementem moich zaj\u0119\u0107 jest <strong>grywalizacja<\/strong>. Wykorzystuj\u0119:<\/p>\n\n\n\n<ul class=\"wp-block-list\">\n<li>symulacje;<\/li>\n\n\n\n<li>zadania zespo\u0142owe;<\/li>\n\n\n\n<li>negocjacje;<\/li>\n\n\n\n<li>rzeczywiste problemy biznesowe.&nbsp;<\/li>\n<\/ul>\n\n\n\n<p class=\"wp-block-paragraph\">Dzi\u0119ki temu studenci nie tylko s\u0142uchaj\u0105 o zarz\u0105dzaniu, ale mog\u0105 w pewnym sensie <strong>do\u015bwiadczy\u0107 go i prze\u0107wiczy\u0107 r\u00f3\u017cne scenariusze dzia\u0142ania<\/strong>.<\/p>\n\n\n\n<p class=\"wp-block-paragraph\">Chcia\u0142bym, aby studenci nauczyli si\u0119 ode mnie przede wszystkim <strong>odwagi w podejmowaniu decyzji, przedsi\u0119biorczego my\u015blenia i wyci\u0105gania wniosk\u00f3w z b\u0142\u0119d\u00f3w.<\/strong> W biznesie nie zawsze istnieje jedna poprawna odpowied\u017a. Cz\u0119sto trzeba dzia\u0142a\u0107 w warunkach niepewno\u015bci, bra\u0107 odpowiedzialno\u015b\u0107 i dostosowywa\u0107 si\u0119 do zmieniaj\u0105cej si\u0119 sytuacji.<\/p>\n\n\n\n<h3 class=\"wp-block-heading\">Z jakiego projektu, badania lub inicjatywy jest Pan najbardziej w swojej dzia\u0142alno\u015bci i dlaczego?<\/h3>\n\n\n\n<p class=\"wp-block-paragraph\">Trudno by\u0142oby mi wskaza\u0107 tylko jeden projekt, poniewa\u017c najwi\u0119ksz\u0105 satysfakcj\u0119 daje mi <strong>\u0142\u0105czenie inicjatyw mi\u0119dzynarodowych, konferencji, sympozj\u00f3w oraz dzia\u0142a\u0144 skierowanych bezpo\u015brednio do student\u00f3w<\/strong>. Od wielu lat uczestnicz\u0119 w projektach krajowych i mi\u0119dzynarodowych. Jednymi z wa\u017cniejszych s\u0105 dla mnie Aftermatch i Aftermatch 2.0, po\u015bwi\u0119cone karierze dwutorowej sportowc\u00f3w oraz przygotowaniu ich do funkcjonowania na rynku pracy.<\/p>\n\n\n\n<p class=\"wp-block-paragraph\">Bardzo wa\u017cna jest dla mnie r\u00f3wnie\u017c organizacja konferencji, seminari\u00f3w i spotka\u0144 z ekspertami. Dzi\u0119ki takim inicjatywom studenci mog\u0105 zetkn\u0105\u0107 si\u0119 z wiedz\u0105 i do\u015bwiadczeniem os\u00f3b spoza swojej uczelni, r\u00f3wnie\u017c tych <strong>dzia\u0142aj\u0105cych na arenie mi\u0119dzynarodowej.<\/strong><\/p>\n\n\n\n<p class=\"wp-block-paragraph\">Szczeg\u00f3lnie dumny jestem z tego, \u017ce w tym roku uda\u0142o mi si\u0119 zaprosi\u0107 do Wroc\u0142awia <strong>dr Nicole Alexander \u2013 mi\u0119dzynarodow\u0105 ekspertk\u0119 w obszarze marketingu, nowych technologii i sztucznej inteligencji, zwi\u0105zan\u0105 z Columbia University<\/strong>. W swojej karierze pe\u0142ni\u0142a m.in. funkcj\u0119 Global Head of Marketing w Meta, a do\u015bwiadczenie zdobywa\u0142a tak\u017ce w The New York Times, Nielsen i Ipsos, dzi\u0119ki czemu \u0142\u0105czy do\u015bwiadczenie akademickie z praktyk\u0105 biznesow\u0105 na najwy\u017cszym, mi\u0119dzynarodowym poziomie.<\/p>\n\n\n\n<p class=\"wp-block-paragraph\">Nasi studenci mieli mo\u017cliwo\u015b\u0107 bezpo\u015bredniego spotkania z ni\u0105 i uczestniczenia w warsztatach dotycz\u0105cych m.in. AI, biznesu i marketingu. <strong>W\u0142a\u015bnie takie dzia\u0142ania s\u0105 dla mnie najwa\u017cniejsze \u2013 kiedy projekt, konferencja czy wsp\u00f3\u0142praca mi\u0119dzynarodowa nie ko\u0144czy si\u0119 tylko na teorii<\/strong>, ale daje studentom mo\u017cliwo\u015b\u0107:<\/p>\n\n\n\n<ul class=\"wp-block-list\">\n<li>spotkania ekspert\u00f3w;<\/li>\n\n\n\n<li>zdobycia nowych do\u015bwiadcze\u0144;<\/li>\n\n\n\n<li>spojrzenia na swoj\u0105 przysz\u0142o\u015b\u0107 z szerszej, mi\u0119dzynarodowej perspektywy.<\/li>\n<\/ul>\n\n\n\n<h3 class=\"wp-block-heading\">Jakie wyzwania wyst\u0119puj\u0105 obecnie w Pana dziedzinie i kt\u00f3re z nich uwa\u017ca Pan za szczeg\u00f3lnie istotne?<\/h3>\n\n\n\n<p class=\"wp-block-paragraph\">Z mojej perspektywy jednym z najwi\u0119kszych wyzwa\u0144 w obszarze zarz\u0105dzania jest dzi\u015b <strong>tempo zachodz\u0105cych zmian<\/strong>. Rozw\u00f3j sztucznej inteligencji, automatyzacji i nowych technologii sprawia, \u017ce rozwi\u0105zania, kt\u00f3re jeszcze niedawno by\u0142y aktualne, bardzo szybko wymagaj\u0105 ponownego przemy\u015blenia.<\/p>\n\n\n\n<p class=\"wp-block-paragraph\">Szczeg\u00f3lnie istotna staje si\u0119 umiej\u0119tno\u015b\u0107 <strong>\u0142\u0105czenia technologii z cz\u0142owiekiem.<\/strong> Mo\u017cemy automatyzowa\u0107 coraz wi\u0119cej proces\u00f3w, ale nadal kluczowe pozostaj\u0105:<\/p>\n\n\n\n<ul class=\"wp-block-list\">\n<li>relacje;<\/li>\n\n\n\n<li>komunikacja;<\/li>\n\n\n\n<li>odpowiedzialno\u015b\u0107;<\/li>\n\n\n\n<li>umiej\u0119tno\u015b\u0107 podejmowania decyzji.<\/li>\n<\/ul>\n\n\n\n<p class=\"wp-block-paragraph\">Du\u017cym wyzwaniem jest r\u00f3wnie\u017c <strong>przygotowanie m\u0142odych ludzi do rynku pracy, kt\u00f3rego za kilka lat nie b\u0119dziemy w stanie dok\u0142adnie przewidzie\u0107.<\/strong> Dlatego uwa\u017cam, \u017ce zamiast przygotowywa\u0107 student\u00f3w wy\u0142\u0105cznie do konkretnych stanowisk, powinni\u015bmy <strong>rozwija\u0107 w nich elastyczno\u015b\u0107, samodzielno\u015b\u0107, przedsi\u0119biorczo\u015b\u0107 i gotowo\u015b\u0107 do ci\u0105g\u0142ego uczenia si\u0119.<\/strong> To w\u0142a\u015bnie te kompetencje, moim zdaniem, b\u0119d\u0105 decydowa\u0142y o ich przysz\u0142ym sukcesie zawodowym.<\/p>\n\n\n\n<h3 class=\"wp-block-heading\">Jakie kompetencje lub spos\u00f3b my\u015blenia s\u0105 dzi\u015b szczeg\u00f3lnie wa\u017cne dla os\u00f3b rozwijaj\u0105cych si\u0119 w Pana dziedzinie?<\/h3>\n\n\n\n<p class=\"wp-block-paragraph\">Najwa\u017cniejsza jest dzi\u015b przede wszystkim <strong>otwarto\u015b\u0107 na zmiany i ci\u0105g\u0142a gotowo\u015b\u0107 do uczenia si\u0119<\/strong>. Sam widz\u0119, zar\u00f3wno w dzia\u0142alno\u015bci zawodowej, jak i w pracy ze studentami, jak szybko zmieniaj\u0105 si\u0119 rynek, technologie i oczekiwania wobec pracownik\u00f3w oraz mened\u017cer\u00f3w.<\/p>\n\n\n\n<p class=\"wp-block-paragraph\">Bardzo wa\u017cne jest dla mnie r\u00f3wnie\u017c krytyczne i samodzielne my\u015blenie. Nowe technologie, w tym sztuczna inteligencja, daj\u0105 ogromne mo\u017cliwo\u015bci, ale trzeba umie\u0107 korzysta\u0107 z nich \u015bwiadomie. Zawsze podkre\u015blam, \u017ce <strong>technologia powinna wspiera\u0107 nasze decyzje, a nie podejmowa\u0107 je za nas.<\/strong><\/p>\n\n\n\n<p class=\"wp-block-paragraph\">Ceni\u0119 tak\u017ce przedsi\u0119biorczo\u015b\u0107, odwag\u0119 i umiej\u0119tno\u015b\u0107 dzia\u0142ania w praktyce. Nie zawsze wszystko wychodzi za pierwszym razem. Wa\u017cne jest, aby <strong>pr\u00f3bowa\u0107, wyci\u0105ga\u0107 wnioski i i\u015b\u0107 dalej.<\/strong> Moim zdaniem w\u0142a\u015bnie takie podej\u015bcie jest dzi\u015b szczeg\u00f3lnie potrzebne osobom, kt\u00f3re chc\u0105 rozwija\u0107 si\u0119 w obszarze zarz\u0105dzania.<\/p>\n\n\n\n<h3 class=\"wp-block-heading\">Dlaczego \u2013 Pana zdaniem \u2013 po\u0142\u0105czenie praktyki zawodowej z dzia\u0142alno\u015bci\u0105 naukow\u0105 jest wa\u017cne dla student\u00f3w?<\/h3>\n\n\n\n<p class=\"wp-block-paragraph\">Moim zdaniem jest ono niezwykle wa\u017cne, poniewa\u017c pozwala studentom zobaczy\u0107, <strong>jak wiedza zdobywana na uczelni funkcjonuje w rzeczywistym \u015bwiecie<\/strong>. Sama teoria daje mocne podstawy, ale dopiero zestawienie jej z konkretnymi przyk\u0142adami, do\u015bwiadczeniami i aktualnymi wyzwaniami rynku sprawia, \u017ce staje si\u0119 naprawd\u0119 u\u017cyteczna.<\/p>\n\n\n\n<p class=\"wp-block-paragraph\">Sam jestem praktykiem i od wielu lat prowadz\u0119 w\u0142asn\u0105 dzia\u0142alno\u015b\u0107 gospodarcz\u0105, dlatego wiem, jak istotne jest <strong>po\u0142\u0105czenie wiedzy akademickiej z realiami rynku.<\/strong> W pracy ze studentami staram si\u0119 przekazywa\u0107 nie tylko teori\u0119, lecz r\u00f3wnie\u017c przyk\u0142ady i sytuacje, z kt\u00f3rymi sam spotykam si\u0119 zawodowo. Uwa\u017cam, \u017ce dzi\u0119ki temu lepiej rozumiej\u0105 oni omawiane zagadnienia i widz\u0105 ich rzeczywiste zastosowanie.<\/p>\n\n\n\n<p class=\"wp-block-paragraph\">Szczeg\u00f3lnie w zarz\u0105dzaniu wa\u017cne jest, aby studenci potrafili nie tylko zna\u0107 okre\u015blone modele i koncepcje, ale tak\u017ce <strong>podejmowa\u0107 decyzje, rozwi\u0105zywa\u0107 problemy i reagowa\u0107 na zmieniaj\u0105ce si\u0119 warunki rynkowe<\/strong>. Moim celem jest, aby wiedza zdobywana podczas zaj\u0119\u0107 sta\u0142a si\u0119 dla nich narz\u0119dziem, kt\u00f3re b\u0119d\u0105 mogli wykorzysta\u0107 w przysz\u0142ej pracy.<\/p>\n\n\n\n<h3 class=\"wp-block-heading\">Co poza dzia\u0142alno\u015bci\u0105 naukow\u0105 lub zawodow\u0105 inspiruje Pana na co dzie\u0144?<\/h3>\n\n\n\n<p class=\"wp-block-paragraph\">Poza dzia\u0142alno\u015bci\u0105 naukow\u0105 i zawodow\u0105 inspiruj\u0105 mnie przede wszystkim <strong>podr\u00f3\u017ce i sport, a szczeg\u00f3lnie bieganie<\/strong>. Bieganie jest dla mnie sposobem na zachowanie r\u00f3wnowagi, daje energi\u0119, pozwala uporz\u0105dkowa\u0107 my\u015bli, a jednocze\u015bnie uczy systematyczno\u015bci i wytrwa\u0142o\u015bci.<\/p>\n\n\n\n<p class=\"wp-block-paragraph\">Bardzo wa\u017cne s\u0105 dla mnie r\u00f3wnie\u017c wyjazdy do innych kraj\u00f3w. Lubi\u0119 odkrywa\u0107 nowe miejsca, poznawa\u0107 inne kultury i obserwowa\u0107 codzienne \u017cycie z perspektywy lokalnych mieszka\u0144c\u00f3w. Szczeg\u00f3lnie ceni\u0119 rozmowy z lud\u017ami, poznawanie ich zwyczaj\u00f3w, podej\u015bcia do \u017cycia oraz sposobu postrzegania \u015bwiata. Takie do\u015bwiadczenia <strong>poszerzaj\u0105 moje horyzonty i cz\u0119sto staj\u0105 si\u0119 \u017ar\u00f3d\u0142em nowych pomys\u0142\u00f3w oraz inspiracji<\/strong>, kt\u00f3re p\u00f3\u017aniej wykorzystuj\u0119 r\u00f3wnie\u017c w dzia\u0142alno\u015bci zawodowej i dydaktycznej.<\/p>\n\n\n\n<h2 class=\"wp-block-heading\">Zag\u0142osuj na mgr Mehmeta Omurlu w Plebiscycie Wyk\u0142adowca Roku 2026<\/h2>\n\n\n\n<p class=\"wp-block-paragraph\">Praktyczne spojrzenie na zarz\u0105dzanie, otwarto\u015b\u0107 na nowe technologie i mi\u0119dzynarodow\u0105 wsp\u00f3\u0142prac\u0119 oraz pokazywanie studentom biznesu bez uproszcze\u0144 to podej\u015bcie, kt\u00f3re ekspert przek\u0142ada na swoj\u0105 dzia\u0142alno\u015b\u0107 dydaktyczn\u0105. Podczas zaj\u0119\u0107 zach\u0119ca do <strong>samodzielnego my\u015blenia, podejmowania decyzji, eksperymentowania i wyci\u0105gania wniosk\u00f3w z w\u0142asnych do\u015bwiadcze\u0144<\/strong>.<\/p>\n\n\n\n<p class=\"wp-block-paragraph\">Je\u015bli cenisz jego spos\u00f3b prowadzenia zaj\u0119\u0107, praktyczne podej\u015bcie do biznesu i zaanga\u017cowanie w tworzenie nowych mo\u017cliwo\u015bci, <strong>oddaj sw\u00f3j g\u0142os w Plebiscycie <a href=\"https:\/\/wykladowcaroku.pl\/\"><mark style=\"background-color:rgba(0, 0, 0, 0)\" class=\"has-inline-color has-vivid-cyan-blue-color\">Wyk\u0142adowca Roku 2026<\/mark><\/a><\/strong>.<\/p>\n\n\n\n<p class=\"wp-block-paragraph\"><\/p>","protected":false},"excerpt":{"rendered":"<p>Jak przygotowa\u0107 student\u00f3w do \u015bwiata biznesu, w kt\u00f3rym nie zawsze istnieje jedna w\u0142a\u015bciwa odpowied\u017a? Zdaniem eksperta WSKZ, mgr Mehmeta Omurlu, kluczowe jest \u0142\u0105czenie wiedzy akademickiej z do\u015bwiadczeniami, podejmowaniem decyzji i wyci\u0105ganiem wniosk\u00f3w tak\u017ce z pope\u0142nianych b\u0142\u0119d\u00f3w. Zapraszamy do lektury rozmowy, w kt\u00f3rej ekspertka opowiada o swojej drodze zawodowej, wykorzystaniu AI i nowych technologii, mi\u0119dzynarodowych projektach [&hellip;]<\/p>\n","protected":false},"author":36,"featured_media":13075,"comment_status":"open","ping_status":"open","sticky":false,"template":"","format":"standard","meta":{"om_disable_all_campaigns":false,"footnotes":""},"categories":[50],"tags":[],"class_list":["post-13098","post","type-post","status-publish","format-standard","has-post-thumbnail","hentry","category-aktualnosci"],"yoast_head":"<!-- This site is optimized with the Yoast SEO plugin v28.1 - https:\/\/yoast.com\/product\/yoast-seo-wordpress\/ -->\n<title>Biznes bez lukrowania. Wywiad z Mehmetem Omurlu \u2013 ekspertem WSKZ o zarz\u0105dzaniu, AI i odwadze w podejmowaniu decyzji - Studia Wroc\u0142aw<\/title>\n<meta name=\"robots\" content=\"index, follow, max-snippet:-1, max-image-preview:large, max-video-preview:-1\" \/>\n<link rel=\"canonical\" href=\"https:\/\/studia-wroclaw.pl\/en\/biznes-bez-lukrowania-wywiad-z-mehmetem-omurlu-ekspertem-wskz-o-zarzadzaniu-ai-i-odwadze-w-podejmowaniu-decyzji\/\" \/>\n<meta property=\"og:locale\" content=\"en_GB\" \/>\n<meta property=\"og:type\" content=\"article\" \/>\n<meta property=\"og:title\" content=\"Biznes bez lukrowania. Wywiad z Mehmetem Omurlu \u2013 ekspertem WSKZ o zarz\u0105dzaniu, AI i odwadze w podejmowaniu decyzji - Studia Wroc\u0142aw\" \/>\n<meta property=\"og:description\" content=\"Jak przygotowa\u0107 student\u00f3w do \u015bwiata biznesu, w kt\u00f3rym nie zawsze istnieje jedna w\u0142a\u015bciwa odpowied\u017a? Zdaniem eksperta WSKZ, mgr Mehmeta Omurlu, kluczowe jest \u0142\u0105czenie wiedzy akademickiej z do\u015bwiadczeniami, podejmowaniem decyzji i wyci\u0105ganiem wniosk\u00f3w tak\u017ce z pope\u0142nianych b\u0142\u0119d\u00f3w. Zapraszamy do lektury rozmowy, w kt\u00f3rej ekspertka opowiada o swojej drodze zawodowej, wykorzystaniu AI i nowych technologii, mi\u0119dzynarodowych projektach [&hellip;]\" \/>\n<meta property=\"og:url\" content=\"https:\/\/studia-wroclaw.pl\/en\/biznes-bez-lukrowania-wywiad-z-mehmetem-omurlu-ekspertem-wskz-o-zarzadzaniu-ai-i-odwadze-w-podejmowaniu-decyzji\/\" \/>\n<meta property=\"og:site_name\" content=\"Studia Wroc\u0142aw\" \/>\n<meta property=\"article:published_time\" content=\"2026-08-27T13:45:02+00:00\" \/>\n<meta property=\"article:modified_time\" content=\"2026-08-28T05:07:23+00:00\" \/>\n<meta property=\"og:image\" content=\"https:\/\/studia-wroclaw.pl\/wp-content\/uploads\/2026\/08\/Projekt-bez-nazwy-1.jpg\" \/>\n\t<meta property=\"og:image:width\" content=\"1920\" \/>\n\t<meta property=\"og:image:height\" content=\"1080\" \/>\n\t<meta property=\"og:image:type\" content=\"image\/jpeg\" \/>\n<meta name=\"author\" content=\"Karina Dycha\u0142a\" \/>\n<meta name=\"twitter:card\" content=\"summary_large_image\" \/>\n<meta name=\"twitter:label1\" content=\"Written by\" \/>\n\t<meta name=\"twitter:data1\" content=\"Karina Dycha\u0142a\" \/>\n\t<meta name=\"twitter:label2\" content=\"Estimated reading time\" \/>\n\t<meta name=\"twitter:data2\" content=\"9 minutes\" \/>\n<script type=\"application\/ld+json\" class=\"yoast-schema-graph\">{\"@context\":\"https:\\\/\\\/schema.org\",\"@graph\":[{\"@type\":\"Article\",\"@id\":\"https:\\\/\\\/studia-wroclaw.pl\\\/biznes-bez-lukrowania-wywiad-z-mehmetem-omurlu-ekspertem-wskz-o-zarzadzaniu-ai-i-odwadze-w-podejmowaniu-decyzji\\\/#article\",\"isPartOf\":{\"@id\":\"https:\\\/\\\/studia-wroclaw.pl\\\/biznes-bez-lukrowania-wywiad-z-mehmetem-omurlu-ekspertem-wskz-o-zarzadzaniu-ai-i-odwadze-w-podejmowaniu-decyzji\\\/\"},\"author\":{\"name\":\"Karina Dycha\u0142a\",\"@id\":\"https:\\\/\\\/studia-wroclaw.pl\\\/#\\\/schema\\\/person\\\/50f212a057f8ab718194a85c9aecb4d5\"},\"headline\":\"Biznes bez lukrowania. Wywiad z Mehmetem Omurlu \u2013 ekspertem WSKZ o zarz\u0105dzaniu, AI i odwadze w podejmowaniu decyzji\",\"datePublished\":\"2026-08-27T13:45:02+00:00\",\"dateModified\":\"2026-08-28T05:07:23+00:00\",\"mainEntityOfPage\":{\"@id\":\"https:\\\/\\\/studia-wroclaw.pl\\\/biznes-bez-lukrowania-wywiad-z-mehmetem-omurlu-ekspertem-wskz-o-zarzadzaniu-ai-i-odwadze-w-podejmowaniu-decyzji\\\/\"},\"wordCount\":1741,\"commentCount\":0,\"image\":{\"@id\":\"https:\\\/\\\/studia-wroclaw.pl\\\/biznes-bez-lukrowania-wywiad-z-mehmetem-omurlu-ekspertem-wskz-o-zarzadzaniu-ai-i-odwadze-w-podejmowaniu-decyzji\\\/#primaryimage\"},\"thumbnailUrl\":\"https:\\\/\\\/studia-wroclaw.pl\\\/wp-content\\\/uploads\\\/2026\\\/08\\\/Projekt-bez-nazwy-1.jpg\",\"articleSection\":[\"Aktualno\u015bci\"],\"inLanguage\":\"en-GB\",\"potentialAction\":[{\"@type\":\"CommentAction\",\"name\":\"Comment\",\"target\":[\"https:\\\/\\\/studia-wroclaw.pl\\\/biznes-bez-lukrowania-wywiad-z-mehmetem-omurlu-ekspertem-wskz-o-zarzadzaniu-ai-i-odwadze-w-podejmowaniu-decyzji\\\/#respond\"]}]},{\"@type\":\"WebPage\",\"@id\":\"https:\\\/\\\/studia-wroclaw.pl\\\/biznes-bez-lukrowania-wywiad-z-mehmetem-omurlu-ekspertem-wskz-o-zarzadzaniu-ai-i-odwadze-w-podejmowaniu-decyzji\\\/\",\"url\":\"https:\\\/\\\/studia-wroclaw.pl\\\/biznes-bez-lukrowania-wywiad-z-mehmetem-omurlu-ekspertem-wskz-o-zarzadzaniu-ai-i-odwadze-w-podejmowaniu-decyzji\\\/\",\"name\":\"Biznes bez lukrowania. Wywiad z Mehmetem Omurlu \u2013 ekspertem WSKZ o zarz\u0105dzaniu, AI i odwadze w podejmowaniu decyzji - Studia Wroc\u0142aw\",\"isPartOf\":{\"@id\":\"https:\\\/\\\/studia-wroclaw.pl\\\/#website\"},\"primaryImageOfPage\":{\"@id\":\"https:\\\/\\\/studia-wroclaw.pl\\\/biznes-bez-lukrowania-wywiad-z-mehmetem-omurlu-ekspertem-wskz-o-zarzadzaniu-ai-i-odwadze-w-podejmowaniu-decyzji\\\/#primaryimage\"},\"image\":{\"@id\":\"https:\\\/\\\/studia-wroclaw.pl\\\/biznes-bez-lukrowania-wywiad-z-mehmetem-omurlu-ekspertem-wskz-o-zarzadzaniu-ai-i-odwadze-w-podejmowaniu-decyzji\\\/#primaryimage\"},\"thumbnailUrl\":\"https:\\\/\\\/studia-wroclaw.pl\\\/wp-content\\\/uploads\\\/2026\\\/08\\\/Projekt-bez-nazwy-1.jpg\",\"datePublished\":\"2026-08-27T13:45:02+00:00\",\"dateModified\":\"2026-08-28T05:07:23+00:00\",\"author\":{\"@id\":\"https:\\\/\\\/studia-wroclaw.pl\\\/#\\\/schema\\\/person\\\/50f212a057f8ab718194a85c9aecb4d5\"},\"breadcrumb\":{\"@id\":\"https:\\\/\\\/studia-wroclaw.pl\\\/biznes-bez-lukrowania-wywiad-z-mehmetem-omurlu-ekspertem-wskz-o-zarzadzaniu-ai-i-odwadze-w-podejmowaniu-decyzji\\\/#breadcrumb\"},\"inLanguage\":\"en-GB\",\"potentialAction\":[{\"@type\":\"ReadAction\",\"target\":[\"https:\\\/\\\/studia-wroclaw.pl\\\/biznes-bez-lukrowania-wywiad-z-mehmetem-omurlu-ekspertem-wskz-o-zarzadzaniu-ai-i-odwadze-w-podejmowaniu-decyzji\\\/\"]}]},{\"@type\":\"ImageObject\",\"inLanguage\":\"en-GB\",\"@id\":\"https:\\\/\\\/studia-wroclaw.pl\\\/biznes-bez-lukrowania-wywiad-z-mehmetem-omurlu-ekspertem-wskz-o-zarzadzaniu-ai-i-odwadze-w-podejmowaniu-decyzji\\\/#primaryimage\",\"url\":\"https:\\\/\\\/studia-wroclaw.pl\\\/wp-content\\\/uploads\\\/2026\\\/08\\\/Projekt-bez-nazwy-1.jpg\",\"contentUrl\":\"https:\\\/\\\/studia-wroclaw.pl\\\/wp-content\\\/uploads\\\/2026\\\/08\\\/Projekt-bez-nazwy-1.jpg\",\"width\":1920,\"height\":1080,\"caption\":\"Kim jest mgr Mehmet \u00d6m\u00fcrl\u00fc? Poznaj Zast\u0119pc\u0119 Dyrektora Instytutu Zarz\u0105dzania i Nauk o Jako\u015bci naszej Uczelni\"},{\"@type\":\"BreadcrumbList\",\"@id\":\"https:\\\/\\\/studia-wroclaw.pl\\\/biznes-bez-lukrowania-wywiad-z-mehmetem-omurlu-ekspertem-wskz-o-zarzadzaniu-ai-i-odwadze-w-podejmowaniu-decyzji\\\/#breadcrumb\",\"itemListElement\":[{\"@type\":\"ListItem\",\"position\":1,\"name\":\"Strona g\u0142\u00f3wna\",\"item\":\"https:\\\/\\\/studia-wroclaw.pl\\\/\"},{\"@type\":\"ListItem\",\"position\":2,\"name\":\"Biznes bez lukrowania. Wywiad z Mehmetem Omurlu \u2013 ekspertem WSKZ o zarz\u0105dzaniu, AI i odwadze w podejmowaniu decyzji\"}]},{\"@type\":\"WebSite\",\"@id\":\"https:\\\/\\\/studia-wroclaw.pl\\\/#website\",\"url\":\"https:\\\/\\\/studia-wroclaw.pl\\\/\",\"name\":\"Studia Wroc\u0142aw\",\"description\":\"\",\"potentialAction\":[{\"@type\":\"SearchAction\",\"target\":{\"@type\":\"EntryPoint\",\"urlTemplate\":\"https:\\\/\\\/studia-wroclaw.pl\\\/?s={search_term_string}\"},\"query-input\":{\"@type\":\"PropertyValueSpecification\",\"valueRequired\":true,\"valueName\":\"search_term_string\"}}],\"inLanguage\":\"en-GB\"},{\"@type\":\"Person\",\"@id\":\"https:\\\/\\\/studia-wroclaw.pl\\\/#\\\/schema\\\/person\\\/50f212a057f8ab718194a85c9aecb4d5\",\"name\":\"Karina Dycha\u0142a\",\"image\":{\"@type\":\"ImageObject\",\"inLanguage\":\"en-GB\",\"@id\":\"https:\\\/\\\/secure.gravatar.com\\\/avatar\\\/09b8a8541625e267cf808bd7db9d6075406c3094f3ef7dd4a936673e9d896f6d?s=96&d=mm&r=g\",\"url\":\"https:\\\/\\\/secure.gravatar.com\\\/avatar\\\/09b8a8541625e267cf808bd7db9d6075406c3094f3ef7dd4a936673e9d896f6d?s=96&d=mm&r=g\",\"contentUrl\":\"https:\\\/\\\/secure.gravatar.com\\\/avatar\\\/09b8a8541625e267cf808bd7db9d6075406c3094f3ef7dd4a936673e9d896f6d?s=96&d=mm&r=g\",\"caption\":\"Karina Dycha\u0142a\"},\"url\":\"https:\\\/\\\/studia-wroclaw.pl\\\/en\\\/author\\\/karina\\\/\"}]}<\/script>\n<!-- \/ Yoast SEO plugin. -->","yoast_head_json":{"title":"Biznes bez lukrowania. Wywiad z Mehmetem Omurlu \u2013 ekspertem WSKZ o zarz\u0105dzaniu, AI i odwadze w podejmowaniu decyzji - Studia Wroc\u0142aw","robots":{"index":"index","follow":"follow","max-snippet":"max-snippet:-1","max-image-preview":"max-image-preview:large","max-video-preview":"max-video-preview:-1"},"canonical":"https:\/\/studia-wroclaw.pl\/en\/biznes-bez-lukrowania-wywiad-z-mehmetem-omurlu-ekspertem-wskz-o-zarzadzaniu-ai-i-odwadze-w-podejmowaniu-decyzji\/","og_locale":"en_GB","og_type":"article","og_title":"Biznes bez lukrowania. Wywiad z Mehmetem Omurlu \u2013 ekspertem WSKZ o zarz\u0105dzaniu, AI i odwadze w podejmowaniu decyzji - Studia Wroc\u0142aw","og_description":"Jak przygotowa\u0107 student\u00f3w do \u015bwiata biznesu, w kt\u00f3rym nie zawsze istnieje jedna w\u0142a\u015bciwa odpowied\u017a? Zdaniem eksperta WSKZ, mgr Mehmeta Omurlu, kluczowe jest \u0142\u0105czenie wiedzy akademickiej z do\u015bwiadczeniami, podejmowaniem decyzji i wyci\u0105ganiem wniosk\u00f3w tak\u017ce z pope\u0142nianych b\u0142\u0119d\u00f3w. Zapraszamy do lektury rozmowy, w kt\u00f3rej ekspertka opowiada o swojej drodze zawodowej, wykorzystaniu AI i nowych technologii, mi\u0119dzynarodowych projektach [&hellip;]","og_url":"https:\/\/studia-wroclaw.pl\/en\/biznes-bez-lukrowania-wywiad-z-mehmetem-omurlu-ekspertem-wskz-o-zarzadzaniu-ai-i-odwadze-w-podejmowaniu-decyzji\/","og_site_name":"Studia Wroc\u0142aw","article_published_time":"2026-08-27T13:45:02+00:00","article_modified_time":"2026-08-28T05:07:23+00:00","og_image":[{"width":1920,"height":1080,"url":"https:\/\/studia-wroclaw.pl\/wp-content\/uploads\/2026\/08\/Projekt-bez-nazwy-1.jpg","type":"image\/jpeg"}],"author":"Karina Dycha\u0142a","twitter_card":"summary_large_image","twitter_misc":{"Written by":"Karina Dycha\u0142a","Estimated reading time":"9 minutes"},"schema":{"@context":"https:\/\/schema.org","@graph":[{"@type":"Article","@id":"https:\/\/studia-wroclaw.pl\/biznes-bez-lukrowania-wywiad-z-mehmetem-omurlu-ekspertem-wskz-o-zarzadzaniu-ai-i-odwadze-w-podejmowaniu-decyzji\/#article","isPartOf":{"@id":"https:\/\/studia-wroclaw.pl\/biznes-bez-lukrowania-wywiad-z-mehmetem-omurlu-ekspertem-wskz-o-zarzadzaniu-ai-i-odwadze-w-podejmowaniu-decyzji\/"},"author":{"name":"Karina Dycha\u0142a","@id":"https:\/\/studia-wroclaw.pl\/#\/schema\/person\/50f212a057f8ab718194a85c9aecb4d5"},"headline":"Biznes bez lukrowania. Wywiad z Mehmetem Omurlu \u2013 ekspertem WSKZ o zarz\u0105dzaniu, AI i odwadze w podejmowaniu decyzji","datePublished":"2026-08-27T13:45:02+00:00","dateModified":"2026-08-28T05:07:23+00:00","mainEntityOfPage":{"@id":"https:\/\/studia-wroclaw.pl\/biznes-bez-lukrowania-wywiad-z-mehmetem-omurlu-ekspertem-wskz-o-zarzadzaniu-ai-i-odwadze-w-podejmowaniu-decyzji\/"},"wordCount":1741,"commentCount":0,"image":{"@id":"https:\/\/studia-wroclaw.pl\/biznes-bez-lukrowania-wywiad-z-mehmetem-omurlu-ekspertem-wskz-o-zarzadzaniu-ai-i-odwadze-w-podejmowaniu-decyzji\/#primaryimage"},"thumbnailUrl":"https:\/\/studia-wroclaw.pl\/wp-content\/uploads\/2026\/08\/Projekt-bez-nazwy-1.jpg","articleSection":["Aktualno\u015bci"],"inLanguage":"en-GB","potentialAction":[{"@type":"CommentAction","name":"Comment","target":["https:\/\/studia-wroclaw.pl\/biznes-bez-lukrowania-wywiad-z-mehmetem-omurlu-ekspertem-wskz-o-zarzadzaniu-ai-i-odwadze-w-podejmowaniu-decyzji\/#respond"]}]},{"@type":"WebPage","@id":"https:\/\/studia-wroclaw.pl\/biznes-bez-lukrowania-wywiad-z-mehmetem-omurlu-ekspertem-wskz-o-zarzadzaniu-ai-i-odwadze-w-podejmowaniu-decyzji\/","url":"https:\/\/studia-wroclaw.pl\/biznes-bez-lukrowania-wywiad-z-mehmetem-omurlu-ekspertem-wskz-o-zarzadzaniu-ai-i-odwadze-w-podejmowaniu-decyzji\/","name":"Biznes bez lukrowania. Wywiad z Mehmetem Omurlu \u2013 ekspertem WSKZ o zarz\u0105dzaniu, AI i odwadze w podejmowaniu decyzji - Studia Wroc\u0142aw","isPartOf":{"@id":"https:\/\/studia-wroclaw.pl\/#website"},"primaryImageOfPage":{"@id":"https:\/\/studia-wroclaw.pl\/biznes-bez-lukrowania-wywiad-z-mehmetem-omurlu-ekspertem-wskz-o-zarzadzaniu-ai-i-odwadze-w-podejmowaniu-decyzji\/#primaryimage"},"image":{"@id":"https:\/\/studia-wroclaw.pl\/biznes-bez-lukrowania-wywiad-z-mehmetem-omurlu-ekspertem-wskz-o-zarzadzaniu-ai-i-odwadze-w-podejmowaniu-decyzji\/#primaryimage"},"thumbnailUrl":"https:\/\/studia-wroclaw.pl\/wp-content\/uploads\/2026\/08\/Projekt-bez-nazwy-1.jpg","datePublished":"2026-08-27T13:45:02+00:00","dateModified":"2026-08-28T05:07:23+00:00","author":{"@id":"https:\/\/studia-wroclaw.pl\/#\/schema\/person\/50f212a057f8ab718194a85c9aecb4d5"},"breadcrumb":{"@id":"https:\/\/studia-wroclaw.pl\/biznes-bez-lukrowania-wywiad-z-mehmetem-omurlu-ekspertem-wskz-o-zarzadzaniu-ai-i-odwadze-w-podejmowaniu-decyzji\/#breadcrumb"},"inLanguage":"en-GB","potentialAction":[{"@type":"ReadAction","target":["https:\/\/studia-wroclaw.pl\/biznes-bez-lukrowania-wywiad-z-mehmetem-omurlu-ekspertem-wskz-o-zarzadzaniu-ai-i-odwadze-w-podejmowaniu-decyzji\/"]}]},{"@type":"ImageObject","inLanguage":"en-GB","@id":"https:\/\/studia-wroclaw.pl\/biznes-bez-lukrowania-wywiad-z-mehmetem-omurlu-ekspertem-wskz-o-zarzadzaniu-ai-i-odwadze-w-podejmowaniu-decyzji\/#primaryimage","url":"https:\/\/studia-wroclaw.pl\/wp-content\/uploads\/2026\/08\/Projekt-bez-nazwy-1.jpg","contentUrl":"https:\/\/studia-wroclaw.pl\/wp-content\/uploads\/2026\/08\/Projekt-bez-nazwy-1.jpg","width":1920,"height":1080,"caption":"Kim jest mgr Mehmet \u00d6m\u00fcrl\u00fc? Poznaj Zast\u0119pc\u0119 Dyrektora Instytutu Zarz\u0105dzania i Nauk o Jako\u015bci naszej Uczelni"},{"@type":"BreadcrumbList","@id":"https:\/\/studia-wroclaw.pl\/biznes-bez-lukrowania-wywiad-z-mehmetem-omurlu-ekspertem-wskz-o-zarzadzaniu-ai-i-odwadze-w-podejmowaniu-decyzji\/#breadcrumb","itemListElement":[{"@type":"ListItem","position":1,"name":"Strona g\u0142\u00f3wna","item":"https:\/\/studia-wroclaw.pl\/"},{"@type":"ListItem","position":2,"name":"Biznes bez lukrowania. Wywiad z Mehmetem Omurlu \u2013 ekspertem WSKZ o zarz\u0105dzaniu, AI i odwadze w podejmowaniu decyzji"}]},{"@type":"WebSite","@id":"https:\/\/studia-wroclaw.pl\/#website","url":"https:\/\/studia-wroclaw.pl\/","name":"Studies Wroclaw","description":"","potentialAction":[{"@type":"SearchAction","target":{"@type":"EntryPoint","urlTemplate":"https:\/\/studia-wroclaw.pl\/?s={search_term_string}"},"query-input":{"@type":"PropertyValueSpecification","valueRequired":true,"valueName":"search_term_string"}}],"inLanguage":"en-GB"},{"@type":"Person","@id":"https:\/\/studia-wroclaw.pl\/#\/schema\/person\/50f212a057f8ab718194a85c9aecb4d5","name":"Karina Dycha\u0142a","image":{"@type":"ImageObject","inLanguage":"en-GB","@id":"https:\/\/secure.gravatar.com\/avatar\/09b8a8541625e267cf808bd7db9d6075406c3094f3ef7dd4a936673e9d896f6d?s=96&d=mm&r=g","url":"https:\/\/secure.gravatar.com\/avatar\/09b8a8541625e267cf808bd7db9d6075406c3094f3ef7dd4a936673e9d896f6d?s=96&d=mm&r=g","contentUrl":"https:\/\/secure.gravatar.com\/avatar\/09b8a8541625e267cf808bd7db9d6075406c3094f3ef7dd4a936673e9d896f6d?s=96&d=mm&r=g","caption":"Karina Dycha\u0142a"},"url":"https:\/\/studia-wroclaw.pl\/en\/author\/karina\/"}]}},"_links":{"self":[{"href":"https:\/\/studia-wroclaw.pl\/en\/wp-json\/wp\/v2\/posts\/13098","targetHints":{"allow":["GET"]}}],"collection":[{"href":"https:\/\/studia-wroclaw.pl\/en\/wp-json\/wp\/v2\/posts"}],"about":[{"href":"https:\/\/studia-wroclaw.pl\/en\/wp-json\/wp\/v2\/types\/post"}],"author":[{"embeddable":true,"href":"https:\/\/studia-wroclaw.pl\/en\/wp-json\/wp\/v2\/users\/36"}],"replies":[{"embeddable":true,"href":"https:\/\/studia-wroclaw.pl\/en\/wp-json\/wp\/v2\/comments?post=13098"}],"version-history":[{"count":2,"href":"https:\/\/studia-wroclaw.pl\/en\/wp-json\/wp\/v2\/posts\/13098\/revisions"}],"predecessor-version":[{"id":13100,"href":"https:\/\/studia-wroclaw.pl\/en\/wp-json\/wp\/v2\/posts\/13098\/revisions\/13100"}],"wp:featuredmedia":[{"embeddable":true,"href":"https:\/\/studia-wroclaw.pl\/en\/wp-json\/wp\/v2\/media\/13075"}],"wp:attachment":[{"href":"https:\/\/studia-wroclaw.pl\/en\/wp-json\/wp\/v2\/media?parent=13098"}],"wp:term":[{"taxonomy":"category","embeddable":true,"href":"https:\/\/studia-wroclaw.pl\/en\/wp-json\/wp\/v2\/categories?post=13098"},{"taxonomy":"post_tag","embeddable":true,"href":"https:\/\/studia-wroclaw.pl\/en\/wp-json\/wp\/v2\/tags?post=13098"}],"curies":[{"name":"wp","href":"https:\/\/api.w.org\/{rel}","templated":true}]}}