{"id":6544,"date":"2025-08-25T13:56:22","date_gmt":"2025-08-25T11:56:22","guid":{"rendered":"https:\/\/studia-wroclaw.pl\/?p=6544"},"modified":"2025-09-03T15:00:59","modified_gmt":"2025-09-03T13:00:59","slug":"spotkanie-z-partner-papes-rozmowy-o-dalszej-wspolpracy","status":"publish","type":"post","link":"https:\/\/studia-wroclaw.pl\/en\/spotkanie-z-partner-papes-rozmowy-o-dalszej-wspolpracy\/","title":{"rendered":"Meeting with Partner Papes - discussions on further cooperation"},"content":{"rendered":"<p><strong>7 August 2025 representative of the College of Vocational Training<\/strong> visited the company's headquarters <a href=\"https:\/\/papesbiuro.pl\/\"><mark style=\"background-color:rgba(0, 0, 0, 0)\" class=\"has-inline-color has-vivid-cyan-blue-color\">Partner Papes<\/mark><\/a><mark style=\"background-color:rgba(0, 0, 0, 0)\" class=\"has-inline-color has-vivid-cyan-blue-color\"> <\/mark>as a continuation of the partnership established earlier.<\/p>\n\n\n\n<p>The meeting was attended by:<\/p>\n\n\n\n<ul class=\"wp-block-list\">\n<li><strong>Mr Karol Molasy<\/strong> - Coordinator for relations with the socio-economic environment at the JCC.<\/li>\n\n\n\n<li><strong>Mr Marek Jablonski <\/strong>- Head of finance and human resources at Partner Papes.<\/li>\n<\/ul>\n\n\n\n<p>The conversation took place in a very good atmosphere and covered both the cooperation to date and the <strong>planned future activities.<\/strong> Discussions included the possibility of expanding the company's participation in the practical training process for students, joint promotional initiatives and potential <strong>areas of partnership development.<\/strong><\/p>\n\n\n\n<h2 class=\"wp-block-heading\">Acknowledgement of cooperation<\/h2>\n\n\n\n<p>Thank you for <strong>open-mindedness, professionalism and readiness for further involvement<\/strong> in joint ventures.<\/p>\n\n\n\n<figure class=\"wp-block-image\"><img decoding=\"async\" src=\"https:\/\/lh7-rt.googleusercontent.com\/docsz\/AD_4nXeMWU68Ys2FZDoxtsjXKFwI26XeTKfIQQH2JCnamaV2L02nUNpbh1PJ4UZfE3vAcUeQhsWFurQm5_N2vuLVS8qZvpSS5mmeezu_sJDLaMVmqggjNyLgalH5Bc77XjQTAwyLmZds?key=Z_4mGMt8907kKjqiOAY2Kw\" alt=\"\"\/><figcaption class=\"wp-element-caption\"><em>Pictured: Mr Marek Jablonski, Mr Karol Molasy photo Partner Papes<\/em><\/figcaption><\/figure>\n\n\n\n<p><\/p>","protected":false},"excerpt":{"rendered":"<p>7 sierpnia 2025 r. przedstawiciel Wy\u017cszej Szko\u0142y Kszta\u0142cenia Zawodowego odwiedzi\u0142 siedzib\u0119 firmy Partner Papes w ramach kontynuacji nawi\u0105zanego wcze\u015bniej partnerstwa. W spotkaniu udzia\u0142 wzi\u0119li: Rozmowa przebieg\u0142a w bardzo dobrej atmosferze i dotyczy\u0142a zar\u00f3wno dotychczasowej wsp\u00f3\u0142pracy, jak i planowanych dzia\u0142a\u0144 w przysz\u0142o\u015bci. Dyskutowano m.in. mo\u017cliwo\u015bci rozszerzenia udzia\u0142u firmy w procesie kszta\u0142cenia praktycznego student\u00f3w, wsp\u00f3lne inicjatywy promocyjne [&hellip;]<\/p>","protected":false},"author":23,"featured_media":0,"comment_status":"open","ping_status":"open","sticky":false,"template":"","format":"standard","meta":{"om_disable_all_campaigns":false,"footnotes":""},"categories":[59],"tags":[],"class_list":["post-6544","post","type-post","status-publish","format-standard","hentry","category-wspolpraca-spoleczno-gospodarcza"],"yoast_head":"<!-- This site is optimized with the Yoast SEO plugin v25.9 - https:\/\/yoast.com\/wordpress\/plugins\/seo\/ -->\n<title>Spotkanie z Partner Papes \u2013 rozmowy o dalszej wsp\u00f3\u0142pracy - Studia Wroc\u0142aw<\/title>\n<meta name=\"robots\" content=\"index, follow, max-snippet:-1, max-image-preview:large, max-video-preview:-1\" \/>\n<link rel=\"canonical\" href=\"https:\/\/studia-wroclaw.pl\/en\/spotkanie-z-partner-papes-rozmowy-o-dalszej-wspolpracy\/\" \/>\n<meta property=\"og:locale\" content=\"en_GB\" \/>\n<meta property=\"og:type\" content=\"article\" \/>\n<meta property=\"og:title\" content=\"Spotkanie z Partner Papes \u2013 rozmowy o dalszej wsp\u00f3\u0142pracy - Studia Wroc\u0142aw\" \/>\n<meta property=\"og:description\" content=\"7 sierpnia 2025 r. przedstawiciel Wy\u017cszej Szko\u0142y Kszta\u0142cenia Zawodowego odwiedzi\u0142 siedzib\u0119 firmy Partner Papes w ramach kontynuacji nawi\u0105zanego wcze\u015bniej partnerstwa. W spotkaniu udzia\u0142 wzi\u0119li: Rozmowa przebieg\u0142a w bardzo dobrej atmosferze i dotyczy\u0142a zar\u00f3wno dotychczasowej wsp\u00f3\u0142pracy, jak i planowanych dzia\u0142a\u0144 w przysz\u0142o\u015bci. Dyskutowano m.in. mo\u017cliwo\u015bci rozszerzenia udzia\u0142u firmy w procesie kszta\u0142cenia praktycznego student\u00f3w, wsp\u00f3lne inicjatywy promocyjne [&hellip;]\" \/>\n<meta property=\"og:url\" content=\"https:\/\/studia-wroclaw.pl\/en\/spotkanie-z-partner-papes-rozmowy-o-dalszej-wspolpracy\/\" \/>\n<meta property=\"og:site_name\" content=\"Studia Wroc\u0142aw\" \/>\n<meta property=\"article:published_time\" content=\"2025-08-25T11:56:22+00:00\" \/>\n<meta property=\"article:modified_time\" content=\"2025-09-03T13:00:59+00:00\" \/>\n<meta property=\"og:image\" content=\"https:\/\/lh7-rt.googleusercontent.com\/docsz\/AD_4nXeMWU68Ys2FZDoxtsjXKFwI26XeTKfIQQH2JCnamaV2L02nUNpbh1PJ4UZfE3vAcUeQhsWFurQm5_N2vuLVS8qZvpSS5mmeezu_sJDLaMVmqggjNyLgalH5Bc77XjQTAwyLmZds?key=Z_4mGMt8907kKjqiOAY2Kw\" \/>\n<meta name=\"author\" content=\"Karolina Grad\" \/>\n<meta name=\"twitter:card\" content=\"summary_large_image\" \/>\n<meta name=\"twitter:label1\" content=\"Written by\" \/>\n\t<meta name=\"twitter:data1\" content=\"Karolina Grad\" \/>\n<script type=\"application\/ld+json\" class=\"yoast-schema-graph\">{\"@context\":\"https:\/\/schema.org\",\"@graph\":[{\"@type\":\"WebPage\",\"@id\":\"https:\/\/studia-wroclaw.pl\/spotkanie-z-partner-papes-rozmowy-o-dalszej-wspolpracy\/\",\"url\":\"https:\/\/studia-wroclaw.pl\/spotkanie-z-partner-papes-rozmowy-o-dalszej-wspolpracy\/\",\"name\":\"Spotkanie z Partner Papes \u2013 rozmowy o dalszej wsp\u00f3\u0142pracy - Studia Wroc\u0142aw\",\"isPartOf\":{\"@id\":\"https:\/\/studia-wroclaw.pl\/#website\"},\"primaryImageOfPage\":{\"@id\":\"https:\/\/studia-wroclaw.pl\/spotkanie-z-partner-papes-rozmowy-o-dalszej-wspolpracy\/#primaryimage\"},\"image\":{\"@id\":\"https:\/\/studia-wroclaw.pl\/spotkanie-z-partner-papes-rozmowy-o-dalszej-wspolpracy\/#primaryimage\"},\"thumbnailUrl\":\"https:\/\/lh7-rt.googleusercontent.com\/docsz\/AD_4nXeMWU68Ys2FZDoxtsjXKFwI26XeTKfIQQH2JCnamaV2L02nUNpbh1PJ4UZfE3vAcUeQhsWFurQm5_N2vuLVS8qZvpSS5mmeezu_sJDLaMVmqggjNyLgalH5Bc77XjQTAwyLmZds?key=Z_4mGMt8907kKjqiOAY2Kw\",\"datePublished\":\"2025-08-25T11:56:22+00:00\",\"dateModified\":\"2025-09-03T13:00:59+00:00\",\"author\":{\"@id\":\"https:\/\/studia-wroclaw.pl\/#\/schema\/person\/bac5a6a7d9e8bf048062cb15210e5aba\"},\"breadcrumb\":{\"@id\":\"https:\/\/studia-wroclaw.pl\/spotkanie-z-partner-papes-rozmowy-o-dalszej-wspolpracy\/#breadcrumb\"},\"inLanguage\":\"en-GB\",\"potentialAction\":[{\"@type\":\"ReadAction\",\"target\":[\"https:\/\/studia-wroclaw.pl\/spotkanie-z-partner-papes-rozmowy-o-dalszej-wspolpracy\/\"]}]},{\"@type\":\"ImageObject\",\"inLanguage\":\"en-GB\",\"@id\":\"https:\/\/studia-wroclaw.pl\/spotkanie-z-partner-papes-rozmowy-o-dalszej-wspolpracy\/#primaryimage\",\"url\":\"https:\/\/lh7-rt.googleusercontent.com\/docsz\/AD_4nXeMWU68Ys2FZDoxtsjXKFwI26XeTKfIQQH2JCnamaV2L02nUNpbh1PJ4UZfE3vAcUeQhsWFurQm5_N2vuLVS8qZvpSS5mmeezu_sJDLaMVmqggjNyLgalH5Bc77XjQTAwyLmZds?key=Z_4mGMt8907kKjqiOAY2Kw\",\"contentUrl\":\"https:\/\/lh7-rt.googleusercontent.com\/docsz\/AD_4nXeMWU68Ys2FZDoxtsjXKFwI26XeTKfIQQH2JCnamaV2L02nUNpbh1PJ4UZfE3vAcUeQhsWFurQm5_N2vuLVS8qZvpSS5mmeezu_sJDLaMVmqggjNyLgalH5Bc77XjQTAwyLmZds?key=Z_4mGMt8907kKjqiOAY2Kw\"},{\"@type\":\"BreadcrumbList\",\"@id\":\"https:\/\/studia-wroclaw.pl\/spotkanie-z-partner-papes-rozmowy-o-dalszej-wspolpracy\/#breadcrumb\",\"itemListElement\":[{\"@type\":\"ListItem\",\"position\":1,\"name\":\"Strona g\u0142\u00f3wna\",\"item\":\"https:\/\/studia-wroclaw.pl\/\"},{\"@type\":\"ListItem\",\"position\":2,\"name\":\"Spotkanie z Partner Papes \u2013 rozmowy o dalszej wsp\u00f3\u0142pracy\"}]},{\"@type\":\"WebSite\",\"@id\":\"https:\/\/studia-wroclaw.pl\/#website\",\"url\":\"https:\/\/studia-wroclaw.pl\/\",\"name\":\"Studia Wroc\u0142aw\",\"description\":\"\",\"potentialAction\":[{\"@type\":\"SearchAction\",\"target\":{\"@type\":\"EntryPoint\",\"urlTemplate\":\"https:\/\/studia-wroclaw.pl\/?s={search_term_string}\"},\"query-input\":{\"@type\":\"PropertyValueSpecification\",\"valueRequired\":true,\"valueName\":\"search_term_string\"}}],\"inLanguage\":\"en-GB\"},{\"@type\":\"Person\",\"@id\":\"https:\/\/studia-wroclaw.pl\/#\/schema\/person\/bac5a6a7d9e8bf048062cb15210e5aba\",\"name\":\"Karolina Grad\",\"image\":{\"@type\":\"ImageObject\",\"inLanguage\":\"en-GB\",\"@id\":\"https:\/\/studia-wroclaw.pl\/#\/schema\/person\/image\/\",\"url\":\"https:\/\/secure.gravatar.com\/avatar\/1b85017fedf9a389e03c2de93492f752b740df8b56042439756b2633bd5c393e?s=96&d=mm&r=g\",\"contentUrl\":\"https:\/\/secure.gravatar.com\/avatar\/1b85017fedf9a389e03c2de93492f752b740df8b56042439756b2633bd5c393e?s=96&d=mm&r=g\",\"caption\":\"Karolina Grad\"},\"url\":\"https:\/\/studia-wroclaw.pl\/en\/author\/karolina\/\"}]}<\/script>\n<!-- \/ Yoast SEO plugin. -->","yoast_head_json":{"title":"Spotkanie z Partner Papes \u2013 rozmowy o dalszej wsp\u00f3\u0142pracy - Studia Wroc\u0142aw","robots":{"index":"index","follow":"follow","max-snippet":"max-snippet:-1","max-image-preview":"max-image-preview:large","max-video-preview":"max-video-preview:-1"},"canonical":"https:\/\/studia-wroclaw.pl\/en\/spotkanie-z-partner-papes-rozmowy-o-dalszej-wspolpracy\/","og_locale":"en_GB","og_type":"article","og_title":"Spotkanie z Partner Papes \u2013 rozmowy o dalszej wsp\u00f3\u0142pracy - Studia Wroc\u0142aw","og_description":"7 sierpnia 2025 r. przedstawiciel Wy\u017cszej Szko\u0142y Kszta\u0142cenia Zawodowego odwiedzi\u0142 siedzib\u0119 firmy Partner Papes w ramach kontynuacji nawi\u0105zanego wcze\u015bniej partnerstwa. W spotkaniu udzia\u0142 wzi\u0119li: Rozmowa przebieg\u0142a w bardzo dobrej atmosferze i dotyczy\u0142a zar\u00f3wno dotychczasowej wsp\u00f3\u0142pracy, jak i planowanych dzia\u0142a\u0144 w przysz\u0142o\u015bci. Dyskutowano m.in. mo\u017cliwo\u015bci rozszerzenia udzia\u0142u firmy w procesie kszta\u0142cenia praktycznego student\u00f3w, wsp\u00f3lne inicjatywy promocyjne [&hellip;]","og_url":"https:\/\/studia-wroclaw.pl\/en\/spotkanie-z-partner-papes-rozmowy-o-dalszej-wspolpracy\/","og_site_name":"Studia Wroc\u0142aw","article_published_time":"2025-08-25T11:56:22+00:00","article_modified_time":"2025-09-03T13:00:59+00:00","og_image":[{"url":"https:\/\/lh7-rt.googleusercontent.com\/docsz\/AD_4nXeMWU68Ys2FZDoxtsjXKFwI26XeTKfIQQH2JCnamaV2L02nUNpbh1PJ4UZfE3vAcUeQhsWFurQm5_N2vuLVS8qZvpSS5mmeezu_sJDLaMVmqggjNyLgalH5Bc77XjQTAwyLmZds?key=Z_4mGMt8907kKjqiOAY2Kw","type":"","width":"","height":""}],"author":"Karolina Grad","twitter_card":"summary_large_image","twitter_misc":{"Written by":"Karolina Grad"},"schema":{"@context":"https:\/\/schema.org","@graph":[{"@type":"WebPage","@id":"https:\/\/studia-wroclaw.pl\/spotkanie-z-partner-papes-rozmowy-o-dalszej-wspolpracy\/","url":"https:\/\/studia-wroclaw.pl\/spotkanie-z-partner-papes-rozmowy-o-dalszej-wspolpracy\/","name":"Spotkanie z Partner Papes \u2013 rozmowy o dalszej wsp\u00f3\u0142pracy - Studia Wroc\u0142aw","isPartOf":{"@id":"https:\/\/studia-wroclaw.pl\/#website"},"primaryImageOfPage":{"@id":"https:\/\/studia-wroclaw.pl\/spotkanie-z-partner-papes-rozmowy-o-dalszej-wspolpracy\/#primaryimage"},"image":{"@id":"https:\/\/studia-wroclaw.pl\/spotkanie-z-partner-papes-rozmowy-o-dalszej-wspolpracy\/#primaryimage"},"thumbnailUrl":"https:\/\/lh7-rt.googleusercontent.com\/docsz\/AD_4nXeMWU68Ys2FZDoxtsjXKFwI26XeTKfIQQH2JCnamaV2L02nUNpbh1PJ4UZfE3vAcUeQhsWFurQm5_N2vuLVS8qZvpSS5mmeezu_sJDLaMVmqggjNyLgalH5Bc77XjQTAwyLmZds?key=Z_4mGMt8907kKjqiOAY2Kw","datePublished":"2025-08-25T11:56:22+00:00","dateModified":"2025-09-03T13:00:59+00:00","author":{"@id":"https:\/\/studia-wroclaw.pl\/#\/schema\/person\/bac5a6a7d9e8bf048062cb15210e5aba"},"breadcrumb":{"@id":"https:\/\/studia-wroclaw.pl\/spotkanie-z-partner-papes-rozmowy-o-dalszej-wspolpracy\/#breadcrumb"},"inLanguage":"en-GB","potentialAction":[{"@type":"ReadAction","target":["https:\/\/studia-wroclaw.pl\/spotkanie-z-partner-papes-rozmowy-o-dalszej-wspolpracy\/"]}]},{"@type":"ImageObject","inLanguage":"en-GB","@id":"https:\/\/studia-wroclaw.pl\/spotkanie-z-partner-papes-rozmowy-o-dalszej-wspolpracy\/#primaryimage","url":"https:\/\/lh7-rt.googleusercontent.com\/docsz\/AD_4nXeMWU68Ys2FZDoxtsjXKFwI26XeTKfIQQH2JCnamaV2L02nUNpbh1PJ4UZfE3vAcUeQhsWFurQm5_N2vuLVS8qZvpSS5mmeezu_sJDLaMVmqggjNyLgalH5Bc77XjQTAwyLmZds?key=Z_4mGMt8907kKjqiOAY2Kw","contentUrl":"https:\/\/lh7-rt.googleusercontent.com\/docsz\/AD_4nXeMWU68Ys2FZDoxtsjXKFwI26XeTKfIQQH2JCnamaV2L02nUNpbh1PJ4UZfE3vAcUeQhsWFurQm5_N2vuLVS8qZvpSS5mmeezu_sJDLaMVmqggjNyLgalH5Bc77XjQTAwyLmZds?key=Z_4mGMt8907kKjqiOAY2Kw"},{"@type":"BreadcrumbList","@id":"https:\/\/studia-wroclaw.pl\/spotkanie-z-partner-papes-rozmowy-o-dalszej-wspolpracy\/#breadcrumb","itemListElement":[{"@type":"ListItem","position":1,"name":"Strona g\u0142\u00f3wna","item":"https:\/\/studia-wroclaw.pl\/"},{"@type":"ListItem","position":2,"name":"Spotkanie z Partner Papes \u2013 rozmowy o dalszej wsp\u00f3\u0142pracy"}]},{"@type":"WebSite","@id":"https:\/\/studia-wroclaw.pl\/#website","url":"https:\/\/studia-wroclaw.pl\/","name":"Studies Wroclaw","description":"","potentialAction":[{"@type":"SearchAction","target":{"@type":"EntryPoint","urlTemplate":"https:\/\/studia-wroclaw.pl\/?s={search_term_string}"},"query-input":{"@type":"PropertyValueSpecification","valueRequired":true,"valueName":"search_term_string"}}],"inLanguage":"en-GB"},{"@type":"Person","@id":"https:\/\/studia-wroclaw.pl\/#\/schema\/person\/bac5a6a7d9e8bf048062cb15210e5aba","name":"Karolina Grad","image":{"@type":"ImageObject","inLanguage":"en-GB","@id":"https:\/\/studia-wroclaw.pl\/#\/schema\/person\/image\/","url":"https:\/\/secure.gravatar.com\/avatar\/1b85017fedf9a389e03c2de93492f752b740df8b56042439756b2633bd5c393e?s=96&d=mm&r=g","contentUrl":"https:\/\/secure.gravatar.com\/avatar\/1b85017fedf9a389e03c2de93492f752b740df8b56042439756b2633bd5c393e?s=96&d=mm&r=g","caption":"Karolina Grad"},"url":"https:\/\/studia-wroclaw.pl\/en\/author\/karolina\/"}]}},"_links":{"self":[{"href":"https:\/\/studia-wroclaw.pl\/en\/wp-json\/wp\/v2\/posts\/6544","targetHints":{"allow":["GET"]}}],"collection":[{"href":"https:\/\/studia-wroclaw.pl\/en\/wp-json\/wp\/v2\/posts"}],"about":[{"href":"https:\/\/studia-wroclaw.pl\/en\/wp-json\/wp\/v2\/types\/post"}],"author":[{"embeddable":true,"href":"https:\/\/studia-wroclaw.pl\/en\/wp-json\/wp\/v2\/users\/23"}],"replies":[{"embeddable":true,"href":"https:\/\/studia-wroclaw.pl\/en\/wp-json\/wp\/v2\/comments?post=6544"}],"version-history":[{"count":2,"href":"https:\/\/studia-wroclaw.pl\/en\/wp-json\/wp\/v2\/posts\/6544\/revisions"}],"predecessor-version":[{"id":6598,"href":"https:\/\/studia-wroclaw.pl\/en\/wp-json\/wp\/v2\/posts\/6544\/revisions\/6598"}],"wp:attachment":[{"href":"https:\/\/studia-wroclaw.pl\/en\/wp-json\/wp\/v2\/media?parent=6544"}],"wp:term":[{"taxonomy":"category","embeddable":true,"href":"https:\/\/studia-wroclaw.pl\/en\/wp-json\/wp\/v2\/categories?post=6544"},{"taxonomy":"post_tag","embeddable":true,"href":"https:\/\/studia-wroclaw.pl\/en\/wp-json\/wp\/v2\/tags?post=6544"}],"curies":[{"name":"wp","href":"https:\/\/api.w.org\/{rel}","templated":true}]}}