{"id":6551,"date":"2025-08-26T10:26:13","date_gmt":"2025-08-26T08:26:13","guid":{"rendered":"https:\/\/studia-wroclaw.pl\/?p=6551"},"modified":"2025-08-26T10:26:14","modified_gmt":"2025-08-26T08:26:14","slug":"podpisanie-porozumienia-o-wspolpracy-z-firma-i-am-recruitment-services","status":"publish","type":"post","link":"https:\/\/studia-wroclaw.pl\/en\/podpisanie-porozumienia-o-wspolpracy-z-firma-i-am-recruitment-services\/","title":{"rendered":"Signing of cooperation agreement with I Am Recruitment Services"},"content":{"rendered":"<p><strong>On 14 August 2025, a meeting was held<\/strong> between the University of Vocational Training and Mr Adam W\u0142odarczyk, owner of the company <strong>I Am Recruitment Services.<\/strong><\/p>\n\n\n\n<p>The talk was attended by:<\/p>\n\n\n\n<ul class=\"wp-block-list\">\n<li><strong>Dr Wojciech Kazanecki<\/strong> - Chair of the WSKZ Stakeholder Council.<\/li>\n\n\n\n<li><strong>Dr Aneta Kazanecka <\/strong>- Associate Dean for Student Affairs at WSKZ.<\/li>\n\n\n\n<li><strong>Mr Karol Molasy<\/strong> - Coordinator for relations with the socio-economic environment at the JCC.<\/li>\n<\/ul>\n\n\n\n<p>The meeting took place in a friendly atmosphere, fostering a substantive exchange, and was a first step towards developing joint ideas. The discussions culminated in <strong>The signing of a cooperation agreement between the University and I Am Recruitment Services.<\/strong><\/p>\n\n\n\n<h2 class=\"wp-block-heading\">Key areas of cooperation<\/h2>\n\n\n\n<p>The meeting addressed issues related to:<\/p>\n\n\n\n<ul class=\"wp-block-list\">\n<li><strong>organisation of expert lectures<\/strong> and participation in job fairs;<\/li>\n\n\n\n<li><strong>participation in the WSKZ Stakeholder Group<\/strong>;<\/li>\n\n\n\n<li><strong>cooperation within Programme Boards <\/strong>for degree courses.<\/li>\n<\/ul>\n\n\n\n<p>Also discussed were the areas in which I Am Recruitment Services - which specialises in sourcing <strong>skilled workers for various companies<\/strong> - links to the academic activities of the University.<\/p>\n\n\n\n<h2 class=\"wp-block-heading\">Development prospects<\/h2>\n\n\n\n<p>Both sides expressed satisfaction with<strong> signature of the agreement<\/strong> and a willingness to continue the dialogue and develop a partnership that <strong>will enrich the learning process of WSKZ students <\/strong>with knowledge and experience from the real labour market.<\/p>\n\n\n\n<figure class=\"wp-block-image\"><img decoding=\"async\" src=\"https:\/\/lh7-rt.googleusercontent.com\/docsz\/AD_4nXdbnhz9hBm3sQnfCFE8dhAvdbEdz5_KnFniObNbiVHelaENzNiZJBD2tt9obDwN8DJ04oOONPIXEWypOHZdwNJP_sOPIezuGZzyr3z9NTx3oLrbfxYMFsWi7LkXFZU3nB5gPqn9JA?key=Z_4mGMt8907kKjqiOAY2Kw\" alt=\"\"\/><figcaption class=\"wp-element-caption\"><em>Photo: Dr Wojciech Kazanecki, Dr Aneta Kazanecka, Mr Karol Molasy, Mr Adam W\u0142odarczyk, photo: Ms Sara Cholewjusz<\/em><\/figcaption><\/figure>\n\n\n\n<figure class=\"wp-block-image\"><img decoding=\"async\" src=\"https:\/\/lh7-rt.googleusercontent.com\/docsz\/AD_4nXcf6vPg0VMZX8CrClZ96Cf8Rf-Of7HEbu-I7wirNBL1iA81E71fiA1lqE7FhVVrKVTG9SL3QlTqYd_9ltoemkc4dyqw3DAgO0M5Fr3dygPOdAgPMLH6jxo1jtin5mqDjQd1C6bsdw?key=Z_4mGMt8907kKjqiOAY2Kw\" alt=\"\"\/><figcaption class=\"wp-element-caption\"><em>Pictured: Mr. Karol Molasy, Mr. Adam W\u0142odarczyk, Dr. Aneta Kazanecka, Dr. Wojciech Kazanecki, photo by Ms. Sara Cholewjusz<\/em><\/figcaption><\/figure>\n\n\n\n<p><\/p>","protected":false},"excerpt":{"rendered":"<p>W dniu 14 sierpnia 2025 r. odby\u0142o si\u0119 spotkanie pomi\u0119dzy Wy\u017csz\u0105 Szko\u0142\u0105 Kszta\u0142cenia Zawodowego a Panem Adamem W\u0142odarczykiem, w\u0142a\u015bcicielem firmy I Am Recruitment Services. W rozmowie uczestniczyli: Spotkanie przebieg\u0142o przyjaznej atmosferze, sprzyjaj\u0105cej merytorycznej wymianie, i stanowi\u0142o pierwszy krok do rozwijania wsp\u00f3lnych pomys\u0142\u00f3w. Zwie\u0144czeniem rozm\u00f3w by\u0142o podpisanie porozumienia o wsp\u00f3\u0142pracy pomi\u0119dzy Uczelni\u0105 a firm\u0105 I Am [&hellip;]<\/p>","protected":false},"author":23,"featured_media":0,"comment_status":"open","ping_status":"open","sticky":false,"template":"","format":"standard","meta":{"om_disable_all_campaigns":false,"footnotes":""},"categories":[59],"tags":[],"class_list":["post-6551","post","type-post","status-publish","format-standard","hentry","category-wspolpraca-spoleczno-gospodarcza"],"yoast_head":"<!-- This site is optimized with the Yoast SEO plugin v25.9 - https:\/\/yoast.com\/wordpress\/plugins\/seo\/ -->\n<title>Podpisanie porozumienia o wsp\u00f3\u0142pracy z firm\u0105 I Am Recruitment Services - Studia Wroc\u0142aw<\/title>\n<meta name=\"robots\" content=\"index, follow, max-snippet:-1, max-image-preview:large, max-video-preview:-1\" \/>\n<link rel=\"canonical\" href=\"https:\/\/studia-wroclaw.pl\/en\/podpisanie-porozumienia-o-wspolpracy-z-firma-i-am-recruitment-services\/\" \/>\n<meta property=\"og:locale\" content=\"en_GB\" \/>\n<meta property=\"og:type\" content=\"article\" \/>\n<meta property=\"og:title\" content=\"Podpisanie porozumienia o wsp\u00f3\u0142pracy z firm\u0105 I Am Recruitment Services - Studia Wroc\u0142aw\" \/>\n<meta property=\"og:description\" content=\"W dniu 14 sierpnia 2025 r. odby\u0142o si\u0119 spotkanie pomi\u0119dzy Wy\u017csz\u0105 Szko\u0142\u0105 Kszta\u0142cenia Zawodowego a Panem Adamem W\u0142odarczykiem, w\u0142a\u015bcicielem firmy I Am Recruitment Services. W rozmowie uczestniczyli: Spotkanie przebieg\u0142o przyjaznej atmosferze, sprzyjaj\u0105cej merytorycznej wymianie, i stanowi\u0142o pierwszy krok do rozwijania wsp\u00f3lnych pomys\u0142\u00f3w. Zwie\u0144czeniem rozm\u00f3w by\u0142o podpisanie porozumienia o wsp\u00f3\u0142pracy pomi\u0119dzy Uczelni\u0105 a firm\u0105 I Am [&hellip;]\" \/>\n<meta property=\"og:url\" content=\"https:\/\/studia-wroclaw.pl\/en\/podpisanie-porozumienia-o-wspolpracy-z-firma-i-am-recruitment-services\/\" \/>\n<meta property=\"og:site_name\" content=\"Studia Wroc\u0142aw\" \/>\n<meta property=\"article:published_time\" content=\"2025-08-26T08:26:13+00:00\" \/>\n<meta property=\"article:modified_time\" content=\"2025-08-26T08:26:14+00:00\" \/>\n<meta property=\"og:image\" content=\"https:\/\/lh7-rt.googleusercontent.com\/docsz\/AD_4nXdbnhz9hBm3sQnfCFE8dhAvdbEdz5_KnFniObNbiVHelaENzNiZJBD2tt9obDwN8DJ04oOONPIXEWypOHZdwNJP_sOPIezuGZzyr3z9NTx3oLrbfxYMFsWi7LkXFZU3nB5gPqn9JA?key=Z_4mGMt8907kKjqiOAY2Kw\" \/>\n<meta name=\"author\" content=\"Karolina Grad\" \/>\n<meta name=\"twitter:card\" content=\"summary_large_image\" \/>\n<meta name=\"twitter:label1\" content=\"Written by\" \/>\n\t<meta name=\"twitter:data1\" content=\"Karolina Grad\" \/>\n\t<meta name=\"twitter:label2\" content=\"Estimated reading time\" \/>\n\t<meta name=\"twitter:data2\" content=\"2 minutes\" \/>\n<script type=\"application\/ld+json\" class=\"yoast-schema-graph\">{\"@context\":\"https:\/\/schema.org\",\"@graph\":[{\"@type\":\"WebPage\",\"@id\":\"https:\/\/studia-wroclaw.pl\/podpisanie-porozumienia-o-wspolpracy-z-firma-i-am-recruitment-services\/\",\"url\":\"https:\/\/studia-wroclaw.pl\/podpisanie-porozumienia-o-wspolpracy-z-firma-i-am-recruitment-services\/\",\"name\":\"Podpisanie porozumienia o wsp\u00f3\u0142pracy z firm\u0105 I Am Recruitment Services - Studia Wroc\u0142aw\",\"isPartOf\":{\"@id\":\"https:\/\/studia-wroclaw.pl\/#website\"},\"primaryImageOfPage\":{\"@id\":\"https:\/\/studia-wroclaw.pl\/podpisanie-porozumienia-o-wspolpracy-z-firma-i-am-recruitment-services\/#primaryimage\"},\"image\":{\"@id\":\"https:\/\/studia-wroclaw.pl\/podpisanie-porozumienia-o-wspolpracy-z-firma-i-am-recruitment-services\/#primaryimage\"},\"thumbnailUrl\":\"https:\/\/lh7-rt.googleusercontent.com\/docsz\/AD_4nXdbnhz9hBm3sQnfCFE8dhAvdbEdz5_KnFniObNbiVHelaENzNiZJBD2tt9obDwN8DJ04oOONPIXEWypOHZdwNJP_sOPIezuGZzyr3z9NTx3oLrbfxYMFsWi7LkXFZU3nB5gPqn9JA?key=Z_4mGMt8907kKjqiOAY2Kw\",\"datePublished\":\"2025-08-26T08:26:13+00:00\",\"dateModified\":\"2025-08-26T08:26:14+00:00\",\"author\":{\"@id\":\"https:\/\/studia-wroclaw.pl\/#\/schema\/person\/bac5a6a7d9e8bf048062cb15210e5aba\"},\"breadcrumb\":{\"@id\":\"https:\/\/studia-wroclaw.pl\/podpisanie-porozumienia-o-wspolpracy-z-firma-i-am-recruitment-services\/#breadcrumb\"},\"inLanguage\":\"en-GB\",\"potentialAction\":[{\"@type\":\"ReadAction\",\"target\":[\"https:\/\/studia-wroclaw.pl\/podpisanie-porozumienia-o-wspolpracy-z-firma-i-am-recruitment-services\/\"]}]},{\"@type\":\"ImageObject\",\"inLanguage\":\"en-GB\",\"@id\":\"https:\/\/studia-wroclaw.pl\/podpisanie-porozumienia-o-wspolpracy-z-firma-i-am-recruitment-services\/#primaryimage\",\"url\":\"https:\/\/lh7-rt.googleusercontent.com\/docsz\/AD_4nXdbnhz9hBm3sQnfCFE8dhAvdbEdz5_KnFniObNbiVHelaENzNiZJBD2tt9obDwN8DJ04oOONPIXEWypOHZdwNJP_sOPIezuGZzyr3z9NTx3oLrbfxYMFsWi7LkXFZU3nB5gPqn9JA?key=Z_4mGMt8907kKjqiOAY2Kw\",\"contentUrl\":\"https:\/\/lh7-rt.googleusercontent.com\/docsz\/AD_4nXdbnhz9hBm3sQnfCFE8dhAvdbEdz5_KnFniObNbiVHelaENzNiZJBD2tt9obDwN8DJ04oOONPIXEWypOHZdwNJP_sOPIezuGZzyr3z9NTx3oLrbfxYMFsWi7LkXFZU3nB5gPqn9JA?key=Z_4mGMt8907kKjqiOAY2Kw\"},{\"@type\":\"BreadcrumbList\",\"@id\":\"https:\/\/studia-wroclaw.pl\/podpisanie-porozumienia-o-wspolpracy-z-firma-i-am-recruitment-services\/#breadcrumb\",\"itemListElement\":[{\"@type\":\"ListItem\",\"position\":1,\"name\":\"Strona g\u0142\u00f3wna\",\"item\":\"https:\/\/studia-wroclaw.pl\/\"},{\"@type\":\"ListItem\",\"position\":2,\"name\":\"Podpisanie porozumienia o wsp\u00f3\u0142pracy z firm\u0105 I Am Recruitment Services\"}]},{\"@type\":\"WebSite\",\"@id\":\"https:\/\/studia-wroclaw.pl\/#website\",\"url\":\"https:\/\/studia-wroclaw.pl\/\",\"name\":\"Studia Wroc\u0142aw\",\"description\":\"\",\"potentialAction\":[{\"@type\":\"SearchAction\",\"target\":{\"@type\":\"EntryPoint\",\"urlTemplate\":\"https:\/\/studia-wroclaw.pl\/?s={search_term_string}\"},\"query-input\":{\"@type\":\"PropertyValueSpecification\",\"valueRequired\":true,\"valueName\":\"search_term_string\"}}],\"inLanguage\":\"en-GB\"},{\"@type\":\"Person\",\"@id\":\"https:\/\/studia-wroclaw.pl\/#\/schema\/person\/bac5a6a7d9e8bf048062cb15210e5aba\",\"name\":\"Karolina Grad\",\"image\":{\"@type\":\"ImageObject\",\"inLanguage\":\"en-GB\",\"@id\":\"https:\/\/studia-wroclaw.pl\/#\/schema\/person\/image\/\",\"url\":\"https:\/\/secure.gravatar.com\/avatar\/1b85017fedf9a389e03c2de93492f752b740df8b56042439756b2633bd5c393e?s=96&d=mm&r=g\",\"contentUrl\":\"https:\/\/secure.gravatar.com\/avatar\/1b85017fedf9a389e03c2de93492f752b740df8b56042439756b2633bd5c393e?s=96&d=mm&r=g\",\"caption\":\"Karolina Grad\"},\"url\":\"https:\/\/studia-wroclaw.pl\/en\/author\/karolina\/\"}]}<\/script>\n<!-- \/ Yoast SEO plugin. -->","yoast_head_json":{"title":"Podpisanie porozumienia o wsp\u00f3\u0142pracy z firm\u0105 I Am Recruitment Services - Studia Wroc\u0142aw","robots":{"index":"index","follow":"follow","max-snippet":"max-snippet:-1","max-image-preview":"max-image-preview:large","max-video-preview":"max-video-preview:-1"},"canonical":"https:\/\/studia-wroclaw.pl\/en\/podpisanie-porozumienia-o-wspolpracy-z-firma-i-am-recruitment-services\/","og_locale":"en_GB","og_type":"article","og_title":"Podpisanie porozumienia o wsp\u00f3\u0142pracy z firm\u0105 I Am Recruitment Services - Studia Wroc\u0142aw","og_description":"W dniu 14 sierpnia 2025 r. odby\u0142o si\u0119 spotkanie pomi\u0119dzy Wy\u017csz\u0105 Szko\u0142\u0105 Kszta\u0142cenia Zawodowego a Panem Adamem W\u0142odarczykiem, w\u0142a\u015bcicielem firmy I Am Recruitment Services. W rozmowie uczestniczyli: Spotkanie przebieg\u0142o przyjaznej atmosferze, sprzyjaj\u0105cej merytorycznej wymianie, i stanowi\u0142o pierwszy krok do rozwijania wsp\u00f3lnych pomys\u0142\u00f3w. Zwie\u0144czeniem rozm\u00f3w by\u0142o podpisanie porozumienia o wsp\u00f3\u0142pracy pomi\u0119dzy Uczelni\u0105 a firm\u0105 I Am [&hellip;]","og_url":"https:\/\/studia-wroclaw.pl\/en\/podpisanie-porozumienia-o-wspolpracy-z-firma-i-am-recruitment-services\/","og_site_name":"Studia Wroc\u0142aw","article_published_time":"2025-08-26T08:26:13+00:00","article_modified_time":"2025-08-26T08:26:14+00:00","og_image":[{"url":"https:\/\/lh7-rt.googleusercontent.com\/docsz\/AD_4nXdbnhz9hBm3sQnfCFE8dhAvdbEdz5_KnFniObNbiVHelaENzNiZJBD2tt9obDwN8DJ04oOONPIXEWypOHZdwNJP_sOPIezuGZzyr3z9NTx3oLrbfxYMFsWi7LkXFZU3nB5gPqn9JA?key=Z_4mGMt8907kKjqiOAY2Kw","type":"","width":"","height":""}],"author":"Karolina Grad","twitter_card":"summary_large_image","twitter_misc":{"Written by":"Karolina Grad","Estimated reading time":"2 minutes"},"schema":{"@context":"https:\/\/schema.org","@graph":[{"@type":"WebPage","@id":"https:\/\/studia-wroclaw.pl\/podpisanie-porozumienia-o-wspolpracy-z-firma-i-am-recruitment-services\/","url":"https:\/\/studia-wroclaw.pl\/podpisanie-porozumienia-o-wspolpracy-z-firma-i-am-recruitment-services\/","name":"Podpisanie porozumienia o wsp\u00f3\u0142pracy z firm\u0105 I Am Recruitment Services - Studia Wroc\u0142aw","isPartOf":{"@id":"https:\/\/studia-wroclaw.pl\/#website"},"primaryImageOfPage":{"@id":"https:\/\/studia-wroclaw.pl\/podpisanie-porozumienia-o-wspolpracy-z-firma-i-am-recruitment-services\/#primaryimage"},"image":{"@id":"https:\/\/studia-wroclaw.pl\/podpisanie-porozumienia-o-wspolpracy-z-firma-i-am-recruitment-services\/#primaryimage"},"thumbnailUrl":"https:\/\/lh7-rt.googleusercontent.com\/docsz\/AD_4nXdbnhz9hBm3sQnfCFE8dhAvdbEdz5_KnFniObNbiVHelaENzNiZJBD2tt9obDwN8DJ04oOONPIXEWypOHZdwNJP_sOPIezuGZzyr3z9NTx3oLrbfxYMFsWi7LkXFZU3nB5gPqn9JA?key=Z_4mGMt8907kKjqiOAY2Kw","datePublished":"2025-08-26T08:26:13+00:00","dateModified":"2025-08-26T08:26:14+00:00","author":{"@id":"https:\/\/studia-wroclaw.pl\/#\/schema\/person\/bac5a6a7d9e8bf048062cb15210e5aba"},"breadcrumb":{"@id":"https:\/\/studia-wroclaw.pl\/podpisanie-porozumienia-o-wspolpracy-z-firma-i-am-recruitment-services\/#breadcrumb"},"inLanguage":"en-GB","potentialAction":[{"@type":"ReadAction","target":["https:\/\/studia-wroclaw.pl\/podpisanie-porozumienia-o-wspolpracy-z-firma-i-am-recruitment-services\/"]}]},{"@type":"ImageObject","inLanguage":"en-GB","@id":"https:\/\/studia-wroclaw.pl\/podpisanie-porozumienia-o-wspolpracy-z-firma-i-am-recruitment-services\/#primaryimage","url":"https:\/\/lh7-rt.googleusercontent.com\/docsz\/AD_4nXdbnhz9hBm3sQnfCFE8dhAvdbEdz5_KnFniObNbiVHelaENzNiZJBD2tt9obDwN8DJ04oOONPIXEWypOHZdwNJP_sOPIezuGZzyr3z9NTx3oLrbfxYMFsWi7LkXFZU3nB5gPqn9JA?key=Z_4mGMt8907kKjqiOAY2Kw","contentUrl":"https:\/\/lh7-rt.googleusercontent.com\/docsz\/AD_4nXdbnhz9hBm3sQnfCFE8dhAvdbEdz5_KnFniObNbiVHelaENzNiZJBD2tt9obDwN8DJ04oOONPIXEWypOHZdwNJP_sOPIezuGZzyr3z9NTx3oLrbfxYMFsWi7LkXFZU3nB5gPqn9JA?key=Z_4mGMt8907kKjqiOAY2Kw"},{"@type":"BreadcrumbList","@id":"https:\/\/studia-wroclaw.pl\/podpisanie-porozumienia-o-wspolpracy-z-firma-i-am-recruitment-services\/#breadcrumb","itemListElement":[{"@type":"ListItem","position":1,"name":"Strona g\u0142\u00f3wna","item":"https:\/\/studia-wroclaw.pl\/"},{"@type":"ListItem","position":2,"name":"Podpisanie porozumienia o wsp\u00f3\u0142pracy z firm\u0105 I Am Recruitment Services"}]},{"@type":"WebSite","@id":"https:\/\/studia-wroclaw.pl\/#website","url":"https:\/\/studia-wroclaw.pl\/","name":"Studies Wroclaw","description":"","potentialAction":[{"@type":"SearchAction","target":{"@type":"EntryPoint","urlTemplate":"https:\/\/studia-wroclaw.pl\/?s={search_term_string}"},"query-input":{"@type":"PropertyValueSpecification","valueRequired":true,"valueName":"search_term_string"}}],"inLanguage":"en-GB"},{"@type":"Person","@id":"https:\/\/studia-wroclaw.pl\/#\/schema\/person\/bac5a6a7d9e8bf048062cb15210e5aba","name":"Karolina Grad","image":{"@type":"ImageObject","inLanguage":"en-GB","@id":"https:\/\/studia-wroclaw.pl\/#\/schema\/person\/image\/","url":"https:\/\/secure.gravatar.com\/avatar\/1b85017fedf9a389e03c2de93492f752b740df8b56042439756b2633bd5c393e?s=96&d=mm&r=g","contentUrl":"https:\/\/secure.gravatar.com\/avatar\/1b85017fedf9a389e03c2de93492f752b740df8b56042439756b2633bd5c393e?s=96&d=mm&r=g","caption":"Karolina Grad"},"url":"https:\/\/studia-wroclaw.pl\/en\/author\/karolina\/"}]}},"_links":{"self":[{"href":"https:\/\/studia-wroclaw.pl\/en\/wp-json\/wp\/v2\/posts\/6551","targetHints":{"allow":["GET"]}}],"collection":[{"href":"https:\/\/studia-wroclaw.pl\/en\/wp-json\/wp\/v2\/posts"}],"about":[{"href":"https:\/\/studia-wroclaw.pl\/en\/wp-json\/wp\/v2\/types\/post"}],"author":[{"embeddable":true,"href":"https:\/\/studia-wroclaw.pl\/en\/wp-json\/wp\/v2\/users\/23"}],"replies":[{"embeddable":true,"href":"https:\/\/studia-wroclaw.pl\/en\/wp-json\/wp\/v2\/comments?post=6551"}],"version-history":[{"count":1,"href":"https:\/\/studia-wroclaw.pl\/en\/wp-json\/wp\/v2\/posts\/6551\/revisions"}],"predecessor-version":[{"id":6552,"href":"https:\/\/studia-wroclaw.pl\/en\/wp-json\/wp\/v2\/posts\/6551\/revisions\/6552"}],"wp:attachment":[{"href":"https:\/\/studia-wroclaw.pl\/en\/wp-json\/wp\/v2\/media?parent=6551"}],"wp:term":[{"taxonomy":"category","embeddable":true,"href":"https:\/\/studia-wroclaw.pl\/en\/wp-json\/wp\/v2\/categories?post=6551"},{"taxonomy":"post_tag","embeddable":true,"href":"https:\/\/studia-wroclaw.pl\/en\/wp-json\/wp\/v2\/tags?post=6551"}],"curies":[{"name":"wp","href":"https:\/\/api.w.org\/{rel}","templated":true}]}}