{"id":8721,"date":"2026-01-20T12:38:52","date_gmt":"2026-01-20T11:38:52","guid":{"rendered":"https:\/\/studia-wroclaw.pl\/?p=8721"},"modified":"2026-02-25T16:43:46","modified_gmt":"2026-02-25T15:43:46","slug":"studenci-wskz-poza-murami-uczelni-edukacja-w-praktyce-i-wsparcie-lokalnych-spolecznosci","status":"publish","type":"post","link":"https:\/\/studia-wroclaw.pl\/en\/studenci-wskz-poza-murami-uczelni-edukacja-w-praktyce-i-wsparcie-lokalnych-spolecznosci\/","title":{"rendered":"Studenci WSKZ poza murami Uczelni \u2013 edukacja w praktyce i wsparcie lokalnych spo\u0142eczno\u015bci"},"content":{"rendered":"<p>Pod kierunkiem mgr. Bartosza G\u0142owackiego <strong>studenci WSKZ po raz kolejny wyszli poza mury Uczelni, \u0142\u0105cz\u0105c wiedz\u0119 akademick\u0105 z dzia\u0142aniami na rzecz lokalnych spo\u0142eczno\u015bci.<\/strong> Warsztaty profilaktyczne, pomoc spo\u0142eczna oraz budowanie relacji sta\u0142y si\u0119 praktycznym wymiarem edukacji, z kt\u00f3rego nasza Uczelnia jest dumna.<\/p>\n\n\n\n<h2 class=\"wp-block-heading\"><strong>Edukacja, kt\u00f3ra pomaga<\/strong><\/h2>\n\n\n\n<p>Misja Wy\u017cszej Szko\u0142y Kszta\u0142cenia Zawodowego od lat opiera si\u0119 na przekonaniu, \u017ce studenci nie tylko zdobywaj\u0105 wiedz\u0119, lecz tak\u017ce ucz\u0105 si\u0119 odpowiedzialno\u015bci spo\u0142ecznej. <strong>Grudniowe inicjatywy pokaza\u0142y, jak wa\u017cna jest edukacja oparta na empatii, zaanga\u017cowaniu i dzia\u0142aniu.<\/strong> Ka\u017cde ze spotka\u0144 mia\u0142o inny charakter, jednak \u0142\u0105czy\u0142 je wsp\u00f3lny cel: \u201eedukowa\u0107, wspiera\u0107 i dawa\u0107 nadziej\u0119\u201d.<\/p>\n\n\n\n<h2 class=\"wp-block-heading\"><strong>Warsztaty w PCPR w Miliczu \u2013 rozmowa o agresji i wsparcie<\/strong><\/h2>\n\n\n\n<p>Na pocz\u0105tku miesi\u0105ca w Powiatowym Centrum Pomocy Rodzinie w Miliczu zrealizowano warsztaty, podczas kt\u00f3rych om\u00f3wiono temat agresji, w tym agresji relacyjnej. <strong>Dzieci mog\u0142y utrwali\u0107 wiedz\u0119 na temat mechanizm\u00f3w zachowa\u0144 agresywnych, a tak\u017ce pozna\u0107 metody radzenia sobie z nimi.<\/strong><\/p>\n\n\n\n<p>Zaj\u0119cia obejmowa\u0142y zar\u00f3wno cz\u0119\u015b\u0107 teoretyczn\u0105, jak i praktyczn\u0105. M\u0142odzi uczestnicy brali udzia\u0142 w licznych \u0107wiczeniach. W zwi\u0105zku z nawi\u0105zan\u0105 wsp\u00f3\u0142prac\u0105 pomi\u0119dzy Uczelni\u0105 WSKZ a PCPR w Miliczu planowane s\u0105 kolejne edycje warsztat\u00f3w. Ich kontynuacja przewidziana jest na 2026 rok.<\/p>\n\n\n\n<p><strong>Warto r\u00f3wnie\u017c podkre\u015bli\u0107, \u017ce Uczelnia przekaza\u0142a dzieciom dary, kt\u00f3re nast\u0119pnie trafi\u0142y do wszystkich podopiecznych pieczy zast\u0119pczej<\/strong> na terenie powiatu milickiego.<\/p>\n\n\n\n<figure class=\"wp-block-gallery has-nested-images columns-default is-cropped wp-block-gallery-1 is-layout-flex wp-block-gallery-is-layout-flex\">\n<figure class=\"wp-block-image size-large\"><img loading=\"lazy\" decoding=\"async\" width=\"1024\" height=\"768\" data-id=\"8722\" src=\"https:\/\/studia-wroclaw.pl\/wp-content\/uploads\/2026\/01\/PCPR-Milicz-1024x768.jpg\" alt=\"PCPR Milicz\" class=\"wp-image-8722\" srcset=\"https:\/\/studia-wroclaw.pl\/wp-content\/uploads\/2026\/01\/PCPR-Milicz-1024x768.jpg 1024w, https:\/\/studia-wroclaw.pl\/wp-content\/uploads\/2026\/01\/PCPR-Milicz-300x225.jpg 300w, https:\/\/studia-wroclaw.pl\/wp-content\/uploads\/2026\/01\/PCPR-Milicz-768x576.jpg 768w, https:\/\/studia-wroclaw.pl\/wp-content\/uploads\/2026\/01\/PCPR-Milicz-1536x1152.jpg 1536w, https:\/\/studia-wroclaw.pl\/wp-content\/uploads\/2026\/01\/PCPR-Milicz-2048x1536.jpg 2048w, https:\/\/studia-wroclaw.pl\/wp-content\/uploads\/2026\/01\/PCPR-Milicz-16x12.jpg 16w\" sizes=\"auto, (max-width: 1024px) 100vw, 1024px\" \/><\/figure>\n\n\n\n<figure class=\"wp-block-image size-large\"><img loading=\"lazy\" decoding=\"async\" width=\"768\" height=\"1024\" data-id=\"8723\" src=\"https:\/\/studia-wroclaw.pl\/wp-content\/uploads\/2026\/01\/PCPR-Mlicz-2-768x1024.jpg\" alt=\"PCPR Mlicz\" class=\"wp-image-8723\" srcset=\"https:\/\/studia-wroclaw.pl\/wp-content\/uploads\/2026\/01\/PCPR-Mlicz-2-768x1024.jpg 768w, https:\/\/studia-wroclaw.pl\/wp-content\/uploads\/2026\/01\/PCPR-Mlicz-2-225x300.jpg 225w, https:\/\/studia-wroclaw.pl\/wp-content\/uploads\/2026\/01\/PCPR-Mlicz-2-1152x1536.jpg 1152w, https:\/\/studia-wroclaw.pl\/wp-content\/uploads\/2026\/01\/PCPR-Mlicz-2-1536x2048.jpg 1536w, https:\/\/studia-wroclaw.pl\/wp-content\/uploads\/2026\/01\/PCPR-Mlicz-2-9x12.jpg 9w, https:\/\/studia-wroclaw.pl\/wp-content\/uploads\/2026\/01\/PCPR-Mlicz-2-scaled.jpg 1920w\" sizes=\"auto, (max-width: 768px) 100vw, 768px\" \/><\/figure>\n<\/figure>\n\n\n\n<h2 class=\"wp-block-heading\"><strong>\u201eAgresja, hejt, bullying, cyberprzemoc\u201d \u2013 warsztaty w Trzebnicy<\/strong><\/h2>\n\n\n\n<p><strong>10 grudnia mgr Bartosz G\u0142owacki wraz ze studentkami psychologii WSKZ poprowadzi\u0142 warsztaty dla uczni\u00f3w klas VIII Szko\u0142y Podstawowej nr 2 w Trzebnicy.<\/strong> Spotkanie odby\u0142o si\u0119 pod has\u0142em \u201eAgresja, hejt, bullying, cyberprzemoc\u201d i dotyczy\u0142o problem\u00f3w, z kt\u00f3rymi m\u0142odzie\u017c mierzy si\u0119 na co dzie\u0144, zar\u00f3wno offline, jak i w sieci.<\/p>\n\n\n\n<p>Podczas zaj\u0119\u0107 om\u00f3wiono m.in.:<\/p>\n\n\n\n<ul class=\"wp-block-list\">\n<li>mechanizmy powstawania agresji;<\/li>\n\n\n\n<li>zjawisko hejtu i przemocy internetowej;<\/li>\n\n\n\n<li>konsekwencje zachowa\u0144 w sieci;<\/li>\n\n\n\n<li>mit anonimowo\u015bci w Internecie.<\/li>\n<\/ul>\n\n\n\n<p><strong>Istotnym elementem warsztat\u00f3w by\u0142 segment po\u015bwi\u0119cony cyberprzemocy z wykorzystaniem sztucznej inteligencji.<\/strong> Uczniowie wzi\u0119li r\u00f3wnie\u017c udzia\u0142 w anonimowej ankiecie dotycz\u0105cej agresji zwi\u0105zanej z AI, co pozwoli\u0142o spojrze\u0107 na problem z aktualnej perspektywy.<\/p>\n\n\n\n<figure class=\"wp-block-gallery has-nested-images columns-default is-cropped wp-block-gallery-2 is-layout-flex wp-block-gallery-is-layout-flex\">\n<figure class=\"wp-block-image size-large\"><img loading=\"lazy\" decoding=\"async\" width=\"1024\" height=\"768\" data-id=\"8724\" src=\"https:\/\/studia-wroclaw.pl\/wp-content\/uploads\/2026\/01\/trzebnica-2-1024x768.jpg\" alt=\"trzebnica\" class=\"wp-image-8724\" srcset=\"https:\/\/studia-wroclaw.pl\/wp-content\/uploads\/2026\/01\/trzebnica-2-1024x768.jpg 1024w, https:\/\/studia-wroclaw.pl\/wp-content\/uploads\/2026\/01\/trzebnica-2-300x225.jpg 300w, https:\/\/studia-wroclaw.pl\/wp-content\/uploads\/2026\/01\/trzebnica-2-768x576.jpg 768w, https:\/\/studia-wroclaw.pl\/wp-content\/uploads\/2026\/01\/trzebnica-2-1536x1152.jpg 1536w, https:\/\/studia-wroclaw.pl\/wp-content\/uploads\/2026\/01\/trzebnica-2-2048x1536.jpg 2048w, https:\/\/studia-wroclaw.pl\/wp-content\/uploads\/2026\/01\/trzebnica-2-16x12.jpg 16w\" sizes=\"auto, (max-width: 1024px) 100vw, 1024px\" \/><\/figure>\n\n\n\n<figure class=\"wp-block-image size-large\"><img loading=\"lazy\" decoding=\"async\" width=\"1024\" height=\"768\" data-id=\"8725\" src=\"https:\/\/studia-wroclaw.pl\/wp-content\/uploads\/2026\/01\/trzebnica-3-1024x768.jpg\" alt=\"trzebnica\" class=\"wp-image-8725\" srcset=\"https:\/\/studia-wroclaw.pl\/wp-content\/uploads\/2026\/01\/trzebnica-3-1024x768.jpg 1024w, https:\/\/studia-wroclaw.pl\/wp-content\/uploads\/2026\/01\/trzebnica-3-300x225.jpg 300w, https:\/\/studia-wroclaw.pl\/wp-content\/uploads\/2026\/01\/trzebnica-3-768x576.jpg 768w, https:\/\/studia-wroclaw.pl\/wp-content\/uploads\/2026\/01\/trzebnica-3-1536x1152.jpg 1536w, https:\/\/studia-wroclaw.pl\/wp-content\/uploads\/2026\/01\/trzebnica-3-2048x1536.jpg 2048w, https:\/\/studia-wroclaw.pl\/wp-content\/uploads\/2026\/01\/trzebnica-3-16x12.jpg 16w\" sizes=\"auto, (max-width: 1024px) 100vw, 1024px\" \/><\/figure>\n\n\n\n<figure class=\"wp-block-image size-large\"><img loading=\"lazy\" decoding=\"async\" width=\"1024\" height=\"768\" data-id=\"8726\" src=\"https:\/\/studia-wroclaw.pl\/wp-content\/uploads\/2026\/01\/trzebnica-4-1024x768.jpg\" alt=\"trzebnica\" class=\"wp-image-8726\" srcset=\"https:\/\/studia-wroclaw.pl\/wp-content\/uploads\/2026\/01\/trzebnica-4-1024x768.jpg 1024w, https:\/\/studia-wroclaw.pl\/wp-content\/uploads\/2026\/01\/trzebnica-4-300x225.jpg 300w, https:\/\/studia-wroclaw.pl\/wp-content\/uploads\/2026\/01\/trzebnica-4-768x576.jpg 768w, https:\/\/studia-wroclaw.pl\/wp-content\/uploads\/2026\/01\/trzebnica-4-1536x1152.jpg 1536w, https:\/\/studia-wroclaw.pl\/wp-content\/uploads\/2026\/01\/trzebnica-4-2048x1536.jpg 2048w, https:\/\/studia-wroclaw.pl\/wp-content\/uploads\/2026\/01\/trzebnica-4-16x12.jpg 16w\" sizes=\"auto, (max-width: 1024px) 100vw, 1024px\" \/><\/figure>\n\n\n\n<figure class=\"wp-block-image size-large\"><img loading=\"lazy\" decoding=\"async\" width=\"1024\" height=\"768\" data-id=\"8727\" src=\"https:\/\/studia-wroclaw.pl\/wp-content\/uploads\/2026\/01\/trzebnica-1024x768.jpg\" alt=\"trzebnica\" class=\"wp-image-8727\" srcset=\"https:\/\/studia-wroclaw.pl\/wp-content\/uploads\/2026\/01\/trzebnica-1024x768.jpg 1024w, https:\/\/studia-wroclaw.pl\/wp-content\/uploads\/2026\/01\/trzebnica-300x225.jpg 300w, https:\/\/studia-wroclaw.pl\/wp-content\/uploads\/2026\/01\/trzebnica-768x576.jpg 768w, https:\/\/studia-wroclaw.pl\/wp-content\/uploads\/2026\/01\/trzebnica-1536x1152.jpg 1536w, https:\/\/studia-wroclaw.pl\/wp-content\/uploads\/2026\/01\/trzebnica-2048x1536.jpg 2048w, https:\/\/studia-wroclaw.pl\/wp-content\/uploads\/2026\/01\/trzebnica-16x12.jpg 16w\" sizes=\"auto, (max-width: 1024px) 100vw, 1024px\" \/><\/figure>\n<\/figure>\n\n\n\n<h2 class=\"wp-block-heading\"><strong>\u015awi\u0105teczne spotkanie w Schronisku \u015bw. Brata Alberta we Wroc\u0142awiu<\/strong><\/h2>\n\n\n\n<p>Pod koniec grudnia, tu\u017c przed \u015awi\u0119tami Bo\u017cego Narodzenia, studenci pod kierunkiem mgr. Bartosza G\u0142owackiego ponownie odwiedzili podopieczne Schroniska \u015bw. Brata Alberta dla Bezdomnych Kobiet we Wroc\u0142awiu. Wsp\u00f3lnie przygotowano \u015bwi\u0105teczne ozdoby oraz stroiki na wigilijny st\u00f3\u0142.<\/p>\n\n\n\n<p><strong>Spotkaniu towarzyszy\u0142y rozmowy, wspomnienia oraz \u015bwi\u0105teczna atmosfera.<\/strong> By\u0142 to drugi rok tej wsp\u00f3\u0142pracy, wynikaj\u0105cy z potrzeby kontynuowania tego rodzaju wsparcia.<\/p>\n\n\n\n<figure class=\"wp-block-gallery has-nested-images columns-default is-cropped wp-block-gallery-3 is-layout-flex wp-block-gallery-is-layout-flex\">\n<figure class=\"wp-block-image size-large\"><img loading=\"lazy\" decoding=\"async\" width=\"1024\" height=\"768\" data-id=\"8728\" src=\"https:\/\/studia-wroclaw.pl\/wp-content\/uploads\/2026\/01\/warsztaty-w-schronisku-2-1024x768.jpg\" alt=\"warsztaty w schronisku\" class=\"wp-image-8728\" srcset=\"https:\/\/studia-wroclaw.pl\/wp-content\/uploads\/2026\/01\/warsztaty-w-schronisku-2-1024x768.jpg 1024w, https:\/\/studia-wroclaw.pl\/wp-content\/uploads\/2026\/01\/warsztaty-w-schronisku-2-300x225.jpg 300w, https:\/\/studia-wroclaw.pl\/wp-content\/uploads\/2026\/01\/warsztaty-w-schronisku-2-768x576.jpg 768w, https:\/\/studia-wroclaw.pl\/wp-content\/uploads\/2026\/01\/warsztaty-w-schronisku-2-1536x1152.jpg 1536w, https:\/\/studia-wroclaw.pl\/wp-content\/uploads\/2026\/01\/warsztaty-w-schronisku-2-2048x1536.jpg 2048w, https:\/\/studia-wroclaw.pl\/wp-content\/uploads\/2026\/01\/warsztaty-w-schronisku-2-16x12.jpg 16w\" sizes=\"auto, (max-width: 1024px) 100vw, 1024px\" \/><\/figure>\n\n\n\n<figure class=\"wp-block-image size-large\"><img loading=\"lazy\" decoding=\"async\" width=\"1024\" height=\"768\" data-id=\"8729\" src=\"https:\/\/studia-wroclaw.pl\/wp-content\/uploads\/2026\/01\/warsztaty-w-schronisku-3-1024x768.jpg\" alt=\"warsztaty w schronisku\" class=\"wp-image-8729\" srcset=\"https:\/\/studia-wroclaw.pl\/wp-content\/uploads\/2026\/01\/warsztaty-w-schronisku-3-1024x768.jpg 1024w, https:\/\/studia-wroclaw.pl\/wp-content\/uploads\/2026\/01\/warsztaty-w-schronisku-3-300x225.jpg 300w, https:\/\/studia-wroclaw.pl\/wp-content\/uploads\/2026\/01\/warsztaty-w-schronisku-3-768x576.jpg 768w, https:\/\/studia-wroclaw.pl\/wp-content\/uploads\/2026\/01\/warsztaty-w-schronisku-3-1536x1152.jpg 1536w, https:\/\/studia-wroclaw.pl\/wp-content\/uploads\/2026\/01\/warsztaty-w-schronisku-3-2048x1536.jpg 2048w, https:\/\/studia-wroclaw.pl\/wp-content\/uploads\/2026\/01\/warsztaty-w-schronisku-3-16x12.jpg 16w\" sizes=\"auto, (max-width: 1024px) 100vw, 1024px\" \/><\/figure>\n\n\n\n<figure class=\"wp-block-image size-large\"><img loading=\"lazy\" decoding=\"async\" width=\"768\" height=\"1024\" data-id=\"8730\" src=\"https:\/\/studia-wroclaw.pl\/wp-content\/uploads\/2026\/01\/warsztaty-w-schronisku-768x1024.jpg\" alt=\"warsztaty w schronisku\" class=\"wp-image-8730\" srcset=\"https:\/\/studia-wroclaw.pl\/wp-content\/uploads\/2026\/01\/warsztaty-w-schronisku-768x1024.jpg 768w, https:\/\/studia-wroclaw.pl\/wp-content\/uploads\/2026\/01\/warsztaty-w-schronisku-225x300.jpg 225w, https:\/\/studia-wroclaw.pl\/wp-content\/uploads\/2026\/01\/warsztaty-w-schronisku-1152x1536.jpg 1152w, https:\/\/studia-wroclaw.pl\/wp-content\/uploads\/2026\/01\/warsztaty-w-schronisku-1536x2048.jpg 1536w, https:\/\/studia-wroclaw.pl\/wp-content\/uploads\/2026\/01\/warsztaty-w-schronisku-9x12.jpg 9w, https:\/\/studia-wroclaw.pl\/wp-content\/uploads\/2026\/01\/warsztaty-w-schronisku-scaled.jpg 1920w\" sizes=\"auto, (max-width: 768px) 100vw, 768px\" \/><\/figure>\n<\/figure>\n\n\n\n<h2 class=\"wp-block-heading\"><strong>Grudzie\u0144 pe\u0142en zaanga\u017cowania i plan\u00f3w na przysz\u0142o\u015b\u0107<\/strong><\/h2>\n\n\n\n<p>Miniony miesi\u0105c by\u0142 dla mgr. Bartosza G\u0142owackiego oraz student\u00f3w WSKZ intensywny, a jednocze\u015bnie satysfakcjonuj\u0105cy. <strong>Wszystkie inicjatywy wpisuj\u0105 si\u0119 w spo\u0142eczn\u0105 misj\u0119 Uczelni<\/strong>. Kolejne dzia\u0142ania s\u0105 ju\u017c planowane, a WSKZ konsekwentnie pokazuje, \u017ce <strong>praktyczny wymiar edukacji mo\u017ce i\u015b\u0107 w parze z wp\u0142ywem na otoczenie.<\/strong><\/p>","protected":false},"excerpt":{"rendered":"<p>Pod kierunkiem mgr. Bartosza G\u0142owackiego studenci WSKZ po raz kolejny wyszli poza mury Uczelni, \u0142\u0105cz\u0105c wiedz\u0119 akademick\u0105 z dzia\u0142aniami na rzecz lokalnych spo\u0142eczno\u015bci. Warsztaty profilaktyczne, pomoc spo\u0142eczna oraz budowanie relacji sta\u0142y si\u0119 praktycznym wymiarem edukacji, z kt\u00f3rego nasza Uczelnia jest dumna. Edukacja, kt\u00f3ra pomaga Misja Wy\u017cszej Szko\u0142y Kszta\u0142cenia Zawodowego od lat opiera si\u0119 na przekonaniu, [&hellip;]<\/p>","protected":false},"author":23,"featured_media":0,"comment_status":"open","ping_status":"open","sticky":false,"template":"","format":"standard","meta":{"om_disable_all_campaigns":false,"footnotes":""},"categories":[63],"tags":[],"class_list":["post-8721","post","type-post","status-publish","format-standard","hentry","category-dla-studenta"],"yoast_head":"<!-- This site is optimized with the Yoast SEO plugin v25.9 - https:\/\/yoast.com\/wordpress\/plugins\/seo\/ -->\n<title>Studenci WSKZ poza murami Uczelni \u2013 edukacja w praktyce i wsparcie lokalnych spo\u0142eczno\u015bci - Studia Wroc\u0142aw<\/title>\n<meta name=\"robots\" content=\"index, follow, max-snippet:-1, max-image-preview:large, max-video-preview:-1\" \/>\n<link rel=\"canonical\" href=\"https:\/\/studia-wroclaw.pl\/en\/studenci-wskz-poza-murami-uczelni-edukacja-w-praktyce-i-wsparcie-lokalnych-spolecznosci\/\" \/>\n<meta property=\"og:locale\" content=\"en_GB\" \/>\n<meta property=\"og:type\" content=\"article\" \/>\n<meta property=\"og:title\" content=\"Studenci WSKZ poza murami Uczelni \u2013 edukacja w praktyce i wsparcie lokalnych spo\u0142eczno\u015bci - Studia Wroc\u0142aw\" \/>\n<meta property=\"og:description\" content=\"Pod kierunkiem mgr. Bartosza G\u0142owackiego studenci WSKZ po raz kolejny wyszli poza mury Uczelni, \u0142\u0105cz\u0105c wiedz\u0119 akademick\u0105 z dzia\u0142aniami na rzecz lokalnych spo\u0142eczno\u015bci. Warsztaty profilaktyczne, pomoc spo\u0142eczna oraz budowanie relacji sta\u0142y si\u0119 praktycznym wymiarem edukacji, z kt\u00f3rego nasza Uczelnia jest dumna. Edukacja, kt\u00f3ra pomaga Misja Wy\u017cszej Szko\u0142y Kszta\u0142cenia Zawodowego od lat opiera si\u0119 na przekonaniu, [&hellip;]\" \/>\n<meta property=\"og:url\" content=\"https:\/\/studia-wroclaw.pl\/en\/studenci-wskz-poza-murami-uczelni-edukacja-w-praktyce-i-wsparcie-lokalnych-spolecznosci\/\" \/>\n<meta property=\"og:site_name\" content=\"Studia Wroc\u0142aw\" \/>\n<meta property=\"article:published_time\" content=\"2026-01-20T11:38:52+00:00\" \/>\n<meta property=\"article:modified_time\" content=\"2026-02-25T15:43:46+00:00\" \/>\n<meta property=\"og:image\" content=\"https:\/\/studia-wroclaw.pl\/wp-content\/uploads\/2026\/01\/PCPR-Milicz-scaled.jpg\" \/>\n\t<meta property=\"og:image:width\" content=\"2560\" \/>\n\t<meta property=\"og:image:height\" content=\"1920\" \/>\n\t<meta property=\"og:image:type\" content=\"image\/jpeg\" \/>\n<meta name=\"author\" content=\"Karolina Grad\" \/>\n<meta name=\"twitter:card\" content=\"summary_large_image\" \/>\n<meta name=\"twitter:label1\" content=\"Written by\" \/>\n\t<meta name=\"twitter:data1\" content=\"Karolina Grad\" \/>\n\t<meta name=\"twitter:label2\" content=\"Estimated reading time\" \/>\n\t<meta name=\"twitter:data2\" content=\"5 minutes\" \/>\n<script type=\"application\/ld+json\" class=\"yoast-schema-graph\">{\"@context\":\"https:\/\/schema.org\",\"@graph\":[{\"@type\":\"WebPage\",\"@id\":\"https:\/\/studia-wroclaw.pl\/studenci-wskz-poza-murami-uczelni-edukacja-w-praktyce-i-wsparcie-lokalnych-spolecznosci\/\",\"url\":\"https:\/\/studia-wroclaw.pl\/studenci-wskz-poza-murami-uczelni-edukacja-w-praktyce-i-wsparcie-lokalnych-spolecznosci\/\",\"name\":\"Studenci WSKZ poza murami Uczelni \u2013 edukacja w praktyce i wsparcie lokalnych spo\u0142eczno\u015bci - Studia Wroc\u0142aw\",\"isPartOf\":{\"@id\":\"https:\/\/studia-wroclaw.pl\/#website\"},\"primaryImageOfPage\":{\"@id\":\"https:\/\/studia-wroclaw.pl\/studenci-wskz-poza-murami-uczelni-edukacja-w-praktyce-i-wsparcie-lokalnych-spolecznosci\/#primaryimage\"},\"image\":{\"@id\":\"https:\/\/studia-wroclaw.pl\/studenci-wskz-poza-murami-uczelni-edukacja-w-praktyce-i-wsparcie-lokalnych-spolecznosci\/#primaryimage\"},\"thumbnailUrl\":\"https:\/\/studia-wroclaw.pl\/wp-content\/uploads\/2026\/01\/PCPR-Milicz-1024x768.jpg\",\"datePublished\":\"2026-01-20T11:38:52+00:00\",\"dateModified\":\"2026-02-25T15:43:46+00:00\",\"author\":{\"@id\":\"https:\/\/studia-wroclaw.pl\/#\/schema\/person\/bac5a6a7d9e8bf048062cb15210e5aba\"},\"breadcrumb\":{\"@id\":\"https:\/\/studia-wroclaw.pl\/studenci-wskz-poza-murami-uczelni-edukacja-w-praktyce-i-wsparcie-lokalnych-spolecznosci\/#breadcrumb\"},\"inLanguage\":\"en-GB\",\"potentialAction\":[{\"@type\":\"ReadAction\",\"target\":[\"https:\/\/studia-wroclaw.pl\/studenci-wskz-poza-murami-uczelni-edukacja-w-praktyce-i-wsparcie-lokalnych-spolecznosci\/\"]}]},{\"@type\":\"ImageObject\",\"inLanguage\":\"en-GB\",\"@id\":\"https:\/\/studia-wroclaw.pl\/studenci-wskz-poza-murami-uczelni-edukacja-w-praktyce-i-wsparcie-lokalnych-spolecznosci\/#primaryimage\",\"url\":\"https:\/\/studia-wroclaw.pl\/wp-content\/uploads\/2026\/01\/PCPR-Milicz-1024x768.jpg\",\"contentUrl\":\"https:\/\/studia-wroclaw.pl\/wp-content\/uploads\/2026\/01\/PCPR-Milicz-1024x768.jpg\"},{\"@type\":\"BreadcrumbList\",\"@id\":\"https:\/\/studia-wroclaw.pl\/studenci-wskz-poza-murami-uczelni-edukacja-w-praktyce-i-wsparcie-lokalnych-spolecznosci\/#breadcrumb\",\"itemListElement\":[{\"@type\":\"ListItem\",\"position\":1,\"name\":\"Strona g\u0142\u00f3wna\",\"item\":\"https:\/\/studia-wroclaw.pl\/\"},{\"@type\":\"ListItem\",\"position\":2,\"name\":\"Studenci WSKZ poza murami Uczelni \u2013 edukacja w praktyce i wsparcie lokalnych spo\u0142eczno\u015bci\"}]},{\"@type\":\"WebSite\",\"@id\":\"https:\/\/studia-wroclaw.pl\/#website\",\"url\":\"https:\/\/studia-wroclaw.pl\/\",\"name\":\"Studia Wroc\u0142aw\",\"description\":\"\",\"potentialAction\":[{\"@type\":\"SearchAction\",\"target\":{\"@type\":\"EntryPoint\",\"urlTemplate\":\"https:\/\/studia-wroclaw.pl\/?s={search_term_string}\"},\"query-input\":{\"@type\":\"PropertyValueSpecification\",\"valueRequired\":true,\"valueName\":\"search_term_string\"}}],\"inLanguage\":\"en-GB\"},{\"@type\":\"Person\",\"@id\":\"https:\/\/studia-wroclaw.pl\/#\/schema\/person\/bac5a6a7d9e8bf048062cb15210e5aba\",\"name\":\"Karolina Grad\",\"image\":{\"@type\":\"ImageObject\",\"inLanguage\":\"en-GB\",\"@id\":\"https:\/\/studia-wroclaw.pl\/#\/schema\/person\/image\/\",\"url\":\"https:\/\/secure.gravatar.com\/avatar\/1b85017fedf9a389e03c2de93492f752b740df8b56042439756b2633bd5c393e?s=96&d=mm&r=g\",\"contentUrl\":\"https:\/\/secure.gravatar.com\/avatar\/1b85017fedf9a389e03c2de93492f752b740df8b56042439756b2633bd5c393e?s=96&d=mm&r=g\",\"caption\":\"Karolina Grad\"},\"url\":\"https:\/\/studia-wroclaw.pl\/en\/author\/karolina\/\"}]}<\/script>\n<!-- \/ Yoast SEO plugin. -->","yoast_head_json":{"title":"Studenci WSKZ poza murami Uczelni \u2013 edukacja w praktyce i wsparcie lokalnych spo\u0142eczno\u015bci - Studia Wroc\u0142aw","robots":{"index":"index","follow":"follow","max-snippet":"max-snippet:-1","max-image-preview":"max-image-preview:large","max-video-preview":"max-video-preview:-1"},"canonical":"https:\/\/studia-wroclaw.pl\/en\/studenci-wskz-poza-murami-uczelni-edukacja-w-praktyce-i-wsparcie-lokalnych-spolecznosci\/","og_locale":"en_GB","og_type":"article","og_title":"Studenci WSKZ poza murami Uczelni \u2013 edukacja w praktyce i wsparcie lokalnych spo\u0142eczno\u015bci - Studia Wroc\u0142aw","og_description":"Pod kierunkiem mgr. Bartosza G\u0142owackiego studenci WSKZ po raz kolejny wyszli poza mury Uczelni, \u0142\u0105cz\u0105c wiedz\u0119 akademick\u0105 z dzia\u0142aniami na rzecz lokalnych spo\u0142eczno\u015bci. Warsztaty profilaktyczne, pomoc spo\u0142eczna oraz budowanie relacji sta\u0142y si\u0119 praktycznym wymiarem edukacji, z kt\u00f3rego nasza Uczelnia jest dumna. Edukacja, kt\u00f3ra pomaga Misja Wy\u017cszej Szko\u0142y Kszta\u0142cenia Zawodowego od lat opiera si\u0119 na przekonaniu, [&hellip;]","og_url":"https:\/\/studia-wroclaw.pl\/en\/studenci-wskz-poza-murami-uczelni-edukacja-w-praktyce-i-wsparcie-lokalnych-spolecznosci\/","og_site_name":"Studia Wroc\u0142aw","article_published_time":"2026-01-20T11:38:52+00:00","article_modified_time":"2026-02-25T15:43:46+00:00","og_image":[{"width":2560,"height":1920,"url":"https:\/\/studia-wroclaw.pl\/wp-content\/uploads\/2026\/01\/PCPR-Milicz-scaled.jpg","type":"image\/jpeg"}],"author":"Karolina Grad","twitter_card":"summary_large_image","twitter_misc":{"Written by":"Karolina Grad","Estimated reading time":"5 minutes"},"schema":{"@context":"https:\/\/schema.org","@graph":[{"@type":"WebPage","@id":"https:\/\/studia-wroclaw.pl\/studenci-wskz-poza-murami-uczelni-edukacja-w-praktyce-i-wsparcie-lokalnych-spolecznosci\/","url":"https:\/\/studia-wroclaw.pl\/studenci-wskz-poza-murami-uczelni-edukacja-w-praktyce-i-wsparcie-lokalnych-spolecznosci\/","name":"Studenci WSKZ poza murami Uczelni \u2013 edukacja w praktyce i wsparcie lokalnych spo\u0142eczno\u015bci - Studia Wroc\u0142aw","isPartOf":{"@id":"https:\/\/studia-wroclaw.pl\/#website"},"primaryImageOfPage":{"@id":"https:\/\/studia-wroclaw.pl\/studenci-wskz-poza-murami-uczelni-edukacja-w-praktyce-i-wsparcie-lokalnych-spolecznosci\/#primaryimage"},"image":{"@id":"https:\/\/studia-wroclaw.pl\/studenci-wskz-poza-murami-uczelni-edukacja-w-praktyce-i-wsparcie-lokalnych-spolecznosci\/#primaryimage"},"thumbnailUrl":"https:\/\/studia-wroclaw.pl\/wp-content\/uploads\/2026\/01\/PCPR-Milicz-1024x768.jpg","datePublished":"2026-01-20T11:38:52+00:00","dateModified":"2026-02-25T15:43:46+00:00","author":{"@id":"https:\/\/studia-wroclaw.pl\/#\/schema\/person\/bac5a6a7d9e8bf048062cb15210e5aba"},"breadcrumb":{"@id":"https:\/\/studia-wroclaw.pl\/studenci-wskz-poza-murami-uczelni-edukacja-w-praktyce-i-wsparcie-lokalnych-spolecznosci\/#breadcrumb"},"inLanguage":"en-GB","potentialAction":[{"@type":"ReadAction","target":["https:\/\/studia-wroclaw.pl\/studenci-wskz-poza-murami-uczelni-edukacja-w-praktyce-i-wsparcie-lokalnych-spolecznosci\/"]}]},{"@type":"ImageObject","inLanguage":"en-GB","@id":"https:\/\/studia-wroclaw.pl\/studenci-wskz-poza-murami-uczelni-edukacja-w-praktyce-i-wsparcie-lokalnych-spolecznosci\/#primaryimage","url":"https:\/\/studia-wroclaw.pl\/wp-content\/uploads\/2026\/01\/PCPR-Milicz-1024x768.jpg","contentUrl":"https:\/\/studia-wroclaw.pl\/wp-content\/uploads\/2026\/01\/PCPR-Milicz-1024x768.jpg"},{"@type":"BreadcrumbList","@id":"https:\/\/studia-wroclaw.pl\/studenci-wskz-poza-murami-uczelni-edukacja-w-praktyce-i-wsparcie-lokalnych-spolecznosci\/#breadcrumb","itemListElement":[{"@type":"ListItem","position":1,"name":"Strona g\u0142\u00f3wna","item":"https:\/\/studia-wroclaw.pl\/"},{"@type":"ListItem","position":2,"name":"Studenci WSKZ poza murami Uczelni \u2013 edukacja w praktyce i wsparcie lokalnych spo\u0142eczno\u015bci"}]},{"@type":"WebSite","@id":"https:\/\/studia-wroclaw.pl\/#website","url":"https:\/\/studia-wroclaw.pl\/","name":"Studies Wroclaw","description":"","potentialAction":[{"@type":"SearchAction","target":{"@type":"EntryPoint","urlTemplate":"https:\/\/studia-wroclaw.pl\/?s={search_term_string}"},"query-input":{"@type":"PropertyValueSpecification","valueRequired":true,"valueName":"search_term_string"}}],"inLanguage":"en-GB"},{"@type":"Person","@id":"https:\/\/studia-wroclaw.pl\/#\/schema\/person\/bac5a6a7d9e8bf048062cb15210e5aba","name":"Karolina Grad","image":{"@type":"ImageObject","inLanguage":"en-GB","@id":"https:\/\/studia-wroclaw.pl\/#\/schema\/person\/image\/","url":"https:\/\/secure.gravatar.com\/avatar\/1b85017fedf9a389e03c2de93492f752b740df8b56042439756b2633bd5c393e?s=96&d=mm&r=g","contentUrl":"https:\/\/secure.gravatar.com\/avatar\/1b85017fedf9a389e03c2de93492f752b740df8b56042439756b2633bd5c393e?s=96&d=mm&r=g","caption":"Karolina Grad"},"url":"https:\/\/studia-wroclaw.pl\/en\/author\/karolina\/"}]}},"_links":{"self":[{"href":"https:\/\/studia-wroclaw.pl\/en\/wp-json\/wp\/v2\/posts\/8721","targetHints":{"allow":["GET"]}}],"collection":[{"href":"https:\/\/studia-wroclaw.pl\/en\/wp-json\/wp\/v2\/posts"}],"about":[{"href":"https:\/\/studia-wroclaw.pl\/en\/wp-json\/wp\/v2\/types\/post"}],"author":[{"embeddable":true,"href":"https:\/\/studia-wroclaw.pl\/en\/wp-json\/wp\/v2\/users\/23"}],"replies":[{"embeddable":true,"href":"https:\/\/studia-wroclaw.pl\/en\/wp-json\/wp\/v2\/comments?post=8721"}],"version-history":[{"count":1,"href":"https:\/\/studia-wroclaw.pl\/en\/wp-json\/wp\/v2\/posts\/8721\/revisions"}],"predecessor-version":[{"id":8731,"href":"https:\/\/studia-wroclaw.pl\/en\/wp-json\/wp\/v2\/posts\/8721\/revisions\/8731"}],"wp:attachment":[{"href":"https:\/\/studia-wroclaw.pl\/en\/wp-json\/wp\/v2\/media?parent=8721"}],"wp:term":[{"taxonomy":"category","embeddable":true,"href":"https:\/\/studia-wroclaw.pl\/en\/wp-json\/wp\/v2\/categories?post=8721"},{"taxonomy":"post_tag","embeddable":true,"href":"https:\/\/studia-wroclaw.pl\/en\/wp-json\/wp\/v2\/tags?post=8721"}],"curies":[{"name":"wp","href":"https:\/\/api.w.org\/{rel}","templated":true}]}}