{"id":8737,"date":"2026-01-21T12:49:25","date_gmt":"2026-01-21T11:49:25","guid":{"rendered":"https:\/\/studia-wroclaw.pl\/?p=8737"},"modified":"2026-04-29T01:19:44","modified_gmt":"2026-04-28T23:19:44","slug":"instytut-kryminologii-i-bezpieczenstwa-wewnetrznego-zaprasza-na-cykl-spotkan-online-porozmawiajmy-o-bezpieczenstwie","status":"publish","type":"post","link":"https:\/\/studia-wroclaw.pl\/en\/instytut-kryminologii-i-bezpieczenstwa-wewnetrznego-zaprasza-na-cykl-spotkan-online-porozmawiajmy-o-bezpieczenstwie\/","title":{"rendered":"Instytut Kryminologii i Bezpiecze\u0144stwa Wewn\u0119trznego zaprasza na cykl spotka\u0144 online \u201ePorozmawiajmy o bezpiecze\u0144stwie\u201d\u00a0"},"content":{"rendered":"<p>Instytut Kryminologii i Bezpiecze\u0144stwa Wewn\u0119trznego zaprasza student\u00f3w na cykl spotka\u0144 online \u201ePorozmawiajmy o bezpiecze\u0144stwie\u201d. <strong>Wydarzenia odb\u0119d\u0105 si\u0119 od stycznia do maja 2026 roku i b\u0119d\u0105 po\u015bwi\u0119cone praktycznym aspektom pracy s\u0142u\u017cb odpowiedzialnych za bezpiecze\u0144stwo. <\/strong>To okazja do bezpo\u015bredniego kontaktu z ekspertami z wieloletnim do\u015bwiadczeniem w Policji oraz do poznania reali\u00f3w pracy operacyjnej, analitycznej i kryminalistycznej.<\/p>\n\n\n\n<h2 class=\"wp-block-heading\">O cyklu spotka\u0144<\/h2>\n\n\n\n<p>\u201ePorozmawiajmy o bezpiecze\u0144stwie\u201d to seria spotka\u0144 skierowanych do student\u00f3w zainteresowanych <strong>tematyk\u0105 bezpiecze\u0144stwa wewn\u0119trznego, kryminologii i pracy s\u0142u\u017cb mundurowych. <\/strong>Prelegenci podziel\u0105 si\u0119 wiedz\u0105 zdobyt\u0105 w praktyce, r\u00f3wnie\u017c t\u0105, kt\u00f3rej nie znajdzie si\u0119 w podr\u0119cznikach akademickich. Podczas spotka\u0144 uczestnicy:<\/p>\n\n\n\n<ul class=\"wp-block-list\">\n<li>poznaj\u0105 kulisy pracy policyjnych specjalist\u00f3w;<\/li>\n\n\n\n<li>dowiedz\u0105 si\u0119, jak wygl\u0105da podejmowanie decyzji w trudnych i wymagaj\u0105cych sprawach;<\/li>\n\n\n\n<li>b\u0119d\u0105 mogli zada\u0107 pytania praktykom.<\/li>\n<\/ul>\n\n\n\n<h2 class=\"wp-block-heading\">Dlaczego warto wzi\u0105\u0107 udzia\u0142<\/h2>\n\n\n\n<p>Udzia\u0142 w spotkaniach to szansa na:<\/p>\n\n\n\n<ul class=\"wp-block-list\">\n<li><strong>poszerzenie wiedzy<\/strong> z zakresu bezpiecze\u0144stwa wewn\u0119trznego i kryminologii;<\/li>\n\n\n\n<li><strong>poznanie reali\u00f3w pracy<\/strong> operacyjnej, analitycznej i kryminalistycznej;<\/li>\n\n\n\n<li><strong>bezpo\u015bredni kontakt z do\u015bwiadczonymi funkcjonariuszami i ekspertami;<\/strong><\/li>\n\n\n\n<li><strong>mo\u017cliwo\u015b\u0107 zadania pyta\u0144<\/strong> i konfrontacji teorii z praktyk\u0105;<\/li>\n\n\n\n<li><strong>udzia\u0142 w wydarzeniu otwartym dla student\u00f3w <\/strong>wszystkich studi\u00f3w.<\/li>\n<\/ul>\n\n\n\n<h2 class=\"wp-block-heading\">Harmonogram spotka\u0144<\/h2>\n\n\n\n<h3 class=\"wp-block-heading\">28.01.2026 r., godz. 18:00<\/h3>\n\n\n\n<p><strong>Spotkanie poprowadzi: insp. w st. spocz. Jaros\u0142aw Gockowski<\/strong><\/p>\n\n\n\n<p>Przez ponad 30 lat s\u0142u\u017cby w Policji zajmowa\u0142 si\u0119 g\u0142\u00f3wnie prac\u0105 \u201epod przykrywk\u0105\u201d. S\u0142u\u017cb\u0119 rozpocz\u0105\u0142 w 1994 roku w Komendzie Rejonowej Policji w Tczewie, gdzie pracowa\u0142 w Wydziale Kryminalnym. <strong>Bra\u0142 udzia\u0142 w rozpracowywaniu i zatrzymywaniu gro\u017anych przest\u0119pc\u00f3w oraz w organizacji zasadzek.<\/strong><\/p>\n\n\n\n<p>Przez 22 lata by\u0142 zwi\u0105zany z Biurem Spraw Wewn\u0119trznych Policji w Gda\u0144sku. <strong>Przeszed\u0142 drog\u0119 od stanowiska wykonawczego do Naczelnika Wydzia\u0142u. <\/strong>Prowadzi\u0142 i koordynowa\u0142 czynno\u015bci operacyjne wobec policjant\u00f3w podejrzewanych o \u0142amanie prawa.<\/p>\n\n\n\n<p><a href=\"https:\/\/meet.google.com\/vkz-eivs-ahj\"><strong><mark style=\"background-color:rgba(0, 0, 0, 0)\" class=\"has-inline-color has-vivid-cyan-blue-color\">LINK DO SPOTKANIA<\/mark><\/strong><\/a><\/p>\n\n\n\n<h3 class=\"wp-block-heading\">26.02.2026 r., godz. 18:00<\/h3>\n\n\n\n<p><strong>Spotkanie poprowadzi: podinsp. w st. spocz. dr Barbara Lorenc-\u017belisko<\/strong><\/p>\n\n\n\n<p>Psycholog policyjny z 25-letnim do\u015bwiadczeniem w KWP we Wroc\u0142awiu. Przez 15 lat zajmowa\u0142a si\u0119 m.in.:<\/p>\n\n\n\n<ul class=\"wp-block-list\">\n<li>badaniami kandydat\u00f3w do s\u0142u\u017cby;<\/li>\n\n\n\n<li>tworzeniem portret\u00f3w psychologicznych sprawc\u00f3w przest\u0119pstw;<\/li>\n\n\n\n<li>konsultacjami dla policjant\u00f3w po u\u017cyciu broni s\u0142u\u017cbowej.<\/li>\n<\/ul>\n\n\n\n<p>Pe\u0142ni\u0142a funkcj\u0119 Pe\u0142nomocnika ds. ochrony praw cz\u0142owieka, oficera \u0142\u0105cznikowego ds. kontakt\u00f3w z mniejszo\u015bciami narodowymi i etnicznymi oraz <strong>zajmowa\u0142a si\u0119 procedurami antymobbingowymi i antydyskryminacyjnymi w Policji. <\/strong>Przez 12 lat by\u0142a tak\u017ce negocjatorem policyjnym.<\/p>\n\n\n\n<p><a href=\"https:\/\/meet.google.com\/rem-gdpr-ygp\"><mark style=\"background-color:rgba(0, 0, 0, 0)\" class=\"has-inline-color has-vivid-cyan-blue-color\"><strong>LINK DO SPOTKANIA<\/strong><\/mark><\/a><\/p>\n\n\n\n<h3 class=\"wp-block-heading\">26.03.2026 r., godz. 18:00<\/h3>\n\n\n\n<p><strong><strong>Spotkanie poprowadzi: podinsp. w st. spocz. dr Barbara Lorenc-\u017belisko<\/strong><\/strong><\/p>\n\n\n\n<p><strong>Ze wzgl\u0119du na du\u017ce zainteresowanie spotkaniem, kt\u00f3re mia\u0142o miejsce 26.02.2026 r., <strong>ponawiamy jego termin, zwi\u0119kszaj\u0105c limit uczestnik\u00f3w.<\/strong><\/strong><\/p>\n\n\n\n<p>Psycholog policyjny z 25-letnim do\u015bwiadczeniem w KWP we Wroc\u0142awiu. Przez 15 lat zajmowa\u0142a si\u0119 <a href=\"http:\/\/m.in\/\"><u>inter alia<\/u><\/a>.:<\/p>\n\n\n\n<ul class=\"wp-block-list\">\n<li>badaniami kandydat\u00f3w do s\u0142u\u017cby;<\/li>\n\n\n\n<li>tworzeniem portret\u00f3w psychologicznych sprawc\u00f3w przest\u0119pstw;<\/li>\n\n\n\n<li>konsultacjami dla policjant\u00f3w po u\u017cyciu broni s\u0142u\u017cbowej.<\/li>\n<\/ul>\n\n\n\n<p>Pe\u0142ni\u0142a funkcj\u0119 Pe\u0142nomocnika ds. ochrony praw cz\u0142owieka, oficera \u0142\u0105cznikowego ds. kontakt\u00f3w z mniejszo\u015bciami narodowymi i etnicznymi oraz<strong>&nbsp;zajmowa\u0142a si\u0119 procedurami antymobbingowymi i antydyskryminacyjnymi w Policji.&nbsp;<\/strong>Przez 12 lat by\u0142a tak\u017ce negocjatorem policyjnym.<\/p>\n\n\n\n<p><strong><a href=\"https:\/\/meet.google.com\/qyy-tzzi-emk\"><mark style=\"background-color:rgba(0, 0, 0, 0)\" class=\"has-inline-color has-vivid-cyan-blue-color\">LINK DO SPOTKANIA<\/mark><\/a><\/strong><\/p>\n\n\n\n<h3 class=\"wp-block-heading\">22.04.2026 r., godz. 19:00<\/h3>\n\n\n\n<p><strong>Spotkanie poprowadzi: podinsp. w st. spocz. Marek Mia\u0142kowski<\/strong><\/p>\n\n\n\n<p>By\u0142y wyk\u0142adowca Akademii Policji w Szczytnie, <strong>z 21-letnim sta\u017cem s\u0142u\u017cby. <\/strong>Specjalizowa\u0142 si\u0119 w analizie kryminalnej, m.in. w Centralnym Biurze \u015aledczym Policji oraz w Komendzie Wojew\u00f3dzkiej Policji w Olsztynie.<\/p>\n\n\n\n<p>Pracowa\u0142 przy sprawach szczeg\u00f3lnie skomplikowanych, o du\u017cym i mi\u0119dzynarodowym zasi\u0119gu, wymagaj\u0105cych analizy du\u017cych zbior\u00f3w danych. <strong>Obecnie jest bieg\u0142ym s\u0105dowym oraz ekspertem w obszarze analizy i wywiadu kryminalnego. <\/strong>Prowadzi r\u00f3wnie\u017c spotkania edukacyjne dla senior\u00f3w dotycz\u0105ce metod oszustw.<\/p>\n\n\n\n<p><a href=\"https:\/\/meet.google.com\/bqj-bbre-rup\"><mark style=\"background-color:rgba(0, 0, 0, 0)\" class=\"has-inline-color has-vivid-cyan-blue-color\"><strong>LINK DO SPOTKANIA<\/strong><\/mark><\/a><\/p>\n\n\n\n<h3 class=\"wp-block-heading\">28.05.2026 r., godz. 19:00<\/h3>\n\n\n\n<p><strong>Spotkanie poprowadzi: insp. w st. spocz. dr Krzysztof Borkowski<\/strong><\/p>\n\n\n\n<p>Ekspert kryminalistyki z <strong>blisko 32-letnim do\u015bwiadczeniem w policyjnych laboratoriach kryminalistycznych. <\/strong>Pe\u0142ni\u0142 m.in. funkcje kierownika zak\u0142adu daktyloskopii, zast\u0119pcy dyrektora oraz p.o. dyrektora CLKP.<\/p>\n\n\n\n<p>Autor oko\u0142o 2000 ekspertyz kryminalistycznych, realizator pionierskich projekt\u00f3w badawczych i wsp\u00f3\u0142tw\u00f3rca program\u00f3w strategicznych w obszarze bezpiecze\u0144stwa. <strong>Od wielu lat zwi\u0105zany z dydaktyk\u0105 akademick\u0105. <\/strong>Na co dzie\u0144 wyk\u0142adowca WSKZ oraz wyk\u0142adowca wsp\u00f3\u0142pracuj\u0105cy z UTH w Warszawie.<\/p>\n\n\n\n<p><a href=\"https:\/\/meet.google.com\/xxn-nbpg-enu\"><mark style=\"background-color:rgba(0, 0, 0, 0)\" class=\"has-inline-color has-vivid-cyan-blue-color\"><strong>LINK DO SPOTKANIA<\/strong><\/mark><\/a><\/p>\n\n\n\n<h2 class=\"wp-block-heading\">Registration<\/h2>\n\n\n\n<p>Udzia\u0142 w spotkaniach jest otwarty dla wszystkich student\u00f3w, <strong>niezale\u017cnie od studi\u00f3w. <\/strong>Ka\u017cde spotkanie odbywa si\u0119 online za po\u015brednictwem platformy Google Meet.<\/p>\n\n\n\n<p>Aby wzi\u0105\u0107 udzia\u0142, wystarczy w wyznaczonym terminie do\u0142\u0105czy\u0107 do spotkania poprzez odpowiedni link podany w harmonogramie.<\/p>\n\n\n\n<figure class=\"wp-block-image size-large\"><img loading=\"lazy\" decoding=\"async\" width=\"1024\" height=\"576\" src=\"https:\/\/studia-wroclaw.pl\/wp-content\/uploads\/2026\/01\/porozmawiajmy-o-bezpieczenstwie-2-1024x576.jpg\" alt=\"porozmawiajmy o bezpieczenstwie\" class=\"wp-image-8741\" srcset=\"https:\/\/studia-wroclaw.pl\/wp-content\/uploads\/2026\/01\/porozmawiajmy-o-bezpieczenstwie-2-1024x576.jpg 1024w, https:\/\/studia-wroclaw.pl\/wp-content\/uploads\/2026\/01\/porozmawiajmy-o-bezpieczenstwie-2-300x169.jpg 300w, https:\/\/studia-wroclaw.pl\/wp-content\/uploads\/2026\/01\/porozmawiajmy-o-bezpieczenstwie-2-768x432.jpg 768w, https:\/\/studia-wroclaw.pl\/wp-content\/uploads\/2026\/01\/porozmawiajmy-o-bezpieczenstwie-2-1536x864.jpg 1536w, https:\/\/studia-wroclaw.pl\/wp-content\/uploads\/2026\/01\/porozmawiajmy-o-bezpieczenstwie-2-18x10.jpg 18w, https:\/\/studia-wroclaw.pl\/wp-content\/uploads\/2026\/01\/porozmawiajmy-o-bezpieczenstwie-2.jpg 1920w\" sizes=\"auto, (max-width: 1024px) 100vw, 1024px\" \/><\/figure>","protected":false},"excerpt":{"rendered":"<p>Instytut Kryminologii i Bezpiecze\u0144stwa Wewn\u0119trznego zaprasza student\u00f3w na cykl spotka\u0144 online \u201ePorozmawiajmy o bezpiecze\u0144stwie\u201d. Wydarzenia odb\u0119d\u0105 si\u0119 od stycznia do maja 2026 roku i b\u0119d\u0105 po\u015bwi\u0119cone praktycznym aspektom pracy s\u0142u\u017cb odpowiedzialnych za bezpiecze\u0144stwo. To okazja do bezpo\u015bredniego kontaktu z ekspertami z wieloletnim do\u015bwiadczeniem w Policji oraz do poznania reali\u00f3w pracy operacyjnej, analitycznej i kryminalistycznej. O [&hellip;]<\/p>","protected":false},"author":36,"featured_media":0,"comment_status":"open","ping_status":"open","sticky":false,"template":"","format":"standard","meta":{"om_disable_all_campaigns":false,"footnotes":""},"categories":[63,65],"tags":[],"class_list":["post-8737","post","type-post","status-publish","format-standard","hentry","category-dla-studenta","category-studenci-wydzial-nsit"],"yoast_head":"<!-- This site is optimized with the Yoast SEO plugin v25.9 - https:\/\/yoast.com\/wordpress\/plugins\/seo\/ -->\n<title>Instytut Kryminologii i Bezpiecze\u0144stwa Wewn\u0119trznego zaprasza na cykl spotka\u0144 online \u201ePorozmawiajmy o bezpiecze\u0144stwie\u201d\u00a0 - Studia Wroc\u0142aw<\/title>\n<meta name=\"robots\" content=\"index, follow, max-snippet:-1, max-image-preview:large, max-video-preview:-1\" \/>\n<link rel=\"canonical\" href=\"https:\/\/studia-wroclaw.pl\/en\/instytut-kryminologii-i-bezpieczenstwa-wewnetrznego-zaprasza-na-cykl-spotkan-online-porozmawiajmy-o-bezpieczenstwie\/\" \/>\n<meta property=\"og:locale\" content=\"en_GB\" \/>\n<meta property=\"og:type\" content=\"article\" \/>\n<meta property=\"og:title\" content=\"Instytut Kryminologii i Bezpiecze\u0144stwa Wewn\u0119trznego zaprasza na cykl spotka\u0144 online \u201ePorozmawiajmy o bezpiecze\u0144stwie\u201d\u00a0 - Studia Wroc\u0142aw\" \/>\n<meta property=\"og:description\" content=\"Instytut Kryminologii i Bezpiecze\u0144stwa Wewn\u0119trznego zaprasza student\u00f3w na cykl spotka\u0144 online \u201ePorozmawiajmy o bezpiecze\u0144stwie\u201d. Wydarzenia odb\u0119d\u0105 si\u0119 od stycznia do maja 2026 roku i b\u0119d\u0105 po\u015bwi\u0119cone praktycznym aspektom pracy s\u0142u\u017cb odpowiedzialnych za bezpiecze\u0144stwo. To okazja do bezpo\u015bredniego kontaktu z ekspertami z wieloletnim do\u015bwiadczeniem w Policji oraz do poznania reali\u00f3w pracy operacyjnej, analitycznej i kryminalistycznej. O [&hellip;]\" \/>\n<meta property=\"og:url\" content=\"https:\/\/studia-wroclaw.pl\/en\/instytut-kryminologii-i-bezpieczenstwa-wewnetrznego-zaprasza-na-cykl-spotkan-online-porozmawiajmy-o-bezpieczenstwie\/\" \/>\n<meta property=\"og:site_name\" content=\"Studia Wroc\u0142aw\" \/>\n<meta property=\"article:published_time\" content=\"2026-01-21T11:49:25+00:00\" \/>\n<meta property=\"article:modified_time\" content=\"2026-04-28T23:19:44+00:00\" \/>\n<meta property=\"og:image\" content=\"https:\/\/studia-wroclaw.pl\/wp-content\/uploads\/2026\/01\/porozmawiajmy-o-bezpieczenstwie-2.jpg\" \/>\n\t<meta property=\"og:image:width\" content=\"1920\" \/>\n\t<meta property=\"og:image:height\" content=\"1080\" \/>\n\t<meta property=\"og:image:type\" content=\"image\/jpeg\" \/>\n<meta name=\"author\" content=\"Karina Dycha\u0142a\" \/>\n<meta name=\"twitter:card\" content=\"summary_large_image\" \/>\n<meta name=\"twitter:label1\" content=\"Written by\" \/>\n\t<meta name=\"twitter:data1\" content=\"Karina Dycha\u0142a\" \/>\n\t<meta name=\"twitter:label2\" content=\"Estimated reading time\" \/>\n\t<meta name=\"twitter:data2\" content=\"4 minutes\" \/>\n<script type=\"application\/ld+json\" class=\"yoast-schema-graph\">{\"@context\":\"https:\/\/schema.org\",\"@graph\":[{\"@type\":\"WebPage\",\"@id\":\"https:\/\/studia-wroclaw.pl\/instytut-kryminologii-i-bezpieczenstwa-wewnetrznego-zaprasza-na-cykl-spotkan-online-porozmawiajmy-o-bezpieczenstwie\/\",\"url\":\"https:\/\/studia-wroclaw.pl\/instytut-kryminologii-i-bezpieczenstwa-wewnetrznego-zaprasza-na-cykl-spotkan-online-porozmawiajmy-o-bezpieczenstwie\/\",\"name\":\"Instytut Kryminologii i Bezpiecze\u0144stwa Wewn\u0119trznego zaprasza na cykl spotka\u0144 online \u201ePorozmawiajmy o bezpiecze\u0144stwie\u201d\u00a0 - Studia Wroc\u0142aw\",\"isPartOf\":{\"@id\":\"https:\/\/studia-wroclaw.pl\/#website\"},\"primaryImageOfPage\":{\"@id\":\"https:\/\/studia-wroclaw.pl\/instytut-kryminologii-i-bezpieczenstwa-wewnetrznego-zaprasza-na-cykl-spotkan-online-porozmawiajmy-o-bezpieczenstwie\/#primaryimage\"},\"image\":{\"@id\":\"https:\/\/studia-wroclaw.pl\/instytut-kryminologii-i-bezpieczenstwa-wewnetrznego-zaprasza-na-cykl-spotkan-online-porozmawiajmy-o-bezpieczenstwie\/#primaryimage\"},\"thumbnailUrl\":\"https:\/\/studia-wroclaw.pl\/wp-content\/uploads\/2026\/01\/porozmawiajmy-o-bezpieczenstwie-2-1024x576.jpg\",\"datePublished\":\"2026-01-21T11:49:25+00:00\",\"dateModified\":\"2026-04-28T23:19:44+00:00\",\"author\":{\"@id\":\"https:\/\/studia-wroclaw.pl\/#\/schema\/person\/50f212a057f8ab718194a85c9aecb4d5\"},\"breadcrumb\":{\"@id\":\"https:\/\/studia-wroclaw.pl\/instytut-kryminologii-i-bezpieczenstwa-wewnetrznego-zaprasza-na-cykl-spotkan-online-porozmawiajmy-o-bezpieczenstwie\/#breadcrumb\"},\"inLanguage\":\"en-GB\",\"potentialAction\":[{\"@type\":\"ReadAction\",\"target\":[\"https:\/\/studia-wroclaw.pl\/instytut-kryminologii-i-bezpieczenstwa-wewnetrznego-zaprasza-na-cykl-spotkan-online-porozmawiajmy-o-bezpieczenstwie\/\"]}]},{\"@type\":\"ImageObject\",\"inLanguage\":\"en-GB\",\"@id\":\"https:\/\/studia-wroclaw.pl\/instytut-kryminologii-i-bezpieczenstwa-wewnetrznego-zaprasza-na-cykl-spotkan-online-porozmawiajmy-o-bezpieczenstwie\/#primaryimage\",\"url\":\"https:\/\/studia-wroclaw.pl\/wp-content\/uploads\/2026\/01\/porozmawiajmy-o-bezpieczenstwie-2-1024x576.jpg\",\"contentUrl\":\"https:\/\/studia-wroclaw.pl\/wp-content\/uploads\/2026\/01\/porozmawiajmy-o-bezpieczenstwie-2-1024x576.jpg\"},{\"@type\":\"BreadcrumbList\",\"@id\":\"https:\/\/studia-wroclaw.pl\/instytut-kryminologii-i-bezpieczenstwa-wewnetrznego-zaprasza-na-cykl-spotkan-online-porozmawiajmy-o-bezpieczenstwie\/#breadcrumb\",\"itemListElement\":[{\"@type\":\"ListItem\",\"position\":1,\"name\":\"Strona g\u0142\u00f3wna\",\"item\":\"https:\/\/studia-wroclaw.pl\/\"},{\"@type\":\"ListItem\",\"position\":2,\"name\":\"Instytut Kryminologii i Bezpiecze\u0144stwa Wewn\u0119trznego zaprasza na cykl spotka\u0144 online \u201ePorozmawiajmy o bezpiecze\u0144stwie\u201d\u00a0\"}]},{\"@type\":\"WebSite\",\"@id\":\"https:\/\/studia-wroclaw.pl\/#website\",\"url\":\"https:\/\/studia-wroclaw.pl\/\",\"name\":\"Studia Wroc\u0142aw\",\"description\":\"\",\"potentialAction\":[{\"@type\":\"SearchAction\",\"target\":{\"@type\":\"EntryPoint\",\"urlTemplate\":\"https:\/\/studia-wroclaw.pl\/?s={search_term_string}\"},\"query-input\":{\"@type\":\"PropertyValueSpecification\",\"valueRequired\":true,\"valueName\":\"search_term_string\"}}],\"inLanguage\":\"en-GB\"},{\"@type\":\"Person\",\"@id\":\"https:\/\/studia-wroclaw.pl\/#\/schema\/person\/50f212a057f8ab718194a85c9aecb4d5\",\"name\":\"Karina Dycha\u0142a\",\"image\":{\"@type\":\"ImageObject\",\"inLanguage\":\"en-GB\",\"@id\":\"https:\/\/studia-wroclaw.pl\/#\/schema\/person\/image\/\",\"url\":\"https:\/\/secure.gravatar.com\/avatar\/09b8a8541625e267cf808bd7db9d6075406c3094f3ef7dd4a936673e9d896f6d?s=96&d=mm&r=g\",\"contentUrl\":\"https:\/\/secure.gravatar.com\/avatar\/09b8a8541625e267cf808bd7db9d6075406c3094f3ef7dd4a936673e9d896f6d?s=96&d=mm&r=g\",\"caption\":\"Karina Dycha\u0142a\"},\"url\":\"https:\/\/studia-wroclaw.pl\/en\/author\/karina\/\"}]}<\/script>\n<!-- \/ Yoast SEO plugin. -->","yoast_head_json":{"title":"Instytut Kryminologii i Bezpiecze\u0144stwa Wewn\u0119trznego zaprasza na cykl spotka\u0144 online \u201ePorozmawiajmy o bezpiecze\u0144stwie\u201d\u00a0 - Studia Wroc\u0142aw","robots":{"index":"index","follow":"follow","max-snippet":"max-snippet:-1","max-image-preview":"max-image-preview:large","max-video-preview":"max-video-preview:-1"},"canonical":"https:\/\/studia-wroclaw.pl\/en\/instytut-kryminologii-i-bezpieczenstwa-wewnetrznego-zaprasza-na-cykl-spotkan-online-porozmawiajmy-o-bezpieczenstwie\/","og_locale":"en_GB","og_type":"article","og_title":"Instytut Kryminologii i Bezpiecze\u0144stwa Wewn\u0119trznego zaprasza na cykl spotka\u0144 online \u201ePorozmawiajmy o bezpiecze\u0144stwie\u201d\u00a0 - Studia Wroc\u0142aw","og_description":"Instytut Kryminologii i Bezpiecze\u0144stwa Wewn\u0119trznego zaprasza student\u00f3w na cykl spotka\u0144 online \u201ePorozmawiajmy o bezpiecze\u0144stwie\u201d. Wydarzenia odb\u0119d\u0105 si\u0119 od stycznia do maja 2026 roku i b\u0119d\u0105 po\u015bwi\u0119cone praktycznym aspektom pracy s\u0142u\u017cb odpowiedzialnych za bezpiecze\u0144stwo. To okazja do bezpo\u015bredniego kontaktu z ekspertami z wieloletnim do\u015bwiadczeniem w Policji oraz do poznania reali\u00f3w pracy operacyjnej, analitycznej i kryminalistycznej. O [&hellip;]","og_url":"https:\/\/studia-wroclaw.pl\/en\/instytut-kryminologii-i-bezpieczenstwa-wewnetrznego-zaprasza-na-cykl-spotkan-online-porozmawiajmy-o-bezpieczenstwie\/","og_site_name":"Studia Wroc\u0142aw","article_published_time":"2026-01-21T11:49:25+00:00","article_modified_time":"2026-04-28T23:19:44+00:00","og_image":[{"width":1920,"height":1080,"url":"https:\/\/studia-wroclaw.pl\/wp-content\/uploads\/2026\/01\/porozmawiajmy-o-bezpieczenstwie-2.jpg","type":"image\/jpeg"}],"author":"Karina Dycha\u0142a","twitter_card":"summary_large_image","twitter_misc":{"Written by":"Karina Dycha\u0142a","Estimated reading time":"4 minutes"},"schema":{"@context":"https:\/\/schema.org","@graph":[{"@type":"WebPage","@id":"https:\/\/studia-wroclaw.pl\/instytut-kryminologii-i-bezpieczenstwa-wewnetrznego-zaprasza-na-cykl-spotkan-online-porozmawiajmy-o-bezpieczenstwie\/","url":"https:\/\/studia-wroclaw.pl\/instytut-kryminologii-i-bezpieczenstwa-wewnetrznego-zaprasza-na-cykl-spotkan-online-porozmawiajmy-o-bezpieczenstwie\/","name":"Instytut Kryminologii i Bezpiecze\u0144stwa Wewn\u0119trznego zaprasza na cykl spotka\u0144 online \u201ePorozmawiajmy o bezpiecze\u0144stwie\u201d\u00a0 - Studia Wroc\u0142aw","isPartOf":{"@id":"https:\/\/studia-wroclaw.pl\/#website"},"primaryImageOfPage":{"@id":"https:\/\/studia-wroclaw.pl\/instytut-kryminologii-i-bezpieczenstwa-wewnetrznego-zaprasza-na-cykl-spotkan-online-porozmawiajmy-o-bezpieczenstwie\/#primaryimage"},"image":{"@id":"https:\/\/studia-wroclaw.pl\/instytut-kryminologii-i-bezpieczenstwa-wewnetrznego-zaprasza-na-cykl-spotkan-online-porozmawiajmy-o-bezpieczenstwie\/#primaryimage"},"thumbnailUrl":"https:\/\/studia-wroclaw.pl\/wp-content\/uploads\/2026\/01\/porozmawiajmy-o-bezpieczenstwie-2-1024x576.jpg","datePublished":"2026-01-21T11:49:25+00:00","dateModified":"2026-04-28T23:19:44+00:00","author":{"@id":"https:\/\/studia-wroclaw.pl\/#\/schema\/person\/50f212a057f8ab718194a85c9aecb4d5"},"breadcrumb":{"@id":"https:\/\/studia-wroclaw.pl\/instytut-kryminologii-i-bezpieczenstwa-wewnetrznego-zaprasza-na-cykl-spotkan-online-porozmawiajmy-o-bezpieczenstwie\/#breadcrumb"},"inLanguage":"en-GB","potentialAction":[{"@type":"ReadAction","target":["https:\/\/studia-wroclaw.pl\/instytut-kryminologii-i-bezpieczenstwa-wewnetrznego-zaprasza-na-cykl-spotkan-online-porozmawiajmy-o-bezpieczenstwie\/"]}]},{"@type":"ImageObject","inLanguage":"en-GB","@id":"https:\/\/studia-wroclaw.pl\/instytut-kryminologii-i-bezpieczenstwa-wewnetrznego-zaprasza-na-cykl-spotkan-online-porozmawiajmy-o-bezpieczenstwie\/#primaryimage","url":"https:\/\/studia-wroclaw.pl\/wp-content\/uploads\/2026\/01\/porozmawiajmy-o-bezpieczenstwie-2-1024x576.jpg","contentUrl":"https:\/\/studia-wroclaw.pl\/wp-content\/uploads\/2026\/01\/porozmawiajmy-o-bezpieczenstwie-2-1024x576.jpg"},{"@type":"BreadcrumbList","@id":"https:\/\/studia-wroclaw.pl\/instytut-kryminologii-i-bezpieczenstwa-wewnetrznego-zaprasza-na-cykl-spotkan-online-porozmawiajmy-o-bezpieczenstwie\/#breadcrumb","itemListElement":[{"@type":"ListItem","position":1,"name":"Strona g\u0142\u00f3wna","item":"https:\/\/studia-wroclaw.pl\/"},{"@type":"ListItem","position":2,"name":"Instytut Kryminologii i Bezpiecze\u0144stwa Wewn\u0119trznego zaprasza na cykl spotka\u0144 online \u201ePorozmawiajmy o bezpiecze\u0144stwie\u201d\u00a0"}]},{"@type":"WebSite","@id":"https:\/\/studia-wroclaw.pl\/#website","url":"https:\/\/studia-wroclaw.pl\/","name":"Studies Wroclaw","description":"","potentialAction":[{"@type":"SearchAction","target":{"@type":"EntryPoint","urlTemplate":"https:\/\/studia-wroclaw.pl\/?s={search_term_string}"},"query-input":{"@type":"PropertyValueSpecification","valueRequired":true,"valueName":"search_term_string"}}],"inLanguage":"en-GB"},{"@type":"Person","@id":"https:\/\/studia-wroclaw.pl\/#\/schema\/person\/50f212a057f8ab718194a85c9aecb4d5","name":"Karina Dycha\u0142a","image":{"@type":"ImageObject","inLanguage":"en-GB","@id":"https:\/\/studia-wroclaw.pl\/#\/schema\/person\/image\/","url":"https:\/\/secure.gravatar.com\/avatar\/09b8a8541625e267cf808bd7db9d6075406c3094f3ef7dd4a936673e9d896f6d?s=96&d=mm&r=g","contentUrl":"https:\/\/secure.gravatar.com\/avatar\/09b8a8541625e267cf808bd7db9d6075406c3094f3ef7dd4a936673e9d896f6d?s=96&d=mm&r=g","caption":"Karina Dycha\u0142a"},"url":"https:\/\/studia-wroclaw.pl\/en\/author\/karina\/"}]}},"_links":{"self":[{"href":"https:\/\/studia-wroclaw.pl\/en\/wp-json\/wp\/v2\/posts\/8737","targetHints":{"allow":["GET"]}}],"collection":[{"href":"https:\/\/studia-wroclaw.pl\/en\/wp-json\/wp\/v2\/posts"}],"about":[{"href":"https:\/\/studia-wroclaw.pl\/en\/wp-json\/wp\/v2\/types\/post"}],"author":[{"embeddable":true,"href":"https:\/\/studia-wroclaw.pl\/en\/wp-json\/wp\/v2\/users\/36"}],"replies":[{"embeddable":true,"href":"https:\/\/studia-wroclaw.pl\/en\/wp-json\/wp\/v2\/comments?post=8737"}],"version-history":[{"count":6,"href":"https:\/\/studia-wroclaw.pl\/en\/wp-json\/wp\/v2\/posts\/8737\/revisions"}],"predecessor-version":[{"id":9200,"href":"https:\/\/studia-wroclaw.pl\/en\/wp-json\/wp\/v2\/posts\/8737\/revisions\/9200"}],"wp:attachment":[{"href":"https:\/\/studia-wroclaw.pl\/en\/wp-json\/wp\/v2\/media?parent=8737"}],"wp:term":[{"taxonomy":"category","embeddable":true,"href":"https:\/\/studia-wroclaw.pl\/en\/wp-json\/wp\/v2\/categories?post=8737"},{"taxonomy":"post_tag","embeddable":true,"href":"https:\/\/studia-wroclaw.pl\/en\/wp-json\/wp\/v2\/tags?post=8737"}],"curies":[{"name":"wp","href":"https:\/\/api.w.org\/{rel}","templated":true}]}}