{"id":9220,"date":"2026-03-10T08:26:50","date_gmt":"2026-03-10T07:26:50","guid":{"rendered":"https:\/\/studia-wroclaw.pl\/?p=9220"},"modified":"2026-03-10T08:26:50","modified_gmt":"2026-03-10T07:26:50","slug":"zachowania-ryzykowne-dzieci-i-mlodziezy-eksperci-debatowali-we-wroclawiu-o-wyzwaniach-dla-psychoprofilaktyki","status":"publish","type":"post","link":"https:\/\/studia-wroclaw.pl\/en\/zachowania-ryzykowne-dzieci-i-mlodziezy-eksperci-debatowali-we-wroclawiu-o-wyzwaniach-dla-psychoprofilaktyki\/","title":{"rendered":"Zachowania ryzykowne dzieci i m\u0142odzie\u017cy \u2013 eksperci debatowali we Wroc\u0142awiu o wyzwaniach dla psychoprofilaktyki"},"content":{"rendered":"<p>26 lutego 2026 r. we wroc\u0142awskim Q Hotel Plus przy ul. Zaolzia\u0144skiej odby\u0142a si\u0119 konferencja \u201eZachowania ryzykowne dzieci i m\u0142odzie\u017cy. <strong>Wyzwania dla psychoprofilaktyki\u201d. Wydarzenie zgromadzi\u0142o liczne grono specjalist\u00f3w pracuj\u0105cych z m\u0142odymi lud\u017ami. <\/strong>W gronie go\u015bci znale\u017ali si\u0119 psycholodzy i pedagodzy szkolni, dyrektorzy plac\u00f3wek o\u015bwiatowych i wychowawczych, kuratorzy s\u0105dowi, pracownicy socjalni oraz rodzice pieczy zast\u0119pczej. Spotkanie sta\u0142o si\u0119 przestrzeni\u0105 do merytorycznej dyskusji o rosn\u0105cej skali zachowa\u0144 ryzykownych w\u015br\u00f3d dzieci i m\u0142odzie\u017cy oraz o potrzebie poszukiwania nowych, skutecznych narz\u0119dzi psychoprofilaktyki.<\/p>\n\n\n\n<h2 class=\"wp-block-heading\">Organizatorzy wydarzenia<\/h2>\n\n\n\n<p>Konferencja pokaza\u0142a, jak <strong>wa\u017cna jest wsp\u00f3\u0142praca \u015brodowiska akademickiego z praktykami pracuj\u0105cymi na co dzie\u0144 z m\u0142odymi lud\u017ami<\/strong>. Zosta\u0142a ona zorganizowana przez:<\/p>\n\n\n\n<ul class=\"wp-block-list\">\n<li>Wy\u017csz\u0105 Szko\u0142\u0119 Kszta\u0142cenia Zawodowego \u2013 Instytut Psychologii;<\/li>\n\n\n\n<li>Samorz\u0105d Studencki WSKZ;<\/li>\n\n\n\n<li>Stowarzyszenie Psychoedukacji i Terapii \u201eEvolutio\u201d;<\/li>\n\n\n\n<li>Fundacj\u0119 Pozytywnej Profilaktyki.<\/li>\n<\/ul>\n\n\n\n<p>Wsp\u00f3\u0142praca \u015brodowiska akademickiego, praktyk\u00f3w oraz organizacji spo\u0142ecznych pozwoli\u0142a <strong>stworzy\u0107 wydarzenie o wysokiej warto\u015bci merytorycznej i praktycznej.<\/strong><\/p>\n\n\n\n<h2 class=\"wp-block-heading\">Wyst\u0105pienia ekspert\u00f3w<\/h2>\n\n\n\n<p>Konferencj\u0119 otworzy\u0142a <strong>dr hab. Anna Mosio\u0142ek, prof. APS<\/strong>, wyk\u0142adem pt. \u201eOd zani\u017conej samooceny do zachowa\u0144 suicydalnych. Delegacje dla psychoprofilaktyki\u201d. Prelegentka om\u00f3wi\u0142a mechanizmy prowadz\u0105ce od problem\u00f3w z samoocen\u0105 do powa\u017cnych kryzys\u00f3w psychicznych, zwracaj\u0105c uwag\u0119 na znaczenie wczesnego rozpoznawania sygna\u0142\u00f3w ostrzegawczych.<\/p>\n\n\n\n<p>Nast\u0119pnie <strong>dr hab. Mariusz Z. J\u0119drzejko, prof. WSKZ<\/strong> zaprezentowa\u0142 wyst\u0105pienie pt. \u201eCzy i jak nowe technologie i cyfrowe sieci spo\u0142eczne zmieniaj\u0105 cz\u0142owieka? Wyzwania, wobec kt\u00f3rych wsp\u00f3lnie stajemy\u201d. Ekspert m\u00f3wi\u0142 m.in. o wp\u0142ywie cyfrowych \u015brodowisk na rozw\u00f3j emocjonalny m\u0142odych ludzi, zmianach w relacjach spo\u0142ecznych oraz o potrzebie odpowiedzialnego towarzyszenia m\u0142odzie\u017cy w \u015bwiecie online.<\/p>\n\n\n\n<p>Perspektyw\u0119 systemow\u0105 przedstawi\u0142 <strong>dr Artur Malczewski<\/strong>, zast\u0119pca dyrektora Krajowego Centrum Przeciwdzia\u0142ania Uzale\u017cnieniom. W swoim wyk\u0142adzie \u201eProfilaktyka zachowa\u0144 ryzykownych jako zadanie administracji rz\u0105dowej i samorz\u0105dowej\u201d wskaza\u0142 na znaczenie wsp\u00f3\u0142pracy instytucji publicznych w budowaniu skutecznych program\u00f3w profilaktycznych.<\/p>\n\n\n\n<p>Z kolei <strong>mgr Agnieszka Taper z Fundacji Bonum Humanum<\/strong> zaprezentowa\u0142a wyst\u0105pienie \u201eHigiena cyfrowa w szkole \u2013 od wyzwa\u0144 do praktycznych delegacji\u201d, w kt\u00f3rym przedstawi\u0142a konkretne rozwi\u0105zania mo\u017cliwe do wdro\u017cenia w plac\u00f3wkach edukacyjnych.<\/p>\n\n\n\n<p>O profesjonalizacji dzia\u0142a\u0144 profilaktycznych m\u00f3wi\u0142 <strong>mgr S\u0142awomir Pietrzak<\/strong>, ekspert wojew\u00f3dzki ds. Informacji o Narkotykach i Narkomanii Wojew\u00f3dztwa Dolno\u015bl\u0105skiego oraz wyk\u0142adowca WSKZ. W swoim wyst\u0105pieniu zwr\u00f3ci\u0142 uwag\u0119 na rozw\u00f3j systemu rekomendacji program\u00f3w profilaktycznych oraz potrzeb\u0119 budowania zawodu profilaktyka jako wyspecjalizowanej \u015bcie\u017cki zawodowej.<\/p>\n\n\n\n<h2 class=\"wp-block-heading\">Warsztaty i wymiana do\u015bwiadcze\u0144<\/h2>\n\n\n\n<p>Istotn\u0105 cz\u0119\u015bci\u0105 konferencji by\u0142y warsztaty, podczas kt\u00f3rych <strong>uczestnicy analizowali konkretne przypadki i wymieniali si\u0119 do\u015bwiadczeniami z pracy z dzie\u0107mi i m\u0142odzie\u017c\u0105. <\/strong>Dyskusje dotyczy\u0142y wyzwa\u0144, z jakimi mierz\u0105 si\u0119 specjali\u015bci w szko\u0142ach, plac\u00f3wkach opieku\u0144czych oraz instytucjach wsparcia. Wydarzenie by\u0142o okazj\u0105 do pog\u0142\u0119bienia wiedzy, wymiany do\u015bwiadcze\u0144 oraz poszukiwania skutecznych rozwi\u0105za\u0144 w obszarze psychoprofilaktyki.<\/p>\n\n\n\n<p>Wy\u017csza Szko\u0142a Kszta\u0142cenia Zawodowego konsekwentnie tworzy przestrze\u0144 do <strong>debaty, wymiany do\u015bwiadcze\u0144 i podnoszenia kompetencji zawodowych.<\/strong> A zainteresowanie, jakie towarzyszy\u0142o tej konferencji, pokazuje jedno: \u015brodowisko potrzebuje takich spotka\u0144, poniewa\u017c to w\u0142a\u015bnie dzi\u0119ki nim mo\u017cliwe jest wsp\u00f3lne poszukiwanie skutecznych sposob\u00f3w reagowania na problemy, z kt\u00f3rymi mierzy si\u0119 dzi\u015b m\u0142ode pokolenie.<\/p>\n\n\n\n<figure class=\"wp-block-gallery has-nested-images columns-default is-cropped wp-block-gallery-1 is-layout-flex wp-block-gallery-is-layout-flex\">\n<figure class=\"wp-block-image size-large\"><img loading=\"lazy\" decoding=\"async\" width=\"768\" height=\"1024\" data-id=\"9229\" src=\"https:\/\/studia-wroclaw.pl\/wp-content\/uploads\/2026\/03\/IMG_7282-768x1024.jpeg\" alt=\"Zachowania ryzykowne dzieci i m\u0142odzie\u017cy\" class=\"wp-image-9229\" srcset=\"https:\/\/studia-wroclaw.pl\/wp-content\/uploads\/2026\/03\/IMG_7282-768x1024.jpeg 768w, https:\/\/studia-wroclaw.pl\/wp-content\/uploads\/2026\/03\/IMG_7282-225x300.jpeg 225w, https:\/\/studia-wroclaw.pl\/wp-content\/uploads\/2026\/03\/IMG_7282-1152x1536.jpeg 1152w, https:\/\/studia-wroclaw.pl\/wp-content\/uploads\/2026\/03\/IMG_7282-1536x2048.jpeg 1536w, https:\/\/studia-wroclaw.pl\/wp-content\/uploads\/2026\/03\/IMG_7282-9x12.jpeg 9w, https:\/\/studia-wroclaw.pl\/wp-content\/uploads\/2026\/03\/IMG_7282-scaled.jpeg 1920w\" sizes=\"auto, (max-width: 768px) 100vw, 768px\" \/><\/figure>\n\n\n\n<figure class=\"wp-block-image size-large\"><img loading=\"lazy\" decoding=\"async\" width=\"768\" height=\"1024\" data-id=\"9228\" src=\"https:\/\/studia-wroclaw.pl\/wp-content\/uploads\/2026\/03\/IMG_7298-768x1024.jpeg\" alt=\"Zachowania ryzykowne dzieci i m\u0142odzie\u017cy\" class=\"wp-image-9228\" srcset=\"https:\/\/studia-wroclaw.pl\/wp-content\/uploads\/2026\/03\/IMG_7298-768x1024.jpeg 768w, https:\/\/studia-wroclaw.pl\/wp-content\/uploads\/2026\/03\/IMG_7298-225x300.jpeg 225w, https:\/\/studia-wroclaw.pl\/wp-content\/uploads\/2026\/03\/IMG_7298-1152x1536.jpeg 1152w, https:\/\/studia-wroclaw.pl\/wp-content\/uploads\/2026\/03\/IMG_7298-1536x2048.jpeg 1536w, https:\/\/studia-wroclaw.pl\/wp-content\/uploads\/2026\/03\/IMG_7298-9x12.jpeg 9w, https:\/\/studia-wroclaw.pl\/wp-content\/uploads\/2026\/03\/IMG_7298-scaled.jpeg 1920w\" sizes=\"auto, (max-width: 768px) 100vw, 768px\" \/><\/figure>\n\n\n\n<figure class=\"wp-block-image size-large\"><img loading=\"lazy\" decoding=\"async\" width=\"873\" height=\"1024\" data-id=\"9227\" src=\"https:\/\/studia-wroclaw.pl\/wp-content\/uploads\/2026\/03\/IMG_7294-873x1024.jpeg\" alt=\"Zachowania ryzykowne dzieci i m\u0142odzie\u017cy\" class=\"wp-image-9227\" srcset=\"https:\/\/studia-wroclaw.pl\/wp-content\/uploads\/2026\/03\/IMG_7294-873x1024.jpeg 873w, https:\/\/studia-wroclaw.pl\/wp-content\/uploads\/2026\/03\/IMG_7294-256x300.jpeg 256w, https:\/\/studia-wroclaw.pl\/wp-content\/uploads\/2026\/03\/IMG_7294-768x900.jpeg 768w, https:\/\/studia-wroclaw.pl\/wp-content\/uploads\/2026\/03\/IMG_7294-1310x1536.jpeg 1310w, https:\/\/studia-wroclaw.pl\/wp-content\/uploads\/2026\/03\/IMG_7294-10x12.jpeg 10w, https:\/\/studia-wroclaw.pl\/wp-content\/uploads\/2026\/03\/IMG_7294.jpeg 1706w\" sizes=\"auto, (max-width: 873px) 100vw, 873px\" \/><\/figure>\n\n\n\n<figure class=\"wp-block-image size-large\"><img loading=\"lazy\" decoding=\"async\" width=\"874\" height=\"1024\" data-id=\"9226\" src=\"https:\/\/studia-wroclaw.pl\/wp-content\/uploads\/2026\/03\/IMG_7272-874x1024.jpeg\" alt=\"Zachowania ryzykowne dzieci i m\u0142odzie\u017cy\" class=\"wp-image-9226\" srcset=\"https:\/\/studia-wroclaw.pl\/wp-content\/uploads\/2026\/03\/IMG_7272-874x1024.jpeg 874w, https:\/\/studia-wroclaw.pl\/wp-content\/uploads\/2026\/03\/IMG_7272-256x300.jpeg 256w, https:\/\/studia-wroclaw.pl\/wp-content\/uploads\/2026\/03\/IMG_7272-768x900.jpeg 768w, https:\/\/studia-wroclaw.pl\/wp-content\/uploads\/2026\/03\/IMG_7272-1311x1536.jpeg 1311w, https:\/\/studia-wroclaw.pl\/wp-content\/uploads\/2026\/03\/IMG_7272-1748x2048.jpeg 1748w, https:\/\/studia-wroclaw.pl\/wp-content\/uploads\/2026\/03\/IMG_7272-10x12.jpeg 10w\" sizes=\"auto, (max-width: 874px) 100vw, 874px\" \/><\/figure>\n<\/figure>","protected":false},"excerpt":{"rendered":"<p>26 lutego 2026 r. we wroc\u0142awskim Q Hotel Plus przy ul. Zaolzia\u0144skiej odby\u0142a si\u0119 konferencja \u201eZachowania ryzykowne dzieci i m\u0142odzie\u017cy. Wyzwania dla psychoprofilaktyki\u201d. Wydarzenie zgromadzi\u0142o liczne grono specjalist\u00f3w pracuj\u0105cych z m\u0142odymi lud\u017ami. W gronie go\u015bci znale\u017ali si\u0119 psycholodzy i pedagodzy szkolni, dyrektorzy plac\u00f3wek o\u015bwiatowych i wychowawczych, kuratorzy s\u0105dowi, pracownicy socjalni oraz rodzice pieczy zast\u0119pczej. Spotkanie [&hellip;]<\/p>","protected":false},"author":36,"featured_media":0,"comment_status":"open","ping_status":"open","sticky":false,"template":"","format":"standard","meta":{"om_disable_all_campaigns":false,"footnotes":""},"categories":[50,57],"tags":[],"class_list":["post-9220","post","type-post","status-publish","format-standard","hentry","category-aktualnosci","category-wykladowcy"],"yoast_head":"<!-- This site is optimized with the Yoast SEO plugin v25.9 - https:\/\/yoast.com\/wordpress\/plugins\/seo\/ -->\n<title>Zachowania ryzykowne dzieci i m\u0142odzie\u017cy \u2013 eksperci debatowali we Wroc\u0142awiu o wyzwaniach dla psychoprofilaktyki - Studia Wroc\u0142aw<\/title>\n<meta name=\"robots\" content=\"index, follow, max-snippet:-1, max-image-preview:large, max-video-preview:-1\" \/>\n<link rel=\"canonical\" href=\"https:\/\/studia-wroclaw.pl\/en\/zachowania-ryzykowne-dzieci-i-mlodziezy-eksperci-debatowali-we-wroclawiu-o-wyzwaniach-dla-psychoprofilaktyki\/\" \/>\n<meta property=\"og:locale\" content=\"en_GB\" \/>\n<meta property=\"og:type\" content=\"article\" \/>\n<meta property=\"og:title\" content=\"Zachowania ryzykowne dzieci i m\u0142odzie\u017cy \u2013 eksperci debatowali we Wroc\u0142awiu o wyzwaniach dla psychoprofilaktyki - Studia Wroc\u0142aw\" \/>\n<meta property=\"og:description\" content=\"26 lutego 2026 r. we wroc\u0142awskim Q Hotel Plus przy ul. Zaolzia\u0144skiej odby\u0142a si\u0119 konferencja \u201eZachowania ryzykowne dzieci i m\u0142odzie\u017cy. Wyzwania dla psychoprofilaktyki\u201d. Wydarzenie zgromadzi\u0142o liczne grono specjalist\u00f3w pracuj\u0105cych z m\u0142odymi lud\u017ami. W gronie go\u015bci znale\u017ali si\u0119 psycholodzy i pedagodzy szkolni, dyrektorzy plac\u00f3wek o\u015bwiatowych i wychowawczych, kuratorzy s\u0105dowi, pracownicy socjalni oraz rodzice pieczy zast\u0119pczej. Spotkanie [&hellip;]\" \/>\n<meta property=\"og:url\" content=\"https:\/\/studia-wroclaw.pl\/en\/zachowania-ryzykowne-dzieci-i-mlodziezy-eksperci-debatowali-we-wroclawiu-o-wyzwaniach-dla-psychoprofilaktyki\/\" \/>\n<meta property=\"og:site_name\" content=\"Studia Wroc\u0142aw\" \/>\n<meta property=\"article:published_time\" content=\"2026-03-10T07:26:50+00:00\" \/>\n<meta property=\"og:image\" content=\"https:\/\/studia-wroclaw.pl\/wp-content\/uploads\/2026\/03\/IMG_7282-scaled.jpeg\" \/>\n\t<meta property=\"og:image:width\" content=\"1920\" \/>\n\t<meta property=\"og:image:height\" content=\"2560\" \/>\n\t<meta property=\"og:image:type\" content=\"image\/jpeg\" \/>\n<meta name=\"author\" content=\"Karina Dycha\u0142a\" \/>\n<meta name=\"twitter:card\" content=\"summary_large_image\" \/>\n<meta name=\"twitter:label1\" content=\"Written by\" \/>\n\t<meta name=\"twitter:data1\" content=\"Karina Dycha\u0142a\" \/>\n\t<meta name=\"twitter:label2\" content=\"Estimated reading time\" \/>\n\t<meta name=\"twitter:data2\" content=\"4 minutes\" \/>\n<script type=\"application\/ld+json\" class=\"yoast-schema-graph\">{\"@context\":\"https:\/\/schema.org\",\"@graph\":[{\"@type\":\"WebPage\",\"@id\":\"https:\/\/studia-wroclaw.pl\/zachowania-ryzykowne-dzieci-i-mlodziezy-eksperci-debatowali-we-wroclawiu-o-wyzwaniach-dla-psychoprofilaktyki\/\",\"url\":\"https:\/\/studia-wroclaw.pl\/zachowania-ryzykowne-dzieci-i-mlodziezy-eksperci-debatowali-we-wroclawiu-o-wyzwaniach-dla-psychoprofilaktyki\/\",\"name\":\"Zachowania ryzykowne dzieci i m\u0142odzie\u017cy \u2013 eksperci debatowali we Wroc\u0142awiu o wyzwaniach dla psychoprofilaktyki - Studia Wroc\u0142aw\",\"isPartOf\":{\"@id\":\"https:\/\/studia-wroclaw.pl\/#website\"},\"primaryImageOfPage\":{\"@id\":\"https:\/\/studia-wroclaw.pl\/zachowania-ryzykowne-dzieci-i-mlodziezy-eksperci-debatowali-we-wroclawiu-o-wyzwaniach-dla-psychoprofilaktyki\/#primaryimage\"},\"image\":{\"@id\":\"https:\/\/studia-wroclaw.pl\/zachowania-ryzykowne-dzieci-i-mlodziezy-eksperci-debatowali-we-wroclawiu-o-wyzwaniach-dla-psychoprofilaktyki\/#primaryimage\"},\"thumbnailUrl\":\"https:\/\/studia-wroclaw.pl\/wp-content\/uploads\/2026\/03\/IMG_7282-768x1024.jpeg\",\"datePublished\":\"2026-03-10T07:26:50+00:00\",\"author\":{\"@id\":\"https:\/\/studia-wroclaw.pl\/#\/schema\/person\/50f212a057f8ab718194a85c9aecb4d5\"},\"breadcrumb\":{\"@id\":\"https:\/\/studia-wroclaw.pl\/zachowania-ryzykowne-dzieci-i-mlodziezy-eksperci-debatowali-we-wroclawiu-o-wyzwaniach-dla-psychoprofilaktyki\/#breadcrumb\"},\"inLanguage\":\"en-GB\",\"potentialAction\":[{\"@type\":\"ReadAction\",\"target\":[\"https:\/\/studia-wroclaw.pl\/zachowania-ryzykowne-dzieci-i-mlodziezy-eksperci-debatowali-we-wroclawiu-o-wyzwaniach-dla-psychoprofilaktyki\/\"]}]},{\"@type\":\"ImageObject\",\"inLanguage\":\"en-GB\",\"@id\":\"https:\/\/studia-wroclaw.pl\/zachowania-ryzykowne-dzieci-i-mlodziezy-eksperci-debatowali-we-wroclawiu-o-wyzwaniach-dla-psychoprofilaktyki\/#primaryimage\",\"url\":\"https:\/\/studia-wroclaw.pl\/wp-content\/uploads\/2026\/03\/IMG_7282-768x1024.jpeg\",\"contentUrl\":\"https:\/\/studia-wroclaw.pl\/wp-content\/uploads\/2026\/03\/IMG_7282-768x1024.jpeg\"},{\"@type\":\"BreadcrumbList\",\"@id\":\"https:\/\/studia-wroclaw.pl\/zachowania-ryzykowne-dzieci-i-mlodziezy-eksperci-debatowali-we-wroclawiu-o-wyzwaniach-dla-psychoprofilaktyki\/#breadcrumb\",\"itemListElement\":[{\"@type\":\"ListItem\",\"position\":1,\"name\":\"Strona g\u0142\u00f3wna\",\"item\":\"https:\/\/studia-wroclaw.pl\/\"},{\"@type\":\"ListItem\",\"position\":2,\"name\":\"Zachowania ryzykowne dzieci i m\u0142odzie\u017cy \u2013 eksperci debatowali we Wroc\u0142awiu o wyzwaniach dla psychoprofilaktyki\"}]},{\"@type\":\"WebSite\",\"@id\":\"https:\/\/studia-wroclaw.pl\/#website\",\"url\":\"https:\/\/studia-wroclaw.pl\/\",\"name\":\"Studia Wroc\u0142aw\",\"description\":\"\",\"potentialAction\":[{\"@type\":\"SearchAction\",\"target\":{\"@type\":\"EntryPoint\",\"urlTemplate\":\"https:\/\/studia-wroclaw.pl\/?s={search_term_string}\"},\"query-input\":{\"@type\":\"PropertyValueSpecification\",\"valueRequired\":true,\"valueName\":\"search_term_string\"}}],\"inLanguage\":\"en-GB\"},{\"@type\":\"Person\",\"@id\":\"https:\/\/studia-wroclaw.pl\/#\/schema\/person\/50f212a057f8ab718194a85c9aecb4d5\",\"name\":\"Karina Dycha\u0142a\",\"image\":{\"@type\":\"ImageObject\",\"inLanguage\":\"en-GB\",\"@id\":\"https:\/\/studia-wroclaw.pl\/#\/schema\/person\/image\/\",\"url\":\"https:\/\/secure.gravatar.com\/avatar\/09b8a8541625e267cf808bd7db9d6075406c3094f3ef7dd4a936673e9d896f6d?s=96&d=mm&r=g\",\"contentUrl\":\"https:\/\/secure.gravatar.com\/avatar\/09b8a8541625e267cf808bd7db9d6075406c3094f3ef7dd4a936673e9d896f6d?s=96&d=mm&r=g\",\"caption\":\"Karina Dycha\u0142a\"},\"url\":\"https:\/\/studia-wroclaw.pl\/en\/author\/karina\/\"}]}<\/script>\n<!-- \/ Yoast SEO plugin. -->","yoast_head_json":{"title":"Zachowania ryzykowne dzieci i m\u0142odzie\u017cy \u2013 eksperci debatowali we Wroc\u0142awiu o wyzwaniach dla psychoprofilaktyki - Studia Wroc\u0142aw","robots":{"index":"index","follow":"follow","max-snippet":"max-snippet:-1","max-image-preview":"max-image-preview:large","max-video-preview":"max-video-preview:-1"},"canonical":"https:\/\/studia-wroclaw.pl\/en\/zachowania-ryzykowne-dzieci-i-mlodziezy-eksperci-debatowali-we-wroclawiu-o-wyzwaniach-dla-psychoprofilaktyki\/","og_locale":"en_GB","og_type":"article","og_title":"Zachowania ryzykowne dzieci i m\u0142odzie\u017cy \u2013 eksperci debatowali we Wroc\u0142awiu o wyzwaniach dla psychoprofilaktyki - Studia Wroc\u0142aw","og_description":"26 lutego 2026 r. we wroc\u0142awskim Q Hotel Plus przy ul. Zaolzia\u0144skiej odby\u0142a si\u0119 konferencja \u201eZachowania ryzykowne dzieci i m\u0142odzie\u017cy. Wyzwania dla psychoprofilaktyki\u201d. Wydarzenie zgromadzi\u0142o liczne grono specjalist\u00f3w pracuj\u0105cych z m\u0142odymi lud\u017ami. W gronie go\u015bci znale\u017ali si\u0119 psycholodzy i pedagodzy szkolni, dyrektorzy plac\u00f3wek o\u015bwiatowych i wychowawczych, kuratorzy s\u0105dowi, pracownicy socjalni oraz rodzice pieczy zast\u0119pczej. Spotkanie [&hellip;]","og_url":"https:\/\/studia-wroclaw.pl\/en\/zachowania-ryzykowne-dzieci-i-mlodziezy-eksperci-debatowali-we-wroclawiu-o-wyzwaniach-dla-psychoprofilaktyki\/","og_site_name":"Studia Wroc\u0142aw","article_published_time":"2026-03-10T07:26:50+00:00","og_image":[{"width":1920,"height":2560,"url":"https:\/\/studia-wroclaw.pl\/wp-content\/uploads\/2026\/03\/IMG_7282-scaled.jpeg","type":"image\/jpeg"}],"author":"Karina Dycha\u0142a","twitter_card":"summary_large_image","twitter_misc":{"Written by":"Karina Dycha\u0142a","Estimated reading time":"4 minutes"},"schema":{"@context":"https:\/\/schema.org","@graph":[{"@type":"WebPage","@id":"https:\/\/studia-wroclaw.pl\/zachowania-ryzykowne-dzieci-i-mlodziezy-eksperci-debatowali-we-wroclawiu-o-wyzwaniach-dla-psychoprofilaktyki\/","url":"https:\/\/studia-wroclaw.pl\/zachowania-ryzykowne-dzieci-i-mlodziezy-eksperci-debatowali-we-wroclawiu-o-wyzwaniach-dla-psychoprofilaktyki\/","name":"Zachowania ryzykowne dzieci i m\u0142odzie\u017cy \u2013 eksperci debatowali we Wroc\u0142awiu o wyzwaniach dla psychoprofilaktyki - Studia Wroc\u0142aw","isPartOf":{"@id":"https:\/\/studia-wroclaw.pl\/#website"},"primaryImageOfPage":{"@id":"https:\/\/studia-wroclaw.pl\/zachowania-ryzykowne-dzieci-i-mlodziezy-eksperci-debatowali-we-wroclawiu-o-wyzwaniach-dla-psychoprofilaktyki\/#primaryimage"},"image":{"@id":"https:\/\/studia-wroclaw.pl\/zachowania-ryzykowne-dzieci-i-mlodziezy-eksperci-debatowali-we-wroclawiu-o-wyzwaniach-dla-psychoprofilaktyki\/#primaryimage"},"thumbnailUrl":"https:\/\/studia-wroclaw.pl\/wp-content\/uploads\/2026\/03\/IMG_7282-768x1024.jpeg","datePublished":"2026-03-10T07:26:50+00:00","author":{"@id":"https:\/\/studia-wroclaw.pl\/#\/schema\/person\/50f212a057f8ab718194a85c9aecb4d5"},"breadcrumb":{"@id":"https:\/\/studia-wroclaw.pl\/zachowania-ryzykowne-dzieci-i-mlodziezy-eksperci-debatowali-we-wroclawiu-o-wyzwaniach-dla-psychoprofilaktyki\/#breadcrumb"},"inLanguage":"en-GB","potentialAction":[{"@type":"ReadAction","target":["https:\/\/studia-wroclaw.pl\/zachowania-ryzykowne-dzieci-i-mlodziezy-eksperci-debatowali-we-wroclawiu-o-wyzwaniach-dla-psychoprofilaktyki\/"]}]},{"@type":"ImageObject","inLanguage":"en-GB","@id":"https:\/\/studia-wroclaw.pl\/zachowania-ryzykowne-dzieci-i-mlodziezy-eksperci-debatowali-we-wroclawiu-o-wyzwaniach-dla-psychoprofilaktyki\/#primaryimage","url":"https:\/\/studia-wroclaw.pl\/wp-content\/uploads\/2026\/03\/IMG_7282-768x1024.jpeg","contentUrl":"https:\/\/studia-wroclaw.pl\/wp-content\/uploads\/2026\/03\/IMG_7282-768x1024.jpeg"},{"@type":"BreadcrumbList","@id":"https:\/\/studia-wroclaw.pl\/zachowania-ryzykowne-dzieci-i-mlodziezy-eksperci-debatowali-we-wroclawiu-o-wyzwaniach-dla-psychoprofilaktyki\/#breadcrumb","itemListElement":[{"@type":"ListItem","position":1,"name":"Strona g\u0142\u00f3wna","item":"https:\/\/studia-wroclaw.pl\/"},{"@type":"ListItem","position":2,"name":"Zachowania ryzykowne dzieci i m\u0142odzie\u017cy \u2013 eksperci debatowali we Wroc\u0142awiu o wyzwaniach dla psychoprofilaktyki"}]},{"@type":"WebSite","@id":"https:\/\/studia-wroclaw.pl\/#website","url":"https:\/\/studia-wroclaw.pl\/","name":"Studies Wroclaw","description":"","potentialAction":[{"@type":"SearchAction","target":{"@type":"EntryPoint","urlTemplate":"https:\/\/studia-wroclaw.pl\/?s={search_term_string}"},"query-input":{"@type":"PropertyValueSpecification","valueRequired":true,"valueName":"search_term_string"}}],"inLanguage":"en-GB"},{"@type":"Person","@id":"https:\/\/studia-wroclaw.pl\/#\/schema\/person\/50f212a057f8ab718194a85c9aecb4d5","name":"Karina Dycha\u0142a","image":{"@type":"ImageObject","inLanguage":"en-GB","@id":"https:\/\/studia-wroclaw.pl\/#\/schema\/person\/image\/","url":"https:\/\/secure.gravatar.com\/avatar\/09b8a8541625e267cf808bd7db9d6075406c3094f3ef7dd4a936673e9d896f6d?s=96&d=mm&r=g","contentUrl":"https:\/\/secure.gravatar.com\/avatar\/09b8a8541625e267cf808bd7db9d6075406c3094f3ef7dd4a936673e9d896f6d?s=96&d=mm&r=g","caption":"Karina Dycha\u0142a"},"url":"https:\/\/studia-wroclaw.pl\/en\/author\/karina\/"}]}},"_links":{"self":[{"href":"https:\/\/studia-wroclaw.pl\/en\/wp-json\/wp\/v2\/posts\/9220","targetHints":{"allow":["GET"]}}],"collection":[{"href":"https:\/\/studia-wroclaw.pl\/en\/wp-json\/wp\/v2\/posts"}],"about":[{"href":"https:\/\/studia-wroclaw.pl\/en\/wp-json\/wp\/v2\/types\/post"}],"author":[{"embeddable":true,"href":"https:\/\/studia-wroclaw.pl\/en\/wp-json\/wp\/v2\/users\/36"}],"replies":[{"embeddable":true,"href":"https:\/\/studia-wroclaw.pl\/en\/wp-json\/wp\/v2\/comments?post=9220"}],"version-history":[{"count":1,"href":"https:\/\/studia-wroclaw.pl\/en\/wp-json\/wp\/v2\/posts\/9220\/revisions"}],"predecessor-version":[{"id":9230,"href":"https:\/\/studia-wroclaw.pl\/en\/wp-json\/wp\/v2\/posts\/9220\/revisions\/9230"}],"wp:attachment":[{"href":"https:\/\/studia-wroclaw.pl\/en\/wp-json\/wp\/v2\/media?parent=9220"}],"wp:term":[{"taxonomy":"category","embeddable":true,"href":"https:\/\/studia-wroclaw.pl\/en\/wp-json\/wp\/v2\/categories?post=9220"},{"taxonomy":"post_tag","embeddable":true,"href":"https:\/\/studia-wroclaw.pl\/en\/wp-json\/wp\/v2\/tags?post=9220"}],"curies":[{"name":"wp","href":"https:\/\/api.w.org\/{rel}","templated":true}]}}