{"id":9221,"date":"2026-03-10T08:29:57","date_gmt":"2026-03-10T07:29:57","guid":{"rendered":"https:\/\/studia-wroclaw.pl\/?p=9221"},"modified":"2026-03-10T08:29:57","modified_gmt":"2026-03-10T07:29:57","slug":"profesor-wizytujacy-wskz-na-vilnius-security-forum-2026","status":"publish","type":"post","link":"https:\/\/studia-wroclaw.pl\/en\/profesor-wizytujacy-wskz-na-vilnius-security-forum-2026\/","title":{"rendered":"Profesor wizytuj\u0105cy WSKZ na Vilnius Security Forum 2026"},"content":{"rendered":"<p>Profesor wizytuj\u0105cy Timo Hellenberg z Finlandii reprezentowa\u0142 Wy\u017csz\u0105 Szko\u0142\u0119 Kszta\u0142cenia Zawodowego we Wroc\u0142awiu podczas Vilnius Security Forum 2026, kt\u00f3re odby\u0142o si\u0119 w dniach 25-26 lutego 2026 r. w Wilnie. <strong>Wydarzenie zgromadzi\u0142o ekspert\u00f3w, przedstawicieli administracji publicznej, sektora obronnego oraz \u015brodowiska akademickiego z wielu kraj\u00f3w Europy i obszaru transatlantyckiego.&nbsp;<\/strong><\/p>\n\n\n\n<h2 class=\"wp-block-heading\">Sztuczna inteligencja a przysz\u0142o\u015b\u0107 przemys\u0142u obronnego<\/h2>\n\n\n\n<p>W dniu 25 lutego, podczas Defence Industry Day w hotelu Hilton Garden Inn Vilnius, prof. Timo Hellenberg <strong>wyg\u0142osi\u0142 przem\u00f3wienie otwieraj\u0105ce oraz podsumowuj\u0105ce spotkanie. <\/strong>Tego dnia dyskusja, po\u015bwi\u0119cona by\u0142a tematowi \u201eDefence Industry at the Edge of AI Warfare\u201d.<\/p>\n\n\n\n<p>W swoim wyst\u0105pieniu zwr\u00f3ci\u0142 uwag\u0119 na <strong>transformacj\u0119 cywilizacyjn\u0105 nap\u0119dzan\u0105 przez rozw\u00f3j sztucznej inteligencji, system\u00f3w autonomicznych oraz nowoczesnych technologii militarnych. <\/strong>Podkre\u015bli\u0142, \u017ce wsp\u00f3\u0142czesne podej\u015bcie do odstraszania i bezpiecze\u0144stwa ma dzi\u015b nie tylko wymiar militarny, lecz tak\u017ce przemys\u0142owy, cyfrowy i poznawczy.<\/p>\n\n\n\n<p>Profesor wskaza\u0142 r\u00f3wnie\u017c, \u017ce wzmocnienie odporno\u015bci Europy wymaga nie tylko zwi\u0119kszenia nak\u0142ad\u00f3w finansowych na obronno\u015b\u0107. Niezb\u0119dna jest przede wszystkim d\u0142ugofalowa koordynacja dzia\u0142a\u0144 oraz<strong> rozw\u00f3j europejskiej bazy technologiczno-przemys\u0142owej.<\/strong><\/p>\n\n\n\n<h2 class=\"wp-block-heading\">Debata o zagro\u017ceniach hybrydowych<\/h2>\n\n\n\n<p>Drugiego dnia wydarzenia, 26 lutego, prof. Hellenberg pe\u0142ni\u0142 funkcj\u0119 moderatora panelu \u201eHybrid Threats 3.0 \u2013 Infrastructure, Influence, and Insider Risk\u201d. Dyskusja koncentrowa\u0142a si\u0119 na <strong>ochronie infrastruktury krytycznej i instytucji demokratycznych przed wsp\u00f3\u0142czesnymi zagro\u017ceniami hybrydowymi.<\/strong><\/p>\n\n\n\n<p>W panelu uczestniczyli <strong>przedstawiciele administracji obronnej, eksperci ds. bezpiecze\u0144stwa oraz liderzy sektora strategicznego z Europy i obszaru transatlantyckiego<\/strong>. Rozmowa dotyczy\u0142a m.in.:<\/p>\n\n\n\n<ul class=\"wp-block-list\">\n<li>rosn\u0105cego znaczenia bezpiecze\u0144stwa infrastrukturalnego;<\/li>\n\n\n\n<li>przeciwdzia\u0142ania operacjom wp\u0142ywu;<\/li>\n\n\n\n<li>budowania odporno\u015bci instytucji publicznych na nowe formy zagro\u017ce\u0144.<\/li>\n<\/ul>\n\n\n\n<h2 class=\"wp-block-heading\">WSKZ w mi\u0119dzynarodowej debacie o bezpiecze\u0144stwie<\/h2>\n\n\n\n<p>Udzia\u0142 prof. Timo Hellenberga w Vilnius Security Forum potwierdza <strong>aktywne zaanga\u017cowanie WSKZ w mi\u0119dzynarodow\u0105 debat\u0119 dotycz\u0105c\u0105 bezpiecze\u0144stwa i wsp\u00f3\u0142czesnych wyzwa\u0144 geopolitycznych. <\/strong>By\u0142 on mo\u017cliwy dzi\u0119ki aktywnej wsp\u00f3\u0142pracy i zaanga\u017cowaniu Centrum Wsp\u00f3\u0142pracy Mi\u0119dzynarodowej WSKZ.&nbsp;<\/p>\n\n\n\n<p>Obecno\u015b\u0107 przedstawiciela Uczelni na jednym z wa\u017cniejszych wydarze\u0144 po\u015bwi\u0119conych bezpiecze\u0144stwu w regionie Europy \u015arodkowo-Wschodniej wzmacnia wizerunek WSKZ jako otwartej na wsp\u00f3\u0142prac\u0119 mi\u0119dzynarodow\u0105. <strong>Jednocze\u015bnie podkre\u015bla je otwarto\u015b\u0107 na rozw\u00f3j bada\u0144 oraz dialog z ekspertami i instytucjami z r\u00f3\u017cnych cz\u0119\u015bci \u015bwiata.<\/strong><\/p>\n\n\n\n<figure class=\"wp-block-gallery has-nested-images columns-default is-cropped wp-block-gallery-1 is-layout-flex wp-block-gallery-is-layout-flex\">\n<figure class=\"wp-block-image size-large\"><img loading=\"lazy\" decoding=\"async\" width=\"768\" height=\"1024\" data-id=\"9231\" src=\"https:\/\/studia-wroclaw.pl\/wp-content\/uploads\/2026\/03\/Vilnius-Security-Forum-2026-2-768x1024.jpg\" alt=\"Vilnius Security Forum 2026\" class=\"wp-image-9231\" srcset=\"https:\/\/studia-wroclaw.pl\/wp-content\/uploads\/2026\/03\/Vilnius-Security-Forum-2026-2-768x1024.jpg 768w, https:\/\/studia-wroclaw.pl\/wp-content\/uploads\/2026\/03\/Vilnius-Security-Forum-2026-2-225x300.jpg 225w, https:\/\/studia-wroclaw.pl\/wp-content\/uploads\/2026\/03\/Vilnius-Security-Forum-2026-2-1152x1536.jpg 1152w, https:\/\/studia-wroclaw.pl\/wp-content\/uploads\/2026\/03\/Vilnius-Security-Forum-2026-2-9x12.jpg 9w, https:\/\/studia-wroclaw.pl\/wp-content\/uploads\/2026\/03\/Vilnius-Security-Forum-2026-2.jpg 1200w\" sizes=\"auto, (max-width: 768px) 100vw, 768px\" \/><\/figure>\n\n\n\n<figure class=\"wp-block-image size-large\"><img loading=\"lazy\" decoding=\"async\" width=\"1024\" height=\"768\" data-id=\"9232\" src=\"https:\/\/studia-wroclaw.pl\/wp-content\/uploads\/2026\/03\/Vilnius-Security-Forum-2026-5-1024x768.jpg\" alt=\"Vilnius Security Forum 2026\" class=\"wp-image-9232\" srcset=\"https:\/\/studia-wroclaw.pl\/wp-content\/uploads\/2026\/03\/Vilnius-Security-Forum-2026-5-1024x768.jpg 1024w, https:\/\/studia-wroclaw.pl\/wp-content\/uploads\/2026\/03\/Vilnius-Security-Forum-2026-5-300x225.jpg 300w, https:\/\/studia-wroclaw.pl\/wp-content\/uploads\/2026\/03\/Vilnius-Security-Forum-2026-5-768x576.jpg 768w, https:\/\/studia-wroclaw.pl\/wp-content\/uploads\/2026\/03\/Vilnius-Security-Forum-2026-5-1536x1152.jpg 1536w, https:\/\/studia-wroclaw.pl\/wp-content\/uploads\/2026\/03\/Vilnius-Security-Forum-2026-5-16x12.jpg 16w, https:\/\/studia-wroclaw.pl\/wp-content\/uploads\/2026\/03\/Vilnius-Security-Forum-2026-5.jpg 1600w\" sizes=\"auto, (max-width: 1024px) 100vw, 1024px\" \/><\/figure>\n\n\n\n<figure class=\"wp-block-image size-large\"><img loading=\"lazy\" decoding=\"async\" width=\"1024\" height=\"768\" data-id=\"9233\" src=\"https:\/\/studia-wroclaw.pl\/wp-content\/uploads\/2026\/03\/Vilnius-Security-Forum-2026-8-1024x768.jpg\" alt=\"Vilnius Security Forum 2026\" class=\"wp-image-9233\" srcset=\"https:\/\/studia-wroclaw.pl\/wp-content\/uploads\/2026\/03\/Vilnius-Security-Forum-2026-8-1024x768.jpg 1024w, https:\/\/studia-wroclaw.pl\/wp-content\/uploads\/2026\/03\/Vilnius-Security-Forum-2026-8-300x225.jpg 300w, https:\/\/studia-wroclaw.pl\/wp-content\/uploads\/2026\/03\/Vilnius-Security-Forum-2026-8-768x576.jpg 768w, https:\/\/studia-wroclaw.pl\/wp-content\/uploads\/2026\/03\/Vilnius-Security-Forum-2026-8-1536x1152.jpg 1536w, https:\/\/studia-wroclaw.pl\/wp-content\/uploads\/2026\/03\/Vilnius-Security-Forum-2026-8-16x12.jpg 16w, https:\/\/studia-wroclaw.pl\/wp-content\/uploads\/2026\/03\/Vilnius-Security-Forum-2026-8.jpg 1600w\" sizes=\"auto, (max-width: 1024px) 100vw, 1024px\" \/><\/figure>\n\n\n\n<figure class=\"wp-block-image size-large\"><img loading=\"lazy\" decoding=\"async\" width=\"1024\" height=\"768\" data-id=\"9234\" src=\"https:\/\/studia-wroclaw.pl\/wp-content\/uploads\/2026\/03\/Vilnius-Security-Forum-2026-10-1024x768.jpg\" alt=\"Vilnius Security Forum 2026\" class=\"wp-image-9234\" srcset=\"https:\/\/studia-wroclaw.pl\/wp-content\/uploads\/2026\/03\/Vilnius-Security-Forum-2026-10-1024x768.jpg 1024w, https:\/\/studia-wroclaw.pl\/wp-content\/uploads\/2026\/03\/Vilnius-Security-Forum-2026-10-300x225.jpg 300w, https:\/\/studia-wroclaw.pl\/wp-content\/uploads\/2026\/03\/Vilnius-Security-Forum-2026-10-768x576.jpg 768w, https:\/\/studia-wroclaw.pl\/wp-content\/uploads\/2026\/03\/Vilnius-Security-Forum-2026-10-1536x1152.jpg 1536w, https:\/\/studia-wroclaw.pl\/wp-content\/uploads\/2026\/03\/Vilnius-Security-Forum-2026-10-16x12.jpg 16w, https:\/\/studia-wroclaw.pl\/wp-content\/uploads\/2026\/03\/Vilnius-Security-Forum-2026-10.jpg 1600w\" sizes=\"auto, (max-width: 1024px) 100vw, 1024px\" \/><\/figure>\n\n\n\n<figure class=\"wp-block-image size-large\"><img loading=\"lazy\" decoding=\"async\" width=\"1024\" height=\"768\" data-id=\"9235\" src=\"https:\/\/studia-wroclaw.pl\/wp-content\/uploads\/2026\/03\/Vilnius-Security-Forum-2026-12-1024x768.jpg\" alt=\"Vilnius Security Forum 2026\" class=\"wp-image-9235\" srcset=\"https:\/\/studia-wroclaw.pl\/wp-content\/uploads\/2026\/03\/Vilnius-Security-Forum-2026-12-1024x768.jpg 1024w, https:\/\/studia-wroclaw.pl\/wp-content\/uploads\/2026\/03\/Vilnius-Security-Forum-2026-12-300x225.jpg 300w, https:\/\/studia-wroclaw.pl\/wp-content\/uploads\/2026\/03\/Vilnius-Security-Forum-2026-12-768x576.jpg 768w, https:\/\/studia-wroclaw.pl\/wp-content\/uploads\/2026\/03\/Vilnius-Security-Forum-2026-12-1536x1152.jpg 1536w, https:\/\/studia-wroclaw.pl\/wp-content\/uploads\/2026\/03\/Vilnius-Security-Forum-2026-12-16x12.jpg 16w, https:\/\/studia-wroclaw.pl\/wp-content\/uploads\/2026\/03\/Vilnius-Security-Forum-2026-12.jpg 1600w\" sizes=\"auto, (max-width: 1024px) 100vw, 1024px\" \/><\/figure>\n\n\n\n<figure class=\"wp-block-image size-large\"><img loading=\"lazy\" decoding=\"async\" width=\"1024\" height=\"768\" data-id=\"9236\" src=\"https:\/\/studia-wroclaw.pl\/wp-content\/uploads\/2026\/03\/Vilnius-Security-Forum-2026-13-1024x768.jpg\" alt=\"Vilnius Security Forum 2026\" class=\"wp-image-9236\" srcset=\"https:\/\/studia-wroclaw.pl\/wp-content\/uploads\/2026\/03\/Vilnius-Security-Forum-2026-13-1024x768.jpg 1024w, https:\/\/studia-wroclaw.pl\/wp-content\/uploads\/2026\/03\/Vilnius-Security-Forum-2026-13-300x225.jpg 300w, https:\/\/studia-wroclaw.pl\/wp-content\/uploads\/2026\/03\/Vilnius-Security-Forum-2026-13-768x576.jpg 768w, https:\/\/studia-wroclaw.pl\/wp-content\/uploads\/2026\/03\/Vilnius-Security-Forum-2026-13-1536x1152.jpg 1536w, https:\/\/studia-wroclaw.pl\/wp-content\/uploads\/2026\/03\/Vilnius-Security-Forum-2026-13-16x12.jpg 16w, https:\/\/studia-wroclaw.pl\/wp-content\/uploads\/2026\/03\/Vilnius-Security-Forum-2026-13.jpg 1600w\" sizes=\"auto, (max-width: 1024px) 100vw, 1024px\" \/><\/figure>\n\n\n\n<figure class=\"wp-block-image size-large\"><img loading=\"lazy\" decoding=\"async\" width=\"1024\" height=\"768\" data-id=\"9237\" src=\"https:\/\/studia-wroclaw.pl\/wp-content\/uploads\/2026\/03\/Vilnius-Security-Forum-2026-14-1024x768.jpg\" alt=\"Vilnius Security Forum 2026\" class=\"wp-image-9237\" srcset=\"https:\/\/studia-wroclaw.pl\/wp-content\/uploads\/2026\/03\/Vilnius-Security-Forum-2026-14-1024x768.jpg 1024w, https:\/\/studia-wroclaw.pl\/wp-content\/uploads\/2026\/03\/Vilnius-Security-Forum-2026-14-300x225.jpg 300w, https:\/\/studia-wroclaw.pl\/wp-content\/uploads\/2026\/03\/Vilnius-Security-Forum-2026-14-768x576.jpg 768w, https:\/\/studia-wroclaw.pl\/wp-content\/uploads\/2026\/03\/Vilnius-Security-Forum-2026-14-1536x1152.jpg 1536w, https:\/\/studia-wroclaw.pl\/wp-content\/uploads\/2026\/03\/Vilnius-Security-Forum-2026-14-16x12.jpg 16w, https:\/\/studia-wroclaw.pl\/wp-content\/uploads\/2026\/03\/Vilnius-Security-Forum-2026-14.jpg 1600w\" sizes=\"auto, (max-width: 1024px) 100vw, 1024px\" \/><\/figure>\n<\/figure>","protected":false},"excerpt":{"rendered":"<p>Profesor wizytuj\u0105cy Timo Hellenberg z Finlandii reprezentowa\u0142 Wy\u017csz\u0105 Szko\u0142\u0119 Kszta\u0142cenia Zawodowego we Wroc\u0142awiu podczas Vilnius Security Forum 2026, kt\u00f3re odby\u0142o si\u0119 w dniach 25-26 lutego 2026 r. w Wilnie. Wydarzenie zgromadzi\u0142o ekspert\u00f3w, przedstawicieli administracji publicznej, sektora obronnego oraz \u015brodowiska akademickiego z wielu kraj\u00f3w Europy i obszaru transatlantyckiego.&nbsp; Sztuczna inteligencja a przysz\u0142o\u015b\u0107 przemys\u0142u obronnego W dniu [&hellip;]<\/p>","protected":false},"author":36,"featured_media":0,"comment_status":"open","ping_status":"open","sticky":false,"template":"","format":"standard","meta":{"om_disable_all_campaigns":false,"footnotes":""},"categories":[50,57],"tags":[],"class_list":["post-9221","post","type-post","status-publish","format-standard","hentry","category-aktualnosci","category-wykladowcy"],"yoast_head":"<!-- This site is optimized with the Yoast SEO plugin v25.9 - https:\/\/yoast.com\/wordpress\/plugins\/seo\/ -->\n<title>Profesor wizytuj\u0105cy WSKZ na Vilnius Security Forum 2026 - Studia Wroc\u0142aw<\/title>\n<meta name=\"robots\" content=\"index, follow, max-snippet:-1, max-image-preview:large, max-video-preview:-1\" \/>\n<link rel=\"canonical\" href=\"https:\/\/studia-wroclaw.pl\/en\/profesor-wizytujacy-wskz-na-vilnius-security-forum-2026\/\" \/>\n<meta property=\"og:locale\" content=\"en_GB\" \/>\n<meta property=\"og:type\" content=\"article\" \/>\n<meta property=\"og:title\" content=\"Profesor wizytuj\u0105cy WSKZ na Vilnius Security Forum 2026 - Studia Wroc\u0142aw\" \/>\n<meta property=\"og:description\" content=\"Profesor wizytuj\u0105cy Timo Hellenberg z Finlandii reprezentowa\u0142 Wy\u017csz\u0105 Szko\u0142\u0119 Kszta\u0142cenia Zawodowego we Wroc\u0142awiu podczas Vilnius Security Forum 2026, kt\u00f3re odby\u0142o si\u0119 w dniach 25-26 lutego 2026 r. w Wilnie. Wydarzenie zgromadzi\u0142o ekspert\u00f3w, przedstawicieli administracji publicznej, sektora obronnego oraz \u015brodowiska akademickiego z wielu kraj\u00f3w Europy i obszaru transatlantyckiego.&nbsp; Sztuczna inteligencja a przysz\u0142o\u015b\u0107 przemys\u0142u obronnego W dniu [&hellip;]\" \/>\n<meta property=\"og:url\" content=\"https:\/\/studia-wroclaw.pl\/en\/profesor-wizytujacy-wskz-na-vilnius-security-forum-2026\/\" \/>\n<meta property=\"og:site_name\" content=\"Studia Wroc\u0142aw\" \/>\n<meta property=\"article:published_time\" content=\"2026-03-10T07:29:57+00:00\" \/>\n<meta property=\"og:image\" content=\"https:\/\/studia-wroclaw.pl\/wp-content\/uploads\/2026\/03\/Vilnius-Security-Forum-2026-2.jpg\" \/>\n\t<meta property=\"og:image:width\" content=\"1200\" \/>\n\t<meta property=\"og:image:height\" content=\"1600\" \/>\n\t<meta property=\"og:image:type\" content=\"image\/jpeg\" \/>\n<meta name=\"author\" content=\"Karina Dycha\u0142a\" \/>\n<meta name=\"twitter:card\" content=\"summary_large_image\" \/>\n<meta name=\"twitter:label1\" content=\"Written by\" \/>\n\t<meta name=\"twitter:data1\" content=\"Karina Dycha\u0142a\" \/>\n\t<meta name=\"twitter:label2\" content=\"Estimated reading time\" \/>\n\t<meta name=\"twitter:data2\" content=\"4 minutes\" \/>\n<script type=\"application\/ld+json\" class=\"yoast-schema-graph\">{\"@context\":\"https:\/\/schema.org\",\"@graph\":[{\"@type\":\"WebPage\",\"@id\":\"https:\/\/studia-wroclaw.pl\/profesor-wizytujacy-wskz-na-vilnius-security-forum-2026\/\",\"url\":\"https:\/\/studia-wroclaw.pl\/profesor-wizytujacy-wskz-na-vilnius-security-forum-2026\/\",\"name\":\"Profesor wizytuj\u0105cy WSKZ na Vilnius Security Forum 2026 - Studia Wroc\u0142aw\",\"isPartOf\":{\"@id\":\"https:\/\/studia-wroclaw.pl\/#website\"},\"primaryImageOfPage\":{\"@id\":\"https:\/\/studia-wroclaw.pl\/profesor-wizytujacy-wskz-na-vilnius-security-forum-2026\/#primaryimage\"},\"image\":{\"@id\":\"https:\/\/studia-wroclaw.pl\/profesor-wizytujacy-wskz-na-vilnius-security-forum-2026\/#primaryimage\"},\"thumbnailUrl\":\"https:\/\/studia-wroclaw.pl\/wp-content\/uploads\/2026\/03\/Vilnius-Security-Forum-2026-2-768x1024.jpg\",\"datePublished\":\"2026-03-10T07:29:57+00:00\",\"author\":{\"@id\":\"https:\/\/studia-wroclaw.pl\/#\/schema\/person\/50f212a057f8ab718194a85c9aecb4d5\"},\"breadcrumb\":{\"@id\":\"https:\/\/studia-wroclaw.pl\/profesor-wizytujacy-wskz-na-vilnius-security-forum-2026\/#breadcrumb\"},\"inLanguage\":\"en-GB\",\"potentialAction\":[{\"@type\":\"ReadAction\",\"target\":[\"https:\/\/studia-wroclaw.pl\/profesor-wizytujacy-wskz-na-vilnius-security-forum-2026\/\"]}]},{\"@type\":\"ImageObject\",\"inLanguage\":\"en-GB\",\"@id\":\"https:\/\/studia-wroclaw.pl\/profesor-wizytujacy-wskz-na-vilnius-security-forum-2026\/#primaryimage\",\"url\":\"https:\/\/studia-wroclaw.pl\/wp-content\/uploads\/2026\/03\/Vilnius-Security-Forum-2026-2-768x1024.jpg\",\"contentUrl\":\"https:\/\/studia-wroclaw.pl\/wp-content\/uploads\/2026\/03\/Vilnius-Security-Forum-2026-2-768x1024.jpg\"},{\"@type\":\"BreadcrumbList\",\"@id\":\"https:\/\/studia-wroclaw.pl\/profesor-wizytujacy-wskz-na-vilnius-security-forum-2026\/#breadcrumb\",\"itemListElement\":[{\"@type\":\"ListItem\",\"position\":1,\"name\":\"Strona g\u0142\u00f3wna\",\"item\":\"https:\/\/studia-wroclaw.pl\/\"},{\"@type\":\"ListItem\",\"position\":2,\"name\":\"Profesor wizytuj\u0105cy WSKZ na Vilnius Security Forum 2026\"}]},{\"@type\":\"WebSite\",\"@id\":\"https:\/\/studia-wroclaw.pl\/#website\",\"url\":\"https:\/\/studia-wroclaw.pl\/\",\"name\":\"Studia Wroc\u0142aw\",\"description\":\"\",\"potentialAction\":[{\"@type\":\"SearchAction\",\"target\":{\"@type\":\"EntryPoint\",\"urlTemplate\":\"https:\/\/studia-wroclaw.pl\/?s={search_term_string}\"},\"query-input\":{\"@type\":\"PropertyValueSpecification\",\"valueRequired\":true,\"valueName\":\"search_term_string\"}}],\"inLanguage\":\"en-GB\"},{\"@type\":\"Person\",\"@id\":\"https:\/\/studia-wroclaw.pl\/#\/schema\/person\/50f212a057f8ab718194a85c9aecb4d5\",\"name\":\"Karina Dycha\u0142a\",\"image\":{\"@type\":\"ImageObject\",\"inLanguage\":\"en-GB\",\"@id\":\"https:\/\/studia-wroclaw.pl\/#\/schema\/person\/image\/\",\"url\":\"https:\/\/secure.gravatar.com\/avatar\/09b8a8541625e267cf808bd7db9d6075406c3094f3ef7dd4a936673e9d896f6d?s=96&d=mm&r=g\",\"contentUrl\":\"https:\/\/secure.gravatar.com\/avatar\/09b8a8541625e267cf808bd7db9d6075406c3094f3ef7dd4a936673e9d896f6d?s=96&d=mm&r=g\",\"caption\":\"Karina Dycha\u0142a\"},\"url\":\"https:\/\/studia-wroclaw.pl\/en\/author\/karina\/\"}]}<\/script>\n<!-- \/ Yoast SEO plugin. -->","yoast_head_json":{"title":"Profesor wizytuj\u0105cy WSKZ na Vilnius Security Forum 2026 - Studia Wroc\u0142aw","robots":{"index":"index","follow":"follow","max-snippet":"max-snippet:-1","max-image-preview":"max-image-preview:large","max-video-preview":"max-video-preview:-1"},"canonical":"https:\/\/studia-wroclaw.pl\/en\/profesor-wizytujacy-wskz-na-vilnius-security-forum-2026\/","og_locale":"en_GB","og_type":"article","og_title":"Profesor wizytuj\u0105cy WSKZ na Vilnius Security Forum 2026 - Studia Wroc\u0142aw","og_description":"Profesor wizytuj\u0105cy Timo Hellenberg z Finlandii reprezentowa\u0142 Wy\u017csz\u0105 Szko\u0142\u0119 Kszta\u0142cenia Zawodowego we Wroc\u0142awiu podczas Vilnius Security Forum 2026, kt\u00f3re odby\u0142o si\u0119 w dniach 25-26 lutego 2026 r. w Wilnie. Wydarzenie zgromadzi\u0142o ekspert\u00f3w, przedstawicieli administracji publicznej, sektora obronnego oraz \u015brodowiska akademickiego z wielu kraj\u00f3w Europy i obszaru transatlantyckiego.&nbsp; Sztuczna inteligencja a przysz\u0142o\u015b\u0107 przemys\u0142u obronnego W dniu [&hellip;]","og_url":"https:\/\/studia-wroclaw.pl\/en\/profesor-wizytujacy-wskz-na-vilnius-security-forum-2026\/","og_site_name":"Studia Wroc\u0142aw","article_published_time":"2026-03-10T07:29:57+00:00","og_image":[{"width":1200,"height":1600,"url":"https:\/\/studia-wroclaw.pl\/wp-content\/uploads\/2026\/03\/Vilnius-Security-Forum-2026-2.jpg","type":"image\/jpeg"}],"author":"Karina Dycha\u0142a","twitter_card":"summary_large_image","twitter_misc":{"Written by":"Karina Dycha\u0142a","Estimated reading time":"4 minutes"},"schema":{"@context":"https:\/\/schema.org","@graph":[{"@type":"WebPage","@id":"https:\/\/studia-wroclaw.pl\/profesor-wizytujacy-wskz-na-vilnius-security-forum-2026\/","url":"https:\/\/studia-wroclaw.pl\/profesor-wizytujacy-wskz-na-vilnius-security-forum-2026\/","name":"Profesor wizytuj\u0105cy WSKZ na Vilnius Security Forum 2026 - Studia Wroc\u0142aw","isPartOf":{"@id":"https:\/\/studia-wroclaw.pl\/#website"},"primaryImageOfPage":{"@id":"https:\/\/studia-wroclaw.pl\/profesor-wizytujacy-wskz-na-vilnius-security-forum-2026\/#primaryimage"},"image":{"@id":"https:\/\/studia-wroclaw.pl\/profesor-wizytujacy-wskz-na-vilnius-security-forum-2026\/#primaryimage"},"thumbnailUrl":"https:\/\/studia-wroclaw.pl\/wp-content\/uploads\/2026\/03\/Vilnius-Security-Forum-2026-2-768x1024.jpg","datePublished":"2026-03-10T07:29:57+00:00","author":{"@id":"https:\/\/studia-wroclaw.pl\/#\/schema\/person\/50f212a057f8ab718194a85c9aecb4d5"},"breadcrumb":{"@id":"https:\/\/studia-wroclaw.pl\/profesor-wizytujacy-wskz-na-vilnius-security-forum-2026\/#breadcrumb"},"inLanguage":"en-GB","potentialAction":[{"@type":"ReadAction","target":["https:\/\/studia-wroclaw.pl\/profesor-wizytujacy-wskz-na-vilnius-security-forum-2026\/"]}]},{"@type":"ImageObject","inLanguage":"en-GB","@id":"https:\/\/studia-wroclaw.pl\/profesor-wizytujacy-wskz-na-vilnius-security-forum-2026\/#primaryimage","url":"https:\/\/studia-wroclaw.pl\/wp-content\/uploads\/2026\/03\/Vilnius-Security-Forum-2026-2-768x1024.jpg","contentUrl":"https:\/\/studia-wroclaw.pl\/wp-content\/uploads\/2026\/03\/Vilnius-Security-Forum-2026-2-768x1024.jpg"},{"@type":"BreadcrumbList","@id":"https:\/\/studia-wroclaw.pl\/profesor-wizytujacy-wskz-na-vilnius-security-forum-2026\/#breadcrumb","itemListElement":[{"@type":"ListItem","position":1,"name":"Strona g\u0142\u00f3wna","item":"https:\/\/studia-wroclaw.pl\/"},{"@type":"ListItem","position":2,"name":"Profesor wizytuj\u0105cy WSKZ na Vilnius Security Forum 2026"}]},{"@type":"WebSite","@id":"https:\/\/studia-wroclaw.pl\/#website","url":"https:\/\/studia-wroclaw.pl\/","name":"Studies Wroclaw","description":"","potentialAction":[{"@type":"SearchAction","target":{"@type":"EntryPoint","urlTemplate":"https:\/\/studia-wroclaw.pl\/?s={search_term_string}"},"query-input":{"@type":"PropertyValueSpecification","valueRequired":true,"valueName":"search_term_string"}}],"inLanguage":"en-GB"},{"@type":"Person","@id":"https:\/\/studia-wroclaw.pl\/#\/schema\/person\/50f212a057f8ab718194a85c9aecb4d5","name":"Karina Dycha\u0142a","image":{"@type":"ImageObject","inLanguage":"en-GB","@id":"https:\/\/studia-wroclaw.pl\/#\/schema\/person\/image\/","url":"https:\/\/secure.gravatar.com\/avatar\/09b8a8541625e267cf808bd7db9d6075406c3094f3ef7dd4a936673e9d896f6d?s=96&d=mm&r=g","contentUrl":"https:\/\/secure.gravatar.com\/avatar\/09b8a8541625e267cf808bd7db9d6075406c3094f3ef7dd4a936673e9d896f6d?s=96&d=mm&r=g","caption":"Karina Dycha\u0142a"},"url":"https:\/\/studia-wroclaw.pl\/en\/author\/karina\/"}]}},"_links":{"self":[{"href":"https:\/\/studia-wroclaw.pl\/en\/wp-json\/wp\/v2\/posts\/9221","targetHints":{"allow":["GET"]}}],"collection":[{"href":"https:\/\/studia-wroclaw.pl\/en\/wp-json\/wp\/v2\/posts"}],"about":[{"href":"https:\/\/studia-wroclaw.pl\/en\/wp-json\/wp\/v2\/types\/post"}],"author":[{"embeddable":true,"href":"https:\/\/studia-wroclaw.pl\/en\/wp-json\/wp\/v2\/users\/36"}],"replies":[{"embeddable":true,"href":"https:\/\/studia-wroclaw.pl\/en\/wp-json\/wp\/v2\/comments?post=9221"}],"version-history":[{"count":1,"href":"https:\/\/studia-wroclaw.pl\/en\/wp-json\/wp\/v2\/posts\/9221\/revisions"}],"predecessor-version":[{"id":9238,"href":"https:\/\/studia-wroclaw.pl\/en\/wp-json\/wp\/v2\/posts\/9221\/revisions\/9238"}],"wp:attachment":[{"href":"https:\/\/studia-wroclaw.pl\/en\/wp-json\/wp\/v2\/media?parent=9221"}],"wp:term":[{"taxonomy":"category","embeddable":true,"href":"https:\/\/studia-wroclaw.pl\/en\/wp-json\/wp\/v2\/categories?post=9221"},{"taxonomy":"post_tag","embeddable":true,"href":"https:\/\/studia-wroclaw.pl\/en\/wp-json\/wp\/v2\/tags?post=9221"}],"curies":[{"name":"wp","href":"https:\/\/api.w.org\/{rel}","templated":true}]}}