{"id":9224,"date":"2026-03-10T08:33:43","date_gmt":"2026-03-10T07:33:43","guid":{"rendered":"https:\/\/studia-wroclaw.pl\/?p=9224"},"modified":"2026-03-10T08:33:43","modified_gmt":"2026-03-10T07:33:43","slug":"intensywny-luty-prof-mariusza-z-jedrzejki-badania-konferencje-i-dzialania-eksperckie","status":"publish","type":"post","link":"https:\/\/studia-wroclaw.pl\/en\/intensywny-luty-prof-mariusza-z-jedrzejki-badania-konferencje-i-dzialania-eksperckie\/","title":{"rendered":"Intensywny luty prof. Mariusza Z. J\u0119drzejki \u2013 badania, konferencje i dzia\u0142ania eksperckie"},"content":{"rendered":"<p>Luty by\u0142 dla dr. hab. Mariusza Z. J\u0119drzejki, prof. WSKZ, miesi\u0105cem wyj\u0105tkowo intensywnej aktywno\u015bci naukowej i eksperckiej. <strong>Badania, konferencje, warsztaty, wsp\u00f3\u0142praca z instytucjami oraz komentarze w mediach og\u00f3lnopolskich pokazuj\u0105 skal\u0119 zaanga\u017cowania wyk\u0142adowcy w analiz\u0119 i przeciwdzia\u0142anie wsp\u00f3\u0142czesnym problemom spo\u0142ecznym.<\/strong><\/p>\n\n\n\n<h2 class=\"wp-block-heading\">Sylwetka prof. J\u0119drzejko<\/h2>\n\n\n\n<p>Prof. J\u0119drzejko <strong>od lat \u0142\u0105czy dzia\u0142alno\u015b\u0107 naukow\u0105 z praktyk\u0105 terapeutyczn\u0105 i edukacyjn\u0105. <\/strong>Jako pedagog, diagnosta uzale\u017cnie\u0144 oraz badacz zachowa\u0144 ryzykownych dzieci i m\u0142odzie\u017cy konsekwentnie rozwija projekty, kt\u00f3re \u0142\u0105cz\u0105 teori\u0119 z potrzebami szk\u00f3\u0142, rodzin i instytucji publicznych. W centrum jego zainteresowa\u0144 znajduj\u0105 si\u0119 m.in. nowe technologie cyfrowe i ich wp\u0142yw na rozw\u00f3j m\u0142odego pokolenia.<\/p>\n\n\n\n<h2 class=\"wp-block-heading\">Badania naukowe i projekty eksperckie<\/h2>\n\n\n\n<p>Istotn\u0105 cz\u0119\u015bci\u0105 dzia\u0142alno\u015bci profesora by\u0142a w lutym praca badawcza i redakcyjna. Kontynuowane by\u0142y badania focusowe w ramach projektu <strong>\u201eZachowania ryzykowne dzieci, m\u0142odzie\u017cy i m\u0142odych doros\u0142ych\u201d<\/strong>, kt\u00f3rego trzeci etap po\u015bwi\u0119cony jest relacji mi\u0119dzy technologiami cyfrowymi a zachowaniami edukacyjnymi m\u0142odych ludzi.<\/p>\n\n\n\n<p>Trwaj\u0105 tak\u017ce prace nad publikacj\u0105 <strong>\u201eIdentyfikator narkotyk\u00f3w i NSP 2026\u201d<\/strong>, kt\u00f3ra obecnie znajduje si\u0119 w procesie recenzyjnym. Wydanie planowane jest na kwiecie\u0144 2026 r. Publikacja ta stanowi wa\u017cne narz\u0119dzie dla praktyk\u00f3w \u2013 pedagog\u00f3w oraz przedstawicieli s\u0142u\u017cb zajmuj\u0105cych si\u0119 przeciwdzia\u0142aniem uzale\u017cnieniom.<\/p>\n\n\n\n<p>Prof. J\u0119drzejko przygotowa\u0142 r\u00f3wnie\u017c recenzje naukowe artyku\u0142\u00f3w dla czasopisma <strong>\u201eWychowanie Na Co Dzie\u0144\u201d<\/strong>, wspieraj\u0105c rozw\u00f3j wysokich standard\u00f3w publikacyjnych w obszarze pedagogiki i profilaktyki spo\u0142ecznej.<\/p>\n\n\n\n<h2 class=\"wp-block-heading\">Udzia\u0142 w konferencjach i debatach naukowych<\/h2>\n\n\n\n<p>W lutym profesor aktywnie uczestniczy\u0142 w wydarzeniach naukowych i eksperckich organizowanych w r\u00f3\u017cnych o\u015brodkach akademickich i instytucjach edukacyjnych w Polsce.<\/p>\n\n\n\n<ul class=\"wp-block-list\">\n<li><strong>12 lutego<\/strong> wzi\u0105\u0142 udzia\u0142 w konferencji popularnonaukowej <strong>\u201eAkademickie wsparcie polskiej szko\u0142y\u201d<\/strong> w Radomiu, po\u015bwi\u0119conej problematyce funkcjonowania szko\u0142y w warunkach spo\u0142ecze\u0144stwa wielowymiarowego ryzyka.<\/li>\n\n\n\n<li><strong>25 lutego<\/strong> uczestniczy\u0142 w konferencji naukowej inauguruj\u0105cej program <strong>\u201eRazem mo\u017cemy wi\u0119cej\u201d<\/strong> w O\u015brodku Rozwoju Edukacji w \u0141odzi, gdzie dyskutowano o znaczeniu warto\u015bci i granic w wychowaniu dzieci.<\/li>\n\n\n\n<li><strong>26 lutego<\/strong> by\u0142 jednym z uczestnik\u00f3w konferencji naukowo-metodycznej <strong>\u201eZachowania ryzykowne dzieci i m\u0142odzie\u017cy. Wyzwania dla psychoprofilaktyki\u201d<\/strong>, zorganizowanej we Wroc\u0142awiu przez Wy\u017csz\u0105 Szko\u0142\u0119 Kszta\u0142cenia Zawodowego.<\/li>\n<\/ul>\n\n\n\n<h2 class=\"wp-block-heading\">Warsztaty dla nauczycieli i \u015brodowisk edukacyjnych<\/h2>\n\n\n\n<p>Istotn\u0105 cz\u0119\u015bci\u0105 dzia\u0142alno\u015bci prof. J\u0119drzejki jest <strong>bezpo\u015brednia wsp\u00f3\u0142praca z nauczycielami, pedagogami i rodzicami. <\/strong>W lutym prowadzi\u0142 liczne warsztaty i szkolenia profilaktyczne po\u015bwi\u0119cone m.in. wp\u0142ywowi technologii cyfrowych na rozw\u00f3j dzieci oraz metodom przeciwdzia\u0142ania zachowaniom ryzykownym.<\/p>\n\n\n\n<p>W\u015br\u00f3d najwa\u017cniejszych spotka\u0144 znalaz\u0142y si\u0119 m.in.:<\/p>\n\n\n\n<ul class=\"wp-block-list\">\n<li><strong>warsztaty profilaktyczno-metodyczne dla nauczycieli i pedagog\u00f3w gminy Strzegowo<\/strong> dotycz\u0105ce diagnozowania cyberzaburze\u0144 i budowania relacji dzieci z technologiami cyfrowymi;<\/li>\n\n\n\n<li><strong>szkolenie dla nauczycieli i rodzic\u00f3w Przedszkola nr 233 w Warszawie<\/strong> po\u015bwi\u0119cone wp\u0142ywowi ekran\u00f3w na rozw\u00f3j najm\u0142odszych dzieci;<\/li>\n\n\n\n<li><strong>warsztaty dla nauczycieli gminy Czerwin <\/strong>dotycz\u0105ce skutecznych metod profilaktyki zachowa\u0144 ryzykownych,<\/li>\n\n\n\n<li>szkolenie dla rady pedagogicznej Szko\u0142y Podstawowej nr 2 w Otwocku na temat wp\u0142ywu technologii ekranowych na rozw\u00f3j emocjonalny i edukacyjny dzieci;<\/li>\n\n\n\n<li><strong>warsztaty metodyczne dla nauczycieli szk\u00f3\u0142 gminy Bielawy <\/strong>po\u015bwi\u0119cone modelowaniu relacji dzieci z nowymi technologiami.<\/li>\n<\/ul>\n\n\n\n<p>Spotkania te mia\u0142y charakter praktyczny \u2013 <strong>uczestnicy otrzymali konkretne narz\u0119dzia i rozwi\u0105zania, kt\u00f3re mog\u0105 bezpo\u015brednio wykorzysta\u0107 w pracy z dzie\u0107mi i m\u0142odzie\u017c\u0105.<\/strong><\/p>\n\n\n\n<h2 class=\"wp-block-heading\">Obecno\u015b\u0107 w mediach og\u00f3lnopolskich<\/h2>\n\n\n\n<p>Ekspercka wiedza prof. J\u0119drzejki jest r\u00f3wnie\u017c wykorzystywana w debacie publicznej. W lutym wyk\u0142adowca WSKZ wyst\u0105pi\u0142 m.in. w programie \u201eWydarzenia\u201d oraz w programie \u015bniadaniowym \u201eHalo tu Polsat\u201d. <strong>Komentowa\u0142 tam on aktualne problemy spo\u0142eczne dotycz\u0105ce m\u0142odzie\u017cy, uzale\u017cnie\u0144 i zachowa\u0144 ryzykownych. <\/strong>Wzi\u0105\u0142 tak\u017ce udzia\u0142 w nagraniu podcastu dla \u201eStudia Dobrych Praktyk\u201d, po\u015bwi\u0119conego modelowaniu relacji ma\u0142ych dzieci z technologiami ekranowymi.<\/p>\n\n\n\n<h2 class=\"wp-block-heading\">Wsp\u00f3\u0142praca ekspercka i projekty rozwojowe<\/h2>\n\n\n\n<p>Luty przyni\u00f3s\u0142 r\u00f3wnie\u017c dzia\u0142ania w obszarze wsp\u00f3\u0142pracy eksperckiej. Prof. J\u0119drzejko spotka\u0142 si\u0119 z oficerami Centralnego Biura \u015aledczego Policji, gdzie<strong> omawiano kierunki rozwoju przest\u0119pczo\u015bci narkotykowej i wyzwania stoj\u0105ce przed systemem profilaktyki.<\/strong><\/p>\n\n\n\n<p>Profesor spotka\u0142 si\u0119 tak\u017ce z pracownikami naukowymi Akademii Humanitas, po\u015bwi\u0119cone <strong>przygotowaniu publikacji \u201eEdukacja 4.0\u201d, dotycz\u0105cej wyzwa\u0144 wsp\u00f3\u0142czesnej edukacji w erze transformacji cyfrowej.<\/strong><\/p>\n\n\n\n<p>Intensywny miesi\u0105c pracy eksperta pokazuje, jak wa\u017cn\u0105 rol\u0119 w walce z problemami spo\u0142ecznymi dotykaj\u0105cymi m\u0142ode pokolenie odgrywa <strong>wsp\u00f3\u0142praca mi\u0119dzy \u015brodowiskiem akademickim, praktykami, a instytucjami publicznymi.&nbsp;<\/strong><\/p>","protected":false},"excerpt":{"rendered":"<p>Luty by\u0142 dla dr. hab. Mariusza Z. J\u0119drzejki, prof. WSKZ, miesi\u0105cem wyj\u0105tkowo intensywnej aktywno\u015bci naukowej i eksperckiej. Badania, konferencje, warsztaty, wsp\u00f3\u0142praca z instytucjami oraz komentarze w mediach og\u00f3lnopolskich pokazuj\u0105 skal\u0119 zaanga\u017cowania wyk\u0142adowcy w analiz\u0119 i przeciwdzia\u0142anie wsp\u00f3\u0142czesnym problemom spo\u0142ecznym. Sylwetka prof. J\u0119drzejko Prof. J\u0119drzejko od lat \u0142\u0105czy dzia\u0142alno\u015b\u0107 naukow\u0105 z praktyk\u0105 terapeutyczn\u0105 i edukacyjn\u0105. Jako [&hellip;]<\/p>","protected":false},"author":36,"featured_media":0,"comment_status":"open","ping_status":"open","sticky":false,"template":"","format":"standard","meta":{"om_disable_all_campaigns":false,"footnotes":""},"categories":[50,57],"tags":[],"class_list":["post-9224","post","type-post","status-publish","format-standard","hentry","category-aktualnosci","category-wykladowcy"],"yoast_head":"<!-- This site is optimized with the Yoast SEO plugin v25.9 - https:\/\/yoast.com\/wordpress\/plugins\/seo\/ -->\n<title>Intensywny luty prof. Mariusza Z. J\u0119drzejki \u2013 badania, konferencje i dzia\u0142ania eksperckie - Studia Wroc\u0142aw<\/title>\n<meta name=\"robots\" content=\"index, follow, max-snippet:-1, max-image-preview:large, max-video-preview:-1\" \/>\n<link rel=\"canonical\" href=\"https:\/\/studia-wroclaw.pl\/en\/intensywny-luty-prof-mariusza-z-jedrzejki-badania-konferencje-i-dzialania-eksperckie\/\" \/>\n<meta property=\"og:locale\" content=\"en_GB\" \/>\n<meta property=\"og:type\" content=\"article\" \/>\n<meta property=\"og:title\" content=\"Intensywny luty prof. Mariusza Z. J\u0119drzejki \u2013 badania, konferencje i dzia\u0142ania eksperckie - Studia Wroc\u0142aw\" \/>\n<meta property=\"og:description\" content=\"Luty by\u0142 dla dr. hab. Mariusza Z. J\u0119drzejki, prof. WSKZ, miesi\u0105cem wyj\u0105tkowo intensywnej aktywno\u015bci naukowej i eksperckiej. Badania, konferencje, warsztaty, wsp\u00f3\u0142praca z instytucjami oraz komentarze w mediach og\u00f3lnopolskich pokazuj\u0105 skal\u0119 zaanga\u017cowania wyk\u0142adowcy w analiz\u0119 i przeciwdzia\u0142anie wsp\u00f3\u0142czesnym problemom spo\u0142ecznym. Sylwetka prof. J\u0119drzejko Prof. J\u0119drzejko od lat \u0142\u0105czy dzia\u0142alno\u015b\u0107 naukow\u0105 z praktyk\u0105 terapeutyczn\u0105 i edukacyjn\u0105. Jako [&hellip;]\" \/>\n<meta property=\"og:url\" content=\"https:\/\/studia-wroclaw.pl\/en\/intensywny-luty-prof-mariusza-z-jedrzejki-badania-konferencje-i-dzialania-eksperckie\/\" \/>\n<meta property=\"og:site_name\" content=\"Studia Wroc\u0142aw\" \/>\n<meta property=\"article:published_time\" content=\"2026-03-10T07:33:43+00:00\" \/>\n<meta name=\"author\" content=\"Karina Dycha\u0142a\" \/>\n<meta name=\"twitter:card\" content=\"summary_large_image\" \/>\n<meta name=\"twitter:label1\" content=\"Written by\" \/>\n\t<meta name=\"twitter:data1\" content=\"Karina Dycha\u0142a\" \/>\n\t<meta name=\"twitter:label2\" content=\"Estimated reading time\" \/>\n\t<meta name=\"twitter:data2\" content=\"4 minutes\" \/>\n<script type=\"application\/ld+json\" class=\"yoast-schema-graph\">{\"@context\":\"https:\/\/schema.org\",\"@graph\":[{\"@type\":\"WebPage\",\"@id\":\"https:\/\/studia-wroclaw.pl\/intensywny-luty-prof-mariusza-z-jedrzejki-badania-konferencje-i-dzialania-eksperckie\/\",\"url\":\"https:\/\/studia-wroclaw.pl\/intensywny-luty-prof-mariusza-z-jedrzejki-badania-konferencje-i-dzialania-eksperckie\/\",\"name\":\"Intensywny luty prof. Mariusza Z. J\u0119drzejki \u2013 badania, konferencje i dzia\u0142ania eksperckie - Studia Wroc\u0142aw\",\"isPartOf\":{\"@id\":\"https:\/\/studia-wroclaw.pl\/#website\"},\"datePublished\":\"2026-03-10T07:33:43+00:00\",\"author\":{\"@id\":\"https:\/\/studia-wroclaw.pl\/#\/schema\/person\/50f212a057f8ab718194a85c9aecb4d5\"},\"breadcrumb\":{\"@id\":\"https:\/\/studia-wroclaw.pl\/intensywny-luty-prof-mariusza-z-jedrzejki-badania-konferencje-i-dzialania-eksperckie\/#breadcrumb\"},\"inLanguage\":\"en-GB\",\"potentialAction\":[{\"@type\":\"ReadAction\",\"target\":[\"https:\/\/studia-wroclaw.pl\/intensywny-luty-prof-mariusza-z-jedrzejki-badania-konferencje-i-dzialania-eksperckie\/\"]}]},{\"@type\":\"BreadcrumbList\",\"@id\":\"https:\/\/studia-wroclaw.pl\/intensywny-luty-prof-mariusza-z-jedrzejki-badania-konferencje-i-dzialania-eksperckie\/#breadcrumb\",\"itemListElement\":[{\"@type\":\"ListItem\",\"position\":1,\"name\":\"Strona g\u0142\u00f3wna\",\"item\":\"https:\/\/studia-wroclaw.pl\/\"},{\"@type\":\"ListItem\",\"position\":2,\"name\":\"Intensywny luty prof. Mariusza Z. J\u0119drzejki \u2013 badania, konferencje i dzia\u0142ania eksperckie\"}]},{\"@type\":\"WebSite\",\"@id\":\"https:\/\/studia-wroclaw.pl\/#website\",\"url\":\"https:\/\/studia-wroclaw.pl\/\",\"name\":\"Studia Wroc\u0142aw\",\"description\":\"\",\"potentialAction\":[{\"@type\":\"SearchAction\",\"target\":{\"@type\":\"EntryPoint\",\"urlTemplate\":\"https:\/\/studia-wroclaw.pl\/?s={search_term_string}\"},\"query-input\":{\"@type\":\"PropertyValueSpecification\",\"valueRequired\":true,\"valueName\":\"search_term_string\"}}],\"inLanguage\":\"en-GB\"},{\"@type\":\"Person\",\"@id\":\"https:\/\/studia-wroclaw.pl\/#\/schema\/person\/50f212a057f8ab718194a85c9aecb4d5\",\"name\":\"Karina Dycha\u0142a\",\"image\":{\"@type\":\"ImageObject\",\"inLanguage\":\"en-GB\",\"@id\":\"https:\/\/studia-wroclaw.pl\/#\/schema\/person\/image\/\",\"url\":\"https:\/\/secure.gravatar.com\/avatar\/09b8a8541625e267cf808bd7db9d6075406c3094f3ef7dd4a936673e9d896f6d?s=96&d=mm&r=g\",\"contentUrl\":\"https:\/\/secure.gravatar.com\/avatar\/09b8a8541625e267cf808bd7db9d6075406c3094f3ef7dd4a936673e9d896f6d?s=96&d=mm&r=g\",\"caption\":\"Karina Dycha\u0142a\"},\"url\":\"https:\/\/studia-wroclaw.pl\/en\/author\/karina\/\"}]}<\/script>\n<!-- \/ Yoast SEO plugin. -->","yoast_head_json":{"title":"Intensywny luty prof. Mariusza Z. J\u0119drzejki \u2013 badania, konferencje i dzia\u0142ania eksperckie - Studia Wroc\u0142aw","robots":{"index":"index","follow":"follow","max-snippet":"max-snippet:-1","max-image-preview":"max-image-preview:large","max-video-preview":"max-video-preview:-1"},"canonical":"https:\/\/studia-wroclaw.pl\/en\/intensywny-luty-prof-mariusza-z-jedrzejki-badania-konferencje-i-dzialania-eksperckie\/","og_locale":"en_GB","og_type":"article","og_title":"Intensywny luty prof. Mariusza Z. J\u0119drzejki \u2013 badania, konferencje i dzia\u0142ania eksperckie - Studia Wroc\u0142aw","og_description":"Luty by\u0142 dla dr. hab. Mariusza Z. J\u0119drzejki, prof. WSKZ, miesi\u0105cem wyj\u0105tkowo intensywnej aktywno\u015bci naukowej i eksperckiej. Badania, konferencje, warsztaty, wsp\u00f3\u0142praca z instytucjami oraz komentarze w mediach og\u00f3lnopolskich pokazuj\u0105 skal\u0119 zaanga\u017cowania wyk\u0142adowcy w analiz\u0119 i przeciwdzia\u0142anie wsp\u00f3\u0142czesnym problemom spo\u0142ecznym. Sylwetka prof. J\u0119drzejko Prof. J\u0119drzejko od lat \u0142\u0105czy dzia\u0142alno\u015b\u0107 naukow\u0105 z praktyk\u0105 terapeutyczn\u0105 i edukacyjn\u0105. Jako [&hellip;]","og_url":"https:\/\/studia-wroclaw.pl\/en\/intensywny-luty-prof-mariusza-z-jedrzejki-badania-konferencje-i-dzialania-eksperckie\/","og_site_name":"Studia Wroc\u0142aw","article_published_time":"2026-03-10T07:33:43+00:00","author":"Karina Dycha\u0142a","twitter_card":"summary_large_image","twitter_misc":{"Written by":"Karina Dycha\u0142a","Estimated reading time":"4 minutes"},"schema":{"@context":"https:\/\/schema.org","@graph":[{"@type":"WebPage","@id":"https:\/\/studia-wroclaw.pl\/intensywny-luty-prof-mariusza-z-jedrzejki-badania-konferencje-i-dzialania-eksperckie\/","url":"https:\/\/studia-wroclaw.pl\/intensywny-luty-prof-mariusza-z-jedrzejki-badania-konferencje-i-dzialania-eksperckie\/","name":"Intensywny luty prof. Mariusza Z. J\u0119drzejki \u2013 badania, konferencje i dzia\u0142ania eksperckie - Studia Wroc\u0142aw","isPartOf":{"@id":"https:\/\/studia-wroclaw.pl\/#website"},"datePublished":"2026-03-10T07:33:43+00:00","author":{"@id":"https:\/\/studia-wroclaw.pl\/#\/schema\/person\/50f212a057f8ab718194a85c9aecb4d5"},"breadcrumb":{"@id":"https:\/\/studia-wroclaw.pl\/intensywny-luty-prof-mariusza-z-jedrzejki-badania-konferencje-i-dzialania-eksperckie\/#breadcrumb"},"inLanguage":"en-GB","potentialAction":[{"@type":"ReadAction","target":["https:\/\/studia-wroclaw.pl\/intensywny-luty-prof-mariusza-z-jedrzejki-badania-konferencje-i-dzialania-eksperckie\/"]}]},{"@type":"BreadcrumbList","@id":"https:\/\/studia-wroclaw.pl\/intensywny-luty-prof-mariusza-z-jedrzejki-badania-konferencje-i-dzialania-eksperckie\/#breadcrumb","itemListElement":[{"@type":"ListItem","position":1,"name":"Strona g\u0142\u00f3wna","item":"https:\/\/studia-wroclaw.pl\/"},{"@type":"ListItem","position":2,"name":"Intensywny luty prof. Mariusza Z. J\u0119drzejki \u2013 badania, konferencje i dzia\u0142ania eksperckie"}]},{"@type":"WebSite","@id":"https:\/\/studia-wroclaw.pl\/#website","url":"https:\/\/studia-wroclaw.pl\/","name":"Studies Wroclaw","description":"","potentialAction":[{"@type":"SearchAction","target":{"@type":"EntryPoint","urlTemplate":"https:\/\/studia-wroclaw.pl\/?s={search_term_string}"},"query-input":{"@type":"PropertyValueSpecification","valueRequired":true,"valueName":"search_term_string"}}],"inLanguage":"en-GB"},{"@type":"Person","@id":"https:\/\/studia-wroclaw.pl\/#\/schema\/person\/50f212a057f8ab718194a85c9aecb4d5","name":"Karina Dycha\u0142a","image":{"@type":"ImageObject","inLanguage":"en-GB","@id":"https:\/\/studia-wroclaw.pl\/#\/schema\/person\/image\/","url":"https:\/\/secure.gravatar.com\/avatar\/09b8a8541625e267cf808bd7db9d6075406c3094f3ef7dd4a936673e9d896f6d?s=96&d=mm&r=g","contentUrl":"https:\/\/secure.gravatar.com\/avatar\/09b8a8541625e267cf808bd7db9d6075406c3094f3ef7dd4a936673e9d896f6d?s=96&d=mm&r=g","caption":"Karina Dycha\u0142a"},"url":"https:\/\/studia-wroclaw.pl\/en\/author\/karina\/"}]}},"_links":{"self":[{"href":"https:\/\/studia-wroclaw.pl\/en\/wp-json\/wp\/v2\/posts\/9224","targetHints":{"allow":["GET"]}}],"collection":[{"href":"https:\/\/studia-wroclaw.pl\/en\/wp-json\/wp\/v2\/posts"}],"about":[{"href":"https:\/\/studia-wroclaw.pl\/en\/wp-json\/wp\/v2\/types\/post"}],"author":[{"embeddable":true,"href":"https:\/\/studia-wroclaw.pl\/en\/wp-json\/wp\/v2\/users\/36"}],"replies":[{"embeddable":true,"href":"https:\/\/studia-wroclaw.pl\/en\/wp-json\/wp\/v2\/comments?post=9224"}],"version-history":[{"count":1,"href":"https:\/\/studia-wroclaw.pl\/en\/wp-json\/wp\/v2\/posts\/9224\/revisions"}],"predecessor-version":[{"id":9243,"href":"https:\/\/studia-wroclaw.pl\/en\/wp-json\/wp\/v2\/posts\/9224\/revisions\/9243"}],"wp:attachment":[{"href":"https:\/\/studia-wroclaw.pl\/en\/wp-json\/wp\/v2\/media?parent=9224"}],"wp:term":[{"taxonomy":"category","embeddable":true,"href":"https:\/\/studia-wroclaw.pl\/en\/wp-json\/wp\/v2\/categories?post=9224"},{"taxonomy":"post_tag","embeddable":true,"href":"https:\/\/studia-wroclaw.pl\/en\/wp-json\/wp\/v2\/tags?post=9224"}],"curies":[{"name":"wp","href":"https:\/\/api.w.org\/{rel}","templated":true}]}}