{"id":9437,"date":"2026-03-16T14:51:37","date_gmt":"2026-03-16T13:51:37","guid":{"rendered":"https:\/\/studia-wroclaw.pl\/?p=9437"},"modified":"2026-03-16T14:53:33","modified_gmt":"2026-03-16T13:53:33","slug":"wyklad-inauguracyjny-prof-brunona-holysta-na-miedzynarodowej-konferencji-naukowej","status":"publish","type":"post","link":"https:\/\/studia-wroclaw.pl\/en\/wyklad-inauguracyjny-prof-brunona-holysta-na-miedzynarodowej-konferencji-naukowej\/","title":{"rendered":"Wyk\u0142ad inauguracyjny prof. Brunona Ho\u0142ysta na Mi\u0119dzynarodowej Konferencji Naukowej"},"content":{"rendered":"<p>Wydzia\u0142 Nauk Spo\u0142ecznych i Technicznych Wy\u017cszej Szko\u0142y Kszta\u0142cenia Zawodowego zaprasza na Mi\u0119dzynarodow\u0105 Konferencj\u0119 Naukow\u0105 pt<strong>. \u201eZagini\u0119cia os\u00f3b w \u015bwietle psychologii s\u0105dowej i kryminalistyki \u2013 wyzwania wsp\u00f3\u0142czesnych \u015bledztw\u201d<\/strong>which will take place <strong>17 kwietnia 2026 roku <\/strong>w Q Hotel we Wroc\u0142awiu. Wydarzenie b\u0119dzie realizowane w formule <strong>hybrydowej<\/strong>, umo\u017cliwiaj\u0105c udzia\u0142 zar\u00f3wno stacjonarny, jak i online. Konferencj\u0119 otworzy wyk\u0142ad inauguracyjny <strong>prof. dr. hab. dr. h.c. mult. Brunona Ho\u0142ysta<\/strong> \u2013 jednego z najwybitniejszych polskich uczonych w dziedzinie kryminalistyki, kryminologii i psychologii s\u0105dowej.<\/p>\n\n\n\n<h2 class=\"wp-block-heading\">Cel i znaczenie konferencji<\/h2>\n\n\n\n<p>Konferencja stanowi <strong>interdyscyplinarne forum wymiany wiedzy<\/strong> mi\u0119dzy przedstawicielami nauki, s\u0142u\u017cb mundurowych, wymiaru sprawiedliwo\u015bci, organizacji pozarz\u0105dowych oraz instytucji zajmuj\u0105cych si\u0119 poszukiwaniem os\u00f3b zaginionych.<br><\/p>\n\n\n<div class=\"wp-block-image\">\n<figure class=\"aligncenter size-large\"><img loading=\"lazy\" decoding=\"async\" width=\"1024\" height=\"402\" src=\"https:\/\/studia-wroclaw.pl\/wp-content\/uploads\/2026\/03\/image-1024x402.png\" alt=\"\" class=\"wp-image-9438\" srcset=\"https:\/\/studia-wroclaw.pl\/wp-content\/uploads\/2026\/03\/image-1024x402.png 1024w, https:\/\/studia-wroclaw.pl\/wp-content\/uploads\/2026\/03\/image-300x118.png 300w, https:\/\/studia-wroclaw.pl\/wp-content\/uploads\/2026\/03\/image-768x302.png 768w, https:\/\/studia-wroclaw.pl\/wp-content\/uploads\/2026\/03\/image-18x7.png 18w, https:\/\/studia-wroclaw.pl\/wp-content\/uploads\/2026\/03\/image.png 1041w\" sizes=\"auto, (max-width: 1024px) 100vw, 1024px\" \/><\/figure>\n<\/div>\n\n\n<p>W wydarzeniu wezm\u0105 udzia\u0142 r\u00f3wnie\u017c <strong>rodziny os\u00f3b zaginionych<\/strong>, psychologowie specjalizuj\u0105cy si\u0119 w pracy z osobami w kryzysie, a tak\u017ce eksperci z zagranicy, kt\u00f3rzy zaprezentuj\u0105 mi\u0119dzynarodowe standardy i dobre praktyki w prowadzeniu poszukiwa\u0144 oraz analizie przypadk\u00f3w zagini\u0119\u0107. Obecne b\u0119d\u0105 tak\u017ce <strong>organizacje pozarz\u0105dowe dzia\u0142aj\u0105ce na rzecz os\u00f3b zaginionych i ich rodzin,<\/strong> co pozwoli na przedstawienie problematyki zagini\u0119\u0107 z perspektywy:<\/p>\n\n\n\n<ul class=\"wp-block-list\">\n<li>spo\u0142ecznej;<\/li>\n\n\n\n<li>prawnej;<\/li>\n\n\n\n<li>operacyjnej.<\/li>\n<\/ul>\n\n\n\n<h2 class=\"wp-block-heading\">Idea konferencji i patronaty naukowe<\/h2>\n\n\n\n<p>W obliczu zmian spo\u0142ecznych i technologicznych zjawisko zagini\u0119\u0107 <strong>wymaga sta\u0142ego doskonalenia procedur, narz\u0119dzi analitycznych i metod operacyjnych<\/strong>. Celem konferencji jest zintegrowanie perspektywy naukowej, praktycznej i spo\u0142ecznej, a tak\u017ce prezentacja najnowszych rozwi\u0105za\u0144 stosowanych w \u015bledztwach dotycz\u0105cych zagini\u0119\u0107.&nbsp;<\/p>\n\n\n\n<p>Wydarzenie zosta\u0142o obj\u0119te patronatem naukowym:<\/p>\n\n\n\n<ul class=\"wp-block-list\">\n<li>Polskiego Towarzystwa Kryminalistycznego;<\/li>\n\n\n\n<li>Polskiego Towarzystwa Kryminologicznego im. prof. Stanis\u0142awa Batawii;<\/li>\n\n\n\n<li>Fundacji ITAKA &#8211; Centrum Poszukiwa\u0144 Ludzi Zaginionych;<\/li>\n\n\n\n<li>Wroc\u0142awskiego Centrum Akademickiego.\u00a0<\/li>\n<\/ul>\n\n\n\n<p>Patronat medialny nad konferencj\u0105 sprawuj\u0105 czasopismo \u201ePrawo i Bezpiecze\u0144stwo\u201d oraz czasopismo \u201ePomorskie Studia Naukowe\u201d.<\/p>\n\n\n\n<p>Z okazji konferencji <strong>wydany zostanie numer specjalny czasopisma \u201ePrawo <\/strong><strong><br><\/strong><strong>i Bezpiecze\u0144stwo\u201d<\/strong>, w ca\u0142o\u015bci po\u015bwi\u0119cony tematyce zagini\u0119\u0107 os\u00f3b. W numerze znajd\u0105 si\u0119 artyku\u0142y student\u00f3w, ekspert\u00f3w z kraju i zagranicy oraz uczestnik\u00f3w konferencji, prezentuj\u0105ce najnowsze wyniki bada\u0144, analizy przypadk\u00f3w oraz rekomendacje dla praktyki \u015bledczej i dzia\u0142a\u0144 poszukiwawczych.<\/p>\n\n\n\n<h2 class=\"wp-block-heading\">Conference programme<\/h2>\n\n\n\n<p>W trakcie wydarzenia odb\u0119d\u0105 si\u0119 cztery panele eksperckie:<\/p>\n\n\n\n<ul class=\"wp-block-list\">\n<li>Panel I \u2013 \u201eZagini\u0119cie czy przest\u0119pstwo? Wczesna kwalifikacja zdarzenia w praktyce \u015bledczej\u201d.<\/li>\n\n\n\n<li>Panel II \u2013 \u201eNowe technologie w poszukiwaniach os\u00f3b zaginionych \u2013 wsparcie czy zagro\u017cenie?\u201d.<\/li>\n\n\n\n<li>Panel III \u2013 \u201ePsychologiczne uwarunkowania zagini\u0119\u0107 os\u00f3b doros\u0142ych i nieletnich\u201d.<\/li>\n\n\n\n<li>Panel IV \u2013 \u201eProblematyka zagini\u0119cia os\u00f3b w perspektywie wsp\u00f3\u0142pracy z mediami\u201d.<\/li>\n<\/ul>\n\n\n\n<p>Konferencji towarzyszy\u0107 b\u0119dzie r\u00f3wnie\u017c <strong>konkurs poster\u00f3w studenckich dotycz\u0105cych problematyki zagini\u0119\u0107 os\u00f3b<\/strong><em>,<\/em> zorganizowany przez Prodziekan ds. studenckich Wydzia\u0142u Nauk Spo\u0142ecznych i Technicznych, dr Sylwi\u0119 Zakrzewsk\u0105.<\/p>\n\n\n\n<h2 class=\"wp-block-heading\">Jakie zagadnienia zostan\u0105 poruszone w trakcie wyk\u0142adu?<\/h2>\n\n\n\n<p>Profesor przedstawi <strong>najnowsze spojrzenie na problematyk\u0119 zagini\u0119\u0107<\/strong>, \u0142\u0105cz\u0105c wiedz\u0119<br>z zakresu:<\/p>\n\n\n\n<ul class=\"wp-block-list\">\n<li>kryminalistyki;<\/li>\n\n\n\n<li>psychologii s\u0105dowej;<\/li>\n\n\n\n<li>wiktymologii;<\/li>\n\n\n\n<li>nauk o bezpiecze\u0144stwie.<\/li>\n<\/ul>\n\n\n\n<p>Jego wyst\u0105pienia s\u0105 cenione za <strong>wyj\u0105tkow\u0105 erudycj\u0119, g\u0142\u0119bok\u0105 refleksj\u0119 oraz umiej\u0119tno\u015b\u0107 przek\u0142adania z\u0142o\u017conych zagadnie\u0144 naukowych na przyst\u0119pny i anga\u017cuj\u0105cy przekaz.<\/strong><\/p>\n\n\n\n<h2 class=\"wp-block-heading\">Sylwetka profesora Brunona Ho\u0142ysta<\/h2>\n\n\n\n<p>Profesor Brunon Ho\u0142yst to <strong>jedna z najwa\u017cniejszych postaci wsp\u00f3\u0142czesnej kryminalistyki<\/strong>. Jest prawnikiem, kryminologiem, suicydologiem, profesorem zwyczajnym, doktorem habilitowanym oraz <strong>doctor honoris causa<\/strong> Uniwersytetu w Bia\u0142ymstoku i Nasarawa State University w Keffi (Nigeria). Uniwersytet w Keffi nada\u0142 mu r\u00f3wnie\u017c tytu\u0142 profesora honorowego i utworzy\u0142 <strong>Instytut Studi\u00f3w Europejskich im. Brunona Ho\u0142ysta<\/strong>.<\/p>\n\n\n<div class=\"wp-block-image\">\n<figure class=\"aligncenter size-full\"><img loading=\"lazy\" decoding=\"async\" width=\"623\" height=\"451\" src=\"https:\/\/studia-wroclaw.pl\/wp-content\/uploads\/2026\/03\/image-1.png\" alt=\"\" class=\"wp-image-9439\" srcset=\"https:\/\/studia-wroclaw.pl\/wp-content\/uploads\/2026\/03\/image-1.png 623w, https:\/\/studia-wroclaw.pl\/wp-content\/uploads\/2026\/03\/image-1-300x217.png 300w, https:\/\/studia-wroclaw.pl\/wp-content\/uploads\/2026\/03\/image-1-18x12.png 18w\" sizes=\"auto, (max-width: 623px) 100vw, 623px\" \/><\/figure>\n<\/div>\n\n\n<p>Jest:<\/p>\n\n\n\n<ul class=\"wp-block-list\">\n<li>za\u0142o\u017cycielem Polskiego Towarzystwa Kryminalistycznego;<\/li>\n\n\n\n<li>Honorowym Prezesem Polskiego Towarzystwa Higieny Psychicznej;<\/li>\n\n\n\n<li>by\u0142ym Prezesem Polskiego Towarzystwa Suicydologicznego.<\/li>\n<\/ul>\n\n\n\n<p>Wyst\u0119powa\u0142 jako visiting professor na wielu uczelniach na \u015bwiecie, prowadz\u0105c wyk\u0142ady z zakresu suicydologii, wiktymologii i kryminologii. Dorobek Profesora obejmuje <strong>ponad 1250 publikacji<\/strong>, w tym <strong>80 ksi\u0105\u017cek i podr\u0119cznik\u00f3w akademickich<\/strong>, wydanych m.in. w USA, Kanadzie, Wielkiej Brytanii, Japonii, Chinach, Niemczech, na Ukrainie, w Rosji i Nigerii. Jego prace maj\u0105 fundamentalne znaczenie dla rozwoju nauk penalnych i praktyki organ\u00f3w \u015bcigania.<\/p>\n\n\n\n<h2 class=\"wp-block-heading\">Organisational information<\/h2>\n\n\n\n<ul class=\"wp-block-list\">\n<li><strong>Date:<\/strong> 17 kwietnia 2026 r.<\/li>\n\n\n\n<li><strong>Location:<\/strong> Q Hotel, Wroc\u0142aw\/platforma online.<\/li>\n\n\n\n<li><strong>Udzia\u0142:<\/strong> bezp\u0142atny.<\/li>\n\n\n\n<li><strong>Adresaci:<\/strong> eksperci, praktycy, przedstawiciele s\u0142u\u017cb mundurowych, studenci z obszaru psychologii, kryminalistyki i bezpiecze\u0144stwa.<\/li>\n<\/ul>\n\n\n\n<p>Zapraszamy student\u00f3w, wyk\u0142adowc\u00f3w oraz wszystkich zainteresowanych tematyk\u0105 kryminalistyki, psychologii s\u0105dowej i bezpiecze\u0144stwa do udzia\u0142u w konferencji oraz w wyk\u0142adzie inauguracyjnym prof. Brunona Ho\u0142ysta. Zg\u0142oszenia uczestnictwa przyjmowane s\u0105 do <strong>5 kwietnia 2026 r.<\/strong> Rejestracji dokonuje zesp\u00f3\u0142 organizacyjny: <strong>Daniel \u015aliwi\u0144ski<\/strong> tel. 666\u202f600\u202f846 oraz Emilia Malinowska 512\u00a0341 399. Korespondencj\u0119 oraz zg\u0142oszenia prosimy kierowa\u0107 na adres: <a href=\"mailto:konferencjazaginiecia@wskz.pl\"><strong>konferencjazaginiecia@wskz.pl<\/strong><\/a>.<\/p>\n\n\n\n<p>Formularz zg\u0142oszeniowy dost\u0119pny jest pod adresem: <a href=\"https:\/\/docs.google.com\/forms\/d\/e\/1FAIpQLSfJLk8UgYzuhP70XxzL4cWxjws2y7cISnq-QK9UzmRnztg-7A\/viewform?usp=header\">https:\/\/docs.google.com\/forms\/d\/e\/1FAIpQLSfJLk8UgYzuhP70XxzL4cWxjws2y7cISnq-QK9UzmRnztg-7A\/viewform?usp=header<\/a><\/p>","protected":false},"excerpt":{"rendered":"<p>Wydzia\u0142 Nauk Spo\u0142ecznych i Technicznych Wy\u017cszej Szko\u0142y Kszta\u0142cenia Zawodowego zaprasza na Mi\u0119dzynarodow\u0105 Konferencj\u0119 Naukow\u0105 pt. \u201eZagini\u0119cia os\u00f3b w \u015bwietle psychologii s\u0105dowej i kryminalistyki \u2013 wyzwania wsp\u00f3\u0142czesnych \u015bledztw\u201d, kt\u00f3ra odb\u0119dzie si\u0119 17 kwietnia 2026 roku w Q Hotel we Wroc\u0142awiu. Wydarzenie b\u0119dzie realizowane w formule hybrydowej, umo\u017cliwiaj\u0105c udzia\u0142 zar\u00f3wno stacjonarny, jak i online. Konferencj\u0119 otworzy wyk\u0142ad [&hellip;]<\/p>","protected":false},"author":24,"featured_media":0,"comment_status":"open","ping_status":"open","sticky":false,"template":"","format":"standard","meta":{"om_disable_all_campaigns":false,"footnotes":""},"categories":[50],"tags":[],"class_list":["post-9437","post","type-post","status-publish","format-standard","hentry","category-aktualnosci"],"yoast_head":"<!-- This site is optimized with the Yoast SEO plugin v25.9 - https:\/\/yoast.com\/wordpress\/plugins\/seo\/ -->\n<title>Wyk\u0142ad inauguracyjny prof. Brunona Ho\u0142ysta na Mi\u0119dzynarodowej Konferencji Naukowej - Studia Wroc\u0142aw<\/title>\n<meta name=\"robots\" content=\"index, follow, max-snippet:-1, max-image-preview:large, max-video-preview:-1\" \/>\n<link rel=\"canonical\" href=\"https:\/\/studia-wroclaw.pl\/en\/wyklad-inauguracyjny-prof-brunona-holysta-na-miedzynarodowej-konferencji-naukowej\/\" \/>\n<meta property=\"og:locale\" content=\"en_GB\" \/>\n<meta property=\"og:type\" content=\"article\" \/>\n<meta property=\"og:title\" content=\"Wyk\u0142ad inauguracyjny prof. Brunona Ho\u0142ysta na Mi\u0119dzynarodowej Konferencji Naukowej - Studia Wroc\u0142aw\" \/>\n<meta property=\"og:description\" content=\"Wydzia\u0142 Nauk Spo\u0142ecznych i Technicznych Wy\u017cszej Szko\u0142y Kszta\u0142cenia Zawodowego zaprasza na Mi\u0119dzynarodow\u0105 Konferencj\u0119 Naukow\u0105 pt. \u201eZagini\u0119cia os\u00f3b w \u015bwietle psychologii s\u0105dowej i kryminalistyki \u2013 wyzwania wsp\u00f3\u0142czesnych \u015bledztw\u201d, kt\u00f3ra odb\u0119dzie si\u0119 17 kwietnia 2026 roku w Q Hotel we Wroc\u0142awiu. Wydarzenie b\u0119dzie realizowane w formule hybrydowej, umo\u017cliwiaj\u0105c udzia\u0142 zar\u00f3wno stacjonarny, jak i online. Konferencj\u0119 otworzy wyk\u0142ad [&hellip;]\" \/>\n<meta property=\"og:url\" content=\"https:\/\/studia-wroclaw.pl\/en\/wyklad-inauguracyjny-prof-brunona-holysta-na-miedzynarodowej-konferencji-naukowej\/\" \/>\n<meta property=\"og:site_name\" content=\"Studia Wroc\u0142aw\" \/>\n<meta property=\"article:published_time\" content=\"2026-03-16T13:51:37+00:00\" \/>\n<meta property=\"article:modified_time\" content=\"2026-03-16T13:53:33+00:00\" \/>\n<meta property=\"og:image\" content=\"https:\/\/studia-wroclaw.pl\/wp-content\/uploads\/2026\/03\/image.png\" \/>\n\t<meta property=\"og:image:width\" content=\"1041\" \/>\n\t<meta property=\"og:image:height\" content=\"409\" \/>\n\t<meta property=\"og:image:type\" content=\"image\/png\" \/>\n<meta name=\"author\" content=\"Ernest Marczy\u0144ski\" \/>\n<meta name=\"twitter:card\" content=\"summary_large_image\" \/>\n<meta name=\"twitter:label1\" content=\"Written by\" \/>\n\t<meta name=\"twitter:data1\" content=\"Ernest Marczy\u0144ski\" \/>\n\t<meta name=\"twitter:label2\" content=\"Estimated reading time\" \/>\n\t<meta name=\"twitter:data2\" content=\"5 minutes\" \/>\n<script type=\"application\/ld+json\" class=\"yoast-schema-graph\">{\"@context\":\"https:\/\/schema.org\",\"@graph\":[{\"@type\":\"WebPage\",\"@id\":\"https:\/\/studia-wroclaw.pl\/wyklad-inauguracyjny-prof-brunona-holysta-na-miedzynarodowej-konferencji-naukowej\/\",\"url\":\"https:\/\/studia-wroclaw.pl\/wyklad-inauguracyjny-prof-brunona-holysta-na-miedzynarodowej-konferencji-naukowej\/\",\"name\":\"Wyk\u0142ad inauguracyjny prof. Brunona Ho\u0142ysta na Mi\u0119dzynarodowej Konferencji Naukowej - Studia Wroc\u0142aw\",\"isPartOf\":{\"@id\":\"https:\/\/studia-wroclaw.pl\/#website\"},\"primaryImageOfPage\":{\"@id\":\"https:\/\/studia-wroclaw.pl\/wyklad-inauguracyjny-prof-brunona-holysta-na-miedzynarodowej-konferencji-naukowej\/#primaryimage\"},\"image\":{\"@id\":\"https:\/\/studia-wroclaw.pl\/wyklad-inauguracyjny-prof-brunona-holysta-na-miedzynarodowej-konferencji-naukowej\/#primaryimage\"},\"thumbnailUrl\":\"https:\/\/studia-wroclaw.pl\/wp-content\/uploads\/2026\/03\/image-1024x402.png\",\"datePublished\":\"2026-03-16T13:51:37+00:00\",\"dateModified\":\"2026-03-16T13:53:33+00:00\",\"author\":{\"@id\":\"https:\/\/studia-wroclaw.pl\/#\/schema\/person\/894c3f27e7b23a7812649d45f28280c0\"},\"breadcrumb\":{\"@id\":\"https:\/\/studia-wroclaw.pl\/wyklad-inauguracyjny-prof-brunona-holysta-na-miedzynarodowej-konferencji-naukowej\/#breadcrumb\"},\"inLanguage\":\"en-GB\",\"potentialAction\":[{\"@type\":\"ReadAction\",\"target\":[\"https:\/\/studia-wroclaw.pl\/wyklad-inauguracyjny-prof-brunona-holysta-na-miedzynarodowej-konferencji-naukowej\/\"]}]},{\"@type\":\"ImageObject\",\"inLanguage\":\"en-GB\",\"@id\":\"https:\/\/studia-wroclaw.pl\/wyklad-inauguracyjny-prof-brunona-holysta-na-miedzynarodowej-konferencji-naukowej\/#primaryimage\",\"url\":\"https:\/\/studia-wroclaw.pl\/wp-content\/uploads\/2026\/03\/image-1024x402.png\",\"contentUrl\":\"https:\/\/studia-wroclaw.pl\/wp-content\/uploads\/2026\/03\/image-1024x402.png\"},{\"@type\":\"BreadcrumbList\",\"@id\":\"https:\/\/studia-wroclaw.pl\/wyklad-inauguracyjny-prof-brunona-holysta-na-miedzynarodowej-konferencji-naukowej\/#breadcrumb\",\"itemListElement\":[{\"@type\":\"ListItem\",\"position\":1,\"name\":\"Strona g\u0142\u00f3wna\",\"item\":\"https:\/\/studia-wroclaw.pl\/\"},{\"@type\":\"ListItem\",\"position\":2,\"name\":\"Wyk\u0142ad inauguracyjny prof. Brunona Ho\u0142ysta na Mi\u0119dzynarodowej Konferencji Naukowej\"}]},{\"@type\":\"WebSite\",\"@id\":\"https:\/\/studia-wroclaw.pl\/#website\",\"url\":\"https:\/\/studia-wroclaw.pl\/\",\"name\":\"Studia Wroc\u0142aw\",\"description\":\"\",\"potentialAction\":[{\"@type\":\"SearchAction\",\"target\":{\"@type\":\"EntryPoint\",\"urlTemplate\":\"https:\/\/studia-wroclaw.pl\/?s={search_term_string}\"},\"query-input\":{\"@type\":\"PropertyValueSpecification\",\"valueRequired\":true,\"valueName\":\"search_term_string\"}}],\"inLanguage\":\"en-GB\"},{\"@type\":\"Person\",\"@id\":\"https:\/\/studia-wroclaw.pl\/#\/schema\/person\/894c3f27e7b23a7812649d45f28280c0\",\"name\":\"Ernest Marczy\u0144ski\",\"image\":{\"@type\":\"ImageObject\",\"inLanguage\":\"en-GB\",\"@id\":\"https:\/\/studia-wroclaw.pl\/#\/schema\/person\/image\/\",\"url\":\"https:\/\/secure.gravatar.com\/avatar\/7c6a6a26a96dc9265376bbe54957f88d60fe5a76dff57237df4a9430b4ccd6f9?s=96&d=mm&r=g\",\"contentUrl\":\"https:\/\/secure.gravatar.com\/avatar\/7c6a6a26a96dc9265376bbe54957f88d60fe5a76dff57237df4a9430b4ccd6f9?s=96&d=mm&r=g\",\"caption\":\"Ernest Marczy\u0144ski\"},\"url\":\"https:\/\/studia-wroclaw.pl\/en\/author\/ernest-marczynski\/\"}]}<\/script>\n<!-- \/ Yoast SEO plugin. -->","yoast_head_json":{"title":"Wyk\u0142ad inauguracyjny prof. Brunona Ho\u0142ysta na Mi\u0119dzynarodowej Konferencji Naukowej - Studia Wroc\u0142aw","robots":{"index":"index","follow":"follow","max-snippet":"max-snippet:-1","max-image-preview":"max-image-preview:large","max-video-preview":"max-video-preview:-1"},"canonical":"https:\/\/studia-wroclaw.pl\/en\/wyklad-inauguracyjny-prof-brunona-holysta-na-miedzynarodowej-konferencji-naukowej\/","og_locale":"en_GB","og_type":"article","og_title":"Wyk\u0142ad inauguracyjny prof. Brunona Ho\u0142ysta na Mi\u0119dzynarodowej Konferencji Naukowej - Studia Wroc\u0142aw","og_description":"Wydzia\u0142 Nauk Spo\u0142ecznych i Technicznych Wy\u017cszej Szko\u0142y Kszta\u0142cenia Zawodowego zaprasza na Mi\u0119dzynarodow\u0105 Konferencj\u0119 Naukow\u0105 pt. \u201eZagini\u0119cia os\u00f3b w \u015bwietle psychologii s\u0105dowej i kryminalistyki \u2013 wyzwania wsp\u00f3\u0142czesnych \u015bledztw\u201d, kt\u00f3ra odb\u0119dzie si\u0119 17 kwietnia 2026 roku w Q Hotel we Wroc\u0142awiu. Wydarzenie b\u0119dzie realizowane w formule hybrydowej, umo\u017cliwiaj\u0105c udzia\u0142 zar\u00f3wno stacjonarny, jak i online. Konferencj\u0119 otworzy wyk\u0142ad [&hellip;]","og_url":"https:\/\/studia-wroclaw.pl\/en\/wyklad-inauguracyjny-prof-brunona-holysta-na-miedzynarodowej-konferencji-naukowej\/","og_site_name":"Studia Wroc\u0142aw","article_published_time":"2026-03-16T13:51:37+00:00","article_modified_time":"2026-03-16T13:53:33+00:00","og_image":[{"width":1041,"height":409,"url":"https:\/\/studia-wroclaw.pl\/wp-content\/uploads\/2026\/03\/image.png","type":"image\/png"}],"author":"Ernest Marczy\u0144ski","twitter_card":"summary_large_image","twitter_misc":{"Written by":"Ernest Marczy\u0144ski","Estimated reading time":"5 minutes"},"schema":{"@context":"https:\/\/schema.org","@graph":[{"@type":"WebPage","@id":"https:\/\/studia-wroclaw.pl\/wyklad-inauguracyjny-prof-brunona-holysta-na-miedzynarodowej-konferencji-naukowej\/","url":"https:\/\/studia-wroclaw.pl\/wyklad-inauguracyjny-prof-brunona-holysta-na-miedzynarodowej-konferencji-naukowej\/","name":"Wyk\u0142ad inauguracyjny prof. Brunona Ho\u0142ysta na Mi\u0119dzynarodowej Konferencji Naukowej - Studia Wroc\u0142aw","isPartOf":{"@id":"https:\/\/studia-wroclaw.pl\/#website"},"primaryImageOfPage":{"@id":"https:\/\/studia-wroclaw.pl\/wyklad-inauguracyjny-prof-brunona-holysta-na-miedzynarodowej-konferencji-naukowej\/#primaryimage"},"image":{"@id":"https:\/\/studia-wroclaw.pl\/wyklad-inauguracyjny-prof-brunona-holysta-na-miedzynarodowej-konferencji-naukowej\/#primaryimage"},"thumbnailUrl":"https:\/\/studia-wroclaw.pl\/wp-content\/uploads\/2026\/03\/image-1024x402.png","datePublished":"2026-03-16T13:51:37+00:00","dateModified":"2026-03-16T13:53:33+00:00","author":{"@id":"https:\/\/studia-wroclaw.pl\/#\/schema\/person\/894c3f27e7b23a7812649d45f28280c0"},"breadcrumb":{"@id":"https:\/\/studia-wroclaw.pl\/wyklad-inauguracyjny-prof-brunona-holysta-na-miedzynarodowej-konferencji-naukowej\/#breadcrumb"},"inLanguage":"en-GB","potentialAction":[{"@type":"ReadAction","target":["https:\/\/studia-wroclaw.pl\/wyklad-inauguracyjny-prof-brunona-holysta-na-miedzynarodowej-konferencji-naukowej\/"]}]},{"@type":"ImageObject","inLanguage":"en-GB","@id":"https:\/\/studia-wroclaw.pl\/wyklad-inauguracyjny-prof-brunona-holysta-na-miedzynarodowej-konferencji-naukowej\/#primaryimage","url":"https:\/\/studia-wroclaw.pl\/wp-content\/uploads\/2026\/03\/image-1024x402.png","contentUrl":"https:\/\/studia-wroclaw.pl\/wp-content\/uploads\/2026\/03\/image-1024x402.png"},{"@type":"BreadcrumbList","@id":"https:\/\/studia-wroclaw.pl\/wyklad-inauguracyjny-prof-brunona-holysta-na-miedzynarodowej-konferencji-naukowej\/#breadcrumb","itemListElement":[{"@type":"ListItem","position":1,"name":"Strona g\u0142\u00f3wna","item":"https:\/\/studia-wroclaw.pl\/"},{"@type":"ListItem","position":2,"name":"Wyk\u0142ad inauguracyjny prof. Brunona Ho\u0142ysta na Mi\u0119dzynarodowej Konferencji Naukowej"}]},{"@type":"WebSite","@id":"https:\/\/studia-wroclaw.pl\/#website","url":"https:\/\/studia-wroclaw.pl\/","name":"Studies Wroclaw","description":"","potentialAction":[{"@type":"SearchAction","target":{"@type":"EntryPoint","urlTemplate":"https:\/\/studia-wroclaw.pl\/?s={search_term_string}"},"query-input":{"@type":"PropertyValueSpecification","valueRequired":true,"valueName":"search_term_string"}}],"inLanguage":"en-GB"},{"@type":"Person","@id":"https:\/\/studia-wroclaw.pl\/#\/schema\/person\/894c3f27e7b23a7812649d45f28280c0","name":"Ernest Marczy\u0144ski","image":{"@type":"ImageObject","inLanguage":"en-GB","@id":"https:\/\/studia-wroclaw.pl\/#\/schema\/person\/image\/","url":"https:\/\/secure.gravatar.com\/avatar\/7c6a6a26a96dc9265376bbe54957f88d60fe5a76dff57237df4a9430b4ccd6f9?s=96&d=mm&r=g","contentUrl":"https:\/\/secure.gravatar.com\/avatar\/7c6a6a26a96dc9265376bbe54957f88d60fe5a76dff57237df4a9430b4ccd6f9?s=96&d=mm&r=g","caption":"Ernest Marczy\u0144ski"},"url":"https:\/\/studia-wroclaw.pl\/en\/author\/ernest-marczynski\/"}]}},"_links":{"self":[{"href":"https:\/\/studia-wroclaw.pl\/en\/wp-json\/wp\/v2\/posts\/9437","targetHints":{"allow":["GET"]}}],"collection":[{"href":"https:\/\/studia-wroclaw.pl\/en\/wp-json\/wp\/v2\/posts"}],"about":[{"href":"https:\/\/studia-wroclaw.pl\/en\/wp-json\/wp\/v2\/types\/post"}],"author":[{"embeddable":true,"href":"https:\/\/studia-wroclaw.pl\/en\/wp-json\/wp\/v2\/users\/24"}],"replies":[{"embeddable":true,"href":"https:\/\/studia-wroclaw.pl\/en\/wp-json\/wp\/v2\/comments?post=9437"}],"version-history":[{"count":5,"href":"https:\/\/studia-wroclaw.pl\/en\/wp-json\/wp\/v2\/posts\/9437\/revisions"}],"predecessor-version":[{"id":9445,"href":"https:\/\/studia-wroclaw.pl\/en\/wp-json\/wp\/v2\/posts\/9437\/revisions\/9445"}],"wp:attachment":[{"href":"https:\/\/studia-wroclaw.pl\/en\/wp-json\/wp\/v2\/media?parent=9437"}],"wp:term":[{"taxonomy":"category","embeddable":true,"href":"https:\/\/studia-wroclaw.pl\/en\/wp-json\/wp\/v2\/categories?post=9437"},{"taxonomy":"post_tag","embeddable":true,"href":"https:\/\/studia-wroclaw.pl\/en\/wp-json\/wp\/v2\/tags?post=9437"}],"curies":[{"name":"wp","href":"https:\/\/api.w.org\/{rel}","templated":true}]}}