{"id":9458,"date":"2026-03-17T12:58:31","date_gmt":"2026-03-17T11:58:31","guid":{"rendered":"https:\/\/studia-wroclaw.pl\/?p=9458"},"modified":"2026-03-17T12:58:33","modified_gmt":"2026-03-17T11:58:33","slug":"wskz-na-ogolnopolskiej-konferencji-o-rownosci-i-dialogu-spolecznym","status":"publish","type":"post","link":"https:\/\/studia-wroclaw.pl\/en\/wskz-na-ogolnopolskiej-konferencji-o-rownosci-i-dialogu-spolecznym\/","title":{"rendered":"WSKZ na og\u00f3lnopolskiej konferencji o r\u00f3wno\u015bci i dialogu spo\u0142ecznym"},"content":{"rendered":"<p>12 marca 2026 r. przedstawiciele Wy\u017cszej Szko\u0142y Kszta\u0142cenia Zawodowego we Wroc\u0142awiu wzi\u0119li aktywny <strong>udzia\u0142 w og\u00f3lnopolskiej konferencji \u201eFakty zamiast mit\u00f3w \u2013 jak wiedza i dialog buduj\u0105 spo\u0142ecze\u0144stwo r\u00f3wno\u015bci\u201d<\/strong>. Spotkanie odby\u0142o si\u0119 w Centrum Kongresowym Politechniki Wroc\u0142awskiej.<\/p>\n\n\n\n<h2 class=\"wp-block-heading\">Eksperci WSKZ w debacie o dost\u0119pno\u015bci i r\u00f3wno\u015bci<\/h2>\n\n\n\n<p>Podczas paneli dyskusyjnych przedstawiciele WSKZ zaprezentowali swoje do\u015bwiadczenia w zakresie <strong>wdra\u017cania standard\u00f3w r\u00f3wno\u015bciowych oraz dzia\u0142a\u0144 na rzecz niwelowania barier w dost\u0119pie do edukacji. <\/strong>Uczelni\u0119 reprezentowali eksperci zaanga\u017cowani w rozw\u00f3j polityki r\u00f3wno\u015bciowej i dost\u0119pno\u015bci:<\/p>\n\n\n\n<ul class=\"wp-block-list\">\n<li><strong>Ma\u0142gorzata Pi\u00f3rkowska<\/strong> \u2013 Pe\u0142nomocnik Rektora ds. R\u00f3wnego Traktowania;<\/li>\n\n\n\n<li><strong>Dr Damian W\u0105sik<\/strong> \u2013 Pe\u0142nomocnik Rektora ds. Os\u00f3b z Niepe\u0142nosprawno\u015bciami.<\/li>\n<\/ul>\n\n\n\n<h2 class=\"wp-block-heading\">Wymiana do\u015bwiadcze\u0144 i dobrych praktyk<\/h2>\n\n\n\n<p>Konferencja by\u0142a <strong>przestrzeni\u0105 do merytorycznej wymiany do\u015bwiadcze\u0144<\/strong> z przedstawicielami administracji publicznej, w tym Ministerstwa Edukacji Narodowej, a tak\u017ce z organizacjami spo\u0142ecznymi i partnerami instytucjonalnymi. Dyskusje koncentrowa\u0142y si\u0119 na roli wiedzy i dialogu w budowaniu spo\u0142ecze\u0144stwa opartego na:<\/p>\n\n\n\n<ul class=\"wp-block-list\">\n<li>r\u00f3wno\u015bci;<\/li>\n\n\n\n<li>dost\u0119pno\u015bci;<\/li>\n\n\n\n<li>wzajemnym szacunku.<\/li>\n<\/ul>\n\n\n\n<h2 class=\"wp-block-heading\">Zaanga\u017cowanie WSKZ w dzia\u0142ania na rzecz r\u00f3wno\u015bci<\/h2>\n\n\n\n<p>Udzia\u0142 przedstawicieli Uczelni w wydarzeniu <strong>potwierdza konsekwentne zaanga\u017cowanie WSKZ w tworzenie \u015brodowiska akademickiego wolnego od barier i stereotyp\u00f3w. <\/strong>To tak\u017ce kolejny krok w rozwijaniu dzia\u0142a\u0144 wspieraj\u0105cych r\u00f3wno\u015b\u0107 szans oraz dost\u0119p do edukacji dla wszystkich grup spo\u0142ecznych.<\/p>\n\n\n\n<figure class=\"wp-block-gallery has-nested-images columns-default is-cropped wp-block-gallery-1 is-layout-flex wp-block-gallery-is-layout-flex\">\n<figure class=\"wp-block-image size-large\"><img loading=\"lazy\" decoding=\"async\" width=\"1024\" height=\"828\" data-id=\"9469\" src=\"https:\/\/studia-wroclaw.pl\/wp-content\/uploads\/2026\/03\/Fakty-zamiast-mitow-1-1024x828.webp\" alt=\"Fakty zamiast mit\u00f3w (1)\" class=\"wp-image-9469\" srcset=\"https:\/\/studia-wroclaw.pl\/wp-content\/uploads\/2026\/03\/Fakty-zamiast-mitow-1-1024x828.webp 1024w, https:\/\/studia-wroclaw.pl\/wp-content\/uploads\/2026\/03\/Fakty-zamiast-mitow-1-300x243.webp 300w, https:\/\/studia-wroclaw.pl\/wp-content\/uploads\/2026\/03\/Fakty-zamiast-mitow-1-768x621.webp 768w, https:\/\/studia-wroclaw.pl\/wp-content\/uploads\/2026\/03\/Fakty-zamiast-mitow-1-15x12.webp 15w, https:\/\/studia-wroclaw.pl\/wp-content\/uploads\/2026\/03\/Fakty-zamiast-mitow-1.webp 1440w\" sizes=\"auto, (max-width: 1024px) 100vw, 1024px\" \/><\/figure>\n\n\n\n<figure class=\"wp-block-image size-large\"><img loading=\"lazy\" decoding=\"async\" width=\"771\" height=\"1024\" data-id=\"9470\" src=\"https:\/\/studia-wroclaw.pl\/wp-content\/uploads\/2026\/03\/Fakty-zamiast-mitow-2-771x1024.webp\" alt=\"Fakty zamiast mit\u00f3w (2)\" class=\"wp-image-9470\" srcset=\"https:\/\/studia-wroclaw.pl\/wp-content\/uploads\/2026\/03\/Fakty-zamiast-mitow-2-771x1024.webp 771w, https:\/\/studia-wroclaw.pl\/wp-content\/uploads\/2026\/03\/Fakty-zamiast-mitow-2-226x300.webp 226w, https:\/\/studia-wroclaw.pl\/wp-content\/uploads\/2026\/03\/Fakty-zamiast-mitow-2-768x1020.webp 768w, https:\/\/studia-wroclaw.pl\/wp-content\/uploads\/2026\/03\/Fakty-zamiast-mitow-2-1156x1536.webp 1156w, https:\/\/studia-wroclaw.pl\/wp-content\/uploads\/2026\/03\/Fakty-zamiast-mitow-2-9x12.webp 9w, https:\/\/studia-wroclaw.pl\/wp-content\/uploads\/2026\/03\/Fakty-zamiast-mitow-2.webp 1440w\" sizes=\"auto, (max-width: 771px) 100vw, 771px\" \/><\/figure>\n\n\n\n<figure class=\"wp-block-image size-large\"><img loading=\"lazy\" decoding=\"async\" width=\"771\" height=\"1024\" data-id=\"9471\" src=\"https:\/\/studia-wroclaw.pl\/wp-content\/uploads\/2026\/03\/Fakty-zamiast-mitow-3-771x1024.webp\" alt=\"Fakty zamiast mit\u00f3w (3)\" class=\"wp-image-9471\" srcset=\"https:\/\/studia-wroclaw.pl\/wp-content\/uploads\/2026\/03\/Fakty-zamiast-mitow-3-771x1024.webp 771w, https:\/\/studia-wroclaw.pl\/wp-content\/uploads\/2026\/03\/Fakty-zamiast-mitow-3-226x300.webp 226w, https:\/\/studia-wroclaw.pl\/wp-content\/uploads\/2026\/03\/Fakty-zamiast-mitow-3-768x1020.webp 768w, https:\/\/studia-wroclaw.pl\/wp-content\/uploads\/2026\/03\/Fakty-zamiast-mitow-3-1156x1536.webp 1156w, https:\/\/studia-wroclaw.pl\/wp-content\/uploads\/2026\/03\/Fakty-zamiast-mitow-3-9x12.webp 9w, https:\/\/studia-wroclaw.pl\/wp-content\/uploads\/2026\/03\/Fakty-zamiast-mitow-3.webp 1440w\" sizes=\"auto, (max-width: 771px) 100vw, 771px\" \/><\/figure>\n\n\n\n<figure class=\"wp-block-image size-large\"><img loading=\"lazy\" decoding=\"async\" width=\"1024\" height=\"768\" data-id=\"9472\" src=\"https:\/\/studia-wroclaw.pl\/wp-content\/uploads\/2026\/03\/Fakty-zamiast-mitow-4-1024x768.webp\" alt=\"Fakty zamiast mit\u00f3w (4)\" class=\"wp-image-9472\" srcset=\"https:\/\/studia-wroclaw.pl\/wp-content\/uploads\/2026\/03\/Fakty-zamiast-mitow-4-1024x768.webp 1024w, https:\/\/studia-wroclaw.pl\/wp-content\/uploads\/2026\/03\/Fakty-zamiast-mitow-4-300x225.webp 300w, https:\/\/studia-wroclaw.pl\/wp-content\/uploads\/2026\/03\/Fakty-zamiast-mitow-4-768x576.webp 768w, https:\/\/studia-wroclaw.pl\/wp-content\/uploads\/2026\/03\/Fakty-zamiast-mitow-4-16x12.webp 16w, https:\/\/studia-wroclaw.pl\/wp-content\/uploads\/2026\/03\/Fakty-zamiast-mitow-4.webp 1440w\" sizes=\"auto, (max-width: 1024px) 100vw, 1024px\" \/><\/figure>\n\n\n\n<figure class=\"wp-block-image size-large\"><img loading=\"lazy\" decoding=\"async\" width=\"1024\" height=\"771\" data-id=\"9473\" src=\"https:\/\/studia-wroclaw.pl\/wp-content\/uploads\/2026\/03\/Fakty-zamiast-mitow-5-1024x771.webp\" alt=\"Fakty zamiast mit\u00f3w (5)\" class=\"wp-image-9473\" srcset=\"https:\/\/studia-wroclaw.pl\/wp-content\/uploads\/2026\/03\/Fakty-zamiast-mitow-5-1024x771.webp 1024w, https:\/\/studia-wroclaw.pl\/wp-content\/uploads\/2026\/03\/Fakty-zamiast-mitow-5-300x226.webp 300w, https:\/\/studia-wroclaw.pl\/wp-content\/uploads\/2026\/03\/Fakty-zamiast-mitow-5-768x578.webp 768w, https:\/\/studia-wroclaw.pl\/wp-content\/uploads\/2026\/03\/Fakty-zamiast-mitow-5-16x12.webp 16w, https:\/\/studia-wroclaw.pl\/wp-content\/uploads\/2026\/03\/Fakty-zamiast-mitow-5.webp 1440w\" sizes=\"auto, (max-width: 1024px) 100vw, 1024px\" \/><\/figure>\n<\/figure>","protected":false},"excerpt":{"rendered":"<p>12 marca 2026 r. przedstawiciele Wy\u017cszej Szko\u0142y Kszta\u0142cenia Zawodowego we Wroc\u0142awiu wzi\u0119li aktywny udzia\u0142 w og\u00f3lnopolskiej konferencji \u201eFakty zamiast mit\u00f3w \u2013 jak wiedza i dialog buduj\u0105 spo\u0142ecze\u0144stwo r\u00f3wno\u015bci\u201d. Spotkanie odby\u0142o si\u0119 w Centrum Kongresowym Politechniki Wroc\u0142awskiej. Eksperci WSKZ w debacie o dost\u0119pno\u015bci i r\u00f3wno\u015bci Podczas paneli dyskusyjnych przedstawiciele WSKZ zaprezentowali swoje do\u015bwiadczenia w zakresie wdra\u017cania [&hellip;]<\/p>","protected":false},"author":36,"featured_media":0,"comment_status":"open","ping_status":"open","sticky":false,"template":"","format":"standard","meta":{"om_disable_all_campaigns":false,"footnotes":""},"categories":[50],"tags":[],"class_list":["post-9458","post","type-post","status-publish","format-standard","hentry","category-aktualnosci"],"yoast_head":"<!-- This site is optimized with the Yoast SEO plugin v25.9 - https:\/\/yoast.com\/wordpress\/plugins\/seo\/ -->\n<title>WSKZ na og\u00f3lnopolskiej konferencji o r\u00f3wno\u015bci i dialogu spo\u0142ecznym - Studia Wroc\u0142aw<\/title>\n<meta name=\"robots\" content=\"index, follow, max-snippet:-1, max-image-preview:large, max-video-preview:-1\" \/>\n<link rel=\"canonical\" href=\"https:\/\/studia-wroclaw.pl\/en\/wskz-na-ogolnopolskiej-konferencji-o-rownosci-i-dialogu-spolecznym\/\" \/>\n<meta property=\"og:locale\" content=\"en_GB\" \/>\n<meta property=\"og:type\" content=\"article\" \/>\n<meta property=\"og:title\" content=\"WSKZ na og\u00f3lnopolskiej konferencji o r\u00f3wno\u015bci i dialogu spo\u0142ecznym - Studia Wroc\u0142aw\" \/>\n<meta property=\"og:description\" content=\"12 marca 2026 r. przedstawiciele Wy\u017cszej Szko\u0142y Kszta\u0142cenia Zawodowego we Wroc\u0142awiu wzi\u0119li aktywny udzia\u0142 w og\u00f3lnopolskiej konferencji \u201eFakty zamiast mit\u00f3w \u2013 jak wiedza i dialog buduj\u0105 spo\u0142ecze\u0144stwo r\u00f3wno\u015bci\u201d. Spotkanie odby\u0142o si\u0119 w Centrum Kongresowym Politechniki Wroc\u0142awskiej. Eksperci WSKZ w debacie o dost\u0119pno\u015bci i r\u00f3wno\u015bci Podczas paneli dyskusyjnych przedstawiciele WSKZ zaprezentowali swoje do\u015bwiadczenia w zakresie wdra\u017cania [&hellip;]\" \/>\n<meta property=\"og:url\" content=\"https:\/\/studia-wroclaw.pl\/en\/wskz-na-ogolnopolskiej-konferencji-o-rownosci-i-dialogu-spolecznym\/\" \/>\n<meta property=\"og:site_name\" content=\"Studia Wroc\u0142aw\" \/>\n<meta property=\"article:published_time\" content=\"2026-03-17T11:58:31+00:00\" \/>\n<meta property=\"article:modified_time\" content=\"2026-03-17T11:58:33+00:00\" \/>\n<meta property=\"og:image\" content=\"https:\/\/studia-wroclaw.pl\/wp-content\/uploads\/2026\/03\/Fakty-zamiast-mitow-1.webp\" \/>\n\t<meta property=\"og:image:width\" content=\"1440\" \/>\n\t<meta property=\"og:image:height\" content=\"1164\" \/>\n\t<meta property=\"og:image:type\" content=\"image\/webp\" \/>\n<meta name=\"author\" content=\"Karina Dycha\u0142a\" \/>\n<meta name=\"twitter:card\" content=\"summary_large_image\" \/>\n<meta name=\"twitter:label1\" content=\"Written by\" \/>\n\t<meta name=\"twitter:data1\" content=\"Karina Dycha\u0142a\" \/>\n\t<meta name=\"twitter:label2\" content=\"Estimated reading time\" \/>\n\t<meta name=\"twitter:data2\" content=\"3 minutes\" \/>\n<script type=\"application\/ld+json\" class=\"yoast-schema-graph\">{\"@context\":\"https:\/\/schema.org\",\"@graph\":[{\"@type\":\"WebPage\",\"@id\":\"https:\/\/studia-wroclaw.pl\/wskz-na-ogolnopolskiej-konferencji-o-rownosci-i-dialogu-spolecznym\/\",\"url\":\"https:\/\/studia-wroclaw.pl\/wskz-na-ogolnopolskiej-konferencji-o-rownosci-i-dialogu-spolecznym\/\",\"name\":\"WSKZ na og\u00f3lnopolskiej konferencji o r\u00f3wno\u015bci i dialogu spo\u0142ecznym - Studia Wroc\u0142aw\",\"isPartOf\":{\"@id\":\"https:\/\/studia-wroclaw.pl\/#website\"},\"primaryImageOfPage\":{\"@id\":\"https:\/\/studia-wroclaw.pl\/wskz-na-ogolnopolskiej-konferencji-o-rownosci-i-dialogu-spolecznym\/#primaryimage\"},\"image\":{\"@id\":\"https:\/\/studia-wroclaw.pl\/wskz-na-ogolnopolskiej-konferencji-o-rownosci-i-dialogu-spolecznym\/#primaryimage\"},\"thumbnailUrl\":\"https:\/\/studia-wroclaw.pl\/wp-content\/uploads\/2026\/03\/Fakty-zamiast-mitow-1-1024x828.webp\",\"datePublished\":\"2026-03-17T11:58:31+00:00\",\"dateModified\":\"2026-03-17T11:58:33+00:00\",\"author\":{\"@id\":\"https:\/\/studia-wroclaw.pl\/#\/schema\/person\/50f212a057f8ab718194a85c9aecb4d5\"},\"breadcrumb\":{\"@id\":\"https:\/\/studia-wroclaw.pl\/wskz-na-ogolnopolskiej-konferencji-o-rownosci-i-dialogu-spolecznym\/#breadcrumb\"},\"inLanguage\":\"en-GB\",\"potentialAction\":[{\"@type\":\"ReadAction\",\"target\":[\"https:\/\/studia-wroclaw.pl\/wskz-na-ogolnopolskiej-konferencji-o-rownosci-i-dialogu-spolecznym\/\"]}]},{\"@type\":\"ImageObject\",\"inLanguage\":\"en-GB\",\"@id\":\"https:\/\/studia-wroclaw.pl\/wskz-na-ogolnopolskiej-konferencji-o-rownosci-i-dialogu-spolecznym\/#primaryimage\",\"url\":\"https:\/\/studia-wroclaw.pl\/wp-content\/uploads\/2026\/03\/Fakty-zamiast-mitow-1-1024x828.webp\",\"contentUrl\":\"https:\/\/studia-wroclaw.pl\/wp-content\/uploads\/2026\/03\/Fakty-zamiast-mitow-1-1024x828.webp\"},{\"@type\":\"BreadcrumbList\",\"@id\":\"https:\/\/studia-wroclaw.pl\/wskz-na-ogolnopolskiej-konferencji-o-rownosci-i-dialogu-spolecznym\/#breadcrumb\",\"itemListElement\":[{\"@type\":\"ListItem\",\"position\":1,\"name\":\"Strona g\u0142\u00f3wna\",\"item\":\"https:\/\/studia-wroclaw.pl\/\"},{\"@type\":\"ListItem\",\"position\":2,\"name\":\"WSKZ na og\u00f3lnopolskiej konferencji o r\u00f3wno\u015bci i dialogu spo\u0142ecznym\"}]},{\"@type\":\"WebSite\",\"@id\":\"https:\/\/studia-wroclaw.pl\/#website\",\"url\":\"https:\/\/studia-wroclaw.pl\/\",\"name\":\"Studia Wroc\u0142aw\",\"description\":\"\",\"potentialAction\":[{\"@type\":\"SearchAction\",\"target\":{\"@type\":\"EntryPoint\",\"urlTemplate\":\"https:\/\/studia-wroclaw.pl\/?s={search_term_string}\"},\"query-input\":{\"@type\":\"PropertyValueSpecification\",\"valueRequired\":true,\"valueName\":\"search_term_string\"}}],\"inLanguage\":\"en-GB\"},{\"@type\":\"Person\",\"@id\":\"https:\/\/studia-wroclaw.pl\/#\/schema\/person\/50f212a057f8ab718194a85c9aecb4d5\",\"name\":\"Karina Dycha\u0142a\",\"image\":{\"@type\":\"ImageObject\",\"inLanguage\":\"en-GB\",\"@id\":\"https:\/\/studia-wroclaw.pl\/#\/schema\/person\/image\/\",\"url\":\"https:\/\/secure.gravatar.com\/avatar\/09b8a8541625e267cf808bd7db9d6075406c3094f3ef7dd4a936673e9d896f6d?s=96&d=mm&r=g\",\"contentUrl\":\"https:\/\/secure.gravatar.com\/avatar\/09b8a8541625e267cf808bd7db9d6075406c3094f3ef7dd4a936673e9d896f6d?s=96&d=mm&r=g\",\"caption\":\"Karina Dycha\u0142a\"},\"url\":\"https:\/\/studia-wroclaw.pl\/en\/author\/karina\/\"}]}<\/script>\n<!-- \/ Yoast SEO plugin. -->","yoast_head_json":{"title":"WSKZ na og\u00f3lnopolskiej konferencji o r\u00f3wno\u015bci i dialogu spo\u0142ecznym - Studia Wroc\u0142aw","robots":{"index":"index","follow":"follow","max-snippet":"max-snippet:-1","max-image-preview":"max-image-preview:large","max-video-preview":"max-video-preview:-1"},"canonical":"https:\/\/studia-wroclaw.pl\/en\/wskz-na-ogolnopolskiej-konferencji-o-rownosci-i-dialogu-spolecznym\/","og_locale":"en_GB","og_type":"article","og_title":"WSKZ na og\u00f3lnopolskiej konferencji o r\u00f3wno\u015bci i dialogu spo\u0142ecznym - Studia Wroc\u0142aw","og_description":"12 marca 2026 r. przedstawiciele Wy\u017cszej Szko\u0142y Kszta\u0142cenia Zawodowego we Wroc\u0142awiu wzi\u0119li aktywny udzia\u0142 w og\u00f3lnopolskiej konferencji \u201eFakty zamiast mit\u00f3w \u2013 jak wiedza i dialog buduj\u0105 spo\u0142ecze\u0144stwo r\u00f3wno\u015bci\u201d. Spotkanie odby\u0142o si\u0119 w Centrum Kongresowym Politechniki Wroc\u0142awskiej. Eksperci WSKZ w debacie o dost\u0119pno\u015bci i r\u00f3wno\u015bci Podczas paneli dyskusyjnych przedstawiciele WSKZ zaprezentowali swoje do\u015bwiadczenia w zakresie wdra\u017cania [&hellip;]","og_url":"https:\/\/studia-wroclaw.pl\/en\/wskz-na-ogolnopolskiej-konferencji-o-rownosci-i-dialogu-spolecznym\/","og_site_name":"Studia Wroc\u0142aw","article_published_time":"2026-03-17T11:58:31+00:00","article_modified_time":"2026-03-17T11:58:33+00:00","og_image":[{"width":1440,"height":1164,"url":"https:\/\/studia-wroclaw.pl\/wp-content\/uploads\/2026\/03\/Fakty-zamiast-mitow-1.webp","type":"image\/webp"}],"author":"Karina Dycha\u0142a","twitter_card":"summary_large_image","twitter_misc":{"Written by":"Karina Dycha\u0142a","Estimated reading time":"3 minutes"},"schema":{"@context":"https:\/\/schema.org","@graph":[{"@type":"WebPage","@id":"https:\/\/studia-wroclaw.pl\/wskz-na-ogolnopolskiej-konferencji-o-rownosci-i-dialogu-spolecznym\/","url":"https:\/\/studia-wroclaw.pl\/wskz-na-ogolnopolskiej-konferencji-o-rownosci-i-dialogu-spolecznym\/","name":"WSKZ na og\u00f3lnopolskiej konferencji o r\u00f3wno\u015bci i dialogu spo\u0142ecznym - Studia Wroc\u0142aw","isPartOf":{"@id":"https:\/\/studia-wroclaw.pl\/#website"},"primaryImageOfPage":{"@id":"https:\/\/studia-wroclaw.pl\/wskz-na-ogolnopolskiej-konferencji-o-rownosci-i-dialogu-spolecznym\/#primaryimage"},"image":{"@id":"https:\/\/studia-wroclaw.pl\/wskz-na-ogolnopolskiej-konferencji-o-rownosci-i-dialogu-spolecznym\/#primaryimage"},"thumbnailUrl":"https:\/\/studia-wroclaw.pl\/wp-content\/uploads\/2026\/03\/Fakty-zamiast-mitow-1-1024x828.webp","datePublished":"2026-03-17T11:58:31+00:00","dateModified":"2026-03-17T11:58:33+00:00","author":{"@id":"https:\/\/studia-wroclaw.pl\/#\/schema\/person\/50f212a057f8ab718194a85c9aecb4d5"},"breadcrumb":{"@id":"https:\/\/studia-wroclaw.pl\/wskz-na-ogolnopolskiej-konferencji-o-rownosci-i-dialogu-spolecznym\/#breadcrumb"},"inLanguage":"en-GB","potentialAction":[{"@type":"ReadAction","target":["https:\/\/studia-wroclaw.pl\/wskz-na-ogolnopolskiej-konferencji-o-rownosci-i-dialogu-spolecznym\/"]}]},{"@type":"ImageObject","inLanguage":"en-GB","@id":"https:\/\/studia-wroclaw.pl\/wskz-na-ogolnopolskiej-konferencji-o-rownosci-i-dialogu-spolecznym\/#primaryimage","url":"https:\/\/studia-wroclaw.pl\/wp-content\/uploads\/2026\/03\/Fakty-zamiast-mitow-1-1024x828.webp","contentUrl":"https:\/\/studia-wroclaw.pl\/wp-content\/uploads\/2026\/03\/Fakty-zamiast-mitow-1-1024x828.webp"},{"@type":"BreadcrumbList","@id":"https:\/\/studia-wroclaw.pl\/wskz-na-ogolnopolskiej-konferencji-o-rownosci-i-dialogu-spolecznym\/#breadcrumb","itemListElement":[{"@type":"ListItem","position":1,"name":"Strona g\u0142\u00f3wna","item":"https:\/\/studia-wroclaw.pl\/"},{"@type":"ListItem","position":2,"name":"WSKZ na og\u00f3lnopolskiej konferencji o r\u00f3wno\u015bci i dialogu spo\u0142ecznym"}]},{"@type":"WebSite","@id":"https:\/\/studia-wroclaw.pl\/#website","url":"https:\/\/studia-wroclaw.pl\/","name":"Studies Wroclaw","description":"","potentialAction":[{"@type":"SearchAction","target":{"@type":"EntryPoint","urlTemplate":"https:\/\/studia-wroclaw.pl\/?s={search_term_string}"},"query-input":{"@type":"PropertyValueSpecification","valueRequired":true,"valueName":"search_term_string"}}],"inLanguage":"en-GB"},{"@type":"Person","@id":"https:\/\/studia-wroclaw.pl\/#\/schema\/person\/50f212a057f8ab718194a85c9aecb4d5","name":"Karina Dycha\u0142a","image":{"@type":"ImageObject","inLanguage":"en-GB","@id":"https:\/\/studia-wroclaw.pl\/#\/schema\/person\/image\/","url":"https:\/\/secure.gravatar.com\/avatar\/09b8a8541625e267cf808bd7db9d6075406c3094f3ef7dd4a936673e9d896f6d?s=96&d=mm&r=g","contentUrl":"https:\/\/secure.gravatar.com\/avatar\/09b8a8541625e267cf808bd7db9d6075406c3094f3ef7dd4a936673e9d896f6d?s=96&d=mm&r=g","caption":"Karina Dycha\u0142a"},"url":"https:\/\/studia-wroclaw.pl\/en\/author\/karina\/"}]}},"_links":{"self":[{"href":"https:\/\/studia-wroclaw.pl\/en\/wp-json\/wp\/v2\/posts\/9458","targetHints":{"allow":["GET"]}}],"collection":[{"href":"https:\/\/studia-wroclaw.pl\/en\/wp-json\/wp\/v2\/posts"}],"about":[{"href":"https:\/\/studia-wroclaw.pl\/en\/wp-json\/wp\/v2\/types\/post"}],"author":[{"embeddable":true,"href":"https:\/\/studia-wroclaw.pl\/en\/wp-json\/wp\/v2\/users\/36"}],"replies":[{"embeddable":true,"href":"https:\/\/studia-wroclaw.pl\/en\/wp-json\/wp\/v2\/comments?post=9458"}],"version-history":[{"count":1,"href":"https:\/\/studia-wroclaw.pl\/en\/wp-json\/wp\/v2\/posts\/9458\/revisions"}],"predecessor-version":[{"id":9474,"href":"https:\/\/studia-wroclaw.pl\/en\/wp-json\/wp\/v2\/posts\/9458\/revisions\/9474"}],"wp:attachment":[{"href":"https:\/\/studia-wroclaw.pl\/en\/wp-json\/wp\/v2\/media?parent=9458"}],"wp:term":[{"taxonomy":"category","embeddable":true,"href":"https:\/\/studia-wroclaw.pl\/en\/wp-json\/wp\/v2\/categories?post=9458"},{"taxonomy":"post_tag","embeddable":true,"href":"https:\/\/studia-wroclaw.pl\/en\/wp-json\/wp\/v2\/tags?post=9458"}],"curies":[{"name":"wp","href":"https:\/\/api.w.org\/{rel}","templated":true}]}}