{"id":9459,"date":"2026-03-17T13:00:59","date_gmt":"2026-03-17T12:00:59","guid":{"rendered":"https:\/\/studia-wroclaw.pl\/?p=9459"},"modified":"2026-03-17T13:01:00","modified_gmt":"2026-03-17T12:01:00","slug":"eksperci-o-dezinformacji-i-bezpieczenstwie-sprawdz-co-dzialo-sie-4-marca-na-ogolnopolskiej-konferencji-naukowej-w-wskz","status":"publish","type":"post","link":"https:\/\/studia-wroclaw.pl\/en\/eksperci-o-dezinformacji-i-bezpieczenstwie-sprawdz-co-dzialo-sie-4-marca-na-ogolnopolskiej-konferencji-naukowej-w-wskz\/","title":{"rendered":"Eksperci o dezinformacji i bezpiecze\u0144stwie. Sprawd\u017a, co dzia\u0142o si\u0119 4 marca na og\u00f3lnopolskiej konferencji naukowej w WSKZ"},"content":{"rendered":"<p>4 marca 2026 r. w Wy\u017cszej Szkole Kszta\u0142cenia Zawodowego we Wroc\u0142awiu odby\u0142a si\u0119<strong> I Og\u00f3lnopolska Konferencja Naukowa<\/strong> z cyklu \u201eCyberbezpiecze\u0144stwo i dezinformacja w XXI wieku\u201d pt. \u201eDezinformacja jako wyzwanie cywilizacyjne i zagro\u017cenie bezpiecze\u0144stwa. Przesz\u0142o\u015b\u0107, tera\u017aniejszo\u015b\u0107, przysz\u0142o\u015b\u0107\u201d. Wydarzenie zorganizowane w formule online zgromadzi\u0142o uczestnik\u00f3w z 24 o\u015brodk\u00f3w akademickich i instytucji eksperckich z Polski oraz z zagranicy.<\/p>\n\n\n\n<h2 class=\"wp-block-heading\">Szerokie grono ekspert\u00f3w i instytucji<\/h2>\n\n\n\n<p>Konferencja zgromadzi\u0142a wielu wybitnych ekspert\u00f3w. Odby\u0142a si\u0119 ona <strong>pod honorowym patronatem<\/strong> Wiceprezesa Rady Ministr\u00f3w \u2013 Ministra Obrony Narodowej. Patronem medialnym wydarzenia by\u0142a \u201ePolska Zbrojna\u201d, a naukowym zosta\u0142o Polskie Towarzystwo Nauk o Bezpiecze\u0144stwie.&nbsp;<\/p>\n\n\n\n<h3 class=\"wp-block-heading\">Partnerzy wydarzenia<\/h3>\n\n\n\n<p>W\u015br\u00f3d partner\u00f3w wydarzenia znale\u017ali si\u0119 m.in.:<\/p>\n\n\n\n<ul class=\"wp-block-list\">\n<li>The Institute of World Politics z Waszyngtonu;<\/li>\n\n\n\n<li>Lubuski Klaster Metalowy;<\/li>\n\n\n\n<li>firma Safety Project z Wroc\u0142awia.<\/li>\n<\/ul>\n\n\n\n<p>W wydarzeniu uczestniczyli naukowcy, eksperci ds. bezpiecze\u0144stwa, przedstawiciele instytucji publicznych, a tak\u017ce <strong>doktoranci i studenci zainteresowani problematyk\u0105 dezinformacji i cyberbezpiecze\u0144stwa.<\/strong><\/p>\n\n\n\n<h3 class=\"wp-block-heading\">Grono akademickie<\/h3>\n\n\n\n<p>W konferencji udzia\u0142 wzi\u0119li <strong>przedstawiciele wielu o\u015brodk\u00f3w naukowych<\/strong>. W tym m.in.:<\/p>\n\n\n\n<ul class=\"wp-block-list\">\n<li>Uniwersytetu Warszawskiego;<\/li>\n\n\n\n<li>Akademii Sztuki Wojennej;<\/li>\n\n\n\n<li>Wojskowej Akademii Technicznej;<\/li>\n\n\n\n<li>Akademii Marynarki Wojennej;<\/li>\n\n\n\n<li>Uniwersytetu im. Adama Mickiewicza w Poznaniu;<\/li>\n\n\n\n<li>Szko\u0142y G\u0142\u00f3wnej Handlowej;<\/li>\n\n\n\n<li>Instytut Historii PAN;<\/li>\n\n\n\n<li>Instytut Pami\u0119ci Narodowej.<\/li>\n<\/ul>\n\n\n\n<h2 class=\"wp-block-heading\">Przebieg konferencji<\/h2>\n\n\n\n<p>Spotkanie otworzy\u0142a <strong>dr hab. Irena Malinowska, Professor at UCPE<\/strong>, dziekan Wydzia\u0142u Nauk Spo\u0142ecznych i Technicznych. Wprowadzenie do tematyki wydarzenia przedstawi\u0142 <strong>dr hab. Mariusz Kubiak<\/strong>, reprezentuj\u0105cy Polskie Towarzystwo Nauk o Bezpiecze\u0144stwie. Natomiast za om\u00f3wienie kwestii organizacyjnych odpowiada\u0142<strong> Dr Pawlowski <\/strong>\u2013 przewodnicz\u0105cy komitetu organizacyjnego.<\/p>\n\n\n\n<p>Sesja plenarna zgromadzi\u0142a <strong>uznanych ekspert\u00f3w<\/strong> reprezentuj\u0105cych zar\u00f3wno \u015brodowisko akademickie, jak i praktyk\u00f3w sektora bezpiecze\u0144stwa. W\u015br\u00f3d prelegent\u00f3w znale\u017ali si\u0119 m.in.:<\/p>\n\n\n\n<ul class=\"wp-block-list\">\n<li>prof. dr hab. W\u0142odzimierz Fehler;<\/li>\n\n\n\n<li>dr hab. Beata Anna Or\u0142owska;<\/li>\n\n\n\n<li>p\u0142k Pawe\u0142 Durka (reprezentowany przez dr Adrian\u0119 Dr\u00f3\u017cd\u017c);<\/li>\n\n\n\n<li>pp\u0142k dr Marcin Deja.<\/li>\n<\/ul>\n\n\n\n<h2 class=\"wp-block-heading\">Tematyka spotkania&nbsp;<\/h2>\n\n\n\n<p>Wyst\u0105pienia koncentrowa\u0142y si\u0119 na <strong>kluczowych wyzwaniach zwi\u0105zanych z dezinformacj\u0105<\/strong>. Szczeg\u00f3ln\u0105 uwag\u0119 po\u015bwi\u0119cono:<\/p>\n\n\n\n<ul class=\"wp-block-list\">\n<li>jej wp\u0142ywie na bezpiecze\u0144stwo pa\u0144stwa;<\/li>\n\n\n\n<li>roli edukacji w budowaniu odporno\u015bci spo\u0142ecznej;\u00a0<\/li>\n\n\n\n<li>znaczeniu operacji informacyjnych w kszta\u0142towaniu wsp\u00f3\u0142czesnej sytuacji geopolitycznej w Europie.<\/li>\n<\/ul>\n\n\n\n<h3 class=\"wp-block-heading\">Panele tematyczne i interdyscyplinarna debata<\/h3>\n\n\n\n<p>Istotn\u0105 cz\u0119\u015bci\u0105 wydarzenia by\u0142y <strong>liczne panele tematyczne<\/strong>, w ramach kt\u00f3rych odby\u0142o si\u0119 blisko 90 wyst\u0105pie\u0144. Dyskusje dotyczy\u0142y m.in.:<\/p>\n\n\n\n<ul class=\"wp-block-list\">\n<li>historycznych i wsp\u00f3\u0142czesnych mechanizm\u00f3w dezinformacji;<\/li>\n\n\n\n<li>technologicznych narz\u0119dzi manipulacji (w tym AI i deepfake);<\/li>\n\n\n\n<li>operacji wp\u0142ywu w cyberprzestrzeni;<\/li>\n\n\n\n<li>wojny informacyjnej i kognitywnej;<\/li>\n\n\n\n<li>edukacji i budowania odporno\u015bci spo\u0142ecznej.<\/li>\n<\/ul>\n\n\n\n<h2 class=\"wp-block-heading\">Rola m\u0142odych badaczy<\/h2>\n\n\n\n<p>Wa\u017cnym elementem konferencji by\u0142a <strong>aktywna obecno\u015b\u0107 doktorant\u00f3w i student\u00f3w<\/strong>. Prezentowali oni wyniki bada\u0144 dotycz\u0105cych m.in.:<\/p>\n\n\n\n<ul class=\"wp-block-list\">\n<li>wp\u0142ywu medi\u00f3w spo\u0142eczno\u015bciowych na rozpowszechnianie dezinformacji;<\/li>\n\n\n\n<li>teorii spiskowych;<\/li>\n\n\n\n<li>wiarygodno\u015bci tre\u015bci generowanych przez modele j\u0119zykowe.<\/li>\n<\/ul>\n\n\n\n<h2 class=\"wp-block-heading\">Wsp\u00f3lna odpowied\u017a na wsp\u00f3\u0142czesne zagro\u017cenia<\/h2>\n\n\n\n<p>Uczestnicy konferencji podkre\u015blali, \u017ce<strong> dezinformacja stanowi jedno z kluczowych wyzwa\u0144 wsp\u00f3\u0142czesnego \u015bwiata<\/strong>. Wida\u0107 to szczeg\u00f3lnie w kontek\u015bcie:<\/p>\n\n\n\n<ul class=\"wp-block-list\">\n<li>konflikt\u00f3w hybrydowych;<\/li>\n\n\n\n<li>dynamicznego rozwoju technologii;<\/li>\n\n\n\n<li>rosn\u0105cej roli informacji w polityce mi\u0119dzynarodowej.<\/li>\n<\/ul>\n\n\n\n<p>Debata po\u0142\u0105czy\u0142a perspektyw\u0119 naukow\u0105 z do\u015bwiadczeniem praktyk\u00f3w. Dzi\u0119ki temu zosta\u0142a uznana za <strong>niezb\u0119dn\u0105 dla budowania skutecznych mechanizm\u00f3w przeciwdzia\u0142ania manipulacji informacyjnej oraz wzmacniania odporno\u015bci spo\u0142ecznej.<\/strong><\/p>","protected":false},"excerpt":{"rendered":"<p>4 marca 2026 r. w Wy\u017cszej Szkole Kszta\u0142cenia Zawodowego we Wroc\u0142awiu odby\u0142a si\u0119 I Og\u00f3lnopolska Konferencja Naukowa z cyklu \u201eCyberbezpiecze\u0144stwo i dezinformacja w XXI wieku\u201d pt. \u201eDezinformacja jako wyzwanie cywilizacyjne i zagro\u017cenie bezpiecze\u0144stwa. Przesz\u0142o\u015b\u0107, tera\u017aniejszo\u015b\u0107, przysz\u0142o\u015b\u0107\u201d. Wydarzenie zorganizowane w formule online zgromadzi\u0142o uczestnik\u00f3w z 24 o\u015brodk\u00f3w akademickich i instytucji eksperckich z Polski oraz z zagranicy. [&hellip;]<\/p>","protected":false},"author":36,"featured_media":0,"comment_status":"open","ping_status":"open","sticky":false,"template":"","format":"standard","meta":{"om_disable_all_campaigns":false,"footnotes":""},"categories":[50],"tags":[],"class_list":["post-9459","post","type-post","status-publish","format-standard","hentry","category-aktualnosci"],"yoast_head":"<!-- This site is optimized with the Yoast SEO plugin v25.9 - https:\/\/yoast.com\/wordpress\/plugins\/seo\/ -->\n<title>Eksperci o dezinformacji i bezpiecze\u0144stwie. Sprawd\u017a, co dzia\u0142o si\u0119 4 marca na og\u00f3lnopolskiej konferencji naukowej w WSKZ - Studia Wroc\u0142aw<\/title>\n<meta name=\"robots\" content=\"index, follow, max-snippet:-1, max-image-preview:large, max-video-preview:-1\" \/>\n<link rel=\"canonical\" href=\"https:\/\/studia-wroclaw.pl\/en\/eksperci-o-dezinformacji-i-bezpieczenstwie-sprawdz-co-dzialo-sie-4-marca-na-ogolnopolskiej-konferencji-naukowej-w-wskz\/\" \/>\n<meta property=\"og:locale\" content=\"en_GB\" \/>\n<meta property=\"og:type\" content=\"article\" \/>\n<meta property=\"og:title\" content=\"Eksperci o dezinformacji i bezpiecze\u0144stwie. Sprawd\u017a, co dzia\u0142o si\u0119 4 marca na og\u00f3lnopolskiej konferencji naukowej w WSKZ - Studia Wroc\u0142aw\" \/>\n<meta property=\"og:description\" content=\"4 marca 2026 r. w Wy\u017cszej Szkole Kszta\u0142cenia Zawodowego we Wroc\u0142awiu odby\u0142a si\u0119 I Og\u00f3lnopolska Konferencja Naukowa z cyklu \u201eCyberbezpiecze\u0144stwo i dezinformacja w XXI wieku\u201d pt. \u201eDezinformacja jako wyzwanie cywilizacyjne i zagro\u017cenie bezpiecze\u0144stwa. Przesz\u0142o\u015b\u0107, tera\u017aniejszo\u015b\u0107, przysz\u0142o\u015b\u0107\u201d. Wydarzenie zorganizowane w formule online zgromadzi\u0142o uczestnik\u00f3w z 24 o\u015brodk\u00f3w akademickich i instytucji eksperckich z Polski oraz z zagranicy. [&hellip;]\" \/>\n<meta property=\"og:url\" content=\"https:\/\/studia-wroclaw.pl\/en\/eksperci-o-dezinformacji-i-bezpieczenstwie-sprawdz-co-dzialo-sie-4-marca-na-ogolnopolskiej-konferencji-naukowej-w-wskz\/\" \/>\n<meta property=\"og:site_name\" content=\"Studia Wroc\u0142aw\" \/>\n<meta property=\"article:published_time\" content=\"2026-03-17T12:00:59+00:00\" \/>\n<meta property=\"article:modified_time\" content=\"2026-03-17T12:01:00+00:00\" \/>\n<meta name=\"author\" content=\"Karina Dycha\u0142a\" \/>\n<meta name=\"twitter:card\" content=\"summary_large_image\" \/>\n<meta name=\"twitter:label1\" content=\"Written by\" \/>\n\t<meta name=\"twitter:data1\" content=\"Karina Dycha\u0142a\" \/>\n\t<meta name=\"twitter:label2\" content=\"Estimated reading time\" \/>\n\t<meta name=\"twitter:data2\" content=\"3 minutes\" \/>\n<script type=\"application\/ld+json\" class=\"yoast-schema-graph\">{\"@context\":\"https:\/\/schema.org\",\"@graph\":[{\"@type\":\"WebPage\",\"@id\":\"https:\/\/studia-wroclaw.pl\/eksperci-o-dezinformacji-i-bezpieczenstwie-sprawdz-co-dzialo-sie-4-marca-na-ogolnopolskiej-konferencji-naukowej-w-wskz\/\",\"url\":\"https:\/\/studia-wroclaw.pl\/eksperci-o-dezinformacji-i-bezpieczenstwie-sprawdz-co-dzialo-sie-4-marca-na-ogolnopolskiej-konferencji-naukowej-w-wskz\/\",\"name\":\"Eksperci o dezinformacji i bezpiecze\u0144stwie. Sprawd\u017a, co dzia\u0142o si\u0119 4 marca na og\u00f3lnopolskiej konferencji naukowej w WSKZ - Studia Wroc\u0142aw\",\"isPartOf\":{\"@id\":\"https:\/\/studia-wroclaw.pl\/#website\"},\"datePublished\":\"2026-03-17T12:00:59+00:00\",\"dateModified\":\"2026-03-17T12:01:00+00:00\",\"author\":{\"@id\":\"https:\/\/studia-wroclaw.pl\/#\/schema\/person\/50f212a057f8ab718194a85c9aecb4d5\"},\"breadcrumb\":{\"@id\":\"https:\/\/studia-wroclaw.pl\/eksperci-o-dezinformacji-i-bezpieczenstwie-sprawdz-co-dzialo-sie-4-marca-na-ogolnopolskiej-konferencji-naukowej-w-wskz\/#breadcrumb\"},\"inLanguage\":\"en-GB\",\"potentialAction\":[{\"@type\":\"ReadAction\",\"target\":[\"https:\/\/studia-wroclaw.pl\/eksperci-o-dezinformacji-i-bezpieczenstwie-sprawdz-co-dzialo-sie-4-marca-na-ogolnopolskiej-konferencji-naukowej-w-wskz\/\"]}]},{\"@type\":\"BreadcrumbList\",\"@id\":\"https:\/\/studia-wroclaw.pl\/eksperci-o-dezinformacji-i-bezpieczenstwie-sprawdz-co-dzialo-sie-4-marca-na-ogolnopolskiej-konferencji-naukowej-w-wskz\/#breadcrumb\",\"itemListElement\":[{\"@type\":\"ListItem\",\"position\":1,\"name\":\"Strona g\u0142\u00f3wna\",\"item\":\"https:\/\/studia-wroclaw.pl\/\"},{\"@type\":\"ListItem\",\"position\":2,\"name\":\"Eksperci o dezinformacji i bezpiecze\u0144stwie. Sprawd\u017a, co dzia\u0142o si\u0119 4 marca na og\u00f3lnopolskiej konferencji naukowej w WSKZ\"}]},{\"@type\":\"WebSite\",\"@id\":\"https:\/\/studia-wroclaw.pl\/#website\",\"url\":\"https:\/\/studia-wroclaw.pl\/\",\"name\":\"Studia Wroc\u0142aw\",\"description\":\"\",\"potentialAction\":[{\"@type\":\"SearchAction\",\"target\":{\"@type\":\"EntryPoint\",\"urlTemplate\":\"https:\/\/studia-wroclaw.pl\/?s={search_term_string}\"},\"query-input\":{\"@type\":\"PropertyValueSpecification\",\"valueRequired\":true,\"valueName\":\"search_term_string\"}}],\"inLanguage\":\"en-GB\"},{\"@type\":\"Person\",\"@id\":\"https:\/\/studia-wroclaw.pl\/#\/schema\/person\/50f212a057f8ab718194a85c9aecb4d5\",\"name\":\"Karina Dycha\u0142a\",\"image\":{\"@type\":\"ImageObject\",\"inLanguage\":\"en-GB\",\"@id\":\"https:\/\/studia-wroclaw.pl\/#\/schema\/person\/image\/\",\"url\":\"https:\/\/secure.gravatar.com\/avatar\/09b8a8541625e267cf808bd7db9d6075406c3094f3ef7dd4a936673e9d896f6d?s=96&d=mm&r=g\",\"contentUrl\":\"https:\/\/secure.gravatar.com\/avatar\/09b8a8541625e267cf808bd7db9d6075406c3094f3ef7dd4a936673e9d896f6d?s=96&d=mm&r=g\",\"caption\":\"Karina Dycha\u0142a\"},\"url\":\"https:\/\/studia-wroclaw.pl\/en\/author\/karina\/\"}]}<\/script>\n<!-- \/ Yoast SEO plugin. -->","yoast_head_json":{"title":"Eksperci o dezinformacji i bezpiecze\u0144stwie. Sprawd\u017a, co dzia\u0142o si\u0119 4 marca na og\u00f3lnopolskiej konferencji naukowej w WSKZ - Studia Wroc\u0142aw","robots":{"index":"index","follow":"follow","max-snippet":"max-snippet:-1","max-image-preview":"max-image-preview:large","max-video-preview":"max-video-preview:-1"},"canonical":"https:\/\/studia-wroclaw.pl\/en\/eksperci-o-dezinformacji-i-bezpieczenstwie-sprawdz-co-dzialo-sie-4-marca-na-ogolnopolskiej-konferencji-naukowej-w-wskz\/","og_locale":"en_GB","og_type":"article","og_title":"Eksperci o dezinformacji i bezpiecze\u0144stwie. Sprawd\u017a, co dzia\u0142o si\u0119 4 marca na og\u00f3lnopolskiej konferencji naukowej w WSKZ - Studia Wroc\u0142aw","og_description":"4 marca 2026 r. w Wy\u017cszej Szkole Kszta\u0142cenia Zawodowego we Wroc\u0142awiu odby\u0142a si\u0119 I Og\u00f3lnopolska Konferencja Naukowa z cyklu \u201eCyberbezpiecze\u0144stwo i dezinformacja w XXI wieku\u201d pt. \u201eDezinformacja jako wyzwanie cywilizacyjne i zagro\u017cenie bezpiecze\u0144stwa. Przesz\u0142o\u015b\u0107, tera\u017aniejszo\u015b\u0107, przysz\u0142o\u015b\u0107\u201d. Wydarzenie zorganizowane w formule online zgromadzi\u0142o uczestnik\u00f3w z 24 o\u015brodk\u00f3w akademickich i instytucji eksperckich z Polski oraz z zagranicy. [&hellip;]","og_url":"https:\/\/studia-wroclaw.pl\/en\/eksperci-o-dezinformacji-i-bezpieczenstwie-sprawdz-co-dzialo-sie-4-marca-na-ogolnopolskiej-konferencji-naukowej-w-wskz\/","og_site_name":"Studia Wroc\u0142aw","article_published_time":"2026-03-17T12:00:59+00:00","article_modified_time":"2026-03-17T12:01:00+00:00","author":"Karina Dycha\u0142a","twitter_card":"summary_large_image","twitter_misc":{"Written by":"Karina Dycha\u0142a","Estimated reading time":"3 minutes"},"schema":{"@context":"https:\/\/schema.org","@graph":[{"@type":"WebPage","@id":"https:\/\/studia-wroclaw.pl\/eksperci-o-dezinformacji-i-bezpieczenstwie-sprawdz-co-dzialo-sie-4-marca-na-ogolnopolskiej-konferencji-naukowej-w-wskz\/","url":"https:\/\/studia-wroclaw.pl\/eksperci-o-dezinformacji-i-bezpieczenstwie-sprawdz-co-dzialo-sie-4-marca-na-ogolnopolskiej-konferencji-naukowej-w-wskz\/","name":"Eksperci o dezinformacji i bezpiecze\u0144stwie. Sprawd\u017a, co dzia\u0142o si\u0119 4 marca na og\u00f3lnopolskiej konferencji naukowej w WSKZ - Studia Wroc\u0142aw","isPartOf":{"@id":"https:\/\/studia-wroclaw.pl\/#website"},"datePublished":"2026-03-17T12:00:59+00:00","dateModified":"2026-03-17T12:01:00+00:00","author":{"@id":"https:\/\/studia-wroclaw.pl\/#\/schema\/person\/50f212a057f8ab718194a85c9aecb4d5"},"breadcrumb":{"@id":"https:\/\/studia-wroclaw.pl\/eksperci-o-dezinformacji-i-bezpieczenstwie-sprawdz-co-dzialo-sie-4-marca-na-ogolnopolskiej-konferencji-naukowej-w-wskz\/#breadcrumb"},"inLanguage":"en-GB","potentialAction":[{"@type":"ReadAction","target":["https:\/\/studia-wroclaw.pl\/eksperci-o-dezinformacji-i-bezpieczenstwie-sprawdz-co-dzialo-sie-4-marca-na-ogolnopolskiej-konferencji-naukowej-w-wskz\/"]}]},{"@type":"BreadcrumbList","@id":"https:\/\/studia-wroclaw.pl\/eksperci-o-dezinformacji-i-bezpieczenstwie-sprawdz-co-dzialo-sie-4-marca-na-ogolnopolskiej-konferencji-naukowej-w-wskz\/#breadcrumb","itemListElement":[{"@type":"ListItem","position":1,"name":"Strona g\u0142\u00f3wna","item":"https:\/\/studia-wroclaw.pl\/"},{"@type":"ListItem","position":2,"name":"Eksperci o dezinformacji i bezpiecze\u0144stwie. Sprawd\u017a, co dzia\u0142o si\u0119 4 marca na og\u00f3lnopolskiej konferencji naukowej w WSKZ"}]},{"@type":"WebSite","@id":"https:\/\/studia-wroclaw.pl\/#website","url":"https:\/\/studia-wroclaw.pl\/","name":"Studies Wroclaw","description":"","potentialAction":[{"@type":"SearchAction","target":{"@type":"EntryPoint","urlTemplate":"https:\/\/studia-wroclaw.pl\/?s={search_term_string}"},"query-input":{"@type":"PropertyValueSpecification","valueRequired":true,"valueName":"search_term_string"}}],"inLanguage":"en-GB"},{"@type":"Person","@id":"https:\/\/studia-wroclaw.pl\/#\/schema\/person\/50f212a057f8ab718194a85c9aecb4d5","name":"Karina Dycha\u0142a","image":{"@type":"ImageObject","inLanguage":"en-GB","@id":"https:\/\/studia-wroclaw.pl\/#\/schema\/person\/image\/","url":"https:\/\/secure.gravatar.com\/avatar\/09b8a8541625e267cf808bd7db9d6075406c3094f3ef7dd4a936673e9d896f6d?s=96&d=mm&r=g","contentUrl":"https:\/\/secure.gravatar.com\/avatar\/09b8a8541625e267cf808bd7db9d6075406c3094f3ef7dd4a936673e9d896f6d?s=96&d=mm&r=g","caption":"Karina Dycha\u0142a"},"url":"https:\/\/studia-wroclaw.pl\/en\/author\/karina\/"}]}},"_links":{"self":[{"href":"https:\/\/studia-wroclaw.pl\/en\/wp-json\/wp\/v2\/posts\/9459","targetHints":{"allow":["GET"]}}],"collection":[{"href":"https:\/\/studia-wroclaw.pl\/en\/wp-json\/wp\/v2\/posts"}],"about":[{"href":"https:\/\/studia-wroclaw.pl\/en\/wp-json\/wp\/v2\/types\/post"}],"author":[{"embeddable":true,"href":"https:\/\/studia-wroclaw.pl\/en\/wp-json\/wp\/v2\/users\/36"}],"replies":[{"embeddable":true,"href":"https:\/\/studia-wroclaw.pl\/en\/wp-json\/wp\/v2\/comments?post=9459"}],"version-history":[{"count":1,"href":"https:\/\/studia-wroclaw.pl\/en\/wp-json\/wp\/v2\/posts\/9459\/revisions"}],"predecessor-version":[{"id":9475,"href":"https:\/\/studia-wroclaw.pl\/en\/wp-json\/wp\/v2\/posts\/9459\/revisions\/9475"}],"wp:attachment":[{"href":"https:\/\/studia-wroclaw.pl\/en\/wp-json\/wp\/v2\/media?parent=9459"}],"wp:term":[{"taxonomy":"category","embeddable":true,"href":"https:\/\/studia-wroclaw.pl\/en\/wp-json\/wp\/v2\/categories?post=9459"},{"taxonomy":"post_tag","embeddable":true,"href":"https:\/\/studia-wroclaw.pl\/en\/wp-json\/wp\/v2\/tags?post=9459"}],"curies":[{"name":"wp","href":"https:\/\/api.w.org\/{rel}","templated":true}]}}